{"id":55256,"date":"2022-03-25T17:23:02","date_gmt":"2022-03-25T23:23:02","guid":{"rendered":"https:\/\/canal7slp.tv\/2022\/?p=55256"},"modified":"2022-03-25T17:23:02","modified_gmt":"2022-03-25T23:23:02","slug":"en-breve-iniciara-la-dictaminacion-de-la-reforma-electrica","status":"publish","type":"post","link":"https:\/\/canal7slp.tv\/2022\/en-breve-iniciara-la-dictaminacion-de-la-reforma-electrica\/","title":{"rendered":"En breve iniciar\u00e1 la dictaminaci\u00f3n de la reforma el\u00e9ctrica"},"content":{"rendered":"<p style=\"text-align: justify;\">M\u00e9xico.- Las comisiones unidas de Energ\u00eda y Puntos Constitucionales de la C\u00e1mara de Diputados, se\u00f1alaron que este 28 de marzo se declarar\u00e1n en sesi\u00f3n permanente a fin de iniciar la dictaminaci\u00f3n de la iniciativa de reforma el\u00e9ctrica.<\/p>\n<p style=\"text-align: justify;\">En la convocatoria publicada en la Gaceta Parlamentaria, el punto cuatro del orden del d\u00eda se inscribi\u00f3 la \u201clectura, discusi\u00f3n y, en su caso, aprobaci\u00f3n del proyecto de dictamen con proyecto de decreto por el que se reforman los art\u00edculos 25, 27 y 28 de la Constituci\u00f3n\u201d.<\/p>\n<p style=\"text-align: justify;\">Para esto, se tiene previsto el debate y aprobaci\u00f3n en comisiones del proyecto que la fracci\u00f3n mayoritaria prev\u00e9 llevar al Pleno en la segunda semana del pr\u00f3ximo mes de abril, entre el lunes 11 y el viernes 15\u00a0 o a m\u00e1s tardar, el lunes 18 de abril.<\/p>\n","protected":false},"excerpt":{"rendered":"<p>M\u00e9xico.- Las comisiones unidas de Energ\u00eda y Puntos Constitucionales de la C\u00e1mara de Diputados, se\u00f1alaron que este 28 de marzo se declarar\u00e1n en sesi\u00f3n permanente a fin de iniciar la dictaminaci\u00f3n de la iniciativa de reforma el\u00e9ctrica. En la convocatoria publicada en la Gaceta Parlamentaria, el punto cuatro del orden del d\u00eda se inscribi\u00f3 la \u201clectura, discusi\u00f3n y, en su caso, aprobaci\u00f3n del proyecto de dictamen con proyecto de decreto por el que se reforman los art\u00edculos 25, 27 y 28 de la Constituci\u00f3n\u201d. Para esto, se tiene previsto el debate y aprobaci\u00f3n en comisiones del proyecto que la fracci\u00f3n [&hellip;]<\/p>\n","protected":false},"author":2,"featured_media":55266,"comment_status":"closed","ping_status":"closed","sticky":false,"template":"","format":"standard","meta":{"footnotes":""},"categories":[46],"tags":[],"class_list":["post-55256","post","type-post","status-publish","format-standard","has-post-thumbnail","hentry","category-nacional","post--single"],"yoast_head":"<!-- This site is optimized with the Yoast SEO plugin v27.4 - https:\/\/yoast.com\/product\/yoast-seo-wordpress\/ -->\n<title>En breve iniciar\u00e1 la dictaminaci\u00f3n de la reforma el\u00e9ctrica - Canal 7 SLP - 2022<\/title>\n<meta name=\"robots\" content=\"index, follow, max-snippet:-1, max-image-preview:large, max-video-preview:-1\" \/>\n<link rel=\"canonical\" href=\"https:\/\/canal7slp.tv\/2022\/en-breve-iniciara-la-dictaminacion-de-la-reforma-electrica\/\" \/>\n<meta property=\"og:locale\" content=\"es_ES\" \/>\n<meta property=\"og:type\" content=\"article\" \/>\n<meta property=\"og:title\" content=\"En breve iniciar\u00e1 la dictaminaci\u00f3n de la reforma el\u00e9ctrica - Canal 7 SLP - 2022\" \/>\n<meta property=\"og:description\" content=\"M\u00e9xico.- Las comisiones unidas de Energ\u00eda y Puntos Constitucionales de la C\u00e1mara de Diputados, se\u00f1alaron que este 28 de marzo se declarar\u00e1n en sesi\u00f3n permanente a fin de iniciar la dictaminaci\u00f3n de la iniciativa de reforma el\u00e9ctrica. En la convocatoria publicada en la Gaceta Parlamentaria, el punto cuatro del orden del d\u00eda se inscribi\u00f3 la \u201clectura, discusi\u00f3n y, en su caso, aprobaci\u00f3n del proyecto de dictamen con proyecto de decreto por el que se reforman los art\u00edculos 25, 27 y 28 de la Constituci\u00f3n\u201d. Para esto, se tiene previsto el debate y aprobaci\u00f3n en comisiones del proyecto que la fracci\u00f3n [&hellip;]\" \/>\n<meta property=\"og:url\" content=\"https:\/\/canal7slp.tv\/2022\/en-breve-iniciara-la-dictaminacion-de-la-reforma-electrica\/\" \/>\n<meta property=\"og:site_name\" content=\"Canal 7 SLP - 2022\" \/>\n<meta property=\"article:publisher\" content=\"https:\/\/www.facebook.com\/noticieroscanalsiete\" \/>\n<meta property=\"article:published_time\" content=\"2022-03-25T23:23:02+00:00\" \/>\n<meta property=\"og:image\" content=\"https:\/\/canal7slp.tv\/2022\/wp-content\/uploads\/2022\/03\/02-3.jpeg\" \/>\n\t<meta property=\"og:image:width\" content=\"1200\" \/>\n\t<meta property=\"og:image:height\" content=\"675\" \/>\n\t<meta property=\"og:image:type\" content=\"image\/jpeg\" \/>\n<meta name=\"author\" content=\"Edici\u00f3n Web\" \/>\n<meta name=\"twitter:card\" content=\"summary_large_image\" \/>\n<meta name=\"twitter:creator\" content=\"@NOTICIEROS7\" \/>\n<meta name=\"twitter:site\" content=\"@NOTICIEROS7\" \/>\n<meta name=\"twitter:label1\" content=\"Escrito por\" \/>\n\t<meta name=\"twitter:data1\" content=\"Edici\u00f3n Web\" \/>\n\t<meta name=\"twitter:label2\" content=\"Tiempo de lectura\" \/>\n\t<meta name=\"twitter:data2\" content=\"1 minuto\" \/>\n<script type=\"application\/ld+json\" class=\"yoast-schema-graph\">{\"@context\":\"https:\\\/\\\/schema.org\",\"@graph\":[{\"@type\":\"Article\",\"@id\":\"https:\\\/\\\/canal7slp.tv\\\/2022\\\/en-breve-iniciara-la-dictaminacion-de-la-reforma-electrica\\\/#article\",\"isPartOf\":{\"@id\":\"https:\\\/\\\/canal7slp.tv\\\/2022\\\/en-breve-iniciara-la-dictaminacion-de-la-reforma-electrica\\\/\"},\"author\":{\"name\":\"Edici\u00f3n Web\",\"@id\":\"https:\\\/\\\/canal7slp.tv\\\/2022\\\/#\\\/schema\\\/person\\\/429704152a21f5f856ce29aa69a238da\"},\"headline\":\"En breve iniciar\u00e1 la dictaminaci\u00f3n de la reforma el\u00e9ctrica\",\"datePublished\":\"2022-03-25T23:23:02+00:00\",\"mainEntityOfPage\":{\"@id\":\"https:\\\/\\\/canal7slp.tv\\\/2022\\\/en-breve-iniciara-la-dictaminacion-de-la-reforma-electrica\\\/\"},\"wordCount\":153,\"publisher\":{\"@id\":\"https:\\\/\\\/canal7slp.tv\\\/2022\\\/#organization\"},\"image\":{\"@id\":\"https:\\\/\\\/canal7slp.tv\\\/2022\\\/en-breve-iniciara-la-dictaminacion-de-la-reforma-electrica\\\/#primaryimage\"},\"thumbnailUrl\":\"https:\\\/\\\/canal7slp.tv\\\/2022\\\/wp-content\\\/uploads\\\/2022\\\/03\\\/02-3.jpeg\",\"articleSection\":[\"NACIONALES\"],\"inLanguage\":\"es\"},{\"@type\":\"WebPage\",\"@id\":\"https:\\\/\\\/canal7slp.tv\\\/2022\\\/en-breve-iniciara-la-dictaminacion-de-la-reforma-electrica\\\/\",\"url\":\"https:\\\/\\\/canal7slp.tv\\\/2022\\\/en-breve-iniciara-la-dictaminacion-de-la-reforma-electrica\\\/\",\"name\":\"En breve iniciar\u00e1 la dictaminaci\u00f3n de la reforma el\u00e9ctrica - Canal 7 SLP - 2022\",\"isPartOf\":{\"@id\":\"https:\\\/\\\/canal7slp.tv\\\/2022\\\/#website\"},\"primaryImageOfPage\":{\"@id\":\"https:\\\/\\\/canal7slp.tv\\\/2022\\\/en-breve-iniciara-la-dictaminacion-de-la-reforma-electrica\\\/#primaryimage\"},\"image\":{\"@id\":\"https:\\\/\\\/canal7slp.tv\\\/2022\\\/en-breve-iniciara-la-dictaminacion-de-la-reforma-electrica\\\/#primaryimage\"},\"thumbnailUrl\":\"https:\\\/\\\/canal7slp.tv\\\/2022\\\/wp-content\\\/uploads\\\/2022\\\/03\\\/02-3.jpeg\",\"datePublished\":\"2022-03-25T23:23:02+00:00\",\"breadcrumb\":{\"@id\":\"https:\\\/\\\/canal7slp.tv\\\/2022\\\/en-breve-iniciara-la-dictaminacion-de-la-reforma-electrica\\\/#breadcrumb\"},\"inLanguage\":\"es\",\"potentialAction\":[{\"@type\":\"ReadAction\",\"target\":[\"https:\\\/\\\/canal7slp.tv\\\/2022\\\/en-breve-iniciara-la-dictaminacion-de-la-reforma-electrica\\\/\"]}]},{\"@type\":\"ImageObject\",\"inLanguage\":\"es\",\"@id\":\"https:\\\/\\\/canal7slp.tv\\\/2022\\\/en-breve-iniciara-la-dictaminacion-de-la-reforma-electrica\\\/#primaryimage\",\"url\":\"https:\\\/\\\/canal7slp.tv\\\/2022\\\/wp-content\\\/uploads\\\/2022\\\/03\\\/02-3.jpeg\",\"contentUrl\":\"https:\\\/\\\/canal7slp.tv\\\/2022\\\/wp-content\\\/uploads\\\/2022\\\/03\\\/02-3.jpeg\",\"width\":1200,\"height\":675},{\"@type\":\"BreadcrumbList\",\"@id\":\"https:\\\/\\\/canal7slp.tv\\\/2022\\\/en-breve-iniciara-la-dictaminacion-de-la-reforma-electrica\\\/#breadcrumb\",\"itemListElement\":[{\"@type\":\"ListItem\",\"position\":1,\"name\":\"Portada\",\"item\":\"https:\\\/\\\/canal7slp.tv\\\/2022\\\/\"},{\"@type\":\"ListItem\",\"position\":2,\"name\":\"En breve iniciar\u00e1 la dictaminaci\u00f3n de la reforma el\u00e9ctrica\"}]},{\"@type\":\"WebSite\",\"@id\":\"https:\\\/\\\/canal7slp.tv\\\/2022\\\/#website\",\"url\":\"https:\\\/\\\/canal7slp.tv\\\/2022\\\/\",\"name\":\"N7 - Noticieros Canal 7\",\"description\":\"Somos Televisi\u00f3n\",\"publisher\":{\"@id\":\"https:\\\/\\\/canal7slp.tv\\\/2022\\\/#organization\"},\"potentialAction\":[{\"@type\":\"SearchAction\",\"target\":{\"@type\":\"EntryPoint\",\"urlTemplate\":\"https:\\\/\\\/canal7slp.tv\\\/2022\\\/?s={search_term_string}\"},\"query-input\":{\"@type\":\"PropertyValueSpecification\",\"valueRequired\":true,\"valueName\":\"search_term_string\"}}],\"inLanguage\":\"es\"},{\"@type\":\"Organization\",\"@id\":\"https:\\\/\\\/canal7slp.tv\\\/2022\\\/#organization\",\"name\":\"Noticieros Canal 7\",\"url\":\"https:\\\/\\\/canal7slp.tv\\\/2022\\\/\",\"logo\":{\"@type\":\"ImageObject\",\"inLanguage\":\"es\",\"@id\":\"https:\\\/\\\/canal7slp.tv\\\/2022\\\/#\\\/schema\\\/logo\\\/image\\\/\",\"url\":\"https:\\\/\\\/canal7slp.tv\\\/2022\\\/wp-content\\\/uploads\\\/2021\\\/01\\\/logo-noticieros@2x.png\",\"contentUrl\":\"https:\\\/\\\/canal7slp.tv\\\/2022\\\/wp-content\\\/uploads\\\/2021\\\/01\\\/logo-noticieros@2x.png\",\"width\":1017,\"height\":268,\"caption\":\"Noticieros Canal 7\"},\"image\":{\"@id\":\"https:\\\/\\\/canal7slp.tv\\\/2022\\\/#\\\/schema\\\/logo\\\/image\\\/\"},\"sameAs\":[\"https:\\\/\\\/www.facebook.com\\\/noticieroscanalsiete\",\"https:\\\/\\\/x.com\\\/NOTICIEROS7\",\"https:\\\/\\\/www.instagram.com\\\/canal7_slp\",\"https:\\\/\\\/www.youtube.com\\\/channel\\\/UCliiYs-gP3JfJeqdPrNdd5A\"]},{\"@type\":\"Person\",\"@id\":\"https:\\\/\\\/canal7slp.tv\\\/2022\\\/#\\\/schema\\\/person\\\/429704152a21f5f856ce29aa69a238da\",\"name\":\"Edici\u00f3n Web\",\"image\":{\"@type\":\"ImageObject\",\"inLanguage\":\"es\",\"@id\":\"https:\\\/\\\/secure.gravatar.com\\\/avatar\\\/eee448fc3f7164808013b816ba91ac7e43bbe82a70bebac296f8bc6f0addaa1a?s=96&d=mm&r=g\",\"url\":\"https:\\\/\\\/secure.gravatar.com\\\/avatar\\\/eee448fc3f7164808013b816ba91ac7e43bbe82a70bebac296f8bc6f0addaa1a?s=96&d=mm&r=g\",\"contentUrl\":\"https:\\\/\\\/secure.gravatar.com\\\/avatar\\\/eee448fc3f7164808013b816ba91ac7e43bbe82a70bebac296f8bc6f0addaa1a?s=96&d=mm&r=g\",\"caption\":\"Edici\u00f3n Web\"},\"url\":\"https:\\\/\\\/canal7slp.tv\\\/2022\\\/author\\\/edicionweb\\\/\"}]}<\/script>\n<!-- \/ Yoast SEO plugin. -->","yoast_head_json":{"title":"En breve iniciar\u00e1 la dictaminaci\u00f3n de la reforma el\u00e9ctrica - Canal 7 SLP - 2022","robots":{"index":"index","follow":"follow","max-snippet":"max-snippet:-1","max-image-preview":"max-image-preview:large","max-video-preview":"max-video-preview:-1"},"canonical":"https:\/\/canal7slp.tv\/2022\/en-breve-iniciara-la-dictaminacion-de-la-reforma-electrica\/","og_locale":"es_ES","og_type":"article","og_title":"En breve iniciar\u00e1 la dictaminaci\u00f3n de la reforma el\u00e9ctrica - Canal 7 SLP - 2022","og_description":"M\u00e9xico.- Las comisiones unidas de Energ\u00eda y Puntos Constitucionales de la C\u00e1mara de Diputados, se\u00f1alaron que este 28 de marzo se declarar\u00e1n en sesi\u00f3n permanente a fin de iniciar la dictaminaci\u00f3n de la iniciativa de reforma el\u00e9ctrica. En la convocatoria publicada en la Gaceta Parlamentaria, el punto cuatro del orden del d\u00eda se inscribi\u00f3 la \u201clectura, discusi\u00f3n y, en su caso, aprobaci\u00f3n del proyecto de dictamen con proyecto de decreto por el que se reforman los art\u00edculos 25, 27 y 28 de la Constituci\u00f3n\u201d. Para esto, se tiene previsto el debate y aprobaci\u00f3n en comisiones del proyecto que la fracci\u00f3n [&hellip;]","og_url":"https:\/\/canal7slp.tv\/2022\/en-breve-iniciara-la-dictaminacion-de-la-reforma-electrica\/","og_site_name":"Canal 7 SLP - 2022","article_publisher":"https:\/\/www.facebook.com\/noticieroscanalsiete","article_published_time":"2022-03-25T23:23:02+00:00","og_image":[{"width":1200,"height":675,"url":"https:\/\/canal7slp.tv\/2022\/wp-content\/uploads\/2022\/03\/02-3.jpeg","type":"image\/jpeg"}],"author":"Edici\u00f3n Web","twitter_card":"summary_large_image","twitter_creator":"@NOTICIEROS7","twitter_site":"@NOTICIEROS7","twitter_misc":{"Escrito por":"Edici\u00f3n Web","Tiempo de lectura":"1 minuto"},"schema":{"@context":"https:\/\/schema.org","@graph":[{"@type":"Article","@id":"https:\/\/canal7slp.tv\/2022\/en-breve-iniciara-la-dictaminacion-de-la-reforma-electrica\/#article","isPartOf":{"@id":"https:\/\/canal7slp.tv\/2022\/en-breve-iniciara-la-dictaminacion-de-la-reforma-electrica\/"},"author":{"name":"Edici\u00f3n Web","@id":"https:\/\/canal7slp.tv\/2022\/#\/schema\/person\/429704152a21f5f856ce29aa69a238da"},"headline":"En breve iniciar\u00e1 la dictaminaci\u00f3n de la reforma el\u00e9ctrica","datePublished":"2022-03-25T23:23:02+00:00","mainEntityOfPage":{"@id":"https:\/\/canal7slp.tv\/2022\/en-breve-iniciara-la-dictaminacion-de-la-reforma-electrica\/"},"wordCount":153,"publisher":{"@id":"https:\/\/canal7slp.tv\/2022\/#organization"},"image":{"@id":"https:\/\/canal7slp.tv\/2022\/en-breve-iniciara-la-dictaminacion-de-la-reforma-electrica\/#primaryimage"},"thumbnailUrl":"https:\/\/canal7slp.tv\/2022\/wp-content\/uploads\/2022\/03\/02-3.jpeg","articleSection":["NACIONALES"],"inLanguage":"es"},{"@type":"WebPage","@id":"https:\/\/canal7slp.tv\/2022\/en-breve-iniciara-la-dictaminacion-de-la-reforma-electrica\/","url":"https:\/\/canal7slp.tv\/2022\/en-breve-iniciara-la-dictaminacion-de-la-reforma-electrica\/","name":"En breve iniciar\u00e1 la dictaminaci\u00f3n de la reforma el\u00e9ctrica - Canal 7 SLP - 2022","isPartOf":{"@id":"https:\/\/canal7slp.tv\/2022\/#website"},"primaryImageOfPage":{"@id":"https:\/\/canal7slp.tv\/2022\/en-breve-iniciara-la-dictaminacion-de-la-reforma-electrica\/#primaryimage"},"image":{"@id":"https:\/\/canal7slp.tv\/2022\/en-breve-iniciara-la-dictaminacion-de-la-reforma-electrica\/#primaryimage"},"thumbnailUrl":"https:\/\/canal7slp.tv\/2022\/wp-content\/uploads\/2022\/03\/02-3.jpeg","datePublished":"2022-03-25T23:23:02+00:00","breadcrumb":{"@id":"https:\/\/canal7slp.tv\/2022\/en-breve-iniciara-la-dictaminacion-de-la-reforma-electrica\/#breadcrumb"},"inLanguage":"es","potentialAction":[{"@type":"ReadAction","target":["https:\/\/canal7slp.tv\/2022\/en-breve-iniciara-la-dictaminacion-de-la-reforma-electrica\/"]}]},{"@type":"ImageObject","inLanguage":"es","@id":"https:\/\/canal7slp.tv\/2022\/en-breve-iniciara-la-dictaminacion-de-la-reforma-electrica\/#primaryimage","url":"https:\/\/canal7slp.tv\/2022\/wp-content\/uploads\/2022\/03\/02-3.jpeg","contentUrl":"https:\/\/canal7slp.tv\/2022\/wp-content\/uploads\/2022\/03\/02-3.jpeg","width":1200,"height":675},{"@type":"BreadcrumbList","@id":"https:\/\/canal7slp.tv\/2022\/en-breve-iniciara-la-dictaminacion-de-la-reforma-electrica\/#breadcrumb","itemListElement":[{"@type":"ListItem","position":1,"name":"Portada","item":"https:\/\/canal7slp.tv\/2022\/"},{"@type":"ListItem","position":2,"name":"En breve iniciar\u00e1 la dictaminaci\u00f3n de la reforma el\u00e9ctrica"}]},{"@type":"WebSite","@id":"https:\/\/canal7slp.tv\/2022\/#website","url":"https:\/\/canal7slp.tv\/2022\/","name":"N7 - Noticieros Canal 7","description":"Somos Televisi\u00f3n","publisher":{"@id":"https:\/\/canal7slp.tv\/2022\/#organization"},"potentialAction":[{"@type":"SearchAction","target":{"@type":"EntryPoint","urlTemplate":"https:\/\/canal7slp.tv\/2022\/?s={search_term_string}"},"query-input":{"@type":"PropertyValueSpecification","valueRequired":true,"valueName":"search_term_string"}}],"inLanguage":"es"},{"@type":"Organization","@id":"https:\/\/canal7slp.tv\/2022\/#organization","name":"Noticieros Canal 7","url":"https:\/\/canal7slp.tv\/2022\/","logo":{"@type":"ImageObject","inLanguage":"es","@id":"https:\/\/canal7slp.tv\/2022\/#\/schema\/logo\/image\/","url":"https:\/\/canal7slp.tv\/2022\/wp-content\/uploads\/2021\/01\/logo-noticieros@2x.png","contentUrl":"https:\/\/canal7slp.tv\/2022\/wp-content\/uploads\/2021\/01\/logo-noticieros@2x.png","width":1017,"height":268,"caption":"Noticieros Canal 7"},"image":{"@id":"https:\/\/canal7slp.tv\/2022\/#\/schema\/logo\/image\/"},"sameAs":["https:\/\/www.facebook.com\/noticieroscanalsiete","https:\/\/x.com\/NOTICIEROS7","https:\/\/www.instagram.com\/canal7_slp","https:\/\/www.youtube.com\/channel\/UCliiYs-gP3JfJeqdPrNdd5A"]},{"@type":"Person","@id":"https:\/\/canal7slp.tv\/2022\/#\/schema\/person\/429704152a21f5f856ce29aa69a238da","name":"Edici\u00f3n Web","image":{"@type":"ImageObject","inLanguage":"es","@id":"https:\/\/secure.gravatar.com\/avatar\/eee448fc3f7164808013b816ba91ac7e43bbe82a70bebac296f8bc6f0addaa1a?s=96&d=mm&r=g","url":"https:\/\/secure.gravatar.com\/avatar\/eee448fc3f7164808013b816ba91ac7e43bbe82a70bebac296f8bc6f0addaa1a?s=96&d=mm&r=g","contentUrl":"https:\/\/secure.gravatar.com\/avatar\/eee448fc3f7164808013b816ba91ac7e43bbe82a70bebac296f8bc6f0addaa1a?s=96&d=mm&r=g","caption":"Edici\u00f3n Web"},"url":"https:\/\/canal7slp.tv\/2022\/author\/edicionweb\/"}]}},"amp_enabled":true,"_links":{"self":[{"href":"https:\/\/canal7slp.tv\/2022\/wp-json\/wp\/v2\/posts\/55256","targetHints":{"allow":["GET"]}}],"collection":[{"href":"https:\/\/canal7slp.tv\/2022\/wp-json\/wp\/v2\/posts"}],"about":[{"href":"https:\/\/canal7slp.tv\/2022\/wp-json\/wp\/v2\/types\/post"}],"author":[{"embeddable":true,"href":"https:\/\/canal7slp.tv\/2022\/wp-json\/wp\/v2\/users\/2"}],"replies":[{"embeddable":true,"href":"https:\/\/canal7slp.tv\/2022\/wp-json\/wp\/v2\/comments?post=55256"}],"version-history":[{"count":2,"href":"https:\/\/canal7slp.tv\/2022\/wp-json\/wp\/v2\/posts\/55256\/revisions"}],"predecessor-version":[{"id":55272,"href":"https:\/\/canal7slp.tv\/2022\/wp-json\/wp\/v2\/posts\/55256\/revisions\/55272"}],"wp:featuredmedia":[{"embeddable":true,"href":"https:\/\/canal7slp.tv\/2022\/wp-json\/wp\/v2\/media\/55266"}],"wp:attachment":[{"href":"https:\/\/canal7slp.tv\/2022\/wp-json\/wp\/v2\/media?parent=55256"}],"wp:term":[{"taxonomy":"category","embeddable":true,"href":"https:\/\/canal7slp.tv\/2022\/wp-json\/wp\/v2\/categories?post=55256"},{"taxonomy":"post_tag","embeddable":true,"href":"https:\/\/canal7slp.tv\/2022\/wp-json\/wp\/v2\/tags?post=55256"}],"curies":[{"name":"wp","href":"https:\/\/api.w.org\/{rel}","templated":true}]}}