{"id":54988,"date":"2022-03-23T11:04:02","date_gmt":"2022-03-23T17:04:02","guid":{"rendered":"https:\/\/canal7slp.tv\/2022\/?p=54988"},"modified":"2022-03-23T11:04:02","modified_gmt":"2022-03-23T17:04:02","slug":"desarticulan-banda-criminal-que-operaba-en-la-zona-altiplano","status":"publish","type":"post","link":"https:\/\/canal7slp.tv\/2022\/desarticulan-banda-criminal-que-operaba-en-la-zona-altiplano\/","title":{"rendered":"Desarticulan banda criminal que operaba en la Zona Altiplano"},"content":{"rendered":"<p style=\"text-align: justify;\">SLP.-\u00a0En el marco del trabajo operativo y de inteligencia implementados por la Secretar\u00eda de Seguridad P\u00fablica se inform\u00f3 la desarticulaci\u00f3n de una banda generadora de violencia y venta de droga que operaba en la zona Altiplano.<\/p>\n<p style=\"text-align: justify;\">Las c\u00e9lulas operativas tuvieron a la vista a un grupo de civiles armados a bordo de un autom\u00f3vil blanco, gener\u00e1ndose una persecuci\u00f3n e intercambio de disparos.<\/p>\n<p style=\"text-align: justify;\">En este hecho, se registr\u00f3 la baja de un presunto delincuente identificado como H\u00e9ctor.<\/p>\n<p style=\"text-align: justify;\">Adem\u00e1s de dos lesionados de nombre Oscar, de 27 a\u00f1os y Jos\u00e9 de 26.<\/p>\n<p style=\"text-align: justify;\">Un tercer maleante de nombre Nain logr\u00f3 huir.<\/p>\n<p style=\"text-align: justify;\">De acuerdo con una ficha de detenci\u00f3n cuenta con un proceso legal por posesi\u00f3n de droga del pasado tres de marzo.<\/p>\n<p style=\"text-align: justify;\">Cabe hacer menci\u00f3n que cuatro oficiales de la corporaci\u00f3n estatal resultaron con algunas lesiones siendo trasladados y atendidos de inmediato en un centro hospitalario de la capital donde se reportan fuera de peligro.<\/p>\n<p style=\"text-align: justify;\">Finalmente se informa el aseguramiento de lo siguiente:<\/p>\n<ul style=\"text-align: justify;\">\n<li style=\"text-align: justify;\">01 Arma larga, Tipo Fusil de asalto 7.62&#215;51<\/li>\n<li style=\"text-align: justify;\">01 Arma larga, Tipo Fusil de asalto 5.56<\/li>\n<li style=\"text-align: justify;\">01 Arma larga, Tipo fusil de asalto 7.62&#215;39<\/li>\n<li style=\"text-align: justify;\">01 Arma larga, Tipo fusil AR15 .223<\/li>\n<li style=\"text-align: justify;\">01 Arma larga, Tipo fusil AR15 .223<\/li>\n<li style=\"text-align: justify;\">27 Cargadores.<\/li>\n<li style=\"text-align: justify;\">326 Cartuchos \u00fatiles de calibre 7.62<\/li>\n<li style=\"text-align: justify;\">285 Cartuchos \u00fatiles de calibre .223<\/li>\n<li style=\"text-align: justify;\">18 Cartuchos percutidos calibre .223<\/li>\n<li style=\"text-align: justify;\">09 Cartuchos percutidos calibre 7.62<\/li>\n<li style=\"text-align: justify;\">01 Chaleco con dos placas bal\u00edsticas<\/li>\n<li style=\"text-align: justify;\">03 Fornituras en color negro<\/li>\n<li style=\"text-align: justify;\">01 Veh\u00edculo Marca Honda, Tipo Fit, Modelo 2012, color blanco de procedencia extranjera, el cual presenta varios impactos producidos por proyectil por arma de fuego.<\/li>\n<\/ul>\n<p style=\"text-align: justify;\">Todo lo anterior fue puesto a disposici\u00f3n de las autoridades competentes para las indagatorias.<\/p>\n<p style=\"text-align: justify;\"><img loading=\"lazy\" decoding=\"async\" class=\"alignnone size-medium wp-image-54989\" src=\"https:\/\/canal7slp.tv\/2022\/wp-content\/uploads\/2022\/03\/zz1-5-300x225.jpg\" alt=\"\" width=\"300\" height=\"225\" srcset=\"https:\/\/canal7slp.tv\/2022\/wp-content\/uploads\/2022\/03\/zz1-5-300x225.jpg 300w, https:\/\/canal7slp.tv\/2022\/wp-content\/uploads\/2022\/03\/zz1-5-1024x768.jpg 1024w, https:\/\/canal7slp.tv\/2022\/wp-content\/uploads\/2022\/03\/zz1-5-768x576.jpg 768w, https:\/\/canal7slp.tv\/2022\/wp-content\/uploads\/2022\/03\/zz1-5-180x135.jpg 180w, https:\/\/canal7slp.tv\/2022\/wp-content\/uploads\/2022\/03\/zz1-5-400x300.jpg 400w, https:\/\/canal7slp.tv\/2022\/wp-content\/uploads\/2022\/03\/zz1-5-600x450.jpg 600w, https:\/\/canal7slp.tv\/2022\/wp-content\/uploads\/2022\/03\/zz1-5-800x600.jpg 800w, https:\/\/canal7slp.tv\/2022\/wp-content\/uploads\/2022\/03\/zz1-5-1200x900.jpg 1200w, https:\/\/canal7slp.tv\/2022\/wp-content\/uploads\/2022\/03\/zz1-5.jpg 1280w\" sizes=\"auto, (max-width: 300px) 100vw, 300px\" \/> <img loading=\"lazy\" decoding=\"async\" class=\"alignnone size-medium wp-image-54990\" src=\"https:\/\/canal7slp.tv\/2022\/wp-content\/uploads\/2022\/03\/zz1b-4-300x225.jpg\" alt=\"\" width=\"300\" height=\"225\" srcset=\"https:\/\/canal7slp.tv\/2022\/wp-content\/uploads\/2022\/03\/zz1b-4-300x225.jpg 300w, https:\/\/canal7slp.tv\/2022\/wp-content\/uploads\/2022\/03\/zz1b-4-1024x768.jpg 1024w, https:\/\/canal7slp.tv\/2022\/wp-content\/uploads\/2022\/03\/zz1b-4-768x576.jpg 768w, https:\/\/canal7slp.tv\/2022\/wp-content\/uploads\/2022\/03\/zz1b-4-180x135.jpg 180w, https:\/\/canal7slp.tv\/2022\/wp-content\/uploads\/2022\/03\/zz1b-4-400x300.jpg 400w, https:\/\/canal7slp.tv\/2022\/wp-content\/uploads\/2022\/03\/zz1b-4-600x450.jpg 600w, https:\/\/canal7slp.tv\/2022\/wp-content\/uploads\/2022\/03\/zz1b-4-800x600.jpg 800w, https:\/\/canal7slp.tv\/2022\/wp-content\/uploads\/2022\/03\/zz1b-4-1200x900.jpg 1200w, https:\/\/canal7slp.tv\/2022\/wp-content\/uploads\/2022\/03\/zz1b-4.jpg 1280w\" sizes=\"auto, (max-width: 300px) 100vw, 300px\" \/> <img loading=\"lazy\" decoding=\"async\" class=\"alignnone size-medium wp-image-54991\" src=\"https:\/\/canal7slp.tv\/2022\/wp-content\/uploads\/2022\/03\/zz1c-3-300x225.jpg\" alt=\"\" width=\"300\" height=\"225\" srcset=\"https:\/\/canal7slp.tv\/2022\/wp-content\/uploads\/2022\/03\/zz1c-3-300x225.jpg 300w, https:\/\/canal7slp.tv\/2022\/wp-content\/uploads\/2022\/03\/zz1c-3-1024x768.jpg 1024w, https:\/\/canal7slp.tv\/2022\/wp-content\/uploads\/2022\/03\/zz1c-3-768x576.jpg 768w, https:\/\/canal7slp.tv\/2022\/wp-content\/uploads\/2022\/03\/zz1c-3-1536x1152.jpg 1536w, https:\/\/canal7slp.tv\/2022\/wp-content\/uploads\/2022\/03\/zz1c-3-180x135.jpg 180w, https:\/\/canal7slp.tv\/2022\/wp-content\/uploads\/2022\/03\/zz1c-3-400x300.jpg 400w, https:\/\/canal7slp.tv\/2022\/wp-content\/uploads\/2022\/03\/zz1c-3-600x450.jpg 600w, https:\/\/canal7slp.tv\/2022\/wp-content\/uploads\/2022\/03\/zz1c-3-800x600.jpg 800w, https:\/\/canal7slp.tv\/2022\/wp-content\/uploads\/2022\/03\/zz1c-3-1200x900.jpg 1200w, https:\/\/canal7slp.tv\/2022\/wp-content\/uploads\/2022\/03\/zz1c-3.jpg 1600w\" sizes=\"auto, (max-width: 300px) 100vw, 300px\" \/><\/p>\n","protected":false},"excerpt":{"rendered":"<p>SLP.-\u00a0En el marco del trabajo operativo y de inteligencia implementados por la Secretar\u00eda de Seguridad P\u00fablica se inform\u00f3 la desarticulaci\u00f3n de una banda generadora de violencia y venta de droga que operaba en la zona Altiplano. Las c\u00e9lulas operativas tuvieron a la vista a un grupo de civiles armados a bordo de un autom\u00f3vil blanco, gener\u00e1ndose una persecuci\u00f3n e intercambio de disparos. En este hecho, se registr\u00f3 la baja de un presunto delincuente identificado como H\u00e9ctor. Adem\u00e1s de dos lesionados de nombre Oscar, de 27 a\u00f1os y Jos\u00e9 de 26. Un tercer maleante de nombre Nain logr\u00f3 huir. De acuerdo [&hellip;]<\/p>\n","protected":false},"author":2,"featured_media":54992,"comment_status":"closed","ping_status":"closed","sticky":false,"template":"","format":"gallery","meta":{"footnotes":""},"categories":[48],"tags":[],"class_list":["post-54988","post","type-post","status-publish","format-gallery","has-post-thumbnail","hentry","category-reporte7","post_format-post-format-gallery","post--single"],"yoast_head":"<!-- This site is optimized with the Yoast SEO plugin v27.4 - https:\/\/yoast.com\/product\/yoast-seo-wordpress\/ -->\n<title>Desarticulan banda criminal que operaba en la Zona Altiplano - Canal 7 SLP - 2022<\/title>\n<meta name=\"robots\" content=\"index, follow, max-snippet:-1, max-image-preview:large, max-video-preview:-1\" \/>\n<link rel=\"canonical\" href=\"https:\/\/canal7slp.tv\/2022\/desarticulan-banda-criminal-que-operaba-en-la-zona-altiplano\/\" \/>\n<meta property=\"og:locale\" content=\"es_ES\" \/>\n<meta property=\"og:type\" content=\"article\" \/>\n<meta property=\"og:title\" content=\"Desarticulan banda criminal que operaba en la Zona Altiplano - Canal 7 SLP - 2022\" \/>\n<meta property=\"og:description\" content=\"SLP.-\u00a0En el marco del trabajo operativo y de inteligencia implementados por la Secretar\u00eda de Seguridad P\u00fablica se inform\u00f3 la desarticulaci\u00f3n de una banda generadora de violencia y venta de droga que operaba en la zona Altiplano. Las c\u00e9lulas operativas tuvieron a la vista a un grupo de civiles armados a bordo de un autom\u00f3vil blanco, gener\u00e1ndose una persecuci\u00f3n e intercambio de disparos. En este hecho, se registr\u00f3 la baja de un presunto delincuente identificado como H\u00e9ctor. Adem\u00e1s de dos lesionados de nombre Oscar, de 27 a\u00f1os y Jos\u00e9 de 26. Un tercer maleante de nombre Nain logr\u00f3 huir. De acuerdo [&hellip;]\" \/>\n<meta property=\"og:url\" content=\"https:\/\/canal7slp.tv\/2022\/desarticulan-banda-criminal-que-operaba-en-la-zona-altiplano\/\" \/>\n<meta property=\"og:site_name\" content=\"Canal 7 SLP - 2022\" \/>\n<meta property=\"article:publisher\" content=\"https:\/\/www.facebook.com\/noticieroscanalsiete\" \/>\n<meta property=\"article:published_time\" content=\"2022-03-23T17:04:02+00:00\" \/>\n<meta property=\"og:image\" content=\"https:\/\/canal7slp.tv\/2022\/wp-content\/uploads\/2022\/03\/zz1-6.jpg\" \/>\n\t<meta property=\"og:image:width\" content=\"900\" \/>\n\t<meta property=\"og:image:height\" content=\"675\" \/>\n\t<meta property=\"og:image:type\" content=\"image\/jpeg\" \/>\n<meta name=\"author\" content=\"Edici\u00f3n Web\" \/>\n<meta name=\"twitter:card\" content=\"summary_large_image\" \/>\n<meta name=\"twitter:creator\" content=\"@NOTICIEROS7\" \/>\n<meta name=\"twitter:site\" content=\"@NOTICIEROS7\" \/>\n<meta name=\"twitter:label1\" content=\"Escrito por\" \/>\n\t<meta name=\"twitter:data1\" content=\"Edici\u00f3n Web\" \/>\n\t<meta name=\"twitter:label2\" content=\"Tiempo de lectura\" \/>\n\t<meta name=\"twitter:data2\" content=\"2 minutos\" \/>\n<script type=\"application\/ld+json\" class=\"yoast-schema-graph\">{\"@context\":\"https:\\\/\\\/schema.org\",\"@graph\":[{\"@type\":\"Article\",\"@id\":\"https:\\\/\\\/canal7slp.tv\\\/2022\\\/desarticulan-banda-criminal-que-operaba-en-la-zona-altiplano\\\/#article\",\"isPartOf\":{\"@id\":\"https:\\\/\\\/canal7slp.tv\\\/2022\\\/desarticulan-banda-criminal-que-operaba-en-la-zona-altiplano\\\/\"},\"author\":{\"name\":\"Edici\u00f3n Web\",\"@id\":\"https:\\\/\\\/canal7slp.tv\\\/2022\\\/#\\\/schema\\\/person\\\/429704152a21f5f856ce29aa69a238da\"},\"headline\":\"Desarticulan banda criminal que operaba en la Zona Altiplano\",\"datePublished\":\"2022-03-23T17:04:02+00:00\",\"mainEntityOfPage\":{\"@id\":\"https:\\\/\\\/canal7slp.tv\\\/2022\\\/desarticulan-banda-criminal-que-operaba-en-la-zona-altiplano\\\/\"},\"wordCount\":277,\"publisher\":{\"@id\":\"https:\\\/\\\/canal7slp.tv\\\/2022\\\/#organization\"},\"image\":{\"@id\":\"https:\\\/\\\/canal7slp.tv\\\/2022\\\/desarticulan-banda-criminal-que-operaba-en-la-zona-altiplano\\\/#primaryimage\"},\"thumbnailUrl\":\"https:\\\/\\\/canal7slp.tv\\\/2022\\\/wp-content\\\/uploads\\\/2022\\\/03\\\/zz1-6.jpg\",\"articleSection\":[\"REPORTE 7\"],\"inLanguage\":\"es\"},{\"@type\":\"WebPage\",\"@id\":\"https:\\\/\\\/canal7slp.tv\\\/2022\\\/desarticulan-banda-criminal-que-operaba-en-la-zona-altiplano\\\/\",\"url\":\"https:\\\/\\\/canal7slp.tv\\\/2022\\\/desarticulan-banda-criminal-que-operaba-en-la-zona-altiplano\\\/\",\"name\":\"Desarticulan banda criminal que operaba en la Zona Altiplano - Canal 7 SLP - 2022\",\"isPartOf\":{\"@id\":\"https:\\\/\\\/canal7slp.tv\\\/2022\\\/#website\"},\"primaryImageOfPage\":{\"@id\":\"https:\\\/\\\/canal7slp.tv\\\/2022\\\/desarticulan-banda-criminal-que-operaba-en-la-zona-altiplano\\\/#primaryimage\"},\"image\":{\"@id\":\"https:\\\/\\\/canal7slp.tv\\\/2022\\\/desarticulan-banda-criminal-que-operaba-en-la-zona-altiplano\\\/#primaryimage\"},\"thumbnailUrl\":\"https:\\\/\\\/canal7slp.tv\\\/2022\\\/wp-content\\\/uploads\\\/2022\\\/03\\\/zz1-6.jpg\",\"datePublished\":\"2022-03-23T17:04:02+00:00\",\"breadcrumb\":{\"@id\":\"https:\\\/\\\/canal7slp.tv\\\/2022\\\/desarticulan-banda-criminal-que-operaba-en-la-zona-altiplano\\\/#breadcrumb\"},\"inLanguage\":\"es\",\"potentialAction\":[{\"@type\":\"ReadAction\",\"target\":[\"https:\\\/\\\/canal7slp.tv\\\/2022\\\/desarticulan-banda-criminal-que-operaba-en-la-zona-altiplano\\\/\"]}]},{\"@type\":\"ImageObject\",\"inLanguage\":\"es\",\"@id\":\"https:\\\/\\\/canal7slp.tv\\\/2022\\\/desarticulan-banda-criminal-que-operaba-en-la-zona-altiplano\\\/#primaryimage\",\"url\":\"https:\\\/\\\/canal7slp.tv\\\/2022\\\/wp-content\\\/uploads\\\/2022\\\/03\\\/zz1-6.jpg\",\"contentUrl\":\"https:\\\/\\\/canal7slp.tv\\\/2022\\\/wp-content\\\/uploads\\\/2022\\\/03\\\/zz1-6.jpg\",\"width\":900,\"height\":675},{\"@type\":\"BreadcrumbList\",\"@id\":\"https:\\\/\\\/canal7slp.tv\\\/2022\\\/desarticulan-banda-criminal-que-operaba-en-la-zona-altiplano\\\/#breadcrumb\",\"itemListElement\":[{\"@type\":\"ListItem\",\"position\":1,\"name\":\"Portada\",\"item\":\"https:\\\/\\\/canal7slp.tv\\\/2022\\\/\"},{\"@type\":\"ListItem\",\"position\":2,\"name\":\"Desarticulan banda criminal que operaba en la Zona Altiplano\"}]},{\"@type\":\"WebSite\",\"@id\":\"https:\\\/\\\/canal7slp.tv\\\/2022\\\/#website\",\"url\":\"https:\\\/\\\/canal7slp.tv\\\/2022\\\/\",\"name\":\"N7 - Noticieros Canal 7\",\"description\":\"Somos Televisi\u00f3n\",\"publisher\":{\"@id\":\"https:\\\/\\\/canal7slp.tv\\\/2022\\\/#organization\"},\"potentialAction\":[{\"@type\":\"SearchAction\",\"target\":{\"@type\":\"EntryPoint\",\"urlTemplate\":\"https:\\\/\\\/canal7slp.tv\\\/2022\\\/?s={search_term_string}\"},\"query-input\":{\"@type\":\"PropertyValueSpecification\",\"valueRequired\":true,\"valueName\":\"search_term_string\"}}],\"inLanguage\":\"es\"},{\"@type\":\"Organization\",\"@id\":\"https:\\\/\\\/canal7slp.tv\\\/2022\\\/#organization\",\"name\":\"Noticieros Canal 7\",\"url\":\"https:\\\/\\\/canal7slp.tv\\\/2022\\\/\",\"logo\":{\"@type\":\"ImageObject\",\"inLanguage\":\"es\",\"@id\":\"https:\\\/\\\/canal7slp.tv\\\/2022\\\/#\\\/schema\\\/logo\\\/image\\\/\",\"url\":\"https:\\\/\\\/canal7slp.tv\\\/2022\\\/wp-content\\\/uploads\\\/2021\\\/01\\\/logo-noticieros@2x.png\",\"contentUrl\":\"https:\\\/\\\/canal7slp.tv\\\/2022\\\/wp-content\\\/uploads\\\/2021\\\/01\\\/logo-noticieros@2x.png\",\"width\":1017,\"height\":268,\"caption\":\"Noticieros Canal 7\"},\"image\":{\"@id\":\"https:\\\/\\\/canal7slp.tv\\\/2022\\\/#\\\/schema\\\/logo\\\/image\\\/\"},\"sameAs\":[\"https:\\\/\\\/www.facebook.com\\\/noticieroscanalsiete\",\"https:\\\/\\\/x.com\\\/NOTICIEROS7\",\"https:\\\/\\\/www.instagram.com\\\/canal7_slp\",\"https:\\\/\\\/www.youtube.com\\\/channel\\\/UCliiYs-gP3JfJeqdPrNdd5A\"]},{\"@type\":\"Person\",\"@id\":\"https:\\\/\\\/canal7slp.tv\\\/2022\\\/#\\\/schema\\\/person\\\/429704152a21f5f856ce29aa69a238da\",\"name\":\"Edici\u00f3n Web\",\"image\":{\"@type\":\"ImageObject\",\"inLanguage\":\"es\",\"@id\":\"https:\\\/\\\/secure.gravatar.com\\\/avatar\\\/eee448fc3f7164808013b816ba91ac7e43bbe82a70bebac296f8bc6f0addaa1a?s=96&d=mm&r=g\",\"url\":\"https:\\\/\\\/secure.gravatar.com\\\/avatar\\\/eee448fc3f7164808013b816ba91ac7e43bbe82a70bebac296f8bc6f0addaa1a?s=96&d=mm&r=g\",\"contentUrl\":\"https:\\\/\\\/secure.gravatar.com\\\/avatar\\\/eee448fc3f7164808013b816ba91ac7e43bbe82a70bebac296f8bc6f0addaa1a?s=96&d=mm&r=g\",\"caption\":\"Edici\u00f3n Web\"},\"url\":\"https:\\\/\\\/canal7slp.tv\\\/2022\\\/author\\\/edicionweb\\\/\"}]}<\/script>\n<!-- \/ Yoast SEO plugin. -->","yoast_head_json":{"title":"Desarticulan banda criminal que operaba en la Zona Altiplano - Canal 7 SLP - 2022","robots":{"index":"index","follow":"follow","max-snippet":"max-snippet:-1","max-image-preview":"max-image-preview:large","max-video-preview":"max-video-preview:-1"},"canonical":"https:\/\/canal7slp.tv\/2022\/desarticulan-banda-criminal-que-operaba-en-la-zona-altiplano\/","og_locale":"es_ES","og_type":"article","og_title":"Desarticulan banda criminal que operaba en la Zona Altiplano - Canal 7 SLP - 2022","og_description":"SLP.-\u00a0En el marco del trabajo operativo y de inteligencia implementados por la Secretar\u00eda de Seguridad P\u00fablica se inform\u00f3 la desarticulaci\u00f3n de una banda generadora de violencia y venta de droga que operaba en la zona Altiplano. Las c\u00e9lulas operativas tuvieron a la vista a un grupo de civiles armados a bordo de un autom\u00f3vil blanco, gener\u00e1ndose una persecuci\u00f3n e intercambio de disparos. En este hecho, se registr\u00f3 la baja de un presunto delincuente identificado como H\u00e9ctor. Adem\u00e1s de dos lesionados de nombre Oscar, de 27 a\u00f1os y Jos\u00e9 de 26. Un tercer maleante de nombre Nain logr\u00f3 huir. De acuerdo [&hellip;]","og_url":"https:\/\/canal7slp.tv\/2022\/desarticulan-banda-criminal-que-operaba-en-la-zona-altiplano\/","og_site_name":"Canal 7 SLP - 2022","article_publisher":"https:\/\/www.facebook.com\/noticieroscanalsiete","article_published_time":"2022-03-23T17:04:02+00:00","og_image":[{"width":900,"height":675,"url":"https:\/\/canal7slp.tv\/2022\/wp-content\/uploads\/2022\/03\/zz1-6.jpg","type":"image\/jpeg"}],"author":"Edici\u00f3n Web","twitter_card":"summary_large_image","twitter_creator":"@NOTICIEROS7","twitter_site":"@NOTICIEROS7","twitter_misc":{"Escrito por":"Edici\u00f3n Web","Tiempo de lectura":"2 minutos"},"schema":{"@context":"https:\/\/schema.org","@graph":[{"@type":"Article","@id":"https:\/\/canal7slp.tv\/2022\/desarticulan-banda-criminal-que-operaba-en-la-zona-altiplano\/#article","isPartOf":{"@id":"https:\/\/canal7slp.tv\/2022\/desarticulan-banda-criminal-que-operaba-en-la-zona-altiplano\/"},"author":{"name":"Edici\u00f3n Web","@id":"https:\/\/canal7slp.tv\/2022\/#\/schema\/person\/429704152a21f5f856ce29aa69a238da"},"headline":"Desarticulan banda criminal que operaba en la Zona Altiplano","datePublished":"2022-03-23T17:04:02+00:00","mainEntityOfPage":{"@id":"https:\/\/canal7slp.tv\/2022\/desarticulan-banda-criminal-que-operaba-en-la-zona-altiplano\/"},"wordCount":277,"publisher":{"@id":"https:\/\/canal7slp.tv\/2022\/#organization"},"image":{"@id":"https:\/\/canal7slp.tv\/2022\/desarticulan-banda-criminal-que-operaba-en-la-zona-altiplano\/#primaryimage"},"thumbnailUrl":"https:\/\/canal7slp.tv\/2022\/wp-content\/uploads\/2022\/03\/zz1-6.jpg","articleSection":["REPORTE 7"],"inLanguage":"es"},{"@type":"WebPage","@id":"https:\/\/canal7slp.tv\/2022\/desarticulan-banda-criminal-que-operaba-en-la-zona-altiplano\/","url":"https:\/\/canal7slp.tv\/2022\/desarticulan-banda-criminal-que-operaba-en-la-zona-altiplano\/","name":"Desarticulan banda criminal que operaba en la Zona Altiplano - Canal 7 SLP - 2022","isPartOf":{"@id":"https:\/\/canal7slp.tv\/2022\/#website"},"primaryImageOfPage":{"@id":"https:\/\/canal7slp.tv\/2022\/desarticulan-banda-criminal-que-operaba-en-la-zona-altiplano\/#primaryimage"},"image":{"@id":"https:\/\/canal7slp.tv\/2022\/desarticulan-banda-criminal-que-operaba-en-la-zona-altiplano\/#primaryimage"},"thumbnailUrl":"https:\/\/canal7slp.tv\/2022\/wp-content\/uploads\/2022\/03\/zz1-6.jpg","datePublished":"2022-03-23T17:04:02+00:00","breadcrumb":{"@id":"https:\/\/canal7slp.tv\/2022\/desarticulan-banda-criminal-que-operaba-en-la-zona-altiplano\/#breadcrumb"},"inLanguage":"es","potentialAction":[{"@type":"ReadAction","target":["https:\/\/canal7slp.tv\/2022\/desarticulan-banda-criminal-que-operaba-en-la-zona-altiplano\/"]}]},{"@type":"ImageObject","inLanguage":"es","@id":"https:\/\/canal7slp.tv\/2022\/desarticulan-banda-criminal-que-operaba-en-la-zona-altiplano\/#primaryimage","url":"https:\/\/canal7slp.tv\/2022\/wp-content\/uploads\/2022\/03\/zz1-6.jpg","contentUrl":"https:\/\/canal7slp.tv\/2022\/wp-content\/uploads\/2022\/03\/zz1-6.jpg","width":900,"height":675},{"@type":"BreadcrumbList","@id":"https:\/\/canal7slp.tv\/2022\/desarticulan-banda-criminal-que-operaba-en-la-zona-altiplano\/#breadcrumb","itemListElement":[{"@type":"ListItem","position":1,"name":"Portada","item":"https:\/\/canal7slp.tv\/2022\/"},{"@type":"ListItem","position":2,"name":"Desarticulan banda criminal que operaba en la Zona Altiplano"}]},{"@type":"WebSite","@id":"https:\/\/canal7slp.tv\/2022\/#website","url":"https:\/\/canal7slp.tv\/2022\/","name":"N7 - Noticieros Canal 7","description":"Somos Televisi\u00f3n","publisher":{"@id":"https:\/\/canal7slp.tv\/2022\/#organization"},"potentialAction":[{"@type":"SearchAction","target":{"@type":"EntryPoint","urlTemplate":"https:\/\/canal7slp.tv\/2022\/?s={search_term_string}"},"query-input":{"@type":"PropertyValueSpecification","valueRequired":true,"valueName":"search_term_string"}}],"inLanguage":"es"},{"@type":"Organization","@id":"https:\/\/canal7slp.tv\/2022\/#organization","name":"Noticieros Canal 7","url":"https:\/\/canal7slp.tv\/2022\/","logo":{"@type":"ImageObject","inLanguage":"es","@id":"https:\/\/canal7slp.tv\/2022\/#\/schema\/logo\/image\/","url":"https:\/\/canal7slp.tv\/2022\/wp-content\/uploads\/2021\/01\/logo-noticieros@2x.png","contentUrl":"https:\/\/canal7slp.tv\/2022\/wp-content\/uploads\/2021\/01\/logo-noticieros@2x.png","width":1017,"height":268,"caption":"Noticieros Canal 7"},"image":{"@id":"https:\/\/canal7slp.tv\/2022\/#\/schema\/logo\/image\/"},"sameAs":["https:\/\/www.facebook.com\/noticieroscanalsiete","https:\/\/x.com\/NOTICIEROS7","https:\/\/www.instagram.com\/canal7_slp","https:\/\/www.youtube.com\/channel\/UCliiYs-gP3JfJeqdPrNdd5A"]},{"@type":"Person","@id":"https:\/\/canal7slp.tv\/2022\/#\/schema\/person\/429704152a21f5f856ce29aa69a238da","name":"Edici\u00f3n Web","image":{"@type":"ImageObject","inLanguage":"es","@id":"https:\/\/secure.gravatar.com\/avatar\/eee448fc3f7164808013b816ba91ac7e43bbe82a70bebac296f8bc6f0addaa1a?s=96&d=mm&r=g","url":"https:\/\/secure.gravatar.com\/avatar\/eee448fc3f7164808013b816ba91ac7e43bbe82a70bebac296f8bc6f0addaa1a?s=96&d=mm&r=g","contentUrl":"https:\/\/secure.gravatar.com\/avatar\/eee448fc3f7164808013b816ba91ac7e43bbe82a70bebac296f8bc6f0addaa1a?s=96&d=mm&r=g","caption":"Edici\u00f3n Web"},"url":"https:\/\/canal7slp.tv\/2022\/author\/edicionweb\/"}]}},"amp_enabled":true,"_links":{"self":[{"href":"https:\/\/canal7slp.tv\/2022\/wp-json\/wp\/v2\/posts\/54988","targetHints":{"allow":["GET"]}}],"collection":[{"href":"https:\/\/canal7slp.tv\/2022\/wp-json\/wp\/v2\/posts"}],"about":[{"href":"https:\/\/canal7slp.tv\/2022\/wp-json\/wp\/v2\/types\/post"}],"author":[{"embeddable":true,"href":"https:\/\/canal7slp.tv\/2022\/wp-json\/wp\/v2\/users\/2"}],"replies":[{"embeddable":true,"href":"https:\/\/canal7slp.tv\/2022\/wp-json\/wp\/v2\/comments?post=54988"}],"version-history":[{"count":1,"href":"https:\/\/canal7slp.tv\/2022\/wp-json\/wp\/v2\/posts\/54988\/revisions"}],"predecessor-version":[{"id":54993,"href":"https:\/\/canal7slp.tv\/2022\/wp-json\/wp\/v2\/posts\/54988\/revisions\/54993"}],"wp:featuredmedia":[{"embeddable":true,"href":"https:\/\/canal7slp.tv\/2022\/wp-json\/wp\/v2\/media\/54992"}],"wp:attachment":[{"href":"https:\/\/canal7slp.tv\/2022\/wp-json\/wp\/v2\/media?parent=54988"}],"wp:term":[{"taxonomy":"category","embeddable":true,"href":"https:\/\/canal7slp.tv\/2022\/wp-json\/wp\/v2\/categories?post=54988"},{"taxonomy":"post_tag","embeddable":true,"href":"https:\/\/canal7slp.tv\/2022\/wp-json\/wp\/v2\/tags?post=54988"}],"curies":[{"name":"wp","href":"https:\/\/api.w.org\/{rel}","templated":true}]}}