{"id":53791,"date":"2022-03-10T19:52:34","date_gmt":"2022-03-11T01:52:34","guid":{"rendered":"https:\/\/canal7slp.tv\/2022\/?p=53791"},"modified":"2022-03-10T22:33:01","modified_gmt":"2022-03-11T04:33:01","slug":"comisiones-unidas-aprueban-dictamen-para-la-creacion-de-la-guardia-civil-estatal","status":"publish","type":"post","link":"https:\/\/canal7slp.tv\/2022\/comisiones-unidas-aprueban-dictamen-para-la-creacion-de-la-guardia-civil-estatal\/","title":{"rendered":"Comisiones unidas aprueban dictamen para la creaci\u00f3n de la Guardia Civil Estatal."},"content":{"rendered":"<p style=\"text-align: justify;\">SLP.-\u00a0Los diputados integrantes de las comisiones unidas de Puntos Constitucionales, Justicia, Seguridad P\u00fablica, Prevenci\u00f3n y Reinserci\u00f3n Social y Comunicaciones y Transportes, aprobaron por unanimidad el proyecto de dictamen para la creaci\u00f3n de la Secretar\u00eda de Seguridad Ciudadana y la Guardia Civil Estatal.<\/p>\n<p style=\"text-align: justify;\">Este dictamen plantea reformas a la Constituci\u00f3n Pol\u00edtica del Estado, Ley Org\u00e1nica de la Administraci\u00f3n P\u00fablica, del Sistema de Seguridad P\u00fablica y la Ley de Tr\u00e1nsito del Estado, a trav\u00e9s de iniciativas planteadas desde los poderes Legislativo y Ejecutivo.<\/p>\n<p style=\"text-align: justify;\">En la aprobaci\u00f3n de este dictamen se incluy\u00f3 tambi\u00e9n la necesidad de que en caso de que se designe un mando militar en la Secretar\u00eda de Seguridad Ciudadana \u00f3 en la Guardia Civil, que este tenga una licencia especial.<\/p>\n<p style=\"text-align: justify;\">Asimismo, se destac\u00f3 que la capacitaci\u00f3n permanente y el uso de la tecnolog\u00eda de punta y la proximidad social, ser\u00e1n ejes fundamentales de la nueva estrategia en materia de seguridad p\u00fablica.<\/p>\n<p style=\"text-align: justify;\">Este dictamen para la creaci\u00f3n formal de la Guardia Civil Estatal ser\u00e1 enviado a Servicios Parlamentarios para que sea puesto a consideraci\u00f3n del Pleno.<\/p>\n<p style=\"text-align: justify;\">Por: Claudio Ibarra<\/p>\n","protected":false},"excerpt":{"rendered":"<p>SLP.-\u00a0Los diputados integrantes de las comisiones unidas de Puntos Constitucionales, Justicia, Seguridad P\u00fablica, Prevenci\u00f3n y Reinserci\u00f3n Social y Comunicaciones y Transportes, aprobaron por unanimidad el proyecto de dictamen para la creaci\u00f3n de la Secretar\u00eda de Seguridad Ciudadana y la Guardia Civil Estatal. Este dictamen plantea reformas a la Constituci\u00f3n Pol\u00edtica del Estado, Ley Org\u00e1nica de la Administraci\u00f3n P\u00fablica, del Sistema de Seguridad P\u00fablica y la Ley de Tr\u00e1nsito del Estado, a trav\u00e9s de iniciativas planteadas desde los poderes Legislativo y Ejecutivo. En la aprobaci\u00f3n de este dictamen se incluy\u00f3 tambi\u00e9n la necesidad de que en caso de que se designe [&hellip;]<\/p>\n","protected":false},"author":2,"featured_media":53819,"comment_status":"closed","ping_status":"closed","sticky":false,"template":"","format":"video","meta":{"footnotes":""},"categories":[3,5,45],"tags":[],"class_list":["post-53791","post","type-post","status-publish","format-video","has-post-thumbnail","hentry","category-congreso","category-destacadas","category-localesyregionales","post_format-post-format-video","post--single"],"yoast_head":"<!-- This site is optimized with the Yoast SEO plugin v27.4 - https:\/\/yoast.com\/product\/yoast-seo-wordpress\/ -->\n<title>Comisiones unidas aprueban dictamen para la creaci\u00f3n de la Guardia Civil Estatal. - Canal 7 SLP - 2022<\/title>\n<meta name=\"robots\" content=\"index, follow, max-snippet:-1, max-image-preview:large, max-video-preview:-1\" \/>\n<link rel=\"canonical\" href=\"https:\/\/canal7slp.tv\/2022\/comisiones-unidas-aprueban-dictamen-para-la-creacion-de-la-guardia-civil-estatal\/\" \/>\n<meta property=\"og:locale\" content=\"es_ES\" \/>\n<meta property=\"og:type\" content=\"article\" \/>\n<meta property=\"og:title\" content=\"Comisiones unidas aprueban dictamen para la creaci\u00f3n de la Guardia Civil Estatal. - Canal 7 SLP - 2022\" \/>\n<meta property=\"og:description\" content=\"SLP.-\u00a0Los diputados integrantes de las comisiones unidas de Puntos Constitucionales, Justicia, Seguridad P\u00fablica, Prevenci\u00f3n y Reinserci\u00f3n Social y Comunicaciones y Transportes, aprobaron por unanimidad el proyecto de dictamen para la creaci\u00f3n de la Secretar\u00eda de Seguridad Ciudadana y la Guardia Civil Estatal. Este dictamen plantea reformas a la Constituci\u00f3n Pol\u00edtica del Estado, Ley Org\u00e1nica de la Administraci\u00f3n P\u00fablica, del Sistema de Seguridad P\u00fablica y la Ley de Tr\u00e1nsito del Estado, a trav\u00e9s de iniciativas planteadas desde los poderes Legislativo y Ejecutivo. En la aprobaci\u00f3n de este dictamen se incluy\u00f3 tambi\u00e9n la necesidad de que en caso de que se designe [&hellip;]\" \/>\n<meta property=\"og:url\" content=\"https:\/\/canal7slp.tv\/2022\/comisiones-unidas-aprueban-dictamen-para-la-creacion-de-la-guardia-civil-estatal\/\" \/>\n<meta property=\"og:site_name\" content=\"Canal 7 SLP - 2022\" \/>\n<meta property=\"article:publisher\" content=\"https:\/\/www.facebook.com\/noticieroscanalsiete\" \/>\n<meta property=\"article:published_time\" content=\"2022-03-11T01:52:34+00:00\" \/>\n<meta property=\"article:modified_time\" content=\"2022-03-11T04:33:01+00:00\" \/>\n<meta property=\"og:image\" content=\"https:\/\/canal7slp.tv\/2022\/wp-content\/uploads\/2022\/03\/Claudio05Guardia.jpg\" \/>\n\t<meta property=\"og:image:width\" content=\"888\" \/>\n\t<meta property=\"og:image:height\" content=\"500\" \/>\n\t<meta property=\"og:image:type\" content=\"image\/jpeg\" \/>\n<meta name=\"author\" content=\"Edici\u00f3n Web\" \/>\n<meta name=\"twitter:card\" content=\"summary_large_image\" \/>\n<meta name=\"twitter:creator\" content=\"@NOTICIEROS7\" \/>\n<meta name=\"twitter:site\" content=\"@NOTICIEROS7\" \/>\n<meta name=\"twitter:label1\" content=\"Escrito por\" \/>\n\t<meta name=\"twitter:data1\" content=\"Edici\u00f3n Web\" \/>\n\t<meta name=\"twitter:label2\" content=\"Tiempo de lectura\" \/>\n\t<meta name=\"twitter:data2\" content=\"1 minuto\" \/>\n<script type=\"application\/ld+json\" class=\"yoast-schema-graph\">{\"@context\":\"https:\\\/\\\/schema.org\",\"@graph\":[{\"@type\":\"Article\",\"@id\":\"https:\\\/\\\/canal7slp.tv\\\/2022\\\/comisiones-unidas-aprueban-dictamen-para-la-creacion-de-la-guardia-civil-estatal\\\/#article\",\"isPartOf\":{\"@id\":\"https:\\\/\\\/canal7slp.tv\\\/2022\\\/comisiones-unidas-aprueban-dictamen-para-la-creacion-de-la-guardia-civil-estatal\\\/\"},\"author\":{\"name\":\"Edici\u00f3n Web\",\"@id\":\"https:\\\/\\\/canal7slp.tv\\\/2022\\\/#\\\/schema\\\/person\\\/429704152a21f5f856ce29aa69a238da\"},\"headline\":\"Comisiones unidas aprueban dictamen para la creaci\u00f3n de la Guardia Civil Estatal.\",\"datePublished\":\"2022-03-11T01:52:34+00:00\",\"dateModified\":\"2022-03-11T04:33:01+00:00\",\"mainEntityOfPage\":{\"@id\":\"https:\\\/\\\/canal7slp.tv\\\/2022\\\/comisiones-unidas-aprueban-dictamen-para-la-creacion-de-la-guardia-civil-estatal\\\/\"},\"wordCount\":214,\"publisher\":{\"@id\":\"https:\\\/\\\/canal7slp.tv\\\/2022\\\/#organization\"},\"image\":{\"@id\":\"https:\\\/\\\/canal7slp.tv\\\/2022\\\/comisiones-unidas-aprueban-dictamen-para-la-creacion-de-la-guardia-civil-estatal\\\/#primaryimage\"},\"thumbnailUrl\":\"https:\\\/\\\/canal7slp.tv\\\/2022\\\/wp-content\\\/uploads\\\/2022\\\/03\\\/Claudio05Guardia.jpg\",\"articleSection\":[\"CONGRESO\",\"DESTACADAS\",\"LOCALES Y REGIONALES\"],\"inLanguage\":\"es\"},{\"@type\":\"WebPage\",\"@id\":\"https:\\\/\\\/canal7slp.tv\\\/2022\\\/comisiones-unidas-aprueban-dictamen-para-la-creacion-de-la-guardia-civil-estatal\\\/\",\"url\":\"https:\\\/\\\/canal7slp.tv\\\/2022\\\/comisiones-unidas-aprueban-dictamen-para-la-creacion-de-la-guardia-civil-estatal\\\/\",\"name\":\"Comisiones unidas aprueban dictamen para la creaci\u00f3n de la Guardia Civil Estatal. - Canal 7 SLP - 2022\",\"isPartOf\":{\"@id\":\"https:\\\/\\\/canal7slp.tv\\\/2022\\\/#website\"},\"primaryImageOfPage\":{\"@id\":\"https:\\\/\\\/canal7slp.tv\\\/2022\\\/comisiones-unidas-aprueban-dictamen-para-la-creacion-de-la-guardia-civil-estatal\\\/#primaryimage\"},\"image\":{\"@id\":\"https:\\\/\\\/canal7slp.tv\\\/2022\\\/comisiones-unidas-aprueban-dictamen-para-la-creacion-de-la-guardia-civil-estatal\\\/#primaryimage\"},\"thumbnailUrl\":\"https:\\\/\\\/canal7slp.tv\\\/2022\\\/wp-content\\\/uploads\\\/2022\\\/03\\\/Claudio05Guardia.jpg\",\"datePublished\":\"2022-03-11T01:52:34+00:00\",\"dateModified\":\"2022-03-11T04:33:01+00:00\",\"breadcrumb\":{\"@id\":\"https:\\\/\\\/canal7slp.tv\\\/2022\\\/comisiones-unidas-aprueban-dictamen-para-la-creacion-de-la-guardia-civil-estatal\\\/#breadcrumb\"},\"inLanguage\":\"es\",\"potentialAction\":[{\"@type\":\"ReadAction\",\"target\":[\"https:\\\/\\\/canal7slp.tv\\\/2022\\\/comisiones-unidas-aprueban-dictamen-para-la-creacion-de-la-guardia-civil-estatal\\\/\"]}]},{\"@type\":\"ImageObject\",\"inLanguage\":\"es\",\"@id\":\"https:\\\/\\\/canal7slp.tv\\\/2022\\\/comisiones-unidas-aprueban-dictamen-para-la-creacion-de-la-guardia-civil-estatal\\\/#primaryimage\",\"url\":\"https:\\\/\\\/canal7slp.tv\\\/2022\\\/wp-content\\\/uploads\\\/2022\\\/03\\\/Claudio05Guardia.jpg\",\"contentUrl\":\"https:\\\/\\\/canal7slp.tv\\\/2022\\\/wp-content\\\/uploads\\\/2022\\\/03\\\/Claudio05Guardia.jpg\",\"width\":888,\"height\":500},{\"@type\":\"BreadcrumbList\",\"@id\":\"https:\\\/\\\/canal7slp.tv\\\/2022\\\/comisiones-unidas-aprueban-dictamen-para-la-creacion-de-la-guardia-civil-estatal\\\/#breadcrumb\",\"itemListElement\":[{\"@type\":\"ListItem\",\"position\":1,\"name\":\"Portada\",\"item\":\"https:\\\/\\\/canal7slp.tv\\\/2022\\\/\"},{\"@type\":\"ListItem\",\"position\":2,\"name\":\"Comisiones unidas aprueban dictamen para la creaci\u00f3n de la Guardia Civil Estatal.\"}]},{\"@type\":\"WebSite\",\"@id\":\"https:\\\/\\\/canal7slp.tv\\\/2022\\\/#website\",\"url\":\"https:\\\/\\\/canal7slp.tv\\\/2022\\\/\",\"name\":\"N7 - Noticieros Canal 7\",\"description\":\"Somos Televisi\u00f3n\",\"publisher\":{\"@id\":\"https:\\\/\\\/canal7slp.tv\\\/2022\\\/#organization\"},\"potentialAction\":[{\"@type\":\"SearchAction\",\"target\":{\"@type\":\"EntryPoint\",\"urlTemplate\":\"https:\\\/\\\/canal7slp.tv\\\/2022\\\/?s={search_term_string}\"},\"query-input\":{\"@type\":\"PropertyValueSpecification\",\"valueRequired\":true,\"valueName\":\"search_term_string\"}}],\"inLanguage\":\"es\"},{\"@type\":\"Organization\",\"@id\":\"https:\\\/\\\/canal7slp.tv\\\/2022\\\/#organization\",\"name\":\"Noticieros Canal 7\",\"url\":\"https:\\\/\\\/canal7slp.tv\\\/2022\\\/\",\"logo\":{\"@type\":\"ImageObject\",\"inLanguage\":\"es\",\"@id\":\"https:\\\/\\\/canal7slp.tv\\\/2022\\\/#\\\/schema\\\/logo\\\/image\\\/\",\"url\":\"https:\\\/\\\/canal7slp.tv\\\/2022\\\/wp-content\\\/uploads\\\/2021\\\/01\\\/logo-noticieros@2x.png\",\"contentUrl\":\"https:\\\/\\\/canal7slp.tv\\\/2022\\\/wp-content\\\/uploads\\\/2021\\\/01\\\/logo-noticieros@2x.png\",\"width\":1017,\"height\":268,\"caption\":\"Noticieros Canal 7\"},\"image\":{\"@id\":\"https:\\\/\\\/canal7slp.tv\\\/2022\\\/#\\\/schema\\\/logo\\\/image\\\/\"},\"sameAs\":[\"https:\\\/\\\/www.facebook.com\\\/noticieroscanalsiete\",\"https:\\\/\\\/x.com\\\/NOTICIEROS7\",\"https:\\\/\\\/www.instagram.com\\\/canal7_slp\",\"https:\\\/\\\/www.youtube.com\\\/channel\\\/UCliiYs-gP3JfJeqdPrNdd5A\"]},{\"@type\":\"Person\",\"@id\":\"https:\\\/\\\/canal7slp.tv\\\/2022\\\/#\\\/schema\\\/person\\\/429704152a21f5f856ce29aa69a238da\",\"name\":\"Edici\u00f3n Web\",\"image\":{\"@type\":\"ImageObject\",\"inLanguage\":\"es\",\"@id\":\"https:\\\/\\\/secure.gravatar.com\\\/avatar\\\/eee448fc3f7164808013b816ba91ac7e43bbe82a70bebac296f8bc6f0addaa1a?s=96&d=mm&r=g\",\"url\":\"https:\\\/\\\/secure.gravatar.com\\\/avatar\\\/eee448fc3f7164808013b816ba91ac7e43bbe82a70bebac296f8bc6f0addaa1a?s=96&d=mm&r=g\",\"contentUrl\":\"https:\\\/\\\/secure.gravatar.com\\\/avatar\\\/eee448fc3f7164808013b816ba91ac7e43bbe82a70bebac296f8bc6f0addaa1a?s=96&d=mm&r=g\",\"caption\":\"Edici\u00f3n Web\"},\"url\":\"https:\\\/\\\/canal7slp.tv\\\/2022\\\/author\\\/edicionweb\\\/\"}]}<\/script>\n<!-- \/ Yoast SEO plugin. -->","yoast_head_json":{"title":"Comisiones unidas aprueban dictamen para la creaci\u00f3n de la Guardia Civil Estatal. - Canal 7 SLP - 2022","robots":{"index":"index","follow":"follow","max-snippet":"max-snippet:-1","max-image-preview":"max-image-preview:large","max-video-preview":"max-video-preview:-1"},"canonical":"https:\/\/canal7slp.tv\/2022\/comisiones-unidas-aprueban-dictamen-para-la-creacion-de-la-guardia-civil-estatal\/","og_locale":"es_ES","og_type":"article","og_title":"Comisiones unidas aprueban dictamen para la creaci\u00f3n de la Guardia Civil Estatal. - Canal 7 SLP - 2022","og_description":"SLP.-\u00a0Los diputados integrantes de las comisiones unidas de Puntos Constitucionales, Justicia, Seguridad P\u00fablica, Prevenci\u00f3n y Reinserci\u00f3n Social y Comunicaciones y Transportes, aprobaron por unanimidad el proyecto de dictamen para la creaci\u00f3n de la Secretar\u00eda de Seguridad Ciudadana y la Guardia Civil Estatal. Este dictamen plantea reformas a la Constituci\u00f3n Pol\u00edtica del Estado, Ley Org\u00e1nica de la Administraci\u00f3n P\u00fablica, del Sistema de Seguridad P\u00fablica y la Ley de Tr\u00e1nsito del Estado, a trav\u00e9s de iniciativas planteadas desde los poderes Legislativo y Ejecutivo. En la aprobaci\u00f3n de este dictamen se incluy\u00f3 tambi\u00e9n la necesidad de que en caso de que se designe [&hellip;]","og_url":"https:\/\/canal7slp.tv\/2022\/comisiones-unidas-aprueban-dictamen-para-la-creacion-de-la-guardia-civil-estatal\/","og_site_name":"Canal 7 SLP - 2022","article_publisher":"https:\/\/www.facebook.com\/noticieroscanalsiete","article_published_time":"2022-03-11T01:52:34+00:00","article_modified_time":"2022-03-11T04:33:01+00:00","og_image":[{"width":888,"height":500,"url":"https:\/\/canal7slp.tv\/2022\/wp-content\/uploads\/2022\/03\/Claudio05Guardia.jpg","type":"image\/jpeg"}],"author":"Edici\u00f3n Web","twitter_card":"summary_large_image","twitter_creator":"@NOTICIEROS7","twitter_site":"@NOTICIEROS7","twitter_misc":{"Escrito por":"Edici\u00f3n Web","Tiempo de lectura":"1 minuto"},"schema":{"@context":"https:\/\/schema.org","@graph":[{"@type":"Article","@id":"https:\/\/canal7slp.tv\/2022\/comisiones-unidas-aprueban-dictamen-para-la-creacion-de-la-guardia-civil-estatal\/#article","isPartOf":{"@id":"https:\/\/canal7slp.tv\/2022\/comisiones-unidas-aprueban-dictamen-para-la-creacion-de-la-guardia-civil-estatal\/"},"author":{"name":"Edici\u00f3n Web","@id":"https:\/\/canal7slp.tv\/2022\/#\/schema\/person\/429704152a21f5f856ce29aa69a238da"},"headline":"Comisiones unidas aprueban dictamen para la creaci\u00f3n de la Guardia Civil Estatal.","datePublished":"2022-03-11T01:52:34+00:00","dateModified":"2022-03-11T04:33:01+00:00","mainEntityOfPage":{"@id":"https:\/\/canal7slp.tv\/2022\/comisiones-unidas-aprueban-dictamen-para-la-creacion-de-la-guardia-civil-estatal\/"},"wordCount":214,"publisher":{"@id":"https:\/\/canal7slp.tv\/2022\/#organization"},"image":{"@id":"https:\/\/canal7slp.tv\/2022\/comisiones-unidas-aprueban-dictamen-para-la-creacion-de-la-guardia-civil-estatal\/#primaryimage"},"thumbnailUrl":"https:\/\/canal7slp.tv\/2022\/wp-content\/uploads\/2022\/03\/Claudio05Guardia.jpg","articleSection":["CONGRESO","DESTACADAS","LOCALES Y REGIONALES"],"inLanguage":"es"},{"@type":"WebPage","@id":"https:\/\/canal7slp.tv\/2022\/comisiones-unidas-aprueban-dictamen-para-la-creacion-de-la-guardia-civil-estatal\/","url":"https:\/\/canal7slp.tv\/2022\/comisiones-unidas-aprueban-dictamen-para-la-creacion-de-la-guardia-civil-estatal\/","name":"Comisiones unidas aprueban dictamen para la creaci\u00f3n de la Guardia Civil Estatal. - Canal 7 SLP - 2022","isPartOf":{"@id":"https:\/\/canal7slp.tv\/2022\/#website"},"primaryImageOfPage":{"@id":"https:\/\/canal7slp.tv\/2022\/comisiones-unidas-aprueban-dictamen-para-la-creacion-de-la-guardia-civil-estatal\/#primaryimage"},"image":{"@id":"https:\/\/canal7slp.tv\/2022\/comisiones-unidas-aprueban-dictamen-para-la-creacion-de-la-guardia-civil-estatal\/#primaryimage"},"thumbnailUrl":"https:\/\/canal7slp.tv\/2022\/wp-content\/uploads\/2022\/03\/Claudio05Guardia.jpg","datePublished":"2022-03-11T01:52:34+00:00","dateModified":"2022-03-11T04:33:01+00:00","breadcrumb":{"@id":"https:\/\/canal7slp.tv\/2022\/comisiones-unidas-aprueban-dictamen-para-la-creacion-de-la-guardia-civil-estatal\/#breadcrumb"},"inLanguage":"es","potentialAction":[{"@type":"ReadAction","target":["https:\/\/canal7slp.tv\/2022\/comisiones-unidas-aprueban-dictamen-para-la-creacion-de-la-guardia-civil-estatal\/"]}]},{"@type":"ImageObject","inLanguage":"es","@id":"https:\/\/canal7slp.tv\/2022\/comisiones-unidas-aprueban-dictamen-para-la-creacion-de-la-guardia-civil-estatal\/#primaryimage","url":"https:\/\/canal7slp.tv\/2022\/wp-content\/uploads\/2022\/03\/Claudio05Guardia.jpg","contentUrl":"https:\/\/canal7slp.tv\/2022\/wp-content\/uploads\/2022\/03\/Claudio05Guardia.jpg","width":888,"height":500},{"@type":"BreadcrumbList","@id":"https:\/\/canal7slp.tv\/2022\/comisiones-unidas-aprueban-dictamen-para-la-creacion-de-la-guardia-civil-estatal\/#breadcrumb","itemListElement":[{"@type":"ListItem","position":1,"name":"Portada","item":"https:\/\/canal7slp.tv\/2022\/"},{"@type":"ListItem","position":2,"name":"Comisiones unidas aprueban dictamen para la creaci\u00f3n de la Guardia Civil Estatal."}]},{"@type":"WebSite","@id":"https:\/\/canal7slp.tv\/2022\/#website","url":"https:\/\/canal7slp.tv\/2022\/","name":"N7 - Noticieros Canal 7","description":"Somos Televisi\u00f3n","publisher":{"@id":"https:\/\/canal7slp.tv\/2022\/#organization"},"potentialAction":[{"@type":"SearchAction","target":{"@type":"EntryPoint","urlTemplate":"https:\/\/canal7slp.tv\/2022\/?s={search_term_string}"},"query-input":{"@type":"PropertyValueSpecification","valueRequired":true,"valueName":"search_term_string"}}],"inLanguage":"es"},{"@type":"Organization","@id":"https:\/\/canal7slp.tv\/2022\/#organization","name":"Noticieros Canal 7","url":"https:\/\/canal7slp.tv\/2022\/","logo":{"@type":"ImageObject","inLanguage":"es","@id":"https:\/\/canal7slp.tv\/2022\/#\/schema\/logo\/image\/","url":"https:\/\/canal7slp.tv\/2022\/wp-content\/uploads\/2021\/01\/logo-noticieros@2x.png","contentUrl":"https:\/\/canal7slp.tv\/2022\/wp-content\/uploads\/2021\/01\/logo-noticieros@2x.png","width":1017,"height":268,"caption":"Noticieros Canal 7"},"image":{"@id":"https:\/\/canal7slp.tv\/2022\/#\/schema\/logo\/image\/"},"sameAs":["https:\/\/www.facebook.com\/noticieroscanalsiete","https:\/\/x.com\/NOTICIEROS7","https:\/\/www.instagram.com\/canal7_slp","https:\/\/www.youtube.com\/channel\/UCliiYs-gP3JfJeqdPrNdd5A"]},{"@type":"Person","@id":"https:\/\/canal7slp.tv\/2022\/#\/schema\/person\/429704152a21f5f856ce29aa69a238da","name":"Edici\u00f3n Web","image":{"@type":"ImageObject","inLanguage":"es","@id":"https:\/\/secure.gravatar.com\/avatar\/eee448fc3f7164808013b816ba91ac7e43bbe82a70bebac296f8bc6f0addaa1a?s=96&d=mm&r=g","url":"https:\/\/secure.gravatar.com\/avatar\/eee448fc3f7164808013b816ba91ac7e43bbe82a70bebac296f8bc6f0addaa1a?s=96&d=mm&r=g","contentUrl":"https:\/\/secure.gravatar.com\/avatar\/eee448fc3f7164808013b816ba91ac7e43bbe82a70bebac296f8bc6f0addaa1a?s=96&d=mm&r=g","caption":"Edici\u00f3n Web"},"url":"https:\/\/canal7slp.tv\/2022\/author\/edicionweb\/"}]}},"amp_enabled":true,"_links":{"self":[{"href":"https:\/\/canal7slp.tv\/2022\/wp-json\/wp\/v2\/posts\/53791","targetHints":{"allow":["GET"]}}],"collection":[{"href":"https:\/\/canal7slp.tv\/2022\/wp-json\/wp\/v2\/posts"}],"about":[{"href":"https:\/\/canal7slp.tv\/2022\/wp-json\/wp\/v2\/types\/post"}],"author":[{"embeddable":true,"href":"https:\/\/canal7slp.tv\/2022\/wp-json\/wp\/v2\/users\/2"}],"replies":[{"embeddable":true,"href":"https:\/\/canal7slp.tv\/2022\/wp-json\/wp\/v2\/comments?post=53791"}],"version-history":[{"count":3,"href":"https:\/\/canal7slp.tv\/2022\/wp-json\/wp\/v2\/posts\/53791\/revisions"}],"predecessor-version":[{"id":53812,"href":"https:\/\/canal7slp.tv\/2022\/wp-json\/wp\/v2\/posts\/53791\/revisions\/53812"}],"wp:featuredmedia":[{"embeddable":true,"href":"https:\/\/canal7slp.tv\/2022\/wp-json\/wp\/v2\/media\/53819"}],"wp:attachment":[{"href":"https:\/\/canal7slp.tv\/2022\/wp-json\/wp\/v2\/media?parent=53791"}],"wp:term":[{"taxonomy":"category","embeddable":true,"href":"https:\/\/canal7slp.tv\/2022\/wp-json\/wp\/v2\/categories?post=53791"},{"taxonomy":"post_tag","embeddable":true,"href":"https:\/\/canal7slp.tv\/2022\/wp-json\/wp\/v2\/tags?post=53791"}],"curies":[{"name":"wp","href":"https:\/\/api.w.org\/{rel}","templated":true}]}}