{"id":53787,"date":"2022-03-10T18:57:45","date_gmt":"2022-03-11T00:57:45","guid":{"rendered":"https:\/\/canal7slp.tv\/2022\/?p=53787"},"modified":"2022-03-10T22:15:21","modified_gmt":"2022-03-11T04:15:21","slug":"congreso-elige-de-forma-unanime-a-carmen-mejia-bear-como-titular-de-la-cegaip","status":"publish","type":"post","link":"https:\/\/canal7slp.tv\/2022\/congreso-elige-de-forma-unanime-a-carmen-mejia-bear-como-titular-de-la-cegaip\/","title":{"rendered":"Congreso elige de forma un\u00e1nime a Carmen Mej\u00eda Bear como titular de la CEGAIP."},"content":{"rendered":"<p style=\"text-align: justify;\">SLP.-\u00a0Con 24 de 27 votos diputados del Congreso eligieron por unanimidad a Larissa del Carmen Mej\u00eda Bear como nueva titular del \u00f3rgano interno de control, de la Comisi\u00f3n Estatal de Garant\u00eda de Acceso a la Informaci\u00f3n P\u00fablica del Estado, para el periodo del 16 de marzo del 2022 al 15 de marzo del 2026 quedando fuera 8 aspirantes.<\/p>\n<p style=\"text-align: justify;\">Para ocupar este cargo se recibieron un total de nueve solicitudes quienes participaron a trav\u00e9s del procedimiento de entrevistas p\u00fablicas en forma individual, y bajo el principio constitucional de igualdad de oportunidades.<\/p>\n<p style=\"text-align: justify;\">La nueva titular de la CEGAIP rindi\u00f3 protesta de ley en Sesi\u00f3n Solemne en la que estuvieron presentes representantes de los poderes Ejecutivo y Judicial.<\/p>\n<p style=\"text-align: justify;\">En otros dict\u00e1menes los diputados acordaron tambi\u00e9n aprobar la realizaci\u00f3n del Segundo Parlamento de Mujeres del Estado de San Luis Potos\u00ed, que se efectuar\u00e1 el pr\u00f3ximo 29 de de Marzo.<\/p>\n<p style=\"text-align: justify;\">Cabe se\u00f1alar que antes de iniciar esta sesi\u00f3n en la entrada principal del Congreso se apost\u00f3 la se\u00f1ora Silvia Castillo Hern\u00e1ndez, pidiendo justicia por la desaparici\u00f3n desde el 26 de marzo de 2019 de su hijo Alan<\/p>\n<p style=\"text-align: justify;\">Sin embargo, al padecer diabetes sufri\u00f3 un desmayo y al darse cuenta algunos de los diputados salieron a auxiliarla, siendo trasladada de este lugar para su atenci\u00f3n m\u00e9dica.<\/p>\n<p style=\"text-align: justify;\">Por: Claudio Ibarra<\/p>\n","protected":false},"excerpt":{"rendered":"<p>SLP.-\u00a0Con 24 de 27 votos diputados del Congreso eligieron por unanimidad a Larissa del Carmen Mej\u00eda Bear como nueva titular del \u00f3rgano interno de control, de la Comisi\u00f3n Estatal de Garant\u00eda de Acceso a la Informaci\u00f3n P\u00fablica del Estado, para el periodo del 16 de marzo del 2022 al 15 de marzo del 2026 quedando fuera 8 aspirantes. Para ocupar este cargo se recibieron un total de nueve solicitudes quienes participaron a trav\u00e9s del procedimiento de entrevistas p\u00fablicas en forma individual, y bajo el principio constitucional de igualdad de oportunidades. La nueva titular de la CEGAIP rindi\u00f3 protesta de ley [&hellip;]<\/p>\n","protected":false},"author":2,"featured_media":53815,"comment_status":"closed","ping_status":"closed","sticky":false,"template":"","format":"video","meta":{"footnotes":""},"categories":[3,5,45],"tags":[],"class_list":["post-53787","post","type-post","status-publish","format-video","has-post-thumbnail","hentry","category-congreso","category-destacadas","category-localesyregionales","post_format-post-format-video","post--single"],"yoast_head":"<!-- This site is optimized with the Yoast SEO plugin v27.4 - https:\/\/yoast.com\/product\/yoast-seo-wordpress\/ -->\n<title>Congreso elige de forma un\u00e1nime a Carmen Mej\u00eda Bear como titular de la CEGAIP. - Canal 7 SLP - 2022<\/title>\n<meta name=\"robots\" content=\"index, follow, max-snippet:-1, max-image-preview:large, max-video-preview:-1\" \/>\n<link rel=\"canonical\" href=\"https:\/\/canal7slp.tv\/2022\/congreso-elige-de-forma-unanime-a-carmen-mejia-bear-como-titular-de-la-cegaip\/\" \/>\n<meta property=\"og:locale\" content=\"es_ES\" \/>\n<meta property=\"og:type\" content=\"article\" \/>\n<meta property=\"og:title\" content=\"Congreso elige de forma un\u00e1nime a Carmen Mej\u00eda Bear como titular de la CEGAIP. - Canal 7 SLP - 2022\" \/>\n<meta property=\"og:description\" content=\"SLP.-\u00a0Con 24 de 27 votos diputados del Congreso eligieron por unanimidad a Larissa del Carmen Mej\u00eda Bear como nueva titular del \u00f3rgano interno de control, de la Comisi\u00f3n Estatal de Garant\u00eda de Acceso a la Informaci\u00f3n P\u00fablica del Estado, para el periodo del 16 de marzo del 2022 al 15 de marzo del 2026 quedando fuera 8 aspirantes. Para ocupar este cargo se recibieron un total de nueve solicitudes quienes participaron a trav\u00e9s del procedimiento de entrevistas p\u00fablicas en forma individual, y bajo el principio constitucional de igualdad de oportunidades. La nueva titular de la CEGAIP rindi\u00f3 protesta de ley [&hellip;]\" \/>\n<meta property=\"og:url\" content=\"https:\/\/canal7slp.tv\/2022\/congreso-elige-de-forma-unanime-a-carmen-mejia-bear-como-titular-de-la-cegaip\/\" \/>\n<meta property=\"og:site_name\" content=\"Canal 7 SLP - 2022\" \/>\n<meta property=\"article:publisher\" content=\"https:\/\/www.facebook.com\/noticieroscanalsiete\" \/>\n<meta property=\"article:published_time\" content=\"2022-03-11T00:57:45+00:00\" \/>\n<meta property=\"article:modified_time\" content=\"2022-03-11T04:15:21+00:00\" \/>\n<meta property=\"og:image\" content=\"https:\/\/canal7slp.tv\/2022\/wp-content\/uploads\/2022\/03\/Claudio01Ordinaria.jpg\" \/>\n\t<meta property=\"og:image:width\" content=\"888\" \/>\n\t<meta property=\"og:image:height\" content=\"500\" \/>\n\t<meta property=\"og:image:type\" content=\"image\/jpeg\" \/>\n<meta name=\"author\" content=\"Edici\u00f3n Web\" \/>\n<meta name=\"twitter:card\" content=\"summary_large_image\" \/>\n<meta name=\"twitter:creator\" content=\"@NOTICIEROS7\" \/>\n<meta name=\"twitter:site\" content=\"@NOTICIEROS7\" \/>\n<meta name=\"twitter:label1\" content=\"Escrito por\" \/>\n\t<meta name=\"twitter:data1\" content=\"Edici\u00f3n Web\" \/>\n\t<meta name=\"twitter:label2\" content=\"Tiempo de lectura\" \/>\n\t<meta name=\"twitter:data2\" content=\"1 minuto\" \/>\n<script type=\"application\/ld+json\" class=\"yoast-schema-graph\">{\"@context\":\"https:\\\/\\\/schema.org\",\"@graph\":[{\"@type\":\"Article\",\"@id\":\"https:\\\/\\\/canal7slp.tv\\\/2022\\\/congreso-elige-de-forma-unanime-a-carmen-mejia-bear-como-titular-de-la-cegaip\\\/#article\",\"isPartOf\":{\"@id\":\"https:\\\/\\\/canal7slp.tv\\\/2022\\\/congreso-elige-de-forma-unanime-a-carmen-mejia-bear-como-titular-de-la-cegaip\\\/\"},\"author\":{\"name\":\"Edici\u00f3n Web\",\"@id\":\"https:\\\/\\\/canal7slp.tv\\\/2022\\\/#\\\/schema\\\/person\\\/429704152a21f5f856ce29aa69a238da\"},\"headline\":\"Congreso elige de forma un\u00e1nime a Carmen Mej\u00eda Bear como titular de la CEGAIP.\",\"datePublished\":\"2022-03-11T00:57:45+00:00\",\"dateModified\":\"2022-03-11T04:15:21+00:00\",\"mainEntityOfPage\":{\"@id\":\"https:\\\/\\\/canal7slp.tv\\\/2022\\\/congreso-elige-de-forma-unanime-a-carmen-mejia-bear-como-titular-de-la-cegaip\\\/\"},\"wordCount\":240,\"publisher\":{\"@id\":\"https:\\\/\\\/canal7slp.tv\\\/2022\\\/#organization\"},\"image\":{\"@id\":\"https:\\\/\\\/canal7slp.tv\\\/2022\\\/congreso-elige-de-forma-unanime-a-carmen-mejia-bear-como-titular-de-la-cegaip\\\/#primaryimage\"},\"thumbnailUrl\":\"https:\\\/\\\/canal7slp.tv\\\/2022\\\/wp-content\\\/uploads\\\/2022\\\/03\\\/Claudio01Ordinaria.jpg\",\"articleSection\":[\"CONGRESO\",\"DESTACADAS\",\"LOCALES Y REGIONALES\"],\"inLanguage\":\"es\"},{\"@type\":\"WebPage\",\"@id\":\"https:\\\/\\\/canal7slp.tv\\\/2022\\\/congreso-elige-de-forma-unanime-a-carmen-mejia-bear-como-titular-de-la-cegaip\\\/\",\"url\":\"https:\\\/\\\/canal7slp.tv\\\/2022\\\/congreso-elige-de-forma-unanime-a-carmen-mejia-bear-como-titular-de-la-cegaip\\\/\",\"name\":\"Congreso elige de forma un\u00e1nime a Carmen Mej\u00eda Bear como titular de la CEGAIP. - Canal 7 SLP - 2022\",\"isPartOf\":{\"@id\":\"https:\\\/\\\/canal7slp.tv\\\/2022\\\/#website\"},\"primaryImageOfPage\":{\"@id\":\"https:\\\/\\\/canal7slp.tv\\\/2022\\\/congreso-elige-de-forma-unanime-a-carmen-mejia-bear-como-titular-de-la-cegaip\\\/#primaryimage\"},\"image\":{\"@id\":\"https:\\\/\\\/canal7slp.tv\\\/2022\\\/congreso-elige-de-forma-unanime-a-carmen-mejia-bear-como-titular-de-la-cegaip\\\/#primaryimage\"},\"thumbnailUrl\":\"https:\\\/\\\/canal7slp.tv\\\/2022\\\/wp-content\\\/uploads\\\/2022\\\/03\\\/Claudio01Ordinaria.jpg\",\"datePublished\":\"2022-03-11T00:57:45+00:00\",\"dateModified\":\"2022-03-11T04:15:21+00:00\",\"breadcrumb\":{\"@id\":\"https:\\\/\\\/canal7slp.tv\\\/2022\\\/congreso-elige-de-forma-unanime-a-carmen-mejia-bear-como-titular-de-la-cegaip\\\/#breadcrumb\"},\"inLanguage\":\"es\",\"potentialAction\":[{\"@type\":\"ReadAction\",\"target\":[\"https:\\\/\\\/canal7slp.tv\\\/2022\\\/congreso-elige-de-forma-unanime-a-carmen-mejia-bear-como-titular-de-la-cegaip\\\/\"]}]},{\"@type\":\"ImageObject\",\"inLanguage\":\"es\",\"@id\":\"https:\\\/\\\/canal7slp.tv\\\/2022\\\/congreso-elige-de-forma-unanime-a-carmen-mejia-bear-como-titular-de-la-cegaip\\\/#primaryimage\",\"url\":\"https:\\\/\\\/canal7slp.tv\\\/2022\\\/wp-content\\\/uploads\\\/2022\\\/03\\\/Claudio01Ordinaria.jpg\",\"contentUrl\":\"https:\\\/\\\/canal7slp.tv\\\/2022\\\/wp-content\\\/uploads\\\/2022\\\/03\\\/Claudio01Ordinaria.jpg\",\"width\":888,\"height\":500},{\"@type\":\"BreadcrumbList\",\"@id\":\"https:\\\/\\\/canal7slp.tv\\\/2022\\\/congreso-elige-de-forma-unanime-a-carmen-mejia-bear-como-titular-de-la-cegaip\\\/#breadcrumb\",\"itemListElement\":[{\"@type\":\"ListItem\",\"position\":1,\"name\":\"Portada\",\"item\":\"https:\\\/\\\/canal7slp.tv\\\/2022\\\/\"},{\"@type\":\"ListItem\",\"position\":2,\"name\":\"Congreso elige de forma un\u00e1nime a Carmen Mej\u00eda Bear como titular de la CEGAIP.\"}]},{\"@type\":\"WebSite\",\"@id\":\"https:\\\/\\\/canal7slp.tv\\\/2022\\\/#website\",\"url\":\"https:\\\/\\\/canal7slp.tv\\\/2022\\\/\",\"name\":\"N7 - Noticieros Canal 7\",\"description\":\"Somos Televisi\u00f3n\",\"publisher\":{\"@id\":\"https:\\\/\\\/canal7slp.tv\\\/2022\\\/#organization\"},\"potentialAction\":[{\"@type\":\"SearchAction\",\"target\":{\"@type\":\"EntryPoint\",\"urlTemplate\":\"https:\\\/\\\/canal7slp.tv\\\/2022\\\/?s={search_term_string}\"},\"query-input\":{\"@type\":\"PropertyValueSpecification\",\"valueRequired\":true,\"valueName\":\"search_term_string\"}}],\"inLanguage\":\"es\"},{\"@type\":\"Organization\",\"@id\":\"https:\\\/\\\/canal7slp.tv\\\/2022\\\/#organization\",\"name\":\"Noticieros Canal 7\",\"url\":\"https:\\\/\\\/canal7slp.tv\\\/2022\\\/\",\"logo\":{\"@type\":\"ImageObject\",\"inLanguage\":\"es\",\"@id\":\"https:\\\/\\\/canal7slp.tv\\\/2022\\\/#\\\/schema\\\/logo\\\/image\\\/\",\"url\":\"https:\\\/\\\/canal7slp.tv\\\/2022\\\/wp-content\\\/uploads\\\/2021\\\/01\\\/logo-noticieros@2x.png\",\"contentUrl\":\"https:\\\/\\\/canal7slp.tv\\\/2022\\\/wp-content\\\/uploads\\\/2021\\\/01\\\/logo-noticieros@2x.png\",\"width\":1017,\"height\":268,\"caption\":\"Noticieros Canal 7\"},\"image\":{\"@id\":\"https:\\\/\\\/canal7slp.tv\\\/2022\\\/#\\\/schema\\\/logo\\\/image\\\/\"},\"sameAs\":[\"https:\\\/\\\/www.facebook.com\\\/noticieroscanalsiete\",\"https:\\\/\\\/x.com\\\/NOTICIEROS7\",\"https:\\\/\\\/www.instagram.com\\\/canal7_slp\",\"https:\\\/\\\/www.youtube.com\\\/channel\\\/UCliiYs-gP3JfJeqdPrNdd5A\"]},{\"@type\":\"Person\",\"@id\":\"https:\\\/\\\/canal7slp.tv\\\/2022\\\/#\\\/schema\\\/person\\\/429704152a21f5f856ce29aa69a238da\",\"name\":\"Edici\u00f3n Web\",\"image\":{\"@type\":\"ImageObject\",\"inLanguage\":\"es\",\"@id\":\"https:\\\/\\\/secure.gravatar.com\\\/avatar\\\/eee448fc3f7164808013b816ba91ac7e43bbe82a70bebac296f8bc6f0addaa1a?s=96&d=mm&r=g\",\"url\":\"https:\\\/\\\/secure.gravatar.com\\\/avatar\\\/eee448fc3f7164808013b816ba91ac7e43bbe82a70bebac296f8bc6f0addaa1a?s=96&d=mm&r=g\",\"contentUrl\":\"https:\\\/\\\/secure.gravatar.com\\\/avatar\\\/eee448fc3f7164808013b816ba91ac7e43bbe82a70bebac296f8bc6f0addaa1a?s=96&d=mm&r=g\",\"caption\":\"Edici\u00f3n Web\"},\"url\":\"https:\\\/\\\/canal7slp.tv\\\/2022\\\/author\\\/edicionweb\\\/\"}]}<\/script>\n<!-- \/ Yoast SEO plugin. -->","yoast_head_json":{"title":"Congreso elige de forma un\u00e1nime a Carmen Mej\u00eda Bear como titular de la CEGAIP. - Canal 7 SLP - 2022","robots":{"index":"index","follow":"follow","max-snippet":"max-snippet:-1","max-image-preview":"max-image-preview:large","max-video-preview":"max-video-preview:-1"},"canonical":"https:\/\/canal7slp.tv\/2022\/congreso-elige-de-forma-unanime-a-carmen-mejia-bear-como-titular-de-la-cegaip\/","og_locale":"es_ES","og_type":"article","og_title":"Congreso elige de forma un\u00e1nime a Carmen Mej\u00eda Bear como titular de la CEGAIP. - Canal 7 SLP - 2022","og_description":"SLP.-\u00a0Con 24 de 27 votos diputados del Congreso eligieron por unanimidad a Larissa del Carmen Mej\u00eda Bear como nueva titular del \u00f3rgano interno de control, de la Comisi\u00f3n Estatal de Garant\u00eda de Acceso a la Informaci\u00f3n P\u00fablica del Estado, para el periodo del 16 de marzo del 2022 al 15 de marzo del 2026 quedando fuera 8 aspirantes. Para ocupar este cargo se recibieron un total de nueve solicitudes quienes participaron a trav\u00e9s del procedimiento de entrevistas p\u00fablicas en forma individual, y bajo el principio constitucional de igualdad de oportunidades. La nueva titular de la CEGAIP rindi\u00f3 protesta de ley [&hellip;]","og_url":"https:\/\/canal7slp.tv\/2022\/congreso-elige-de-forma-unanime-a-carmen-mejia-bear-como-titular-de-la-cegaip\/","og_site_name":"Canal 7 SLP - 2022","article_publisher":"https:\/\/www.facebook.com\/noticieroscanalsiete","article_published_time":"2022-03-11T00:57:45+00:00","article_modified_time":"2022-03-11T04:15:21+00:00","og_image":[{"width":888,"height":500,"url":"https:\/\/canal7slp.tv\/2022\/wp-content\/uploads\/2022\/03\/Claudio01Ordinaria.jpg","type":"image\/jpeg"}],"author":"Edici\u00f3n Web","twitter_card":"summary_large_image","twitter_creator":"@NOTICIEROS7","twitter_site":"@NOTICIEROS7","twitter_misc":{"Escrito por":"Edici\u00f3n Web","Tiempo de lectura":"1 minuto"},"schema":{"@context":"https:\/\/schema.org","@graph":[{"@type":"Article","@id":"https:\/\/canal7slp.tv\/2022\/congreso-elige-de-forma-unanime-a-carmen-mejia-bear-como-titular-de-la-cegaip\/#article","isPartOf":{"@id":"https:\/\/canal7slp.tv\/2022\/congreso-elige-de-forma-unanime-a-carmen-mejia-bear-como-titular-de-la-cegaip\/"},"author":{"name":"Edici\u00f3n Web","@id":"https:\/\/canal7slp.tv\/2022\/#\/schema\/person\/429704152a21f5f856ce29aa69a238da"},"headline":"Congreso elige de forma un\u00e1nime a Carmen Mej\u00eda Bear como titular de la CEGAIP.","datePublished":"2022-03-11T00:57:45+00:00","dateModified":"2022-03-11T04:15:21+00:00","mainEntityOfPage":{"@id":"https:\/\/canal7slp.tv\/2022\/congreso-elige-de-forma-unanime-a-carmen-mejia-bear-como-titular-de-la-cegaip\/"},"wordCount":240,"publisher":{"@id":"https:\/\/canal7slp.tv\/2022\/#organization"},"image":{"@id":"https:\/\/canal7slp.tv\/2022\/congreso-elige-de-forma-unanime-a-carmen-mejia-bear-como-titular-de-la-cegaip\/#primaryimage"},"thumbnailUrl":"https:\/\/canal7slp.tv\/2022\/wp-content\/uploads\/2022\/03\/Claudio01Ordinaria.jpg","articleSection":["CONGRESO","DESTACADAS","LOCALES Y REGIONALES"],"inLanguage":"es"},{"@type":"WebPage","@id":"https:\/\/canal7slp.tv\/2022\/congreso-elige-de-forma-unanime-a-carmen-mejia-bear-como-titular-de-la-cegaip\/","url":"https:\/\/canal7slp.tv\/2022\/congreso-elige-de-forma-unanime-a-carmen-mejia-bear-como-titular-de-la-cegaip\/","name":"Congreso elige de forma un\u00e1nime a Carmen Mej\u00eda Bear como titular de la CEGAIP. - Canal 7 SLP - 2022","isPartOf":{"@id":"https:\/\/canal7slp.tv\/2022\/#website"},"primaryImageOfPage":{"@id":"https:\/\/canal7slp.tv\/2022\/congreso-elige-de-forma-unanime-a-carmen-mejia-bear-como-titular-de-la-cegaip\/#primaryimage"},"image":{"@id":"https:\/\/canal7slp.tv\/2022\/congreso-elige-de-forma-unanime-a-carmen-mejia-bear-como-titular-de-la-cegaip\/#primaryimage"},"thumbnailUrl":"https:\/\/canal7slp.tv\/2022\/wp-content\/uploads\/2022\/03\/Claudio01Ordinaria.jpg","datePublished":"2022-03-11T00:57:45+00:00","dateModified":"2022-03-11T04:15:21+00:00","breadcrumb":{"@id":"https:\/\/canal7slp.tv\/2022\/congreso-elige-de-forma-unanime-a-carmen-mejia-bear-como-titular-de-la-cegaip\/#breadcrumb"},"inLanguage":"es","potentialAction":[{"@type":"ReadAction","target":["https:\/\/canal7slp.tv\/2022\/congreso-elige-de-forma-unanime-a-carmen-mejia-bear-como-titular-de-la-cegaip\/"]}]},{"@type":"ImageObject","inLanguage":"es","@id":"https:\/\/canal7slp.tv\/2022\/congreso-elige-de-forma-unanime-a-carmen-mejia-bear-como-titular-de-la-cegaip\/#primaryimage","url":"https:\/\/canal7slp.tv\/2022\/wp-content\/uploads\/2022\/03\/Claudio01Ordinaria.jpg","contentUrl":"https:\/\/canal7slp.tv\/2022\/wp-content\/uploads\/2022\/03\/Claudio01Ordinaria.jpg","width":888,"height":500},{"@type":"BreadcrumbList","@id":"https:\/\/canal7slp.tv\/2022\/congreso-elige-de-forma-unanime-a-carmen-mejia-bear-como-titular-de-la-cegaip\/#breadcrumb","itemListElement":[{"@type":"ListItem","position":1,"name":"Portada","item":"https:\/\/canal7slp.tv\/2022\/"},{"@type":"ListItem","position":2,"name":"Congreso elige de forma un\u00e1nime a Carmen Mej\u00eda Bear como titular de la CEGAIP."}]},{"@type":"WebSite","@id":"https:\/\/canal7slp.tv\/2022\/#website","url":"https:\/\/canal7slp.tv\/2022\/","name":"N7 - Noticieros Canal 7","description":"Somos Televisi\u00f3n","publisher":{"@id":"https:\/\/canal7slp.tv\/2022\/#organization"},"potentialAction":[{"@type":"SearchAction","target":{"@type":"EntryPoint","urlTemplate":"https:\/\/canal7slp.tv\/2022\/?s={search_term_string}"},"query-input":{"@type":"PropertyValueSpecification","valueRequired":true,"valueName":"search_term_string"}}],"inLanguage":"es"},{"@type":"Organization","@id":"https:\/\/canal7slp.tv\/2022\/#organization","name":"Noticieros Canal 7","url":"https:\/\/canal7slp.tv\/2022\/","logo":{"@type":"ImageObject","inLanguage":"es","@id":"https:\/\/canal7slp.tv\/2022\/#\/schema\/logo\/image\/","url":"https:\/\/canal7slp.tv\/2022\/wp-content\/uploads\/2021\/01\/logo-noticieros@2x.png","contentUrl":"https:\/\/canal7slp.tv\/2022\/wp-content\/uploads\/2021\/01\/logo-noticieros@2x.png","width":1017,"height":268,"caption":"Noticieros Canal 7"},"image":{"@id":"https:\/\/canal7slp.tv\/2022\/#\/schema\/logo\/image\/"},"sameAs":["https:\/\/www.facebook.com\/noticieroscanalsiete","https:\/\/x.com\/NOTICIEROS7","https:\/\/www.instagram.com\/canal7_slp","https:\/\/www.youtube.com\/channel\/UCliiYs-gP3JfJeqdPrNdd5A"]},{"@type":"Person","@id":"https:\/\/canal7slp.tv\/2022\/#\/schema\/person\/429704152a21f5f856ce29aa69a238da","name":"Edici\u00f3n Web","image":{"@type":"ImageObject","inLanguage":"es","@id":"https:\/\/secure.gravatar.com\/avatar\/eee448fc3f7164808013b816ba91ac7e43bbe82a70bebac296f8bc6f0addaa1a?s=96&d=mm&r=g","url":"https:\/\/secure.gravatar.com\/avatar\/eee448fc3f7164808013b816ba91ac7e43bbe82a70bebac296f8bc6f0addaa1a?s=96&d=mm&r=g","contentUrl":"https:\/\/secure.gravatar.com\/avatar\/eee448fc3f7164808013b816ba91ac7e43bbe82a70bebac296f8bc6f0addaa1a?s=96&d=mm&r=g","caption":"Edici\u00f3n Web"},"url":"https:\/\/canal7slp.tv\/2022\/author\/edicionweb\/"}]}},"amp_enabled":true,"_links":{"self":[{"href":"https:\/\/canal7slp.tv\/2022\/wp-json\/wp\/v2\/posts\/53787","targetHints":{"allow":["GET"]}}],"collection":[{"href":"https:\/\/canal7slp.tv\/2022\/wp-json\/wp\/v2\/posts"}],"about":[{"href":"https:\/\/canal7slp.tv\/2022\/wp-json\/wp\/v2\/types\/post"}],"author":[{"embeddable":true,"href":"https:\/\/canal7slp.tv\/2022\/wp-json\/wp\/v2\/users\/2"}],"replies":[{"embeddable":true,"href":"https:\/\/canal7slp.tv\/2022\/wp-json\/wp\/v2\/comments?post=53787"}],"version-history":[{"count":3,"href":"https:\/\/canal7slp.tv\/2022\/wp-json\/wp\/v2\/posts\/53787\/revisions"}],"predecessor-version":[{"id":53800,"href":"https:\/\/canal7slp.tv\/2022\/wp-json\/wp\/v2\/posts\/53787\/revisions\/53800"}],"wp:featuredmedia":[{"embeddable":true,"href":"https:\/\/canal7slp.tv\/2022\/wp-json\/wp\/v2\/media\/53815"}],"wp:attachment":[{"href":"https:\/\/canal7slp.tv\/2022\/wp-json\/wp\/v2\/media?parent=53787"}],"wp:term":[{"taxonomy":"category","embeddable":true,"href":"https:\/\/canal7slp.tv\/2022\/wp-json\/wp\/v2\/categories?post=53787"},{"taxonomy":"post_tag","embeddable":true,"href":"https:\/\/canal7slp.tv\/2022\/wp-json\/wp\/v2\/tags?post=53787"}],"curies":[{"name":"wp","href":"https:\/\/api.w.org\/{rel}","templated":true}]}}