{"id":53785,"date":"2022-03-10T21:47:59","date_gmt":"2022-03-11T03:47:59","guid":{"rendered":"https:\/\/canal7slp.tv\/2022\/?p=53785"},"modified":"2022-03-10T21:47:59","modified_gmt":"2022-03-11T03:47:59","slug":"adulto-mayor-fallecio-calcinado-en-villa-de-ramos","status":"publish","type":"post","link":"https:\/\/canal7slp.tv\/2022\/adulto-mayor-fallecio-calcinado-en-villa-de-ramos\/","title":{"rendered":"Adulto mayor falleci\u00f3 calcinado en Villa de Ramos."},"content":{"rendered":"<p style=\"text-align: justify;\">Villa de Ramos.- El cad\u00e1ver calcinado de un adulto mayor fue encontrado en una parcela ubicada en el municipio de Villa de Ramos.<\/p>\n<p style=\"text-align: justify;\">Los hechos ocurrieron en la comunidad de Dulce Grande donde una persona report\u00f3 a los servicios de emergencia que hab\u00eda una persona sin vida, al lugar se trasladaron elementos de Seguridad P\u00fablica Municipal quienes encontraron el cuerpo calcinado de una persona de la tercera edad.<\/p>\n<p style=\"text-align: justify;\">De acuerdo con informaci\u00f3n extra oficial, el adulto mayor se encontraba intentando sofocar un incendio que hab\u00eda iniciado en una de las parcelas donde se encontraba, sin embargo, las llamas lo alcanzaron y ya no pudo salir, quedado atrapado en el fuego hasta su muerte.<\/p>\n<p style=\"text-align: justify;\">Al lugar acudieron elementos de la Polic\u00eda de Investigaci\u00f3n para acordonar la zona mientras que los servicios periciales levantaron el cuerpo para trasladarlo al Servicio M\u00e9dico Forense.<\/p>\n<p style=\"text-align: justify;\">Por: Jes\u00fas Valencia<\/p>\n","protected":false},"excerpt":{"rendered":"<p>Villa de Ramos.- El cad\u00e1ver calcinado de un adulto mayor fue encontrado en una parcela ubicada en el municipio de Villa de Ramos. Los hechos ocurrieron en la comunidad de Dulce Grande donde una persona report\u00f3 a los servicios de emergencia que hab\u00eda una persona sin vida, al lugar se trasladaron elementos de Seguridad P\u00fablica Municipal quienes encontraron el cuerpo calcinado de una persona de la tercera edad. De acuerdo con informaci\u00f3n extra oficial, el adulto mayor se encontraba intentando sofocar un incendio que hab\u00eda iniciado en una de las parcelas donde se encontraba, sin embargo, las llamas lo alcanzaron [&hellip;]<\/p>\n","protected":false},"author":2,"featured_media":53814,"comment_status":"closed","ping_status":"closed","sticky":false,"template":"","format":"video","meta":{"footnotes":""},"categories":[5,43],"tags":[],"class_list":["post-53785","post","type-post","status-publish","format-video","has-post-thumbnail","hentry","category-destacadas","category-interior","post_format-post-format-video","post--single"],"yoast_head":"<!-- This site is optimized with the Yoast SEO plugin v27.4 - https:\/\/yoast.com\/product\/yoast-seo-wordpress\/ -->\n<title>Adulto mayor falleci\u00f3 calcinado en Villa de Ramos. - Canal 7 SLP - 2022<\/title>\n<meta name=\"robots\" content=\"index, follow, max-snippet:-1, max-image-preview:large, max-video-preview:-1\" \/>\n<link rel=\"canonical\" href=\"https:\/\/canal7slp.tv\/2022\/adulto-mayor-fallecio-calcinado-en-villa-de-ramos\/\" \/>\n<meta property=\"og:locale\" content=\"es_ES\" \/>\n<meta property=\"og:type\" content=\"article\" \/>\n<meta property=\"og:title\" content=\"Adulto mayor falleci\u00f3 calcinado en Villa de Ramos. - Canal 7 SLP - 2022\" \/>\n<meta property=\"og:description\" content=\"Villa de Ramos.- El cad\u00e1ver calcinado de un adulto mayor fue encontrado en una parcela ubicada en el municipio de Villa de Ramos. Los hechos ocurrieron en la comunidad de Dulce Grande donde una persona report\u00f3 a los servicios de emergencia que hab\u00eda una persona sin vida, al lugar se trasladaron elementos de Seguridad P\u00fablica Municipal quienes encontraron el cuerpo calcinado de una persona de la tercera edad. De acuerdo con informaci\u00f3n extra oficial, el adulto mayor se encontraba intentando sofocar un incendio que hab\u00eda iniciado en una de las parcelas donde se encontraba, sin embargo, las llamas lo alcanzaron [&hellip;]\" \/>\n<meta property=\"og:url\" content=\"https:\/\/canal7slp.tv\/2022\/adulto-mayor-fallecio-calcinado-en-villa-de-ramos\/\" \/>\n<meta property=\"og:site_name\" content=\"Canal 7 SLP - 2022\" \/>\n<meta property=\"article:publisher\" content=\"https:\/\/www.facebook.com\/noticieroscanalsiete\" \/>\n<meta property=\"article:published_time\" content=\"2022-03-11T03:47:59+00:00\" \/>\n<meta property=\"og:image\" content=\"https:\/\/canal7slp.tv\/2022\/wp-content\/uploads\/2022\/03\/Valencia01Calcinado.jpg\" \/>\n\t<meta property=\"og:image:width\" content=\"909\" \/>\n\t<meta property=\"og:image:height\" content=\"500\" \/>\n\t<meta property=\"og:image:type\" content=\"image\/jpeg\" \/>\n<meta name=\"author\" content=\"Edici\u00f3n Web\" \/>\n<meta name=\"twitter:card\" content=\"summary_large_image\" \/>\n<meta name=\"twitter:creator\" content=\"@NOTICIEROS7\" \/>\n<meta name=\"twitter:site\" content=\"@NOTICIEROS7\" \/>\n<meta name=\"twitter:label1\" content=\"Escrito por\" \/>\n\t<meta name=\"twitter:data1\" content=\"Edici\u00f3n Web\" \/>\n\t<meta name=\"twitter:label2\" content=\"Tiempo de lectura\" \/>\n\t<meta name=\"twitter:data2\" content=\"1 minuto\" \/>\n<script type=\"application\/ld+json\" class=\"yoast-schema-graph\">{\"@context\":\"https:\\\/\\\/schema.org\",\"@graph\":[{\"@type\":\"Article\",\"@id\":\"https:\\\/\\\/canal7slp.tv\\\/2022\\\/adulto-mayor-fallecio-calcinado-en-villa-de-ramos\\\/#article\",\"isPartOf\":{\"@id\":\"https:\\\/\\\/canal7slp.tv\\\/2022\\\/adulto-mayor-fallecio-calcinado-en-villa-de-ramos\\\/\"},\"author\":{\"name\":\"Edici\u00f3n Web\",\"@id\":\"https:\\\/\\\/canal7slp.tv\\\/2022\\\/#\\\/schema\\\/person\\\/429704152a21f5f856ce29aa69a238da\"},\"headline\":\"Adulto mayor falleci\u00f3 calcinado en Villa de Ramos.\",\"datePublished\":\"2022-03-11T03:47:59+00:00\",\"mainEntityOfPage\":{\"@id\":\"https:\\\/\\\/canal7slp.tv\\\/2022\\\/adulto-mayor-fallecio-calcinado-en-villa-de-ramos\\\/\"},\"wordCount\":161,\"publisher\":{\"@id\":\"https:\\\/\\\/canal7slp.tv\\\/2022\\\/#organization\"},\"image\":{\"@id\":\"https:\\\/\\\/canal7slp.tv\\\/2022\\\/adulto-mayor-fallecio-calcinado-en-villa-de-ramos\\\/#primaryimage\"},\"thumbnailUrl\":\"https:\\\/\\\/canal7slp.tv\\\/2022\\\/wp-content\\\/uploads\\\/2022\\\/03\\\/Valencia01Calcinado.jpg\",\"articleSection\":[\"DESTACADAS\",\"INTERIOR DEL ESTADO\"],\"inLanguage\":\"es\"},{\"@type\":\"WebPage\",\"@id\":\"https:\\\/\\\/canal7slp.tv\\\/2022\\\/adulto-mayor-fallecio-calcinado-en-villa-de-ramos\\\/\",\"url\":\"https:\\\/\\\/canal7slp.tv\\\/2022\\\/adulto-mayor-fallecio-calcinado-en-villa-de-ramos\\\/\",\"name\":\"Adulto mayor falleci\u00f3 calcinado en Villa de Ramos. - Canal 7 SLP - 2022\",\"isPartOf\":{\"@id\":\"https:\\\/\\\/canal7slp.tv\\\/2022\\\/#website\"},\"primaryImageOfPage\":{\"@id\":\"https:\\\/\\\/canal7slp.tv\\\/2022\\\/adulto-mayor-fallecio-calcinado-en-villa-de-ramos\\\/#primaryimage\"},\"image\":{\"@id\":\"https:\\\/\\\/canal7slp.tv\\\/2022\\\/adulto-mayor-fallecio-calcinado-en-villa-de-ramos\\\/#primaryimage\"},\"thumbnailUrl\":\"https:\\\/\\\/canal7slp.tv\\\/2022\\\/wp-content\\\/uploads\\\/2022\\\/03\\\/Valencia01Calcinado.jpg\",\"datePublished\":\"2022-03-11T03:47:59+00:00\",\"breadcrumb\":{\"@id\":\"https:\\\/\\\/canal7slp.tv\\\/2022\\\/adulto-mayor-fallecio-calcinado-en-villa-de-ramos\\\/#breadcrumb\"},\"inLanguage\":\"es\",\"potentialAction\":[{\"@type\":\"ReadAction\",\"target\":[\"https:\\\/\\\/canal7slp.tv\\\/2022\\\/adulto-mayor-fallecio-calcinado-en-villa-de-ramos\\\/\"]}]},{\"@type\":\"ImageObject\",\"inLanguage\":\"es\",\"@id\":\"https:\\\/\\\/canal7slp.tv\\\/2022\\\/adulto-mayor-fallecio-calcinado-en-villa-de-ramos\\\/#primaryimage\",\"url\":\"https:\\\/\\\/canal7slp.tv\\\/2022\\\/wp-content\\\/uploads\\\/2022\\\/03\\\/Valencia01Calcinado.jpg\",\"contentUrl\":\"https:\\\/\\\/canal7slp.tv\\\/2022\\\/wp-content\\\/uploads\\\/2022\\\/03\\\/Valencia01Calcinado.jpg\",\"width\":909,\"height\":500},{\"@type\":\"BreadcrumbList\",\"@id\":\"https:\\\/\\\/canal7slp.tv\\\/2022\\\/adulto-mayor-fallecio-calcinado-en-villa-de-ramos\\\/#breadcrumb\",\"itemListElement\":[{\"@type\":\"ListItem\",\"position\":1,\"name\":\"Portada\",\"item\":\"https:\\\/\\\/canal7slp.tv\\\/2022\\\/\"},{\"@type\":\"ListItem\",\"position\":2,\"name\":\"Adulto mayor falleci\u00f3 calcinado en Villa de Ramos.\"}]},{\"@type\":\"WebSite\",\"@id\":\"https:\\\/\\\/canal7slp.tv\\\/2022\\\/#website\",\"url\":\"https:\\\/\\\/canal7slp.tv\\\/2022\\\/\",\"name\":\"N7 - Noticieros Canal 7\",\"description\":\"Somos Televisi\u00f3n\",\"publisher\":{\"@id\":\"https:\\\/\\\/canal7slp.tv\\\/2022\\\/#organization\"},\"potentialAction\":[{\"@type\":\"SearchAction\",\"target\":{\"@type\":\"EntryPoint\",\"urlTemplate\":\"https:\\\/\\\/canal7slp.tv\\\/2022\\\/?s={search_term_string}\"},\"query-input\":{\"@type\":\"PropertyValueSpecification\",\"valueRequired\":true,\"valueName\":\"search_term_string\"}}],\"inLanguage\":\"es\"},{\"@type\":\"Organization\",\"@id\":\"https:\\\/\\\/canal7slp.tv\\\/2022\\\/#organization\",\"name\":\"Noticieros Canal 7\",\"url\":\"https:\\\/\\\/canal7slp.tv\\\/2022\\\/\",\"logo\":{\"@type\":\"ImageObject\",\"inLanguage\":\"es\",\"@id\":\"https:\\\/\\\/canal7slp.tv\\\/2022\\\/#\\\/schema\\\/logo\\\/image\\\/\",\"url\":\"https:\\\/\\\/canal7slp.tv\\\/2022\\\/wp-content\\\/uploads\\\/2021\\\/01\\\/logo-noticieros@2x.png\",\"contentUrl\":\"https:\\\/\\\/canal7slp.tv\\\/2022\\\/wp-content\\\/uploads\\\/2021\\\/01\\\/logo-noticieros@2x.png\",\"width\":1017,\"height\":268,\"caption\":\"Noticieros Canal 7\"},\"image\":{\"@id\":\"https:\\\/\\\/canal7slp.tv\\\/2022\\\/#\\\/schema\\\/logo\\\/image\\\/\"},\"sameAs\":[\"https:\\\/\\\/www.facebook.com\\\/noticieroscanalsiete\",\"https:\\\/\\\/x.com\\\/NOTICIEROS7\",\"https:\\\/\\\/www.instagram.com\\\/canal7_slp\",\"https:\\\/\\\/www.youtube.com\\\/channel\\\/UCliiYs-gP3JfJeqdPrNdd5A\"]},{\"@type\":\"Person\",\"@id\":\"https:\\\/\\\/canal7slp.tv\\\/2022\\\/#\\\/schema\\\/person\\\/429704152a21f5f856ce29aa69a238da\",\"name\":\"Edici\u00f3n Web\",\"image\":{\"@type\":\"ImageObject\",\"inLanguage\":\"es\",\"@id\":\"https:\\\/\\\/secure.gravatar.com\\\/avatar\\\/eee448fc3f7164808013b816ba91ac7e43bbe82a70bebac296f8bc6f0addaa1a?s=96&d=mm&r=g\",\"url\":\"https:\\\/\\\/secure.gravatar.com\\\/avatar\\\/eee448fc3f7164808013b816ba91ac7e43bbe82a70bebac296f8bc6f0addaa1a?s=96&d=mm&r=g\",\"contentUrl\":\"https:\\\/\\\/secure.gravatar.com\\\/avatar\\\/eee448fc3f7164808013b816ba91ac7e43bbe82a70bebac296f8bc6f0addaa1a?s=96&d=mm&r=g\",\"caption\":\"Edici\u00f3n Web\"},\"url\":\"https:\\\/\\\/canal7slp.tv\\\/2022\\\/author\\\/edicionweb\\\/\"}]}<\/script>\n<!-- \/ Yoast SEO plugin. -->","yoast_head_json":{"title":"Adulto mayor falleci\u00f3 calcinado en Villa de Ramos. - Canal 7 SLP - 2022","robots":{"index":"index","follow":"follow","max-snippet":"max-snippet:-1","max-image-preview":"max-image-preview:large","max-video-preview":"max-video-preview:-1"},"canonical":"https:\/\/canal7slp.tv\/2022\/adulto-mayor-fallecio-calcinado-en-villa-de-ramos\/","og_locale":"es_ES","og_type":"article","og_title":"Adulto mayor falleci\u00f3 calcinado en Villa de Ramos. - Canal 7 SLP - 2022","og_description":"Villa de Ramos.- El cad\u00e1ver calcinado de un adulto mayor fue encontrado en una parcela ubicada en el municipio de Villa de Ramos. Los hechos ocurrieron en la comunidad de Dulce Grande donde una persona report\u00f3 a los servicios de emergencia que hab\u00eda una persona sin vida, al lugar se trasladaron elementos de Seguridad P\u00fablica Municipal quienes encontraron el cuerpo calcinado de una persona de la tercera edad. De acuerdo con informaci\u00f3n extra oficial, el adulto mayor se encontraba intentando sofocar un incendio que hab\u00eda iniciado en una de las parcelas donde se encontraba, sin embargo, las llamas lo alcanzaron [&hellip;]","og_url":"https:\/\/canal7slp.tv\/2022\/adulto-mayor-fallecio-calcinado-en-villa-de-ramos\/","og_site_name":"Canal 7 SLP - 2022","article_publisher":"https:\/\/www.facebook.com\/noticieroscanalsiete","article_published_time":"2022-03-11T03:47:59+00:00","og_image":[{"width":909,"height":500,"url":"https:\/\/canal7slp.tv\/2022\/wp-content\/uploads\/2022\/03\/Valencia01Calcinado.jpg","type":"image\/jpeg"}],"author":"Edici\u00f3n Web","twitter_card":"summary_large_image","twitter_creator":"@NOTICIEROS7","twitter_site":"@NOTICIEROS7","twitter_misc":{"Escrito por":"Edici\u00f3n Web","Tiempo de lectura":"1 minuto"},"schema":{"@context":"https:\/\/schema.org","@graph":[{"@type":"Article","@id":"https:\/\/canal7slp.tv\/2022\/adulto-mayor-fallecio-calcinado-en-villa-de-ramos\/#article","isPartOf":{"@id":"https:\/\/canal7slp.tv\/2022\/adulto-mayor-fallecio-calcinado-en-villa-de-ramos\/"},"author":{"name":"Edici\u00f3n Web","@id":"https:\/\/canal7slp.tv\/2022\/#\/schema\/person\/429704152a21f5f856ce29aa69a238da"},"headline":"Adulto mayor falleci\u00f3 calcinado en Villa de Ramos.","datePublished":"2022-03-11T03:47:59+00:00","mainEntityOfPage":{"@id":"https:\/\/canal7slp.tv\/2022\/adulto-mayor-fallecio-calcinado-en-villa-de-ramos\/"},"wordCount":161,"publisher":{"@id":"https:\/\/canal7slp.tv\/2022\/#organization"},"image":{"@id":"https:\/\/canal7slp.tv\/2022\/adulto-mayor-fallecio-calcinado-en-villa-de-ramos\/#primaryimage"},"thumbnailUrl":"https:\/\/canal7slp.tv\/2022\/wp-content\/uploads\/2022\/03\/Valencia01Calcinado.jpg","articleSection":["DESTACADAS","INTERIOR DEL ESTADO"],"inLanguage":"es"},{"@type":"WebPage","@id":"https:\/\/canal7slp.tv\/2022\/adulto-mayor-fallecio-calcinado-en-villa-de-ramos\/","url":"https:\/\/canal7slp.tv\/2022\/adulto-mayor-fallecio-calcinado-en-villa-de-ramos\/","name":"Adulto mayor falleci\u00f3 calcinado en Villa de Ramos. - Canal 7 SLP - 2022","isPartOf":{"@id":"https:\/\/canal7slp.tv\/2022\/#website"},"primaryImageOfPage":{"@id":"https:\/\/canal7slp.tv\/2022\/adulto-mayor-fallecio-calcinado-en-villa-de-ramos\/#primaryimage"},"image":{"@id":"https:\/\/canal7slp.tv\/2022\/adulto-mayor-fallecio-calcinado-en-villa-de-ramos\/#primaryimage"},"thumbnailUrl":"https:\/\/canal7slp.tv\/2022\/wp-content\/uploads\/2022\/03\/Valencia01Calcinado.jpg","datePublished":"2022-03-11T03:47:59+00:00","breadcrumb":{"@id":"https:\/\/canal7slp.tv\/2022\/adulto-mayor-fallecio-calcinado-en-villa-de-ramos\/#breadcrumb"},"inLanguage":"es","potentialAction":[{"@type":"ReadAction","target":["https:\/\/canal7slp.tv\/2022\/adulto-mayor-fallecio-calcinado-en-villa-de-ramos\/"]}]},{"@type":"ImageObject","inLanguage":"es","@id":"https:\/\/canal7slp.tv\/2022\/adulto-mayor-fallecio-calcinado-en-villa-de-ramos\/#primaryimage","url":"https:\/\/canal7slp.tv\/2022\/wp-content\/uploads\/2022\/03\/Valencia01Calcinado.jpg","contentUrl":"https:\/\/canal7slp.tv\/2022\/wp-content\/uploads\/2022\/03\/Valencia01Calcinado.jpg","width":909,"height":500},{"@type":"BreadcrumbList","@id":"https:\/\/canal7slp.tv\/2022\/adulto-mayor-fallecio-calcinado-en-villa-de-ramos\/#breadcrumb","itemListElement":[{"@type":"ListItem","position":1,"name":"Portada","item":"https:\/\/canal7slp.tv\/2022\/"},{"@type":"ListItem","position":2,"name":"Adulto mayor falleci\u00f3 calcinado en Villa de Ramos."}]},{"@type":"WebSite","@id":"https:\/\/canal7slp.tv\/2022\/#website","url":"https:\/\/canal7slp.tv\/2022\/","name":"N7 - Noticieros Canal 7","description":"Somos Televisi\u00f3n","publisher":{"@id":"https:\/\/canal7slp.tv\/2022\/#organization"},"potentialAction":[{"@type":"SearchAction","target":{"@type":"EntryPoint","urlTemplate":"https:\/\/canal7slp.tv\/2022\/?s={search_term_string}"},"query-input":{"@type":"PropertyValueSpecification","valueRequired":true,"valueName":"search_term_string"}}],"inLanguage":"es"},{"@type":"Organization","@id":"https:\/\/canal7slp.tv\/2022\/#organization","name":"Noticieros Canal 7","url":"https:\/\/canal7slp.tv\/2022\/","logo":{"@type":"ImageObject","inLanguage":"es","@id":"https:\/\/canal7slp.tv\/2022\/#\/schema\/logo\/image\/","url":"https:\/\/canal7slp.tv\/2022\/wp-content\/uploads\/2021\/01\/logo-noticieros@2x.png","contentUrl":"https:\/\/canal7slp.tv\/2022\/wp-content\/uploads\/2021\/01\/logo-noticieros@2x.png","width":1017,"height":268,"caption":"Noticieros Canal 7"},"image":{"@id":"https:\/\/canal7slp.tv\/2022\/#\/schema\/logo\/image\/"},"sameAs":["https:\/\/www.facebook.com\/noticieroscanalsiete","https:\/\/x.com\/NOTICIEROS7","https:\/\/www.instagram.com\/canal7_slp","https:\/\/www.youtube.com\/channel\/UCliiYs-gP3JfJeqdPrNdd5A"]},{"@type":"Person","@id":"https:\/\/canal7slp.tv\/2022\/#\/schema\/person\/429704152a21f5f856ce29aa69a238da","name":"Edici\u00f3n Web","image":{"@type":"ImageObject","inLanguage":"es","@id":"https:\/\/secure.gravatar.com\/avatar\/eee448fc3f7164808013b816ba91ac7e43bbe82a70bebac296f8bc6f0addaa1a?s=96&d=mm&r=g","url":"https:\/\/secure.gravatar.com\/avatar\/eee448fc3f7164808013b816ba91ac7e43bbe82a70bebac296f8bc6f0addaa1a?s=96&d=mm&r=g","contentUrl":"https:\/\/secure.gravatar.com\/avatar\/eee448fc3f7164808013b816ba91ac7e43bbe82a70bebac296f8bc6f0addaa1a?s=96&d=mm&r=g","caption":"Edici\u00f3n Web"},"url":"https:\/\/canal7slp.tv\/2022\/author\/edicionweb\/"}]}},"amp_enabled":true,"_links":{"self":[{"href":"https:\/\/canal7slp.tv\/2022\/wp-json\/wp\/v2\/posts\/53785","targetHints":{"allow":["GET"]}}],"collection":[{"href":"https:\/\/canal7slp.tv\/2022\/wp-json\/wp\/v2\/posts"}],"about":[{"href":"https:\/\/canal7slp.tv\/2022\/wp-json\/wp\/v2\/types\/post"}],"author":[{"embeddable":true,"href":"https:\/\/canal7slp.tv\/2022\/wp-json\/wp\/v2\/users\/2"}],"replies":[{"embeddable":true,"href":"https:\/\/canal7slp.tv\/2022\/wp-json\/wp\/v2\/comments?post=53785"}],"version-history":[{"count":1,"href":"https:\/\/canal7slp.tv\/2022\/wp-json\/wp\/v2\/posts\/53785\/revisions"}],"predecessor-version":[{"id":53786,"href":"https:\/\/canal7slp.tv\/2022\/wp-json\/wp\/v2\/posts\/53785\/revisions\/53786"}],"wp:featuredmedia":[{"embeddable":true,"href":"https:\/\/canal7slp.tv\/2022\/wp-json\/wp\/v2\/media\/53814"}],"wp:attachment":[{"href":"https:\/\/canal7slp.tv\/2022\/wp-json\/wp\/v2\/media?parent=53785"}],"wp:term":[{"taxonomy":"category","embeddable":true,"href":"https:\/\/canal7slp.tv\/2022\/wp-json\/wp\/v2\/categories?post=53785"},{"taxonomy":"post_tag","embeddable":true,"href":"https:\/\/canal7slp.tv\/2022\/wp-json\/wp\/v2\/tags?post=53785"}],"curies":[{"name":"wp","href":"https:\/\/api.w.org\/{rel}","templated":true}]}}