{"id":53781,"date":"2022-03-10T16:46:03","date_gmt":"2022-03-10T22:46:03","guid":{"rendered":"https:\/\/canal7slp.tv\/2022\/?p=53781"},"modified":"2022-03-10T16:46:03","modified_gmt":"2022-03-10T22:46:03","slug":"procesion-del-silencio-se-realizara-con-un-aforo-maximo-del-75-pc","status":"publish","type":"post","link":"https:\/\/canal7slp.tv\/2022\/procesion-del-silencio-se-realizara-con-un-aforo-maximo-del-75-pc\/","title":{"rendered":"Procesi\u00f3n del Silencio se realizar\u00e1 con un aforo m\u00e1ximo del 75%: PC."},"content":{"rendered":"<p style=\"text-align: justify;\">SLP.- El titular de la Coordinaci\u00f3n Estatal de Protecci\u00f3n Civil, Mauricio Ordaz Flores, inform\u00f3 que para la realizaci\u00f3n de la Procesi\u00f3n del Silencio en San Luis Potos\u00ed se instalar\u00e1n varios filtros sanitarios para que el aforo no sobrepase del 75%<\/p>\n<p style=\"text-align: justify;\">\u201cEn la Procesi\u00f3n del Silencio el \u00faltimo a\u00f1o que hubo fue en 2019 y hubo 80 mil personas que nos visitaron, este a\u00f1o se estar\u00e1 trabajando al 75% qu\u00e9 es lo que nos est\u00e1 marcando Secretar\u00eda de Salud, lo tendremos que respetar y acomodarnos a ese razonamiento\u201d, dijo.<\/p>\n<p style=\"text-align: justify;\">El funcionario explic\u00f3 que ya se tienen contempladas las rutas de evacuaci\u00f3n, los puestos de intervenci\u00f3n que contar\u00e1 con param\u00e9dicos que estar\u00e1n en alerta ante cualquier situaci\u00f3n que pudiera presentarse durante el evento.<\/p>\n<p style=\"text-align: justify;\">\u201cTambi\u00e9n mencionarte que estaremos muy vigilantes de que no se supere este aforo, adem\u00e1s de un doble filtro para que puedan ingresar de alguna zona, y aglomerar la Zona Centro\u201d, reiter\u00f3.<\/p>\n<p style=\"text-align: justify;\">Cabe recordar que las autoridades de San Luis Potos\u00ed tienen agendadas diversas actividades con motivo de la Semana Santa y Semana de Pascua que comprende del 8 al 24 de abril, siendo el d\u00eda 15 del mismo mes cuando se desarrolle la Procesi\u00f3n del Silencio.<\/p>\n<p style=\"text-align: justify;\">Por: Jos\u00e9 Luis V\u00e1zquez<\/p>\n","protected":false},"excerpt":{"rendered":"<p>SLP.- El titular de la Coordinaci\u00f3n Estatal de Protecci\u00f3n Civil, Mauricio Ordaz Flores, inform\u00f3 que para la realizaci\u00f3n de la Procesi\u00f3n del Silencio en San Luis Potos\u00ed se instalar\u00e1n varios filtros sanitarios para que el aforo no sobrepase del 75% \u201cEn la Procesi\u00f3n del Silencio el \u00faltimo a\u00f1o que hubo fue en 2019 y hubo 80 mil personas que nos visitaron, este a\u00f1o se estar\u00e1 trabajando al 75% qu\u00e9 es lo que nos est\u00e1 marcando Secretar\u00eda de Salud, lo tendremos que respetar y acomodarnos a ese razonamiento\u201d, dijo. El funcionario explic\u00f3 que ya se tienen contempladas las rutas de evacuaci\u00f3n, [&hellip;]<\/p>\n","protected":false},"author":2,"featured_media":53782,"comment_status":"closed","ping_status":"closed","sticky":false,"template":"","format":"video","meta":{"footnotes":""},"categories":[5,510,45],"tags":[],"class_list":["post-53781","post","type-post","status-publish","format-video","has-post-thumbnail","hentry","category-destacadas","category-gobedoslp","category-localesyregionales","post_format-post-format-video","post--single"],"yoast_head":"<!-- This site is optimized with the Yoast SEO plugin v27.4 - https:\/\/yoast.com\/product\/yoast-seo-wordpress\/ -->\n<title>Procesi\u00f3n del Silencio se realizar\u00e1 con un aforo m\u00e1ximo del 75%: PC. - Canal 7 SLP - 2022<\/title>\n<meta name=\"robots\" content=\"index, follow, max-snippet:-1, max-image-preview:large, max-video-preview:-1\" \/>\n<link rel=\"canonical\" href=\"https:\/\/canal7slp.tv\/2022\/procesion-del-silencio-se-realizara-con-un-aforo-maximo-del-75-pc\/\" \/>\n<meta property=\"og:locale\" content=\"es_ES\" \/>\n<meta property=\"og:type\" content=\"article\" \/>\n<meta property=\"og:title\" content=\"Procesi\u00f3n del Silencio se realizar\u00e1 con un aforo m\u00e1ximo del 75%: PC. - Canal 7 SLP - 2022\" \/>\n<meta property=\"og:description\" content=\"SLP.- El titular de la Coordinaci\u00f3n Estatal de Protecci\u00f3n Civil, Mauricio Ordaz Flores, inform\u00f3 que para la realizaci\u00f3n de la Procesi\u00f3n del Silencio en San Luis Potos\u00ed se instalar\u00e1n varios filtros sanitarios para que el aforo no sobrepase del 75% \u201cEn la Procesi\u00f3n del Silencio el \u00faltimo a\u00f1o que hubo fue en 2019 y hubo 80 mil personas que nos visitaron, este a\u00f1o se estar\u00e1 trabajando al 75% qu\u00e9 es lo que nos est\u00e1 marcando Secretar\u00eda de Salud, lo tendremos que respetar y acomodarnos a ese razonamiento\u201d, dijo. El funcionario explic\u00f3 que ya se tienen contempladas las rutas de evacuaci\u00f3n, [&hellip;]\" \/>\n<meta property=\"og:url\" content=\"https:\/\/canal7slp.tv\/2022\/procesion-del-silencio-se-realizara-con-un-aforo-maximo-del-75-pc\/\" \/>\n<meta property=\"og:site_name\" content=\"Canal 7 SLP - 2022\" \/>\n<meta property=\"article:publisher\" content=\"https:\/\/www.facebook.com\/noticieroscanalsiete\" \/>\n<meta property=\"article:published_time\" content=\"2022-03-10T22:46:03+00:00\" \/>\n<meta property=\"og:image\" content=\"https:\/\/canal7slp.tv\/2022\/wp-content\/uploads\/2022\/03\/Vazquez03PCProcesion.jpg\" \/>\n\t<meta property=\"og:image:width\" content=\"888\" \/>\n\t<meta property=\"og:image:height\" content=\"500\" \/>\n\t<meta property=\"og:image:type\" content=\"image\/jpeg\" \/>\n<meta name=\"author\" content=\"Edici\u00f3n Web\" \/>\n<meta name=\"twitter:card\" content=\"summary_large_image\" \/>\n<meta name=\"twitter:creator\" content=\"@NOTICIEROS7\" \/>\n<meta name=\"twitter:site\" content=\"@NOTICIEROS7\" \/>\n<meta name=\"twitter:label1\" content=\"Escrito por\" \/>\n\t<meta name=\"twitter:data1\" content=\"Edici\u00f3n Web\" \/>\n\t<meta name=\"twitter:label2\" content=\"Tiempo de lectura\" \/>\n\t<meta name=\"twitter:data2\" content=\"1 minuto\" \/>\n<script type=\"application\/ld+json\" class=\"yoast-schema-graph\">{\"@context\":\"https:\\\/\\\/schema.org\",\"@graph\":[{\"@type\":\"Article\",\"@id\":\"https:\\\/\\\/canal7slp.tv\\\/2022\\\/procesion-del-silencio-se-realizara-con-un-aforo-maximo-del-75-pc\\\/#article\",\"isPartOf\":{\"@id\":\"https:\\\/\\\/canal7slp.tv\\\/2022\\\/procesion-del-silencio-se-realizara-con-un-aforo-maximo-del-75-pc\\\/\"},\"author\":{\"name\":\"Edici\u00f3n Web\",\"@id\":\"https:\\\/\\\/canal7slp.tv\\\/2022\\\/#\\\/schema\\\/person\\\/429704152a21f5f856ce29aa69a238da\"},\"headline\":\"Procesi\u00f3n del Silencio se realizar\u00e1 con un aforo m\u00e1ximo del 75%: PC.\",\"datePublished\":\"2022-03-10T22:46:03+00:00\",\"mainEntityOfPage\":{\"@id\":\"https:\\\/\\\/canal7slp.tv\\\/2022\\\/procesion-del-silencio-se-realizara-con-un-aforo-maximo-del-75-pc\\\/\"},\"wordCount\":227,\"publisher\":{\"@id\":\"https:\\\/\\\/canal7slp.tv\\\/2022\\\/#organization\"},\"image\":{\"@id\":\"https:\\\/\\\/canal7slp.tv\\\/2022\\\/procesion-del-silencio-se-realizara-con-un-aforo-maximo-del-75-pc\\\/#primaryimage\"},\"thumbnailUrl\":\"https:\\\/\\\/canal7slp.tv\\\/2022\\\/wp-content\\\/uploads\\\/2022\\\/03\\\/Vazquez03PCProcesion.jpg\",\"articleSection\":[\"DESTACADAS\",\"GOBEDOSLP\",\"LOCALES Y REGIONALES\"],\"inLanguage\":\"es\"},{\"@type\":\"WebPage\",\"@id\":\"https:\\\/\\\/canal7slp.tv\\\/2022\\\/procesion-del-silencio-se-realizara-con-un-aforo-maximo-del-75-pc\\\/\",\"url\":\"https:\\\/\\\/canal7slp.tv\\\/2022\\\/procesion-del-silencio-se-realizara-con-un-aforo-maximo-del-75-pc\\\/\",\"name\":\"Procesi\u00f3n del Silencio se realizar\u00e1 con un aforo m\u00e1ximo del 75%: PC. - Canal 7 SLP - 2022\",\"isPartOf\":{\"@id\":\"https:\\\/\\\/canal7slp.tv\\\/2022\\\/#website\"},\"primaryImageOfPage\":{\"@id\":\"https:\\\/\\\/canal7slp.tv\\\/2022\\\/procesion-del-silencio-se-realizara-con-un-aforo-maximo-del-75-pc\\\/#primaryimage\"},\"image\":{\"@id\":\"https:\\\/\\\/canal7slp.tv\\\/2022\\\/procesion-del-silencio-se-realizara-con-un-aforo-maximo-del-75-pc\\\/#primaryimage\"},\"thumbnailUrl\":\"https:\\\/\\\/canal7slp.tv\\\/2022\\\/wp-content\\\/uploads\\\/2022\\\/03\\\/Vazquez03PCProcesion.jpg\",\"datePublished\":\"2022-03-10T22:46:03+00:00\",\"breadcrumb\":{\"@id\":\"https:\\\/\\\/canal7slp.tv\\\/2022\\\/procesion-del-silencio-se-realizara-con-un-aforo-maximo-del-75-pc\\\/#breadcrumb\"},\"inLanguage\":\"es\",\"potentialAction\":[{\"@type\":\"ReadAction\",\"target\":[\"https:\\\/\\\/canal7slp.tv\\\/2022\\\/procesion-del-silencio-se-realizara-con-un-aforo-maximo-del-75-pc\\\/\"]}]},{\"@type\":\"ImageObject\",\"inLanguage\":\"es\",\"@id\":\"https:\\\/\\\/canal7slp.tv\\\/2022\\\/procesion-del-silencio-se-realizara-con-un-aforo-maximo-del-75-pc\\\/#primaryimage\",\"url\":\"https:\\\/\\\/canal7slp.tv\\\/2022\\\/wp-content\\\/uploads\\\/2022\\\/03\\\/Vazquez03PCProcesion.jpg\",\"contentUrl\":\"https:\\\/\\\/canal7slp.tv\\\/2022\\\/wp-content\\\/uploads\\\/2022\\\/03\\\/Vazquez03PCProcesion.jpg\",\"width\":888,\"height\":500},{\"@type\":\"BreadcrumbList\",\"@id\":\"https:\\\/\\\/canal7slp.tv\\\/2022\\\/procesion-del-silencio-se-realizara-con-un-aforo-maximo-del-75-pc\\\/#breadcrumb\",\"itemListElement\":[{\"@type\":\"ListItem\",\"position\":1,\"name\":\"Portada\",\"item\":\"https:\\\/\\\/canal7slp.tv\\\/2022\\\/\"},{\"@type\":\"ListItem\",\"position\":2,\"name\":\"Procesi\u00f3n del Silencio se realizar\u00e1 con un aforo m\u00e1ximo del 75%: PC.\"}]},{\"@type\":\"WebSite\",\"@id\":\"https:\\\/\\\/canal7slp.tv\\\/2022\\\/#website\",\"url\":\"https:\\\/\\\/canal7slp.tv\\\/2022\\\/\",\"name\":\"N7 - Noticieros Canal 7\",\"description\":\"Somos Televisi\u00f3n\",\"publisher\":{\"@id\":\"https:\\\/\\\/canal7slp.tv\\\/2022\\\/#organization\"},\"potentialAction\":[{\"@type\":\"SearchAction\",\"target\":{\"@type\":\"EntryPoint\",\"urlTemplate\":\"https:\\\/\\\/canal7slp.tv\\\/2022\\\/?s={search_term_string}\"},\"query-input\":{\"@type\":\"PropertyValueSpecification\",\"valueRequired\":true,\"valueName\":\"search_term_string\"}}],\"inLanguage\":\"es\"},{\"@type\":\"Organization\",\"@id\":\"https:\\\/\\\/canal7slp.tv\\\/2022\\\/#organization\",\"name\":\"Noticieros Canal 7\",\"url\":\"https:\\\/\\\/canal7slp.tv\\\/2022\\\/\",\"logo\":{\"@type\":\"ImageObject\",\"inLanguage\":\"es\",\"@id\":\"https:\\\/\\\/canal7slp.tv\\\/2022\\\/#\\\/schema\\\/logo\\\/image\\\/\",\"url\":\"https:\\\/\\\/canal7slp.tv\\\/2022\\\/wp-content\\\/uploads\\\/2021\\\/01\\\/logo-noticieros@2x.png\",\"contentUrl\":\"https:\\\/\\\/canal7slp.tv\\\/2022\\\/wp-content\\\/uploads\\\/2021\\\/01\\\/logo-noticieros@2x.png\",\"width\":1017,\"height\":268,\"caption\":\"Noticieros Canal 7\"},\"image\":{\"@id\":\"https:\\\/\\\/canal7slp.tv\\\/2022\\\/#\\\/schema\\\/logo\\\/image\\\/\"},\"sameAs\":[\"https:\\\/\\\/www.facebook.com\\\/noticieroscanalsiete\",\"https:\\\/\\\/x.com\\\/NOTICIEROS7\",\"https:\\\/\\\/www.instagram.com\\\/canal7_slp\",\"https:\\\/\\\/www.youtube.com\\\/channel\\\/UCliiYs-gP3JfJeqdPrNdd5A\"]},{\"@type\":\"Person\",\"@id\":\"https:\\\/\\\/canal7slp.tv\\\/2022\\\/#\\\/schema\\\/person\\\/429704152a21f5f856ce29aa69a238da\",\"name\":\"Edici\u00f3n Web\",\"image\":{\"@type\":\"ImageObject\",\"inLanguage\":\"es\",\"@id\":\"https:\\\/\\\/secure.gravatar.com\\\/avatar\\\/eee448fc3f7164808013b816ba91ac7e43bbe82a70bebac296f8bc6f0addaa1a?s=96&d=mm&r=g\",\"url\":\"https:\\\/\\\/secure.gravatar.com\\\/avatar\\\/eee448fc3f7164808013b816ba91ac7e43bbe82a70bebac296f8bc6f0addaa1a?s=96&d=mm&r=g\",\"contentUrl\":\"https:\\\/\\\/secure.gravatar.com\\\/avatar\\\/eee448fc3f7164808013b816ba91ac7e43bbe82a70bebac296f8bc6f0addaa1a?s=96&d=mm&r=g\",\"caption\":\"Edici\u00f3n Web\"},\"url\":\"https:\\\/\\\/canal7slp.tv\\\/2022\\\/author\\\/edicionweb\\\/\"}]}<\/script>\n<!-- \/ Yoast SEO plugin. -->","yoast_head_json":{"title":"Procesi\u00f3n del Silencio se realizar\u00e1 con un aforo m\u00e1ximo del 75%: PC. - Canal 7 SLP - 2022","robots":{"index":"index","follow":"follow","max-snippet":"max-snippet:-1","max-image-preview":"max-image-preview:large","max-video-preview":"max-video-preview:-1"},"canonical":"https:\/\/canal7slp.tv\/2022\/procesion-del-silencio-se-realizara-con-un-aforo-maximo-del-75-pc\/","og_locale":"es_ES","og_type":"article","og_title":"Procesi\u00f3n del Silencio se realizar\u00e1 con un aforo m\u00e1ximo del 75%: PC. - Canal 7 SLP - 2022","og_description":"SLP.- El titular de la Coordinaci\u00f3n Estatal de Protecci\u00f3n Civil, Mauricio Ordaz Flores, inform\u00f3 que para la realizaci\u00f3n de la Procesi\u00f3n del Silencio en San Luis Potos\u00ed se instalar\u00e1n varios filtros sanitarios para que el aforo no sobrepase del 75% \u201cEn la Procesi\u00f3n del Silencio el \u00faltimo a\u00f1o que hubo fue en 2019 y hubo 80 mil personas que nos visitaron, este a\u00f1o se estar\u00e1 trabajando al 75% qu\u00e9 es lo que nos est\u00e1 marcando Secretar\u00eda de Salud, lo tendremos que respetar y acomodarnos a ese razonamiento\u201d, dijo. El funcionario explic\u00f3 que ya se tienen contempladas las rutas de evacuaci\u00f3n, [&hellip;]","og_url":"https:\/\/canal7slp.tv\/2022\/procesion-del-silencio-se-realizara-con-un-aforo-maximo-del-75-pc\/","og_site_name":"Canal 7 SLP - 2022","article_publisher":"https:\/\/www.facebook.com\/noticieroscanalsiete","article_published_time":"2022-03-10T22:46:03+00:00","og_image":[{"width":888,"height":500,"url":"https:\/\/canal7slp.tv\/2022\/wp-content\/uploads\/2022\/03\/Vazquez03PCProcesion.jpg","type":"image\/jpeg"}],"author":"Edici\u00f3n Web","twitter_card":"summary_large_image","twitter_creator":"@NOTICIEROS7","twitter_site":"@NOTICIEROS7","twitter_misc":{"Escrito por":"Edici\u00f3n Web","Tiempo de lectura":"1 minuto"},"schema":{"@context":"https:\/\/schema.org","@graph":[{"@type":"Article","@id":"https:\/\/canal7slp.tv\/2022\/procesion-del-silencio-se-realizara-con-un-aforo-maximo-del-75-pc\/#article","isPartOf":{"@id":"https:\/\/canal7slp.tv\/2022\/procesion-del-silencio-se-realizara-con-un-aforo-maximo-del-75-pc\/"},"author":{"name":"Edici\u00f3n Web","@id":"https:\/\/canal7slp.tv\/2022\/#\/schema\/person\/429704152a21f5f856ce29aa69a238da"},"headline":"Procesi\u00f3n del Silencio se realizar\u00e1 con un aforo m\u00e1ximo del 75%: PC.","datePublished":"2022-03-10T22:46:03+00:00","mainEntityOfPage":{"@id":"https:\/\/canal7slp.tv\/2022\/procesion-del-silencio-se-realizara-con-un-aforo-maximo-del-75-pc\/"},"wordCount":227,"publisher":{"@id":"https:\/\/canal7slp.tv\/2022\/#organization"},"image":{"@id":"https:\/\/canal7slp.tv\/2022\/procesion-del-silencio-se-realizara-con-un-aforo-maximo-del-75-pc\/#primaryimage"},"thumbnailUrl":"https:\/\/canal7slp.tv\/2022\/wp-content\/uploads\/2022\/03\/Vazquez03PCProcesion.jpg","articleSection":["DESTACADAS","GOBEDOSLP","LOCALES Y REGIONALES"],"inLanguage":"es"},{"@type":"WebPage","@id":"https:\/\/canal7slp.tv\/2022\/procesion-del-silencio-se-realizara-con-un-aforo-maximo-del-75-pc\/","url":"https:\/\/canal7slp.tv\/2022\/procesion-del-silencio-se-realizara-con-un-aforo-maximo-del-75-pc\/","name":"Procesi\u00f3n del Silencio se realizar\u00e1 con un aforo m\u00e1ximo del 75%: PC. - Canal 7 SLP - 2022","isPartOf":{"@id":"https:\/\/canal7slp.tv\/2022\/#website"},"primaryImageOfPage":{"@id":"https:\/\/canal7slp.tv\/2022\/procesion-del-silencio-se-realizara-con-un-aforo-maximo-del-75-pc\/#primaryimage"},"image":{"@id":"https:\/\/canal7slp.tv\/2022\/procesion-del-silencio-se-realizara-con-un-aforo-maximo-del-75-pc\/#primaryimage"},"thumbnailUrl":"https:\/\/canal7slp.tv\/2022\/wp-content\/uploads\/2022\/03\/Vazquez03PCProcesion.jpg","datePublished":"2022-03-10T22:46:03+00:00","breadcrumb":{"@id":"https:\/\/canal7slp.tv\/2022\/procesion-del-silencio-se-realizara-con-un-aforo-maximo-del-75-pc\/#breadcrumb"},"inLanguage":"es","potentialAction":[{"@type":"ReadAction","target":["https:\/\/canal7slp.tv\/2022\/procesion-del-silencio-se-realizara-con-un-aforo-maximo-del-75-pc\/"]}]},{"@type":"ImageObject","inLanguage":"es","@id":"https:\/\/canal7slp.tv\/2022\/procesion-del-silencio-se-realizara-con-un-aforo-maximo-del-75-pc\/#primaryimage","url":"https:\/\/canal7slp.tv\/2022\/wp-content\/uploads\/2022\/03\/Vazquez03PCProcesion.jpg","contentUrl":"https:\/\/canal7slp.tv\/2022\/wp-content\/uploads\/2022\/03\/Vazquez03PCProcesion.jpg","width":888,"height":500},{"@type":"BreadcrumbList","@id":"https:\/\/canal7slp.tv\/2022\/procesion-del-silencio-se-realizara-con-un-aforo-maximo-del-75-pc\/#breadcrumb","itemListElement":[{"@type":"ListItem","position":1,"name":"Portada","item":"https:\/\/canal7slp.tv\/2022\/"},{"@type":"ListItem","position":2,"name":"Procesi\u00f3n del Silencio se realizar\u00e1 con un aforo m\u00e1ximo del 75%: PC."}]},{"@type":"WebSite","@id":"https:\/\/canal7slp.tv\/2022\/#website","url":"https:\/\/canal7slp.tv\/2022\/","name":"N7 - Noticieros Canal 7","description":"Somos Televisi\u00f3n","publisher":{"@id":"https:\/\/canal7slp.tv\/2022\/#organization"},"potentialAction":[{"@type":"SearchAction","target":{"@type":"EntryPoint","urlTemplate":"https:\/\/canal7slp.tv\/2022\/?s={search_term_string}"},"query-input":{"@type":"PropertyValueSpecification","valueRequired":true,"valueName":"search_term_string"}}],"inLanguage":"es"},{"@type":"Organization","@id":"https:\/\/canal7slp.tv\/2022\/#organization","name":"Noticieros Canal 7","url":"https:\/\/canal7slp.tv\/2022\/","logo":{"@type":"ImageObject","inLanguage":"es","@id":"https:\/\/canal7slp.tv\/2022\/#\/schema\/logo\/image\/","url":"https:\/\/canal7slp.tv\/2022\/wp-content\/uploads\/2021\/01\/logo-noticieros@2x.png","contentUrl":"https:\/\/canal7slp.tv\/2022\/wp-content\/uploads\/2021\/01\/logo-noticieros@2x.png","width":1017,"height":268,"caption":"Noticieros Canal 7"},"image":{"@id":"https:\/\/canal7slp.tv\/2022\/#\/schema\/logo\/image\/"},"sameAs":["https:\/\/www.facebook.com\/noticieroscanalsiete","https:\/\/x.com\/NOTICIEROS7","https:\/\/www.instagram.com\/canal7_slp","https:\/\/www.youtube.com\/channel\/UCliiYs-gP3JfJeqdPrNdd5A"]},{"@type":"Person","@id":"https:\/\/canal7slp.tv\/2022\/#\/schema\/person\/429704152a21f5f856ce29aa69a238da","name":"Edici\u00f3n Web","image":{"@type":"ImageObject","inLanguage":"es","@id":"https:\/\/secure.gravatar.com\/avatar\/eee448fc3f7164808013b816ba91ac7e43bbe82a70bebac296f8bc6f0addaa1a?s=96&d=mm&r=g","url":"https:\/\/secure.gravatar.com\/avatar\/eee448fc3f7164808013b816ba91ac7e43bbe82a70bebac296f8bc6f0addaa1a?s=96&d=mm&r=g","contentUrl":"https:\/\/secure.gravatar.com\/avatar\/eee448fc3f7164808013b816ba91ac7e43bbe82a70bebac296f8bc6f0addaa1a?s=96&d=mm&r=g","caption":"Edici\u00f3n Web"},"url":"https:\/\/canal7slp.tv\/2022\/author\/edicionweb\/"}]}},"amp_enabled":true,"_links":{"self":[{"href":"https:\/\/canal7slp.tv\/2022\/wp-json\/wp\/v2\/posts\/53781","targetHints":{"allow":["GET"]}}],"collection":[{"href":"https:\/\/canal7slp.tv\/2022\/wp-json\/wp\/v2\/posts"}],"about":[{"href":"https:\/\/canal7slp.tv\/2022\/wp-json\/wp\/v2\/types\/post"}],"author":[{"embeddable":true,"href":"https:\/\/canal7slp.tv\/2022\/wp-json\/wp\/v2\/users\/2"}],"replies":[{"embeddable":true,"href":"https:\/\/canal7slp.tv\/2022\/wp-json\/wp\/v2\/comments?post=53781"}],"version-history":[{"count":2,"href":"https:\/\/canal7slp.tv\/2022\/wp-json\/wp\/v2\/posts\/53781\/revisions"}],"predecessor-version":[{"id":53784,"href":"https:\/\/canal7slp.tv\/2022\/wp-json\/wp\/v2\/posts\/53781\/revisions\/53784"}],"wp:featuredmedia":[{"embeddable":true,"href":"https:\/\/canal7slp.tv\/2022\/wp-json\/wp\/v2\/media\/53782"}],"wp:attachment":[{"href":"https:\/\/canal7slp.tv\/2022\/wp-json\/wp\/v2\/media?parent=53781"}],"wp:term":[{"taxonomy":"category","embeddable":true,"href":"https:\/\/canal7slp.tv\/2022\/wp-json\/wp\/v2\/categories?post=53781"},{"taxonomy":"post_tag","embeddable":true,"href":"https:\/\/canal7slp.tv\/2022\/wp-json\/wp\/v2\/tags?post=53781"}],"curies":[{"name":"wp","href":"https:\/\/api.w.org\/{rel}","templated":true}]}}