{"id":53775,"date":"2022-03-10T16:25:11","date_gmt":"2022-03-10T22:25:11","guid":{"rendered":"https:\/\/canal7slp.tv\/2022\/?p=53775"},"modified":"2022-03-10T16:25:11","modified_gmt":"2022-03-10T22:25:11","slug":"activista-senala-que-alrededor-de-50-marcas-participaran-en-la-tercera-edicion-del-lgbtianguis","status":"publish","type":"post","link":"https:\/\/canal7slp.tv\/2022\/activista-senala-que-alrededor-de-50-marcas-participaran-en-la-tercera-edicion-del-lgbtianguis\/","title":{"rendered":"Activista se\u00f1ala que alrededor de 50 marcas participaran en la tercera edici\u00f3n del LGBTianguis."},"content":{"rendered":"<p style=\"text-align: justify;\">SLP.- En rueda de prensa, representantes, emprendedores y aliados de la comunidad LGBT, anunciaron las actividades que se tienen planeadas para la tercera edici\u00f3n del LGBTianguis que se llevar\u00e1 acabo el pr\u00f3ximo viernes 18 de marzo en las inmediaciones del Museo Leonora Carrington.<\/p>\n<p style=\"text-align: justify;\">Fue la activista, Vanessa Hern\u00e1ndez, quien explic\u00f3 como surge esta iniciativa que busca generar espacios de inclusi\u00f3n y un empoderamiento social de la comunidad.<\/p>\n<p style=\"text-align: justify;\">&#8216;LGBTianguis es el resultado del primer mercado de la comunidad trans en San Luis Potos\u00ed gracias a la iniciativa de una de las miembres del equipo de trabajo, se conjuntaron esfuerzos para sumar a otros emprendedores de distintos \u00e1mbitos y sectores de San Luis Potos\u00ed que hicieron posible un espacio libre y seguro para la visibilizaci\u00f3n de productos o servicios bienes as\u00ed como actividades art\u00edsticas y culturales producto de la comunidad LGBT y aliados de nuestro estado\u00bb, dijo.<\/p>\n<p style=\"text-align: justify;\">El objetivo principal es convocar y apoyar a los emprendimientos de la comunidad LGBT: comerciales, de bienes, productos o servicios relacionados con el dise\u00f1o, la moda, el espect\u00e1culo, el arte, la cultura y la gastronom\u00eda, as\u00ed lo mencion\u00f3 Jos\u00e9 Enrique Dimas.<\/p>\n<p style=\"text-align: justify;\">\u00abEn esta tercera edici\u00f3n de hecho ya juntamos una convocatoria de marcas y expositores de alrededor de una 50 marcas; sumado a eso vamos a tener una pasarela de cuerpos incluyentes porque en los mismos modelos hay diversidad&#8230; (Marcas)&#8230;. los mismos expositores tenemos emprendimiento en la comunidad y despu\u00e9s vamos a tener un set de diferentes m\u00fasicos de la comunidad\u00bb, detall\u00f3.<\/p>\n<p style=\"text-align: justify;\">Los presentes indicaron que este tianguis estar\u00e1 abierto a todo el p\u00fablico, la entrada tendr\u00e1 un costo de 55 pesos pero incluye las actividades de la edici\u00f3n n\u00famero 52 de la Noche de Museo en el Centro de las Artes.<\/p>\n<p style=\"text-align: justify;\">\u00abVemos la importancia de ser un evento de calidad, aportar a los que vengan aqu\u00ed que se la van a pasar muy bien, sean o no de la comunidad las puertas est\u00e1n abiertas a todos los que quieran venir, van a encontrar para todo mundo, para todo p\u00fablico, para todos los mercados, pero venimos desde nuestro orgullo, desde nuestra inclusi\u00f3n trayendo esta tercera edici\u00f3n\u00bb, finaliz\u00f3.<\/p>\n<p style=\"text-align: justify;\">Por: Jos\u00e9 Luis V\u00e1zquez<\/p>\n","protected":false},"excerpt":{"rendered":"<p>SLP.- En rueda de prensa, representantes, emprendedores y aliados de la comunidad LGBT, anunciaron las actividades que se tienen planeadas para la tercera edici\u00f3n del LGBTianguis que se llevar\u00e1 acabo el pr\u00f3ximo viernes 18 de marzo en las inmediaciones del Museo Leonora Carrington. Fue la activista, Vanessa Hern\u00e1ndez, quien explic\u00f3 como surge esta iniciativa que busca generar espacios de inclusi\u00f3n y un empoderamiento social de la comunidad. &#8216;LGBTianguis es el resultado del primer mercado de la comunidad trans en San Luis Potos\u00ed gracias a la iniciativa de una de las miembres del equipo de trabajo, se conjuntaron esfuerzos para sumar [&hellip;]<\/p>\n","protected":false},"author":2,"featured_media":53776,"comment_status":"closed","ping_status":"closed","sticky":false,"template":"","format":"video","meta":{"footnotes":""},"categories":[5,45],"tags":[],"class_list":["post-53775","post","type-post","status-publish","format-video","has-post-thumbnail","hentry","category-destacadas","category-localesyregionales","post_format-post-format-video","post--single"],"yoast_head":"<!-- This site is optimized with the Yoast SEO plugin v27.4 - https:\/\/yoast.com\/product\/yoast-seo-wordpress\/ -->\n<title>Activista se\u00f1ala que alrededor de 50 marcas participaran en la tercera edici\u00f3n del LGBTianguis. - Canal 7 SLP - 2022<\/title>\n<meta name=\"robots\" content=\"index, follow, max-snippet:-1, max-image-preview:large, max-video-preview:-1\" \/>\n<link rel=\"canonical\" href=\"https:\/\/canal7slp.tv\/2022\/activista-senala-que-alrededor-de-50-marcas-participaran-en-la-tercera-edicion-del-lgbtianguis\/\" \/>\n<meta property=\"og:locale\" content=\"es_ES\" \/>\n<meta property=\"og:type\" content=\"article\" \/>\n<meta property=\"og:title\" content=\"Activista se\u00f1ala que alrededor de 50 marcas participaran en la tercera edici\u00f3n del LGBTianguis. - Canal 7 SLP - 2022\" \/>\n<meta property=\"og:description\" content=\"SLP.- En rueda de prensa, representantes, emprendedores y aliados de la comunidad LGBT, anunciaron las actividades que se tienen planeadas para la tercera edici\u00f3n del LGBTianguis que se llevar\u00e1 acabo el pr\u00f3ximo viernes 18 de marzo en las inmediaciones del Museo Leonora Carrington. Fue la activista, Vanessa Hern\u00e1ndez, quien explic\u00f3 como surge esta iniciativa que busca generar espacios de inclusi\u00f3n y un empoderamiento social de la comunidad. &#8216;LGBTianguis es el resultado del primer mercado de la comunidad trans en San Luis Potos\u00ed gracias a la iniciativa de una de las miembres del equipo de trabajo, se conjuntaron esfuerzos para sumar [&hellip;]\" \/>\n<meta property=\"og:url\" content=\"https:\/\/canal7slp.tv\/2022\/activista-senala-que-alrededor-de-50-marcas-participaran-en-la-tercera-edicion-del-lgbtianguis\/\" \/>\n<meta property=\"og:site_name\" content=\"Canal 7 SLP - 2022\" \/>\n<meta property=\"article:publisher\" content=\"https:\/\/www.facebook.com\/noticieroscanalsiete\" \/>\n<meta property=\"article:published_time\" content=\"2022-03-10T22:25:11+00:00\" \/>\n<meta property=\"og:image\" content=\"https:\/\/canal7slp.tv\/2022\/wp-content\/uploads\/2022\/03\/Vazquez01LGBTianguis.jpg\" \/>\n\t<meta property=\"og:image:width\" content=\"888\" \/>\n\t<meta property=\"og:image:height\" content=\"500\" \/>\n\t<meta property=\"og:image:type\" content=\"image\/jpeg\" \/>\n<meta name=\"author\" content=\"Edici\u00f3n Web\" \/>\n<meta name=\"twitter:card\" content=\"summary_large_image\" \/>\n<meta name=\"twitter:creator\" content=\"@NOTICIEROS7\" \/>\n<meta name=\"twitter:site\" content=\"@NOTICIEROS7\" \/>\n<meta name=\"twitter:label1\" content=\"Escrito por\" \/>\n\t<meta name=\"twitter:data1\" content=\"Edici\u00f3n Web\" \/>\n\t<meta name=\"twitter:label2\" content=\"Tiempo de lectura\" \/>\n\t<meta name=\"twitter:data2\" content=\"2 minutos\" \/>\n<script type=\"application\/ld+json\" class=\"yoast-schema-graph\">{\"@context\":\"https:\\\/\\\/schema.org\",\"@graph\":[{\"@type\":\"Article\",\"@id\":\"https:\\\/\\\/canal7slp.tv\\\/2022\\\/activista-senala-que-alrededor-de-50-marcas-participaran-en-la-tercera-edicion-del-lgbtianguis\\\/#article\",\"isPartOf\":{\"@id\":\"https:\\\/\\\/canal7slp.tv\\\/2022\\\/activista-senala-que-alrededor-de-50-marcas-participaran-en-la-tercera-edicion-del-lgbtianguis\\\/\"},\"author\":{\"name\":\"Edici\u00f3n Web\",\"@id\":\"https:\\\/\\\/canal7slp.tv\\\/2022\\\/#\\\/schema\\\/person\\\/429704152a21f5f856ce29aa69a238da\"},\"headline\":\"Activista se\u00f1ala que alrededor de 50 marcas participaran en la tercera edici\u00f3n del LGBTianguis.\",\"datePublished\":\"2022-03-10T22:25:11+00:00\",\"mainEntityOfPage\":{\"@id\":\"https:\\\/\\\/canal7slp.tv\\\/2022\\\/activista-senala-que-alrededor-de-50-marcas-participaran-en-la-tercera-edicion-del-lgbtianguis\\\/\"},\"wordCount\":388,\"publisher\":{\"@id\":\"https:\\\/\\\/canal7slp.tv\\\/2022\\\/#organization\"},\"image\":{\"@id\":\"https:\\\/\\\/canal7slp.tv\\\/2022\\\/activista-senala-que-alrededor-de-50-marcas-participaran-en-la-tercera-edicion-del-lgbtianguis\\\/#primaryimage\"},\"thumbnailUrl\":\"https:\\\/\\\/canal7slp.tv\\\/2022\\\/wp-content\\\/uploads\\\/2022\\\/03\\\/Vazquez01LGBTianguis.jpg\",\"articleSection\":[\"DESTACADAS\",\"LOCALES Y REGIONALES\"],\"inLanguage\":\"es\"},{\"@type\":\"WebPage\",\"@id\":\"https:\\\/\\\/canal7slp.tv\\\/2022\\\/activista-senala-que-alrededor-de-50-marcas-participaran-en-la-tercera-edicion-del-lgbtianguis\\\/\",\"url\":\"https:\\\/\\\/canal7slp.tv\\\/2022\\\/activista-senala-que-alrededor-de-50-marcas-participaran-en-la-tercera-edicion-del-lgbtianguis\\\/\",\"name\":\"Activista se\u00f1ala que alrededor de 50 marcas participaran en la tercera edici\u00f3n del LGBTianguis. - Canal 7 SLP - 2022\",\"isPartOf\":{\"@id\":\"https:\\\/\\\/canal7slp.tv\\\/2022\\\/#website\"},\"primaryImageOfPage\":{\"@id\":\"https:\\\/\\\/canal7slp.tv\\\/2022\\\/activista-senala-que-alrededor-de-50-marcas-participaran-en-la-tercera-edicion-del-lgbtianguis\\\/#primaryimage\"},\"image\":{\"@id\":\"https:\\\/\\\/canal7slp.tv\\\/2022\\\/activista-senala-que-alrededor-de-50-marcas-participaran-en-la-tercera-edicion-del-lgbtianguis\\\/#primaryimage\"},\"thumbnailUrl\":\"https:\\\/\\\/canal7slp.tv\\\/2022\\\/wp-content\\\/uploads\\\/2022\\\/03\\\/Vazquez01LGBTianguis.jpg\",\"datePublished\":\"2022-03-10T22:25:11+00:00\",\"breadcrumb\":{\"@id\":\"https:\\\/\\\/canal7slp.tv\\\/2022\\\/activista-senala-que-alrededor-de-50-marcas-participaran-en-la-tercera-edicion-del-lgbtianguis\\\/#breadcrumb\"},\"inLanguage\":\"es\",\"potentialAction\":[{\"@type\":\"ReadAction\",\"target\":[\"https:\\\/\\\/canal7slp.tv\\\/2022\\\/activista-senala-que-alrededor-de-50-marcas-participaran-en-la-tercera-edicion-del-lgbtianguis\\\/\"]}]},{\"@type\":\"ImageObject\",\"inLanguage\":\"es\",\"@id\":\"https:\\\/\\\/canal7slp.tv\\\/2022\\\/activista-senala-que-alrededor-de-50-marcas-participaran-en-la-tercera-edicion-del-lgbtianguis\\\/#primaryimage\",\"url\":\"https:\\\/\\\/canal7slp.tv\\\/2022\\\/wp-content\\\/uploads\\\/2022\\\/03\\\/Vazquez01LGBTianguis.jpg\",\"contentUrl\":\"https:\\\/\\\/canal7slp.tv\\\/2022\\\/wp-content\\\/uploads\\\/2022\\\/03\\\/Vazquez01LGBTianguis.jpg\",\"width\":888,\"height\":500},{\"@type\":\"BreadcrumbList\",\"@id\":\"https:\\\/\\\/canal7slp.tv\\\/2022\\\/activista-senala-que-alrededor-de-50-marcas-participaran-en-la-tercera-edicion-del-lgbtianguis\\\/#breadcrumb\",\"itemListElement\":[{\"@type\":\"ListItem\",\"position\":1,\"name\":\"Portada\",\"item\":\"https:\\\/\\\/canal7slp.tv\\\/2022\\\/\"},{\"@type\":\"ListItem\",\"position\":2,\"name\":\"Activista se\u00f1ala que alrededor de 50 marcas participaran en la tercera edici\u00f3n del LGBTianguis.\"}]},{\"@type\":\"WebSite\",\"@id\":\"https:\\\/\\\/canal7slp.tv\\\/2022\\\/#website\",\"url\":\"https:\\\/\\\/canal7slp.tv\\\/2022\\\/\",\"name\":\"N7 - Noticieros Canal 7\",\"description\":\"Somos Televisi\u00f3n\",\"publisher\":{\"@id\":\"https:\\\/\\\/canal7slp.tv\\\/2022\\\/#organization\"},\"potentialAction\":[{\"@type\":\"SearchAction\",\"target\":{\"@type\":\"EntryPoint\",\"urlTemplate\":\"https:\\\/\\\/canal7slp.tv\\\/2022\\\/?s={search_term_string}\"},\"query-input\":{\"@type\":\"PropertyValueSpecification\",\"valueRequired\":true,\"valueName\":\"search_term_string\"}}],\"inLanguage\":\"es\"},{\"@type\":\"Organization\",\"@id\":\"https:\\\/\\\/canal7slp.tv\\\/2022\\\/#organization\",\"name\":\"Noticieros Canal 7\",\"url\":\"https:\\\/\\\/canal7slp.tv\\\/2022\\\/\",\"logo\":{\"@type\":\"ImageObject\",\"inLanguage\":\"es\",\"@id\":\"https:\\\/\\\/canal7slp.tv\\\/2022\\\/#\\\/schema\\\/logo\\\/image\\\/\",\"url\":\"https:\\\/\\\/canal7slp.tv\\\/2022\\\/wp-content\\\/uploads\\\/2021\\\/01\\\/logo-noticieros@2x.png\",\"contentUrl\":\"https:\\\/\\\/canal7slp.tv\\\/2022\\\/wp-content\\\/uploads\\\/2021\\\/01\\\/logo-noticieros@2x.png\",\"width\":1017,\"height\":268,\"caption\":\"Noticieros Canal 7\"},\"image\":{\"@id\":\"https:\\\/\\\/canal7slp.tv\\\/2022\\\/#\\\/schema\\\/logo\\\/image\\\/\"},\"sameAs\":[\"https:\\\/\\\/www.facebook.com\\\/noticieroscanalsiete\",\"https:\\\/\\\/x.com\\\/NOTICIEROS7\",\"https:\\\/\\\/www.instagram.com\\\/canal7_slp\",\"https:\\\/\\\/www.youtube.com\\\/channel\\\/UCliiYs-gP3JfJeqdPrNdd5A\"]},{\"@type\":\"Person\",\"@id\":\"https:\\\/\\\/canal7slp.tv\\\/2022\\\/#\\\/schema\\\/person\\\/429704152a21f5f856ce29aa69a238da\",\"name\":\"Edici\u00f3n Web\",\"image\":{\"@type\":\"ImageObject\",\"inLanguage\":\"es\",\"@id\":\"https:\\\/\\\/secure.gravatar.com\\\/avatar\\\/eee448fc3f7164808013b816ba91ac7e43bbe82a70bebac296f8bc6f0addaa1a?s=96&d=mm&r=g\",\"url\":\"https:\\\/\\\/secure.gravatar.com\\\/avatar\\\/eee448fc3f7164808013b816ba91ac7e43bbe82a70bebac296f8bc6f0addaa1a?s=96&d=mm&r=g\",\"contentUrl\":\"https:\\\/\\\/secure.gravatar.com\\\/avatar\\\/eee448fc3f7164808013b816ba91ac7e43bbe82a70bebac296f8bc6f0addaa1a?s=96&d=mm&r=g\",\"caption\":\"Edici\u00f3n Web\"},\"url\":\"https:\\\/\\\/canal7slp.tv\\\/2022\\\/author\\\/edicionweb\\\/\"}]}<\/script>\n<!-- \/ Yoast SEO plugin. -->","yoast_head_json":{"title":"Activista se\u00f1ala que alrededor de 50 marcas participaran en la tercera edici\u00f3n del LGBTianguis. - Canal 7 SLP - 2022","robots":{"index":"index","follow":"follow","max-snippet":"max-snippet:-1","max-image-preview":"max-image-preview:large","max-video-preview":"max-video-preview:-1"},"canonical":"https:\/\/canal7slp.tv\/2022\/activista-senala-que-alrededor-de-50-marcas-participaran-en-la-tercera-edicion-del-lgbtianguis\/","og_locale":"es_ES","og_type":"article","og_title":"Activista se\u00f1ala que alrededor de 50 marcas participaran en la tercera edici\u00f3n del LGBTianguis. - Canal 7 SLP - 2022","og_description":"SLP.- En rueda de prensa, representantes, emprendedores y aliados de la comunidad LGBT, anunciaron las actividades que se tienen planeadas para la tercera edici\u00f3n del LGBTianguis que se llevar\u00e1 acabo el pr\u00f3ximo viernes 18 de marzo en las inmediaciones del Museo Leonora Carrington. Fue la activista, Vanessa Hern\u00e1ndez, quien explic\u00f3 como surge esta iniciativa que busca generar espacios de inclusi\u00f3n y un empoderamiento social de la comunidad. &#8216;LGBTianguis es el resultado del primer mercado de la comunidad trans en San Luis Potos\u00ed gracias a la iniciativa de una de las miembres del equipo de trabajo, se conjuntaron esfuerzos para sumar [&hellip;]","og_url":"https:\/\/canal7slp.tv\/2022\/activista-senala-que-alrededor-de-50-marcas-participaran-en-la-tercera-edicion-del-lgbtianguis\/","og_site_name":"Canal 7 SLP - 2022","article_publisher":"https:\/\/www.facebook.com\/noticieroscanalsiete","article_published_time":"2022-03-10T22:25:11+00:00","og_image":[{"width":888,"height":500,"url":"https:\/\/canal7slp.tv\/2022\/wp-content\/uploads\/2022\/03\/Vazquez01LGBTianguis.jpg","type":"image\/jpeg"}],"author":"Edici\u00f3n Web","twitter_card":"summary_large_image","twitter_creator":"@NOTICIEROS7","twitter_site":"@NOTICIEROS7","twitter_misc":{"Escrito por":"Edici\u00f3n Web","Tiempo de lectura":"2 minutos"},"schema":{"@context":"https:\/\/schema.org","@graph":[{"@type":"Article","@id":"https:\/\/canal7slp.tv\/2022\/activista-senala-que-alrededor-de-50-marcas-participaran-en-la-tercera-edicion-del-lgbtianguis\/#article","isPartOf":{"@id":"https:\/\/canal7slp.tv\/2022\/activista-senala-que-alrededor-de-50-marcas-participaran-en-la-tercera-edicion-del-lgbtianguis\/"},"author":{"name":"Edici\u00f3n Web","@id":"https:\/\/canal7slp.tv\/2022\/#\/schema\/person\/429704152a21f5f856ce29aa69a238da"},"headline":"Activista se\u00f1ala que alrededor de 50 marcas participaran en la tercera edici\u00f3n del LGBTianguis.","datePublished":"2022-03-10T22:25:11+00:00","mainEntityOfPage":{"@id":"https:\/\/canal7slp.tv\/2022\/activista-senala-que-alrededor-de-50-marcas-participaran-en-la-tercera-edicion-del-lgbtianguis\/"},"wordCount":388,"publisher":{"@id":"https:\/\/canal7slp.tv\/2022\/#organization"},"image":{"@id":"https:\/\/canal7slp.tv\/2022\/activista-senala-que-alrededor-de-50-marcas-participaran-en-la-tercera-edicion-del-lgbtianguis\/#primaryimage"},"thumbnailUrl":"https:\/\/canal7slp.tv\/2022\/wp-content\/uploads\/2022\/03\/Vazquez01LGBTianguis.jpg","articleSection":["DESTACADAS","LOCALES Y REGIONALES"],"inLanguage":"es"},{"@type":"WebPage","@id":"https:\/\/canal7slp.tv\/2022\/activista-senala-que-alrededor-de-50-marcas-participaran-en-la-tercera-edicion-del-lgbtianguis\/","url":"https:\/\/canal7slp.tv\/2022\/activista-senala-que-alrededor-de-50-marcas-participaran-en-la-tercera-edicion-del-lgbtianguis\/","name":"Activista se\u00f1ala que alrededor de 50 marcas participaran en la tercera edici\u00f3n del LGBTianguis. - Canal 7 SLP - 2022","isPartOf":{"@id":"https:\/\/canal7slp.tv\/2022\/#website"},"primaryImageOfPage":{"@id":"https:\/\/canal7slp.tv\/2022\/activista-senala-que-alrededor-de-50-marcas-participaran-en-la-tercera-edicion-del-lgbtianguis\/#primaryimage"},"image":{"@id":"https:\/\/canal7slp.tv\/2022\/activista-senala-que-alrededor-de-50-marcas-participaran-en-la-tercera-edicion-del-lgbtianguis\/#primaryimage"},"thumbnailUrl":"https:\/\/canal7slp.tv\/2022\/wp-content\/uploads\/2022\/03\/Vazquez01LGBTianguis.jpg","datePublished":"2022-03-10T22:25:11+00:00","breadcrumb":{"@id":"https:\/\/canal7slp.tv\/2022\/activista-senala-que-alrededor-de-50-marcas-participaran-en-la-tercera-edicion-del-lgbtianguis\/#breadcrumb"},"inLanguage":"es","potentialAction":[{"@type":"ReadAction","target":["https:\/\/canal7slp.tv\/2022\/activista-senala-que-alrededor-de-50-marcas-participaran-en-la-tercera-edicion-del-lgbtianguis\/"]}]},{"@type":"ImageObject","inLanguage":"es","@id":"https:\/\/canal7slp.tv\/2022\/activista-senala-que-alrededor-de-50-marcas-participaran-en-la-tercera-edicion-del-lgbtianguis\/#primaryimage","url":"https:\/\/canal7slp.tv\/2022\/wp-content\/uploads\/2022\/03\/Vazquez01LGBTianguis.jpg","contentUrl":"https:\/\/canal7slp.tv\/2022\/wp-content\/uploads\/2022\/03\/Vazquez01LGBTianguis.jpg","width":888,"height":500},{"@type":"BreadcrumbList","@id":"https:\/\/canal7slp.tv\/2022\/activista-senala-que-alrededor-de-50-marcas-participaran-en-la-tercera-edicion-del-lgbtianguis\/#breadcrumb","itemListElement":[{"@type":"ListItem","position":1,"name":"Portada","item":"https:\/\/canal7slp.tv\/2022\/"},{"@type":"ListItem","position":2,"name":"Activista se\u00f1ala que alrededor de 50 marcas participaran en la tercera edici\u00f3n del LGBTianguis."}]},{"@type":"WebSite","@id":"https:\/\/canal7slp.tv\/2022\/#website","url":"https:\/\/canal7slp.tv\/2022\/","name":"N7 - Noticieros Canal 7","description":"Somos Televisi\u00f3n","publisher":{"@id":"https:\/\/canal7slp.tv\/2022\/#organization"},"potentialAction":[{"@type":"SearchAction","target":{"@type":"EntryPoint","urlTemplate":"https:\/\/canal7slp.tv\/2022\/?s={search_term_string}"},"query-input":{"@type":"PropertyValueSpecification","valueRequired":true,"valueName":"search_term_string"}}],"inLanguage":"es"},{"@type":"Organization","@id":"https:\/\/canal7slp.tv\/2022\/#organization","name":"Noticieros Canal 7","url":"https:\/\/canal7slp.tv\/2022\/","logo":{"@type":"ImageObject","inLanguage":"es","@id":"https:\/\/canal7slp.tv\/2022\/#\/schema\/logo\/image\/","url":"https:\/\/canal7slp.tv\/2022\/wp-content\/uploads\/2021\/01\/logo-noticieros@2x.png","contentUrl":"https:\/\/canal7slp.tv\/2022\/wp-content\/uploads\/2021\/01\/logo-noticieros@2x.png","width":1017,"height":268,"caption":"Noticieros Canal 7"},"image":{"@id":"https:\/\/canal7slp.tv\/2022\/#\/schema\/logo\/image\/"},"sameAs":["https:\/\/www.facebook.com\/noticieroscanalsiete","https:\/\/x.com\/NOTICIEROS7","https:\/\/www.instagram.com\/canal7_slp","https:\/\/www.youtube.com\/channel\/UCliiYs-gP3JfJeqdPrNdd5A"]},{"@type":"Person","@id":"https:\/\/canal7slp.tv\/2022\/#\/schema\/person\/429704152a21f5f856ce29aa69a238da","name":"Edici\u00f3n Web","image":{"@type":"ImageObject","inLanguage":"es","@id":"https:\/\/secure.gravatar.com\/avatar\/eee448fc3f7164808013b816ba91ac7e43bbe82a70bebac296f8bc6f0addaa1a?s=96&d=mm&r=g","url":"https:\/\/secure.gravatar.com\/avatar\/eee448fc3f7164808013b816ba91ac7e43bbe82a70bebac296f8bc6f0addaa1a?s=96&d=mm&r=g","contentUrl":"https:\/\/secure.gravatar.com\/avatar\/eee448fc3f7164808013b816ba91ac7e43bbe82a70bebac296f8bc6f0addaa1a?s=96&d=mm&r=g","caption":"Edici\u00f3n Web"},"url":"https:\/\/canal7slp.tv\/2022\/author\/edicionweb\/"}]}},"amp_enabled":true,"_links":{"self":[{"href":"https:\/\/canal7slp.tv\/2022\/wp-json\/wp\/v2\/posts\/53775","targetHints":{"allow":["GET"]}}],"collection":[{"href":"https:\/\/canal7slp.tv\/2022\/wp-json\/wp\/v2\/posts"}],"about":[{"href":"https:\/\/canal7slp.tv\/2022\/wp-json\/wp\/v2\/types\/post"}],"author":[{"embeddable":true,"href":"https:\/\/canal7slp.tv\/2022\/wp-json\/wp\/v2\/users\/2"}],"replies":[{"embeddable":true,"href":"https:\/\/canal7slp.tv\/2022\/wp-json\/wp\/v2\/comments?post=53775"}],"version-history":[{"count":1,"href":"https:\/\/canal7slp.tv\/2022\/wp-json\/wp\/v2\/posts\/53775\/revisions"}],"predecessor-version":[{"id":53777,"href":"https:\/\/canal7slp.tv\/2022\/wp-json\/wp\/v2\/posts\/53775\/revisions\/53777"}],"wp:featuredmedia":[{"embeddable":true,"href":"https:\/\/canal7slp.tv\/2022\/wp-json\/wp\/v2\/media\/53776"}],"wp:attachment":[{"href":"https:\/\/canal7slp.tv\/2022\/wp-json\/wp\/v2\/media?parent=53775"}],"wp:term":[{"taxonomy":"category","embeddable":true,"href":"https:\/\/canal7slp.tv\/2022\/wp-json\/wp\/v2\/categories?post=53775"},{"taxonomy":"post_tag","embeddable":true,"href":"https:\/\/canal7slp.tv\/2022\/wp-json\/wp\/v2\/tags?post=53775"}],"curies":[{"name":"wp","href":"https:\/\/api.w.org\/{rel}","templated":true}]}}