{"id":53755,"date":"2022-03-10T15:53:47","date_gmt":"2022-03-10T21:53:47","guid":{"rendered":"https:\/\/canal7slp.tv\/2022\/?p=53755"},"modified":"2022-03-10T15:53:47","modified_gmt":"2022-03-10T21:53:47","slug":"sin-consolidarse-el-alto-al-fuego-en-ucrania","status":"publish","type":"post","link":"https:\/\/canal7slp.tv\/2022\/sin-consolidarse-el-alto-al-fuego-en-ucrania\/","title":{"rendered":"Sin consolidarse el alto al fuego en Ucrania"},"content":{"rendered":"<p style=\"text-align: justify;\">Turqu\u00eda.- A dos semanas de haber iniciado la invasi\u00f3n de Rusia a Ucrania, este 10 de marzo no se logr\u00f3 en Turqu\u00eda acordar un alto al fuego.<\/p>\n<p style=\"text-align: justify;\">\u201cQuer\u00edamos obtener un alto al fuego de 24 horas. Lavrov dijo que Mosc\u00fa quer\u00eda hablar de corredores humanitarios\u201d, se\u00f1al\u00f3 Dmytro Kuleba, ministro ucraniano de Relaciones Exteriores.<\/p>\n<p style=\"text-align: justify;\">Asimismo, asever\u00f3 que Rusia pretende continuar su agresi\u00f3n hasta que Ucrania \u201ccapitule\u201d.<\/p>\n<p style=\"text-align: justify;\">\u201cEscuch\u00e9 hoy que el alto el fuego est\u00e1 vinculado, por parte de Rusia, al respeto de las exigencias manifestadas por el presidente Putin a Ucrania, pero Ucrania no se ha rendido, no se rinde y no se rendir\u00e1\u201d, agreg\u00f3.<\/p>\n<p style=\"text-align: justify;\">Sergu\u00e9i V\u00edktorovich Lavrov, ministro ruso de Relaciones Exteriores, declar\u00f3 que su naci\u00f3n estaba dispuesto a seguir conversando en el mismo formato de los tres primeros encuentros en Bielorrusia y que un encuentro entre Putin y el mandatario ucraniano, Volodimir Zelenski, estaba por ahora descartado.<\/p>\n","protected":false},"excerpt":{"rendered":"<p>Turqu\u00eda.- A dos semanas de haber iniciado la invasi\u00f3n de Rusia a Ucrania, este 10 de marzo no se logr\u00f3 en Turqu\u00eda acordar un alto al fuego. \u201cQuer\u00edamos obtener un alto al fuego de 24 horas. Lavrov dijo que Mosc\u00fa quer\u00eda hablar de corredores humanitarios\u201d, se\u00f1al\u00f3 Dmytro Kuleba, ministro ucraniano de Relaciones Exteriores. Asimismo, asever\u00f3 que Rusia pretende continuar su agresi\u00f3n hasta que Ucrania \u201ccapitule\u201d. \u201cEscuch\u00e9 hoy que el alto el fuego est\u00e1 vinculado, por parte de Rusia, al respeto de las exigencias manifestadas por el presidente Putin a Ucrania, pero Ucrania no se ha rendido, no se rinde y [&hellip;]<\/p>\n","protected":false},"author":2,"featured_media":53768,"comment_status":"closed","ping_status":"closed","sticky":false,"template":"","format":"standard","meta":{"footnotes":""},"categories":[44],"tags":[],"class_list":["post-53755","post","type-post","status-publish","format-standard","has-post-thumbnail","hentry","category-internacional","post--single"],"yoast_head":"<!-- This site is optimized with the Yoast SEO plugin v27.4 - https:\/\/yoast.com\/product\/yoast-seo-wordpress\/ -->\n<title>Sin consolidarse el alto al fuego en Ucrania - Canal 7 SLP - 2022<\/title>\n<meta name=\"robots\" content=\"index, follow, max-snippet:-1, max-image-preview:large, max-video-preview:-1\" \/>\n<link rel=\"canonical\" href=\"https:\/\/canal7slp.tv\/2022\/sin-consolidarse-el-alto-al-fuego-en-ucrania\/\" \/>\n<meta property=\"og:locale\" content=\"es_ES\" \/>\n<meta property=\"og:type\" content=\"article\" \/>\n<meta property=\"og:title\" content=\"Sin consolidarse el alto al fuego en Ucrania - Canal 7 SLP - 2022\" \/>\n<meta property=\"og:description\" content=\"Turqu\u00eda.- A dos semanas de haber iniciado la invasi\u00f3n de Rusia a Ucrania, este 10 de marzo no se logr\u00f3 en Turqu\u00eda acordar un alto al fuego. \u201cQuer\u00edamos obtener un alto al fuego de 24 horas. Lavrov dijo que Mosc\u00fa quer\u00eda hablar de corredores humanitarios\u201d, se\u00f1al\u00f3 Dmytro Kuleba, ministro ucraniano de Relaciones Exteriores. Asimismo, asever\u00f3 que Rusia pretende continuar su agresi\u00f3n hasta que Ucrania \u201ccapitule\u201d. \u201cEscuch\u00e9 hoy que el alto el fuego est\u00e1 vinculado, por parte de Rusia, al respeto de las exigencias manifestadas por el presidente Putin a Ucrania, pero Ucrania no se ha rendido, no se rinde y [&hellip;]\" \/>\n<meta property=\"og:url\" content=\"https:\/\/canal7slp.tv\/2022\/sin-consolidarse-el-alto-al-fuego-en-ucrania\/\" \/>\n<meta property=\"og:site_name\" content=\"Canal 7 SLP - 2022\" \/>\n<meta property=\"article:publisher\" content=\"https:\/\/www.facebook.com\/noticieroscanalsiete\" \/>\n<meta property=\"article:published_time\" content=\"2022-03-10T21:53:47+00:00\" \/>\n<meta property=\"og:image\" content=\"https:\/\/canal7slp.tv\/2022\/wp-content\/uploads\/2022\/03\/05-1.jpeg\" \/>\n\t<meta property=\"og:image:width\" content=\"656\" \/>\n\t<meta property=\"og:image:height\" content=\"370\" \/>\n\t<meta property=\"og:image:type\" content=\"image\/jpeg\" \/>\n<meta name=\"author\" content=\"Edici\u00f3n Web\" \/>\n<meta name=\"twitter:card\" content=\"summary_large_image\" \/>\n<meta name=\"twitter:creator\" content=\"@NOTICIEROS7\" \/>\n<meta name=\"twitter:site\" content=\"@NOTICIEROS7\" \/>\n<meta name=\"twitter:label1\" content=\"Escrito por\" \/>\n\t<meta name=\"twitter:data1\" content=\"Edici\u00f3n Web\" \/>\n\t<meta name=\"twitter:label2\" content=\"Tiempo de lectura\" \/>\n\t<meta name=\"twitter:data2\" content=\"1 minuto\" \/>\n<script type=\"application\/ld+json\" class=\"yoast-schema-graph\">{\"@context\":\"https:\\\/\\\/schema.org\",\"@graph\":[{\"@type\":\"Article\",\"@id\":\"https:\\\/\\\/canal7slp.tv\\\/2022\\\/sin-consolidarse-el-alto-al-fuego-en-ucrania\\\/#article\",\"isPartOf\":{\"@id\":\"https:\\\/\\\/canal7slp.tv\\\/2022\\\/sin-consolidarse-el-alto-al-fuego-en-ucrania\\\/\"},\"author\":{\"name\":\"Edici\u00f3n Web\",\"@id\":\"https:\\\/\\\/canal7slp.tv\\\/2022\\\/#\\\/schema\\\/person\\\/429704152a21f5f856ce29aa69a238da\"},\"headline\":\"Sin consolidarse el alto al fuego en Ucrania\",\"datePublished\":\"2022-03-10T21:53:47+00:00\",\"mainEntityOfPage\":{\"@id\":\"https:\\\/\\\/canal7slp.tv\\\/2022\\\/sin-consolidarse-el-alto-al-fuego-en-ucrania\\\/\"},\"wordCount\":165,\"publisher\":{\"@id\":\"https:\\\/\\\/canal7slp.tv\\\/2022\\\/#organization\"},\"image\":{\"@id\":\"https:\\\/\\\/canal7slp.tv\\\/2022\\\/sin-consolidarse-el-alto-al-fuego-en-ucrania\\\/#primaryimage\"},\"thumbnailUrl\":\"https:\\\/\\\/canal7slp.tv\\\/2022\\\/wp-content\\\/uploads\\\/2022\\\/03\\\/05-1.jpeg\",\"articleSection\":[\"INTERNACIONALES\"],\"inLanguage\":\"es\"},{\"@type\":\"WebPage\",\"@id\":\"https:\\\/\\\/canal7slp.tv\\\/2022\\\/sin-consolidarse-el-alto-al-fuego-en-ucrania\\\/\",\"url\":\"https:\\\/\\\/canal7slp.tv\\\/2022\\\/sin-consolidarse-el-alto-al-fuego-en-ucrania\\\/\",\"name\":\"Sin consolidarse el alto al fuego en Ucrania - Canal 7 SLP - 2022\",\"isPartOf\":{\"@id\":\"https:\\\/\\\/canal7slp.tv\\\/2022\\\/#website\"},\"primaryImageOfPage\":{\"@id\":\"https:\\\/\\\/canal7slp.tv\\\/2022\\\/sin-consolidarse-el-alto-al-fuego-en-ucrania\\\/#primaryimage\"},\"image\":{\"@id\":\"https:\\\/\\\/canal7slp.tv\\\/2022\\\/sin-consolidarse-el-alto-al-fuego-en-ucrania\\\/#primaryimage\"},\"thumbnailUrl\":\"https:\\\/\\\/canal7slp.tv\\\/2022\\\/wp-content\\\/uploads\\\/2022\\\/03\\\/05-1.jpeg\",\"datePublished\":\"2022-03-10T21:53:47+00:00\",\"breadcrumb\":{\"@id\":\"https:\\\/\\\/canal7slp.tv\\\/2022\\\/sin-consolidarse-el-alto-al-fuego-en-ucrania\\\/#breadcrumb\"},\"inLanguage\":\"es\",\"potentialAction\":[{\"@type\":\"ReadAction\",\"target\":[\"https:\\\/\\\/canal7slp.tv\\\/2022\\\/sin-consolidarse-el-alto-al-fuego-en-ucrania\\\/\"]}]},{\"@type\":\"ImageObject\",\"inLanguage\":\"es\",\"@id\":\"https:\\\/\\\/canal7slp.tv\\\/2022\\\/sin-consolidarse-el-alto-al-fuego-en-ucrania\\\/#primaryimage\",\"url\":\"https:\\\/\\\/canal7slp.tv\\\/2022\\\/wp-content\\\/uploads\\\/2022\\\/03\\\/05-1.jpeg\",\"contentUrl\":\"https:\\\/\\\/canal7slp.tv\\\/2022\\\/wp-content\\\/uploads\\\/2022\\\/03\\\/05-1.jpeg\",\"width\":656,\"height\":370},{\"@type\":\"BreadcrumbList\",\"@id\":\"https:\\\/\\\/canal7slp.tv\\\/2022\\\/sin-consolidarse-el-alto-al-fuego-en-ucrania\\\/#breadcrumb\",\"itemListElement\":[{\"@type\":\"ListItem\",\"position\":1,\"name\":\"Portada\",\"item\":\"https:\\\/\\\/canal7slp.tv\\\/2022\\\/\"},{\"@type\":\"ListItem\",\"position\":2,\"name\":\"Sin consolidarse el alto al fuego en Ucrania\"}]},{\"@type\":\"WebSite\",\"@id\":\"https:\\\/\\\/canal7slp.tv\\\/2022\\\/#website\",\"url\":\"https:\\\/\\\/canal7slp.tv\\\/2022\\\/\",\"name\":\"N7 - Noticieros Canal 7\",\"description\":\"Somos Televisi\u00f3n\",\"publisher\":{\"@id\":\"https:\\\/\\\/canal7slp.tv\\\/2022\\\/#organization\"},\"potentialAction\":[{\"@type\":\"SearchAction\",\"target\":{\"@type\":\"EntryPoint\",\"urlTemplate\":\"https:\\\/\\\/canal7slp.tv\\\/2022\\\/?s={search_term_string}\"},\"query-input\":{\"@type\":\"PropertyValueSpecification\",\"valueRequired\":true,\"valueName\":\"search_term_string\"}}],\"inLanguage\":\"es\"},{\"@type\":\"Organization\",\"@id\":\"https:\\\/\\\/canal7slp.tv\\\/2022\\\/#organization\",\"name\":\"Noticieros Canal 7\",\"url\":\"https:\\\/\\\/canal7slp.tv\\\/2022\\\/\",\"logo\":{\"@type\":\"ImageObject\",\"inLanguage\":\"es\",\"@id\":\"https:\\\/\\\/canal7slp.tv\\\/2022\\\/#\\\/schema\\\/logo\\\/image\\\/\",\"url\":\"https:\\\/\\\/canal7slp.tv\\\/2022\\\/wp-content\\\/uploads\\\/2021\\\/01\\\/logo-noticieros@2x.png\",\"contentUrl\":\"https:\\\/\\\/canal7slp.tv\\\/2022\\\/wp-content\\\/uploads\\\/2021\\\/01\\\/logo-noticieros@2x.png\",\"width\":1017,\"height\":268,\"caption\":\"Noticieros Canal 7\"},\"image\":{\"@id\":\"https:\\\/\\\/canal7slp.tv\\\/2022\\\/#\\\/schema\\\/logo\\\/image\\\/\"},\"sameAs\":[\"https:\\\/\\\/www.facebook.com\\\/noticieroscanalsiete\",\"https:\\\/\\\/x.com\\\/NOTICIEROS7\",\"https:\\\/\\\/www.instagram.com\\\/canal7_slp\",\"https:\\\/\\\/www.youtube.com\\\/channel\\\/UCliiYs-gP3JfJeqdPrNdd5A\"]},{\"@type\":\"Person\",\"@id\":\"https:\\\/\\\/canal7slp.tv\\\/2022\\\/#\\\/schema\\\/person\\\/429704152a21f5f856ce29aa69a238da\",\"name\":\"Edici\u00f3n Web\",\"image\":{\"@type\":\"ImageObject\",\"inLanguage\":\"es\",\"@id\":\"https:\\\/\\\/secure.gravatar.com\\\/avatar\\\/eee448fc3f7164808013b816ba91ac7e43bbe82a70bebac296f8bc6f0addaa1a?s=96&d=mm&r=g\",\"url\":\"https:\\\/\\\/secure.gravatar.com\\\/avatar\\\/eee448fc3f7164808013b816ba91ac7e43bbe82a70bebac296f8bc6f0addaa1a?s=96&d=mm&r=g\",\"contentUrl\":\"https:\\\/\\\/secure.gravatar.com\\\/avatar\\\/eee448fc3f7164808013b816ba91ac7e43bbe82a70bebac296f8bc6f0addaa1a?s=96&d=mm&r=g\",\"caption\":\"Edici\u00f3n Web\"},\"url\":\"https:\\\/\\\/canal7slp.tv\\\/2022\\\/author\\\/edicionweb\\\/\"}]}<\/script>\n<!-- \/ Yoast SEO plugin. -->","yoast_head_json":{"title":"Sin consolidarse el alto al fuego en Ucrania - Canal 7 SLP - 2022","robots":{"index":"index","follow":"follow","max-snippet":"max-snippet:-1","max-image-preview":"max-image-preview:large","max-video-preview":"max-video-preview:-1"},"canonical":"https:\/\/canal7slp.tv\/2022\/sin-consolidarse-el-alto-al-fuego-en-ucrania\/","og_locale":"es_ES","og_type":"article","og_title":"Sin consolidarse el alto al fuego en Ucrania - Canal 7 SLP - 2022","og_description":"Turqu\u00eda.- A dos semanas de haber iniciado la invasi\u00f3n de Rusia a Ucrania, este 10 de marzo no se logr\u00f3 en Turqu\u00eda acordar un alto al fuego. \u201cQuer\u00edamos obtener un alto al fuego de 24 horas. Lavrov dijo que Mosc\u00fa quer\u00eda hablar de corredores humanitarios\u201d, se\u00f1al\u00f3 Dmytro Kuleba, ministro ucraniano de Relaciones Exteriores. Asimismo, asever\u00f3 que Rusia pretende continuar su agresi\u00f3n hasta que Ucrania \u201ccapitule\u201d. \u201cEscuch\u00e9 hoy que el alto el fuego est\u00e1 vinculado, por parte de Rusia, al respeto de las exigencias manifestadas por el presidente Putin a Ucrania, pero Ucrania no se ha rendido, no se rinde y [&hellip;]","og_url":"https:\/\/canal7slp.tv\/2022\/sin-consolidarse-el-alto-al-fuego-en-ucrania\/","og_site_name":"Canal 7 SLP - 2022","article_publisher":"https:\/\/www.facebook.com\/noticieroscanalsiete","article_published_time":"2022-03-10T21:53:47+00:00","og_image":[{"width":656,"height":370,"url":"https:\/\/canal7slp.tv\/2022\/wp-content\/uploads\/2022\/03\/05-1.jpeg","type":"image\/jpeg"}],"author":"Edici\u00f3n Web","twitter_card":"summary_large_image","twitter_creator":"@NOTICIEROS7","twitter_site":"@NOTICIEROS7","twitter_misc":{"Escrito por":"Edici\u00f3n Web","Tiempo de lectura":"1 minuto"},"schema":{"@context":"https:\/\/schema.org","@graph":[{"@type":"Article","@id":"https:\/\/canal7slp.tv\/2022\/sin-consolidarse-el-alto-al-fuego-en-ucrania\/#article","isPartOf":{"@id":"https:\/\/canal7slp.tv\/2022\/sin-consolidarse-el-alto-al-fuego-en-ucrania\/"},"author":{"name":"Edici\u00f3n Web","@id":"https:\/\/canal7slp.tv\/2022\/#\/schema\/person\/429704152a21f5f856ce29aa69a238da"},"headline":"Sin consolidarse el alto al fuego en Ucrania","datePublished":"2022-03-10T21:53:47+00:00","mainEntityOfPage":{"@id":"https:\/\/canal7slp.tv\/2022\/sin-consolidarse-el-alto-al-fuego-en-ucrania\/"},"wordCount":165,"publisher":{"@id":"https:\/\/canal7slp.tv\/2022\/#organization"},"image":{"@id":"https:\/\/canal7slp.tv\/2022\/sin-consolidarse-el-alto-al-fuego-en-ucrania\/#primaryimage"},"thumbnailUrl":"https:\/\/canal7slp.tv\/2022\/wp-content\/uploads\/2022\/03\/05-1.jpeg","articleSection":["INTERNACIONALES"],"inLanguage":"es"},{"@type":"WebPage","@id":"https:\/\/canal7slp.tv\/2022\/sin-consolidarse-el-alto-al-fuego-en-ucrania\/","url":"https:\/\/canal7slp.tv\/2022\/sin-consolidarse-el-alto-al-fuego-en-ucrania\/","name":"Sin consolidarse el alto al fuego en Ucrania - Canal 7 SLP - 2022","isPartOf":{"@id":"https:\/\/canal7slp.tv\/2022\/#website"},"primaryImageOfPage":{"@id":"https:\/\/canal7slp.tv\/2022\/sin-consolidarse-el-alto-al-fuego-en-ucrania\/#primaryimage"},"image":{"@id":"https:\/\/canal7slp.tv\/2022\/sin-consolidarse-el-alto-al-fuego-en-ucrania\/#primaryimage"},"thumbnailUrl":"https:\/\/canal7slp.tv\/2022\/wp-content\/uploads\/2022\/03\/05-1.jpeg","datePublished":"2022-03-10T21:53:47+00:00","breadcrumb":{"@id":"https:\/\/canal7slp.tv\/2022\/sin-consolidarse-el-alto-al-fuego-en-ucrania\/#breadcrumb"},"inLanguage":"es","potentialAction":[{"@type":"ReadAction","target":["https:\/\/canal7slp.tv\/2022\/sin-consolidarse-el-alto-al-fuego-en-ucrania\/"]}]},{"@type":"ImageObject","inLanguage":"es","@id":"https:\/\/canal7slp.tv\/2022\/sin-consolidarse-el-alto-al-fuego-en-ucrania\/#primaryimage","url":"https:\/\/canal7slp.tv\/2022\/wp-content\/uploads\/2022\/03\/05-1.jpeg","contentUrl":"https:\/\/canal7slp.tv\/2022\/wp-content\/uploads\/2022\/03\/05-1.jpeg","width":656,"height":370},{"@type":"BreadcrumbList","@id":"https:\/\/canal7slp.tv\/2022\/sin-consolidarse-el-alto-al-fuego-en-ucrania\/#breadcrumb","itemListElement":[{"@type":"ListItem","position":1,"name":"Portada","item":"https:\/\/canal7slp.tv\/2022\/"},{"@type":"ListItem","position":2,"name":"Sin consolidarse el alto al fuego en Ucrania"}]},{"@type":"WebSite","@id":"https:\/\/canal7slp.tv\/2022\/#website","url":"https:\/\/canal7slp.tv\/2022\/","name":"N7 - Noticieros Canal 7","description":"Somos Televisi\u00f3n","publisher":{"@id":"https:\/\/canal7slp.tv\/2022\/#organization"},"potentialAction":[{"@type":"SearchAction","target":{"@type":"EntryPoint","urlTemplate":"https:\/\/canal7slp.tv\/2022\/?s={search_term_string}"},"query-input":{"@type":"PropertyValueSpecification","valueRequired":true,"valueName":"search_term_string"}}],"inLanguage":"es"},{"@type":"Organization","@id":"https:\/\/canal7slp.tv\/2022\/#organization","name":"Noticieros Canal 7","url":"https:\/\/canal7slp.tv\/2022\/","logo":{"@type":"ImageObject","inLanguage":"es","@id":"https:\/\/canal7slp.tv\/2022\/#\/schema\/logo\/image\/","url":"https:\/\/canal7slp.tv\/2022\/wp-content\/uploads\/2021\/01\/logo-noticieros@2x.png","contentUrl":"https:\/\/canal7slp.tv\/2022\/wp-content\/uploads\/2021\/01\/logo-noticieros@2x.png","width":1017,"height":268,"caption":"Noticieros Canal 7"},"image":{"@id":"https:\/\/canal7slp.tv\/2022\/#\/schema\/logo\/image\/"},"sameAs":["https:\/\/www.facebook.com\/noticieroscanalsiete","https:\/\/x.com\/NOTICIEROS7","https:\/\/www.instagram.com\/canal7_slp","https:\/\/www.youtube.com\/channel\/UCliiYs-gP3JfJeqdPrNdd5A"]},{"@type":"Person","@id":"https:\/\/canal7slp.tv\/2022\/#\/schema\/person\/429704152a21f5f856ce29aa69a238da","name":"Edici\u00f3n Web","image":{"@type":"ImageObject","inLanguage":"es","@id":"https:\/\/secure.gravatar.com\/avatar\/eee448fc3f7164808013b816ba91ac7e43bbe82a70bebac296f8bc6f0addaa1a?s=96&d=mm&r=g","url":"https:\/\/secure.gravatar.com\/avatar\/eee448fc3f7164808013b816ba91ac7e43bbe82a70bebac296f8bc6f0addaa1a?s=96&d=mm&r=g","contentUrl":"https:\/\/secure.gravatar.com\/avatar\/eee448fc3f7164808013b816ba91ac7e43bbe82a70bebac296f8bc6f0addaa1a?s=96&d=mm&r=g","caption":"Edici\u00f3n Web"},"url":"https:\/\/canal7slp.tv\/2022\/author\/edicionweb\/"}]}},"amp_enabled":true,"_links":{"self":[{"href":"https:\/\/canal7slp.tv\/2022\/wp-json\/wp\/v2\/posts\/53755","targetHints":{"allow":["GET"]}}],"collection":[{"href":"https:\/\/canal7slp.tv\/2022\/wp-json\/wp\/v2\/posts"}],"about":[{"href":"https:\/\/canal7slp.tv\/2022\/wp-json\/wp\/v2\/types\/post"}],"author":[{"embeddable":true,"href":"https:\/\/canal7slp.tv\/2022\/wp-json\/wp\/v2\/users\/2"}],"replies":[{"embeddable":true,"href":"https:\/\/canal7slp.tv\/2022\/wp-json\/wp\/v2\/comments?post=53755"}],"version-history":[{"count":2,"href":"https:\/\/canal7slp.tv\/2022\/wp-json\/wp\/v2\/posts\/53755\/revisions"}],"predecessor-version":[{"id":53774,"href":"https:\/\/canal7slp.tv\/2022\/wp-json\/wp\/v2\/posts\/53755\/revisions\/53774"}],"wp:featuredmedia":[{"embeddable":true,"href":"https:\/\/canal7slp.tv\/2022\/wp-json\/wp\/v2\/media\/53768"}],"wp:attachment":[{"href":"https:\/\/canal7slp.tv\/2022\/wp-json\/wp\/v2\/media?parent=53755"}],"wp:term":[{"taxonomy":"category","embeddable":true,"href":"https:\/\/canal7slp.tv\/2022\/wp-json\/wp\/v2\/categories?post=53755"},{"taxonomy":"post_tag","embeddable":true,"href":"https:\/\/canal7slp.tv\/2022\/wp-json\/wp\/v2\/tags?post=53755"}],"curies":[{"name":"wp","href":"https:\/\/api.w.org\/{rel}","templated":true}]}}