{"id":53753,"date":"2022-03-10T15:53:53","date_gmt":"2022-03-10T21:53:53","guid":{"rendered":"https:\/\/canal7slp.tv\/2022\/?p=53753"},"modified":"2022-03-10T15:53:53","modified_gmt":"2022-03-10T21:53:53","slug":"sre-anuncia-segundo-vuelo-de-rescate-de-la-fuerza-aerea-mexicana-con-destino-a-rumania","status":"publish","type":"post","link":"https:\/\/canal7slp.tv\/2022\/sre-anuncia-segundo-vuelo-de-rescate-de-la-fuerza-aerea-mexicana-con-destino-a-rumania\/","title":{"rendered":"SRE anuncia segundo vuelo de rescate de la Fuerza A\u00e9rea Mexicana con destino a Rumania"},"content":{"rendered":"<p style=\"text-align: justify;\">M\u00e9xico.- Como parte de la operaci\u00f3n de rescate de connacionales provenientes de Ucrania., Marcelo Luis Ebrard Casaub\u00f3n, titular de la Secretar\u00eda de Relaciones Exteriores, anunci\u00f3 la salida de un segundo vuelo de la Fuerza A\u00e9rea Mexicana.<\/p>\n<p style=\"text-align: justify;\">Asimismo, detall\u00f3 que la aeronave lleva 1.5 toneladas de colchonetas y medinas para los refugiados en Rumania.<\/p>\n<blockquote class=\"twitter-tweet\" data-width=\"550\" data-dnt=\"true\">\n<p lang=\"es\" dir=\"ltr\">Ma\u00f1ana a las 10 am despega segundo vuelo de la operaci\u00f3n de rescate de connacionales provenientes de Ucrania ordenada por el Presidente L\u00f3pez Obrador. Lleva 1.5  toneladas de colchonetas y medicinas para los refugiados en Rumania. Gracias SEDENA y Fuerza A\u00e9rea Mexicana!! <a href=\"https:\/\/t.co\/NV5XfkVA67\">pic.twitter.com\/NV5XfkVA67<\/a><\/p>\n<p>&mdash; Marcelo Ebrard C. (@m_ebrard) <a href=\"https:\/\/twitter.com\/m_ebrard\/status\/1501956011913064450?ref_src=twsrc%5Etfw\">March 10, 2022<\/a><\/p><\/blockquote>\n<p><script async src=\"https:\/\/platform.twitter.com\/widgets.js\" charset=\"utf-8\"><\/script><\/p>\n<p style=\"text-align: justify;\">\u201cMa\u00f1ana a las 10 am despega segundo vuelo de la operaci\u00f3n de rescate de connacionales provenientes de Ucrania ordenada por el Presidente L\u00f3pez Obrador.<\/p>\n<p style=\"text-align: justify;\">Lleva 1.5\u00a0toneladas de colchonetas y medicinas para los refugiados en Rumania. Gracias Sedena y Fuerza A\u00e9rea Mexicana.\u201d, declar\u00f3.<\/p>\n","protected":false},"excerpt":{"rendered":"<p>M\u00e9xico.- Como parte de la operaci\u00f3n de rescate de connacionales provenientes de Ucrania., Marcelo Luis Ebrard Casaub\u00f3n, titular de la Secretar\u00eda de Relaciones Exteriores, anunci\u00f3 la salida de un segundo vuelo de la Fuerza A\u00e9rea Mexicana. Asimismo, detall\u00f3 que la aeronave lleva 1.5 toneladas de colchonetas y medinas para los refugiados en Rumania. Ma\u00f1ana a las 10 am despega segundo vuelo de la operaci\u00f3n de rescate de connacionales provenientes de Ucrania ordenada por el Presidente L\u00f3pez Obrador. Lleva 1.5 toneladas de colchonetas y medicinas para los refugiados en Rumania. Gracias SEDENA y Fuerza A\u00e9rea Mexicana!! pic.twitter.com\/NV5XfkVA67 &mdash; Marcelo Ebrard C. [&hellip;]<\/p>\n","protected":false},"author":2,"featured_media":53765,"comment_status":"closed","ping_status":"closed","sticky":false,"template":"","format":"standard","meta":{"footnotes":""},"categories":[46],"tags":[],"class_list":["post-53753","post","type-post","status-publish","format-standard","has-post-thumbnail","hentry","category-nacional","post--single"],"yoast_head":"<!-- This site is optimized with the Yoast SEO plugin v27.4 - https:\/\/yoast.com\/product\/yoast-seo-wordpress\/ -->\n<title>SRE anuncia segundo vuelo de rescate de la Fuerza A\u00e9rea Mexicana con destino a Rumania - Canal 7 SLP - 2022<\/title>\n<meta name=\"robots\" content=\"index, follow, max-snippet:-1, max-image-preview:large, max-video-preview:-1\" \/>\n<link rel=\"canonical\" href=\"https:\/\/canal7slp.tv\/2022\/sre-anuncia-segundo-vuelo-de-rescate-de-la-fuerza-aerea-mexicana-con-destino-a-rumania\/\" \/>\n<meta property=\"og:locale\" content=\"es_ES\" \/>\n<meta property=\"og:type\" content=\"article\" \/>\n<meta property=\"og:title\" content=\"SRE anuncia segundo vuelo de rescate de la Fuerza A\u00e9rea Mexicana con destino a Rumania - Canal 7 SLP - 2022\" \/>\n<meta property=\"og:description\" content=\"M\u00e9xico.- Como parte de la operaci\u00f3n de rescate de connacionales provenientes de Ucrania., Marcelo Luis Ebrard Casaub\u00f3n, titular de la Secretar\u00eda de Relaciones Exteriores, anunci\u00f3 la salida de un segundo vuelo de la Fuerza A\u00e9rea Mexicana. Asimismo, detall\u00f3 que la aeronave lleva 1.5 toneladas de colchonetas y medinas para los refugiados en Rumania. Ma\u00f1ana a las 10 am despega segundo vuelo de la operaci\u00f3n de rescate de connacionales provenientes de Ucrania ordenada por el Presidente L\u00f3pez Obrador. Lleva 1.5 toneladas de colchonetas y medicinas para los refugiados en Rumania. Gracias SEDENA y Fuerza A\u00e9rea Mexicana!! pic.twitter.com\/NV5XfkVA67 &mdash; Marcelo Ebrard C. [&hellip;]\" \/>\n<meta property=\"og:url\" content=\"https:\/\/canal7slp.tv\/2022\/sre-anuncia-segundo-vuelo-de-rescate-de-la-fuerza-aerea-mexicana-con-destino-a-rumania\/\" \/>\n<meta property=\"og:site_name\" content=\"Canal 7 SLP - 2022\" \/>\n<meta property=\"article:publisher\" content=\"https:\/\/www.facebook.com\/noticieroscanalsiete\" \/>\n<meta property=\"article:published_time\" content=\"2022-03-10T21:53:53+00:00\" \/>\n<meta property=\"og:image\" content=\"https:\/\/canal7slp.tv\/2022\/wp-content\/uploads\/2022\/03\/03-7.jpg\" \/>\n\t<meta property=\"og:image:width\" content=\"500\" \/>\n\t<meta property=\"og:image:height\" content=\"332\" \/>\n\t<meta property=\"og:image:type\" content=\"image\/jpeg\" \/>\n<meta name=\"author\" content=\"Edici\u00f3n Web\" \/>\n<meta name=\"twitter:card\" content=\"summary_large_image\" \/>\n<meta name=\"twitter:creator\" content=\"@NOTICIEROS7\" \/>\n<meta name=\"twitter:site\" content=\"@NOTICIEROS7\" \/>\n<meta name=\"twitter:label1\" content=\"Escrito por\" \/>\n\t<meta name=\"twitter:data1\" content=\"Edici\u00f3n Web\" \/>\n\t<meta name=\"twitter:label2\" content=\"Tiempo de lectura\" \/>\n\t<meta name=\"twitter:data2\" content=\"1 minuto\" \/>\n<script type=\"application\/ld+json\" class=\"yoast-schema-graph\">{\"@context\":\"https:\\\/\\\/schema.org\",\"@graph\":[{\"@type\":\"Article\",\"@id\":\"https:\\\/\\\/canal7slp.tv\\\/2022\\\/sre-anuncia-segundo-vuelo-de-rescate-de-la-fuerza-aerea-mexicana-con-destino-a-rumania\\\/#article\",\"isPartOf\":{\"@id\":\"https:\\\/\\\/canal7slp.tv\\\/2022\\\/sre-anuncia-segundo-vuelo-de-rescate-de-la-fuerza-aerea-mexicana-con-destino-a-rumania\\\/\"},\"author\":{\"name\":\"Edici\u00f3n Web\",\"@id\":\"https:\\\/\\\/canal7slp.tv\\\/2022\\\/#\\\/schema\\\/person\\\/429704152a21f5f856ce29aa69a238da\"},\"headline\":\"SRE anuncia segundo vuelo de rescate de la Fuerza A\u00e9rea Mexicana con destino a Rumania\",\"datePublished\":\"2022-03-10T21:53:53+00:00\",\"mainEntityOfPage\":{\"@id\":\"https:\\\/\\\/canal7slp.tv\\\/2022\\\/sre-anuncia-segundo-vuelo-de-rescate-de-la-fuerza-aerea-mexicana-con-destino-a-rumania\\\/\"},\"wordCount\":133,\"publisher\":{\"@id\":\"https:\\\/\\\/canal7slp.tv\\\/2022\\\/#organization\"},\"image\":{\"@id\":\"https:\\\/\\\/canal7slp.tv\\\/2022\\\/sre-anuncia-segundo-vuelo-de-rescate-de-la-fuerza-aerea-mexicana-con-destino-a-rumania\\\/#primaryimage\"},\"thumbnailUrl\":\"https:\\\/\\\/canal7slp.tv\\\/2022\\\/wp-content\\\/uploads\\\/2022\\\/03\\\/03-7.jpg\",\"articleSection\":[\"NACIONALES\"],\"inLanguage\":\"es\"},{\"@type\":\"WebPage\",\"@id\":\"https:\\\/\\\/canal7slp.tv\\\/2022\\\/sre-anuncia-segundo-vuelo-de-rescate-de-la-fuerza-aerea-mexicana-con-destino-a-rumania\\\/\",\"url\":\"https:\\\/\\\/canal7slp.tv\\\/2022\\\/sre-anuncia-segundo-vuelo-de-rescate-de-la-fuerza-aerea-mexicana-con-destino-a-rumania\\\/\",\"name\":\"SRE anuncia segundo vuelo de rescate de la Fuerza A\u00e9rea Mexicana con destino a Rumania - Canal 7 SLP - 2022\",\"isPartOf\":{\"@id\":\"https:\\\/\\\/canal7slp.tv\\\/2022\\\/#website\"},\"primaryImageOfPage\":{\"@id\":\"https:\\\/\\\/canal7slp.tv\\\/2022\\\/sre-anuncia-segundo-vuelo-de-rescate-de-la-fuerza-aerea-mexicana-con-destino-a-rumania\\\/#primaryimage\"},\"image\":{\"@id\":\"https:\\\/\\\/canal7slp.tv\\\/2022\\\/sre-anuncia-segundo-vuelo-de-rescate-de-la-fuerza-aerea-mexicana-con-destino-a-rumania\\\/#primaryimage\"},\"thumbnailUrl\":\"https:\\\/\\\/canal7slp.tv\\\/2022\\\/wp-content\\\/uploads\\\/2022\\\/03\\\/03-7.jpg\",\"datePublished\":\"2022-03-10T21:53:53+00:00\",\"breadcrumb\":{\"@id\":\"https:\\\/\\\/canal7slp.tv\\\/2022\\\/sre-anuncia-segundo-vuelo-de-rescate-de-la-fuerza-aerea-mexicana-con-destino-a-rumania\\\/#breadcrumb\"},\"inLanguage\":\"es\",\"potentialAction\":[{\"@type\":\"ReadAction\",\"target\":[\"https:\\\/\\\/canal7slp.tv\\\/2022\\\/sre-anuncia-segundo-vuelo-de-rescate-de-la-fuerza-aerea-mexicana-con-destino-a-rumania\\\/\"]}]},{\"@type\":\"ImageObject\",\"inLanguage\":\"es\",\"@id\":\"https:\\\/\\\/canal7slp.tv\\\/2022\\\/sre-anuncia-segundo-vuelo-de-rescate-de-la-fuerza-aerea-mexicana-con-destino-a-rumania\\\/#primaryimage\",\"url\":\"https:\\\/\\\/canal7slp.tv\\\/2022\\\/wp-content\\\/uploads\\\/2022\\\/03\\\/03-7.jpg\",\"contentUrl\":\"https:\\\/\\\/canal7slp.tv\\\/2022\\\/wp-content\\\/uploads\\\/2022\\\/03\\\/03-7.jpg\",\"width\":500,\"height\":332},{\"@type\":\"BreadcrumbList\",\"@id\":\"https:\\\/\\\/canal7slp.tv\\\/2022\\\/sre-anuncia-segundo-vuelo-de-rescate-de-la-fuerza-aerea-mexicana-con-destino-a-rumania\\\/#breadcrumb\",\"itemListElement\":[{\"@type\":\"ListItem\",\"position\":1,\"name\":\"Portada\",\"item\":\"https:\\\/\\\/canal7slp.tv\\\/2022\\\/\"},{\"@type\":\"ListItem\",\"position\":2,\"name\":\"SRE anuncia segundo vuelo de rescate de la Fuerza A\u00e9rea Mexicana con destino a Rumania\"}]},{\"@type\":\"WebSite\",\"@id\":\"https:\\\/\\\/canal7slp.tv\\\/2022\\\/#website\",\"url\":\"https:\\\/\\\/canal7slp.tv\\\/2022\\\/\",\"name\":\"N7 - Noticieros Canal 7\",\"description\":\"Somos Televisi\u00f3n\",\"publisher\":{\"@id\":\"https:\\\/\\\/canal7slp.tv\\\/2022\\\/#organization\"},\"potentialAction\":[{\"@type\":\"SearchAction\",\"target\":{\"@type\":\"EntryPoint\",\"urlTemplate\":\"https:\\\/\\\/canal7slp.tv\\\/2022\\\/?s={search_term_string}\"},\"query-input\":{\"@type\":\"PropertyValueSpecification\",\"valueRequired\":true,\"valueName\":\"search_term_string\"}}],\"inLanguage\":\"es\"},{\"@type\":\"Organization\",\"@id\":\"https:\\\/\\\/canal7slp.tv\\\/2022\\\/#organization\",\"name\":\"Noticieros Canal 7\",\"url\":\"https:\\\/\\\/canal7slp.tv\\\/2022\\\/\",\"logo\":{\"@type\":\"ImageObject\",\"inLanguage\":\"es\",\"@id\":\"https:\\\/\\\/canal7slp.tv\\\/2022\\\/#\\\/schema\\\/logo\\\/image\\\/\",\"url\":\"https:\\\/\\\/canal7slp.tv\\\/2022\\\/wp-content\\\/uploads\\\/2021\\\/01\\\/logo-noticieros@2x.png\",\"contentUrl\":\"https:\\\/\\\/canal7slp.tv\\\/2022\\\/wp-content\\\/uploads\\\/2021\\\/01\\\/logo-noticieros@2x.png\",\"width\":1017,\"height\":268,\"caption\":\"Noticieros Canal 7\"},\"image\":{\"@id\":\"https:\\\/\\\/canal7slp.tv\\\/2022\\\/#\\\/schema\\\/logo\\\/image\\\/\"},\"sameAs\":[\"https:\\\/\\\/www.facebook.com\\\/noticieroscanalsiete\",\"https:\\\/\\\/x.com\\\/NOTICIEROS7\",\"https:\\\/\\\/www.instagram.com\\\/canal7_slp\",\"https:\\\/\\\/www.youtube.com\\\/channel\\\/UCliiYs-gP3JfJeqdPrNdd5A\"]},{\"@type\":\"Person\",\"@id\":\"https:\\\/\\\/canal7slp.tv\\\/2022\\\/#\\\/schema\\\/person\\\/429704152a21f5f856ce29aa69a238da\",\"name\":\"Edici\u00f3n Web\",\"image\":{\"@type\":\"ImageObject\",\"inLanguage\":\"es\",\"@id\":\"https:\\\/\\\/secure.gravatar.com\\\/avatar\\\/eee448fc3f7164808013b816ba91ac7e43bbe82a70bebac296f8bc6f0addaa1a?s=96&d=mm&r=g\",\"url\":\"https:\\\/\\\/secure.gravatar.com\\\/avatar\\\/eee448fc3f7164808013b816ba91ac7e43bbe82a70bebac296f8bc6f0addaa1a?s=96&d=mm&r=g\",\"contentUrl\":\"https:\\\/\\\/secure.gravatar.com\\\/avatar\\\/eee448fc3f7164808013b816ba91ac7e43bbe82a70bebac296f8bc6f0addaa1a?s=96&d=mm&r=g\",\"caption\":\"Edici\u00f3n Web\"},\"url\":\"https:\\\/\\\/canal7slp.tv\\\/2022\\\/author\\\/edicionweb\\\/\"}]}<\/script>\n<!-- \/ Yoast SEO plugin. -->","yoast_head_json":{"title":"SRE anuncia segundo vuelo de rescate de la Fuerza A\u00e9rea Mexicana con destino a Rumania - Canal 7 SLP - 2022","robots":{"index":"index","follow":"follow","max-snippet":"max-snippet:-1","max-image-preview":"max-image-preview:large","max-video-preview":"max-video-preview:-1"},"canonical":"https:\/\/canal7slp.tv\/2022\/sre-anuncia-segundo-vuelo-de-rescate-de-la-fuerza-aerea-mexicana-con-destino-a-rumania\/","og_locale":"es_ES","og_type":"article","og_title":"SRE anuncia segundo vuelo de rescate de la Fuerza A\u00e9rea Mexicana con destino a Rumania - Canal 7 SLP - 2022","og_description":"M\u00e9xico.- Como parte de la operaci\u00f3n de rescate de connacionales provenientes de Ucrania., Marcelo Luis Ebrard Casaub\u00f3n, titular de la Secretar\u00eda de Relaciones Exteriores, anunci\u00f3 la salida de un segundo vuelo de la Fuerza A\u00e9rea Mexicana. Asimismo, detall\u00f3 que la aeronave lleva 1.5 toneladas de colchonetas y medinas para los refugiados en Rumania. Ma\u00f1ana a las 10 am despega segundo vuelo de la operaci\u00f3n de rescate de connacionales provenientes de Ucrania ordenada por el Presidente L\u00f3pez Obrador. Lleva 1.5 toneladas de colchonetas y medicinas para los refugiados en Rumania. Gracias SEDENA y Fuerza A\u00e9rea Mexicana!! pic.twitter.com\/NV5XfkVA67 &mdash; Marcelo Ebrard C. [&hellip;]","og_url":"https:\/\/canal7slp.tv\/2022\/sre-anuncia-segundo-vuelo-de-rescate-de-la-fuerza-aerea-mexicana-con-destino-a-rumania\/","og_site_name":"Canal 7 SLP - 2022","article_publisher":"https:\/\/www.facebook.com\/noticieroscanalsiete","article_published_time":"2022-03-10T21:53:53+00:00","og_image":[{"width":500,"height":332,"url":"https:\/\/canal7slp.tv\/2022\/wp-content\/uploads\/2022\/03\/03-7.jpg","type":"image\/jpeg"}],"author":"Edici\u00f3n Web","twitter_card":"summary_large_image","twitter_creator":"@NOTICIEROS7","twitter_site":"@NOTICIEROS7","twitter_misc":{"Escrito por":"Edici\u00f3n Web","Tiempo de lectura":"1 minuto"},"schema":{"@context":"https:\/\/schema.org","@graph":[{"@type":"Article","@id":"https:\/\/canal7slp.tv\/2022\/sre-anuncia-segundo-vuelo-de-rescate-de-la-fuerza-aerea-mexicana-con-destino-a-rumania\/#article","isPartOf":{"@id":"https:\/\/canal7slp.tv\/2022\/sre-anuncia-segundo-vuelo-de-rescate-de-la-fuerza-aerea-mexicana-con-destino-a-rumania\/"},"author":{"name":"Edici\u00f3n Web","@id":"https:\/\/canal7slp.tv\/2022\/#\/schema\/person\/429704152a21f5f856ce29aa69a238da"},"headline":"SRE anuncia segundo vuelo de rescate de la Fuerza A\u00e9rea Mexicana con destino a Rumania","datePublished":"2022-03-10T21:53:53+00:00","mainEntityOfPage":{"@id":"https:\/\/canal7slp.tv\/2022\/sre-anuncia-segundo-vuelo-de-rescate-de-la-fuerza-aerea-mexicana-con-destino-a-rumania\/"},"wordCount":133,"publisher":{"@id":"https:\/\/canal7slp.tv\/2022\/#organization"},"image":{"@id":"https:\/\/canal7slp.tv\/2022\/sre-anuncia-segundo-vuelo-de-rescate-de-la-fuerza-aerea-mexicana-con-destino-a-rumania\/#primaryimage"},"thumbnailUrl":"https:\/\/canal7slp.tv\/2022\/wp-content\/uploads\/2022\/03\/03-7.jpg","articleSection":["NACIONALES"],"inLanguage":"es"},{"@type":"WebPage","@id":"https:\/\/canal7slp.tv\/2022\/sre-anuncia-segundo-vuelo-de-rescate-de-la-fuerza-aerea-mexicana-con-destino-a-rumania\/","url":"https:\/\/canal7slp.tv\/2022\/sre-anuncia-segundo-vuelo-de-rescate-de-la-fuerza-aerea-mexicana-con-destino-a-rumania\/","name":"SRE anuncia segundo vuelo de rescate de la Fuerza A\u00e9rea Mexicana con destino a Rumania - Canal 7 SLP - 2022","isPartOf":{"@id":"https:\/\/canal7slp.tv\/2022\/#website"},"primaryImageOfPage":{"@id":"https:\/\/canal7slp.tv\/2022\/sre-anuncia-segundo-vuelo-de-rescate-de-la-fuerza-aerea-mexicana-con-destino-a-rumania\/#primaryimage"},"image":{"@id":"https:\/\/canal7slp.tv\/2022\/sre-anuncia-segundo-vuelo-de-rescate-de-la-fuerza-aerea-mexicana-con-destino-a-rumania\/#primaryimage"},"thumbnailUrl":"https:\/\/canal7slp.tv\/2022\/wp-content\/uploads\/2022\/03\/03-7.jpg","datePublished":"2022-03-10T21:53:53+00:00","breadcrumb":{"@id":"https:\/\/canal7slp.tv\/2022\/sre-anuncia-segundo-vuelo-de-rescate-de-la-fuerza-aerea-mexicana-con-destino-a-rumania\/#breadcrumb"},"inLanguage":"es","potentialAction":[{"@type":"ReadAction","target":["https:\/\/canal7slp.tv\/2022\/sre-anuncia-segundo-vuelo-de-rescate-de-la-fuerza-aerea-mexicana-con-destino-a-rumania\/"]}]},{"@type":"ImageObject","inLanguage":"es","@id":"https:\/\/canal7slp.tv\/2022\/sre-anuncia-segundo-vuelo-de-rescate-de-la-fuerza-aerea-mexicana-con-destino-a-rumania\/#primaryimage","url":"https:\/\/canal7slp.tv\/2022\/wp-content\/uploads\/2022\/03\/03-7.jpg","contentUrl":"https:\/\/canal7slp.tv\/2022\/wp-content\/uploads\/2022\/03\/03-7.jpg","width":500,"height":332},{"@type":"BreadcrumbList","@id":"https:\/\/canal7slp.tv\/2022\/sre-anuncia-segundo-vuelo-de-rescate-de-la-fuerza-aerea-mexicana-con-destino-a-rumania\/#breadcrumb","itemListElement":[{"@type":"ListItem","position":1,"name":"Portada","item":"https:\/\/canal7slp.tv\/2022\/"},{"@type":"ListItem","position":2,"name":"SRE anuncia segundo vuelo de rescate de la Fuerza A\u00e9rea Mexicana con destino a Rumania"}]},{"@type":"WebSite","@id":"https:\/\/canal7slp.tv\/2022\/#website","url":"https:\/\/canal7slp.tv\/2022\/","name":"N7 - Noticieros Canal 7","description":"Somos Televisi\u00f3n","publisher":{"@id":"https:\/\/canal7slp.tv\/2022\/#organization"},"potentialAction":[{"@type":"SearchAction","target":{"@type":"EntryPoint","urlTemplate":"https:\/\/canal7slp.tv\/2022\/?s={search_term_string}"},"query-input":{"@type":"PropertyValueSpecification","valueRequired":true,"valueName":"search_term_string"}}],"inLanguage":"es"},{"@type":"Organization","@id":"https:\/\/canal7slp.tv\/2022\/#organization","name":"Noticieros Canal 7","url":"https:\/\/canal7slp.tv\/2022\/","logo":{"@type":"ImageObject","inLanguage":"es","@id":"https:\/\/canal7slp.tv\/2022\/#\/schema\/logo\/image\/","url":"https:\/\/canal7slp.tv\/2022\/wp-content\/uploads\/2021\/01\/logo-noticieros@2x.png","contentUrl":"https:\/\/canal7slp.tv\/2022\/wp-content\/uploads\/2021\/01\/logo-noticieros@2x.png","width":1017,"height":268,"caption":"Noticieros Canal 7"},"image":{"@id":"https:\/\/canal7slp.tv\/2022\/#\/schema\/logo\/image\/"},"sameAs":["https:\/\/www.facebook.com\/noticieroscanalsiete","https:\/\/x.com\/NOTICIEROS7","https:\/\/www.instagram.com\/canal7_slp","https:\/\/www.youtube.com\/channel\/UCliiYs-gP3JfJeqdPrNdd5A"]},{"@type":"Person","@id":"https:\/\/canal7slp.tv\/2022\/#\/schema\/person\/429704152a21f5f856ce29aa69a238da","name":"Edici\u00f3n Web","image":{"@type":"ImageObject","inLanguage":"es","@id":"https:\/\/secure.gravatar.com\/avatar\/eee448fc3f7164808013b816ba91ac7e43bbe82a70bebac296f8bc6f0addaa1a?s=96&d=mm&r=g","url":"https:\/\/secure.gravatar.com\/avatar\/eee448fc3f7164808013b816ba91ac7e43bbe82a70bebac296f8bc6f0addaa1a?s=96&d=mm&r=g","contentUrl":"https:\/\/secure.gravatar.com\/avatar\/eee448fc3f7164808013b816ba91ac7e43bbe82a70bebac296f8bc6f0addaa1a?s=96&d=mm&r=g","caption":"Edici\u00f3n Web"},"url":"https:\/\/canal7slp.tv\/2022\/author\/edicionweb\/"}]}},"amp_enabled":true,"_links":{"self":[{"href":"https:\/\/canal7slp.tv\/2022\/wp-json\/wp\/v2\/posts\/53753","targetHints":{"allow":["GET"]}}],"collection":[{"href":"https:\/\/canal7slp.tv\/2022\/wp-json\/wp\/v2\/posts"}],"about":[{"href":"https:\/\/canal7slp.tv\/2022\/wp-json\/wp\/v2\/types\/post"}],"author":[{"embeddable":true,"href":"https:\/\/canal7slp.tv\/2022\/wp-json\/wp\/v2\/users\/2"}],"replies":[{"embeddable":true,"href":"https:\/\/canal7slp.tv\/2022\/wp-json\/wp\/v2\/comments?post=53753"}],"version-history":[{"count":2,"href":"https:\/\/canal7slp.tv\/2022\/wp-json\/wp\/v2\/posts\/53753\/revisions"}],"predecessor-version":[{"id":53771,"href":"https:\/\/canal7slp.tv\/2022\/wp-json\/wp\/v2\/posts\/53753\/revisions\/53771"}],"wp:featuredmedia":[{"embeddable":true,"href":"https:\/\/canal7slp.tv\/2022\/wp-json\/wp\/v2\/media\/53765"}],"wp:attachment":[{"href":"https:\/\/canal7slp.tv\/2022\/wp-json\/wp\/v2\/media?parent=53753"}],"wp:term":[{"taxonomy":"category","embeddable":true,"href":"https:\/\/canal7slp.tv\/2022\/wp-json\/wp\/v2\/categories?post=53753"},{"taxonomy":"post_tag","embeddable":true,"href":"https:\/\/canal7slp.tv\/2022\/wp-json\/wp\/v2\/tags?post=53753"}],"curies":[{"name":"wp","href":"https:\/\/api.w.org\/{rel}","templated":true}]}}