{"id":53752,"date":"2022-03-10T15:53:57","date_gmt":"2022-03-10T21:53:57","guid":{"rendered":"https:\/\/canal7slp.tv\/2022\/?p=53752"},"modified":"2022-03-10T15:53:57","modified_gmt":"2022-03-10T21:53:57","slug":"nuevo-leon-primer-estado-en-eliminar-el-uso-obligatorio-del-cubrebocas","status":"publish","type":"post","link":"https:\/\/canal7slp.tv\/2022\/nuevo-leon-primer-estado-en-eliminar-el-uso-obligatorio-del-cubrebocas\/","title":{"rendered":"Nuevo Le\u00f3n, primer estado en eliminar el uso obligatorio del cubrebocas"},"content":{"rendered":"<p style=\"text-align: justify;\">Monterrey.- Samuel Alejandro Garc\u00eda Sep\u00falveda, gobernador de Nuevo Le\u00f3n, anunci\u00f3 que a partir del 13 de mazo queda eliminado el uso obligatorio en espacios abiertos del cubrebocas.<\/p>\n<p style=\"text-align: justify;\">\u201cA partir de la declaratoria del sem\u00e1foro verde, le quiero decir a todo Nuevo Le\u00f3n que a partir del pr\u00f3ximo domingo ya no ser\u00e1 obligatorio el uso de cubrebocas en espacios abiertos, quedar\u00e1 opcional para cada ciudadano el uso de cubrebocas cuando est\u00e9n al aire libre\u201d, coment\u00f3.<\/p>\n<p style=\"text-align: justify;\">Se\u00f1al\u00f3 que esto es posible a la vacunaci\u00f3n anticovid y a la responsabilidad de la ciudadan\u00eda.<\/p>\n<p style=\"text-align: justify;\">Aunado a esto, declar\u00f3 que el COVID-19 no se va a ir y que es momento de aprender a vivir con el virus.<\/p>\n","protected":false},"excerpt":{"rendered":"<p>Monterrey.- Samuel Alejandro Garc\u00eda Sep\u00falveda, gobernador de Nuevo Le\u00f3n, anunci\u00f3 que a partir del 13 de mazo queda eliminado el uso obligatorio en espacios abiertos del cubrebocas. \u201cA partir de la declaratoria del sem\u00e1foro verde, le quiero decir a todo Nuevo Le\u00f3n que a partir del pr\u00f3ximo domingo ya no ser\u00e1 obligatorio el uso de cubrebocas en espacios abiertos, quedar\u00e1 opcional para cada ciudadano el uso de cubrebocas cuando est\u00e9n al aire libre\u201d, coment\u00f3. Se\u00f1al\u00f3 que esto es posible a la vacunaci\u00f3n anticovid y a la responsabilidad de la ciudadan\u00eda. Aunado a esto, declar\u00f3 que el COVID-19 no se va [&hellip;]<\/p>\n","protected":false},"author":2,"featured_media":53764,"comment_status":"closed","ping_status":"closed","sticky":false,"template":"","format":"standard","meta":{"footnotes":""},"categories":[46],"tags":[],"class_list":["post-53752","post","type-post","status-publish","format-standard","has-post-thumbnail","hentry","category-nacional","post--single"],"yoast_head":"<!-- This site is optimized with the Yoast SEO plugin v27.4 - https:\/\/yoast.com\/product\/yoast-seo-wordpress\/ -->\n<title>Nuevo Le\u00f3n, primer estado en eliminar el uso obligatorio del cubrebocas - Canal 7 SLP - 2022<\/title>\n<meta name=\"robots\" content=\"index, follow, max-snippet:-1, max-image-preview:large, max-video-preview:-1\" \/>\n<link rel=\"canonical\" href=\"https:\/\/canal7slp.tv\/2022\/nuevo-leon-primer-estado-en-eliminar-el-uso-obligatorio-del-cubrebocas\/\" \/>\n<meta property=\"og:locale\" content=\"es_ES\" \/>\n<meta property=\"og:type\" content=\"article\" \/>\n<meta property=\"og:title\" content=\"Nuevo Le\u00f3n, primer estado en eliminar el uso obligatorio del cubrebocas - Canal 7 SLP - 2022\" \/>\n<meta property=\"og:description\" content=\"Monterrey.- Samuel Alejandro Garc\u00eda Sep\u00falveda, gobernador de Nuevo Le\u00f3n, anunci\u00f3 que a partir del 13 de mazo queda eliminado el uso obligatorio en espacios abiertos del cubrebocas. \u201cA partir de la declaratoria del sem\u00e1foro verde, le quiero decir a todo Nuevo Le\u00f3n que a partir del pr\u00f3ximo domingo ya no ser\u00e1 obligatorio el uso de cubrebocas en espacios abiertos, quedar\u00e1 opcional para cada ciudadano el uso de cubrebocas cuando est\u00e9n al aire libre\u201d, coment\u00f3. Se\u00f1al\u00f3 que esto es posible a la vacunaci\u00f3n anticovid y a la responsabilidad de la ciudadan\u00eda. Aunado a esto, declar\u00f3 que el COVID-19 no se va [&hellip;]\" \/>\n<meta property=\"og:url\" content=\"https:\/\/canal7slp.tv\/2022\/nuevo-leon-primer-estado-en-eliminar-el-uso-obligatorio-del-cubrebocas\/\" \/>\n<meta property=\"og:site_name\" content=\"Canal 7 SLP - 2022\" \/>\n<meta property=\"article:publisher\" content=\"https:\/\/www.facebook.com\/noticieroscanalsiete\" \/>\n<meta property=\"article:published_time\" content=\"2022-03-10T21:53:57+00:00\" \/>\n<meta property=\"og:image\" content=\"https:\/\/canal7slp.tv\/2022\/wp-content\/uploads\/2022\/03\/02-8.jpg\" \/>\n\t<meta property=\"og:image:width\" content=\"750\" \/>\n\t<meta property=\"og:image:height\" content=\"392\" \/>\n\t<meta property=\"og:image:type\" content=\"image\/jpeg\" \/>\n<meta name=\"author\" content=\"Edici\u00f3n Web\" \/>\n<meta name=\"twitter:card\" content=\"summary_large_image\" \/>\n<meta name=\"twitter:creator\" content=\"@NOTICIEROS7\" \/>\n<meta name=\"twitter:site\" content=\"@NOTICIEROS7\" \/>\n<meta name=\"twitter:label1\" content=\"Escrito por\" \/>\n\t<meta name=\"twitter:data1\" content=\"Edici\u00f3n Web\" \/>\n\t<meta name=\"twitter:label2\" content=\"Tiempo de lectura\" \/>\n\t<meta name=\"twitter:data2\" content=\"1 minuto\" \/>\n<script type=\"application\/ld+json\" class=\"yoast-schema-graph\">{\"@context\":\"https:\\\/\\\/schema.org\",\"@graph\":[{\"@type\":\"Article\",\"@id\":\"https:\\\/\\\/canal7slp.tv\\\/2022\\\/nuevo-leon-primer-estado-en-eliminar-el-uso-obligatorio-del-cubrebocas\\\/#article\",\"isPartOf\":{\"@id\":\"https:\\\/\\\/canal7slp.tv\\\/2022\\\/nuevo-leon-primer-estado-en-eliminar-el-uso-obligatorio-del-cubrebocas\\\/\"},\"author\":{\"name\":\"Edici\u00f3n Web\",\"@id\":\"https:\\\/\\\/canal7slp.tv\\\/2022\\\/#\\\/schema\\\/person\\\/429704152a21f5f856ce29aa69a238da\"},\"headline\":\"Nuevo Le\u00f3n, primer estado en eliminar el uso obligatorio del cubrebocas\",\"datePublished\":\"2022-03-10T21:53:57+00:00\",\"mainEntityOfPage\":{\"@id\":\"https:\\\/\\\/canal7slp.tv\\\/2022\\\/nuevo-leon-primer-estado-en-eliminar-el-uso-obligatorio-del-cubrebocas\\\/\"},\"wordCount\":135,\"publisher\":{\"@id\":\"https:\\\/\\\/canal7slp.tv\\\/2022\\\/#organization\"},\"image\":{\"@id\":\"https:\\\/\\\/canal7slp.tv\\\/2022\\\/nuevo-leon-primer-estado-en-eliminar-el-uso-obligatorio-del-cubrebocas\\\/#primaryimage\"},\"thumbnailUrl\":\"https:\\\/\\\/canal7slp.tv\\\/2022\\\/wp-content\\\/uploads\\\/2022\\\/03\\\/02-8.jpg\",\"articleSection\":[\"NACIONALES\"],\"inLanguage\":\"es\"},{\"@type\":\"WebPage\",\"@id\":\"https:\\\/\\\/canal7slp.tv\\\/2022\\\/nuevo-leon-primer-estado-en-eliminar-el-uso-obligatorio-del-cubrebocas\\\/\",\"url\":\"https:\\\/\\\/canal7slp.tv\\\/2022\\\/nuevo-leon-primer-estado-en-eliminar-el-uso-obligatorio-del-cubrebocas\\\/\",\"name\":\"Nuevo Le\u00f3n, primer estado en eliminar el uso obligatorio del cubrebocas - Canal 7 SLP - 2022\",\"isPartOf\":{\"@id\":\"https:\\\/\\\/canal7slp.tv\\\/2022\\\/#website\"},\"primaryImageOfPage\":{\"@id\":\"https:\\\/\\\/canal7slp.tv\\\/2022\\\/nuevo-leon-primer-estado-en-eliminar-el-uso-obligatorio-del-cubrebocas\\\/#primaryimage\"},\"image\":{\"@id\":\"https:\\\/\\\/canal7slp.tv\\\/2022\\\/nuevo-leon-primer-estado-en-eliminar-el-uso-obligatorio-del-cubrebocas\\\/#primaryimage\"},\"thumbnailUrl\":\"https:\\\/\\\/canal7slp.tv\\\/2022\\\/wp-content\\\/uploads\\\/2022\\\/03\\\/02-8.jpg\",\"datePublished\":\"2022-03-10T21:53:57+00:00\",\"breadcrumb\":{\"@id\":\"https:\\\/\\\/canal7slp.tv\\\/2022\\\/nuevo-leon-primer-estado-en-eliminar-el-uso-obligatorio-del-cubrebocas\\\/#breadcrumb\"},\"inLanguage\":\"es\",\"potentialAction\":[{\"@type\":\"ReadAction\",\"target\":[\"https:\\\/\\\/canal7slp.tv\\\/2022\\\/nuevo-leon-primer-estado-en-eliminar-el-uso-obligatorio-del-cubrebocas\\\/\"]}]},{\"@type\":\"ImageObject\",\"inLanguage\":\"es\",\"@id\":\"https:\\\/\\\/canal7slp.tv\\\/2022\\\/nuevo-leon-primer-estado-en-eliminar-el-uso-obligatorio-del-cubrebocas\\\/#primaryimage\",\"url\":\"https:\\\/\\\/canal7slp.tv\\\/2022\\\/wp-content\\\/uploads\\\/2022\\\/03\\\/02-8.jpg\",\"contentUrl\":\"https:\\\/\\\/canal7slp.tv\\\/2022\\\/wp-content\\\/uploads\\\/2022\\\/03\\\/02-8.jpg\",\"width\":750,\"height\":392},{\"@type\":\"BreadcrumbList\",\"@id\":\"https:\\\/\\\/canal7slp.tv\\\/2022\\\/nuevo-leon-primer-estado-en-eliminar-el-uso-obligatorio-del-cubrebocas\\\/#breadcrumb\",\"itemListElement\":[{\"@type\":\"ListItem\",\"position\":1,\"name\":\"Portada\",\"item\":\"https:\\\/\\\/canal7slp.tv\\\/2022\\\/\"},{\"@type\":\"ListItem\",\"position\":2,\"name\":\"Nuevo Le\u00f3n, primer estado en eliminar el uso obligatorio del cubrebocas\"}]},{\"@type\":\"WebSite\",\"@id\":\"https:\\\/\\\/canal7slp.tv\\\/2022\\\/#website\",\"url\":\"https:\\\/\\\/canal7slp.tv\\\/2022\\\/\",\"name\":\"N7 - Noticieros Canal 7\",\"description\":\"Somos Televisi\u00f3n\",\"publisher\":{\"@id\":\"https:\\\/\\\/canal7slp.tv\\\/2022\\\/#organization\"},\"potentialAction\":[{\"@type\":\"SearchAction\",\"target\":{\"@type\":\"EntryPoint\",\"urlTemplate\":\"https:\\\/\\\/canal7slp.tv\\\/2022\\\/?s={search_term_string}\"},\"query-input\":{\"@type\":\"PropertyValueSpecification\",\"valueRequired\":true,\"valueName\":\"search_term_string\"}}],\"inLanguage\":\"es\"},{\"@type\":\"Organization\",\"@id\":\"https:\\\/\\\/canal7slp.tv\\\/2022\\\/#organization\",\"name\":\"Noticieros Canal 7\",\"url\":\"https:\\\/\\\/canal7slp.tv\\\/2022\\\/\",\"logo\":{\"@type\":\"ImageObject\",\"inLanguage\":\"es\",\"@id\":\"https:\\\/\\\/canal7slp.tv\\\/2022\\\/#\\\/schema\\\/logo\\\/image\\\/\",\"url\":\"https:\\\/\\\/canal7slp.tv\\\/2022\\\/wp-content\\\/uploads\\\/2021\\\/01\\\/logo-noticieros@2x.png\",\"contentUrl\":\"https:\\\/\\\/canal7slp.tv\\\/2022\\\/wp-content\\\/uploads\\\/2021\\\/01\\\/logo-noticieros@2x.png\",\"width\":1017,\"height\":268,\"caption\":\"Noticieros Canal 7\"},\"image\":{\"@id\":\"https:\\\/\\\/canal7slp.tv\\\/2022\\\/#\\\/schema\\\/logo\\\/image\\\/\"},\"sameAs\":[\"https:\\\/\\\/www.facebook.com\\\/noticieroscanalsiete\",\"https:\\\/\\\/x.com\\\/NOTICIEROS7\",\"https:\\\/\\\/www.instagram.com\\\/canal7_slp\",\"https:\\\/\\\/www.youtube.com\\\/channel\\\/UCliiYs-gP3JfJeqdPrNdd5A\"]},{\"@type\":\"Person\",\"@id\":\"https:\\\/\\\/canal7slp.tv\\\/2022\\\/#\\\/schema\\\/person\\\/429704152a21f5f856ce29aa69a238da\",\"name\":\"Edici\u00f3n Web\",\"image\":{\"@type\":\"ImageObject\",\"inLanguage\":\"es\",\"@id\":\"https:\\\/\\\/secure.gravatar.com\\\/avatar\\\/eee448fc3f7164808013b816ba91ac7e43bbe82a70bebac296f8bc6f0addaa1a?s=96&d=mm&r=g\",\"url\":\"https:\\\/\\\/secure.gravatar.com\\\/avatar\\\/eee448fc3f7164808013b816ba91ac7e43bbe82a70bebac296f8bc6f0addaa1a?s=96&d=mm&r=g\",\"contentUrl\":\"https:\\\/\\\/secure.gravatar.com\\\/avatar\\\/eee448fc3f7164808013b816ba91ac7e43bbe82a70bebac296f8bc6f0addaa1a?s=96&d=mm&r=g\",\"caption\":\"Edici\u00f3n Web\"},\"url\":\"https:\\\/\\\/canal7slp.tv\\\/2022\\\/author\\\/edicionweb\\\/\"}]}<\/script>\n<!-- \/ Yoast SEO plugin. -->","yoast_head_json":{"title":"Nuevo Le\u00f3n, primer estado en eliminar el uso obligatorio del cubrebocas - Canal 7 SLP - 2022","robots":{"index":"index","follow":"follow","max-snippet":"max-snippet:-1","max-image-preview":"max-image-preview:large","max-video-preview":"max-video-preview:-1"},"canonical":"https:\/\/canal7slp.tv\/2022\/nuevo-leon-primer-estado-en-eliminar-el-uso-obligatorio-del-cubrebocas\/","og_locale":"es_ES","og_type":"article","og_title":"Nuevo Le\u00f3n, primer estado en eliminar el uso obligatorio del cubrebocas - Canal 7 SLP - 2022","og_description":"Monterrey.- Samuel Alejandro Garc\u00eda Sep\u00falveda, gobernador de Nuevo Le\u00f3n, anunci\u00f3 que a partir del 13 de mazo queda eliminado el uso obligatorio en espacios abiertos del cubrebocas. \u201cA partir de la declaratoria del sem\u00e1foro verde, le quiero decir a todo Nuevo Le\u00f3n que a partir del pr\u00f3ximo domingo ya no ser\u00e1 obligatorio el uso de cubrebocas en espacios abiertos, quedar\u00e1 opcional para cada ciudadano el uso de cubrebocas cuando est\u00e9n al aire libre\u201d, coment\u00f3. Se\u00f1al\u00f3 que esto es posible a la vacunaci\u00f3n anticovid y a la responsabilidad de la ciudadan\u00eda. Aunado a esto, declar\u00f3 que el COVID-19 no se va [&hellip;]","og_url":"https:\/\/canal7slp.tv\/2022\/nuevo-leon-primer-estado-en-eliminar-el-uso-obligatorio-del-cubrebocas\/","og_site_name":"Canal 7 SLP - 2022","article_publisher":"https:\/\/www.facebook.com\/noticieroscanalsiete","article_published_time":"2022-03-10T21:53:57+00:00","og_image":[{"width":750,"height":392,"url":"https:\/\/canal7slp.tv\/2022\/wp-content\/uploads\/2022\/03\/02-8.jpg","type":"image\/jpeg"}],"author":"Edici\u00f3n Web","twitter_card":"summary_large_image","twitter_creator":"@NOTICIEROS7","twitter_site":"@NOTICIEROS7","twitter_misc":{"Escrito por":"Edici\u00f3n Web","Tiempo de lectura":"1 minuto"},"schema":{"@context":"https:\/\/schema.org","@graph":[{"@type":"Article","@id":"https:\/\/canal7slp.tv\/2022\/nuevo-leon-primer-estado-en-eliminar-el-uso-obligatorio-del-cubrebocas\/#article","isPartOf":{"@id":"https:\/\/canal7slp.tv\/2022\/nuevo-leon-primer-estado-en-eliminar-el-uso-obligatorio-del-cubrebocas\/"},"author":{"name":"Edici\u00f3n Web","@id":"https:\/\/canal7slp.tv\/2022\/#\/schema\/person\/429704152a21f5f856ce29aa69a238da"},"headline":"Nuevo Le\u00f3n, primer estado en eliminar el uso obligatorio del cubrebocas","datePublished":"2022-03-10T21:53:57+00:00","mainEntityOfPage":{"@id":"https:\/\/canal7slp.tv\/2022\/nuevo-leon-primer-estado-en-eliminar-el-uso-obligatorio-del-cubrebocas\/"},"wordCount":135,"publisher":{"@id":"https:\/\/canal7slp.tv\/2022\/#organization"},"image":{"@id":"https:\/\/canal7slp.tv\/2022\/nuevo-leon-primer-estado-en-eliminar-el-uso-obligatorio-del-cubrebocas\/#primaryimage"},"thumbnailUrl":"https:\/\/canal7slp.tv\/2022\/wp-content\/uploads\/2022\/03\/02-8.jpg","articleSection":["NACIONALES"],"inLanguage":"es"},{"@type":"WebPage","@id":"https:\/\/canal7slp.tv\/2022\/nuevo-leon-primer-estado-en-eliminar-el-uso-obligatorio-del-cubrebocas\/","url":"https:\/\/canal7slp.tv\/2022\/nuevo-leon-primer-estado-en-eliminar-el-uso-obligatorio-del-cubrebocas\/","name":"Nuevo Le\u00f3n, primer estado en eliminar el uso obligatorio del cubrebocas - Canal 7 SLP - 2022","isPartOf":{"@id":"https:\/\/canal7slp.tv\/2022\/#website"},"primaryImageOfPage":{"@id":"https:\/\/canal7slp.tv\/2022\/nuevo-leon-primer-estado-en-eliminar-el-uso-obligatorio-del-cubrebocas\/#primaryimage"},"image":{"@id":"https:\/\/canal7slp.tv\/2022\/nuevo-leon-primer-estado-en-eliminar-el-uso-obligatorio-del-cubrebocas\/#primaryimage"},"thumbnailUrl":"https:\/\/canal7slp.tv\/2022\/wp-content\/uploads\/2022\/03\/02-8.jpg","datePublished":"2022-03-10T21:53:57+00:00","breadcrumb":{"@id":"https:\/\/canal7slp.tv\/2022\/nuevo-leon-primer-estado-en-eliminar-el-uso-obligatorio-del-cubrebocas\/#breadcrumb"},"inLanguage":"es","potentialAction":[{"@type":"ReadAction","target":["https:\/\/canal7slp.tv\/2022\/nuevo-leon-primer-estado-en-eliminar-el-uso-obligatorio-del-cubrebocas\/"]}]},{"@type":"ImageObject","inLanguage":"es","@id":"https:\/\/canal7slp.tv\/2022\/nuevo-leon-primer-estado-en-eliminar-el-uso-obligatorio-del-cubrebocas\/#primaryimage","url":"https:\/\/canal7slp.tv\/2022\/wp-content\/uploads\/2022\/03\/02-8.jpg","contentUrl":"https:\/\/canal7slp.tv\/2022\/wp-content\/uploads\/2022\/03\/02-8.jpg","width":750,"height":392},{"@type":"BreadcrumbList","@id":"https:\/\/canal7slp.tv\/2022\/nuevo-leon-primer-estado-en-eliminar-el-uso-obligatorio-del-cubrebocas\/#breadcrumb","itemListElement":[{"@type":"ListItem","position":1,"name":"Portada","item":"https:\/\/canal7slp.tv\/2022\/"},{"@type":"ListItem","position":2,"name":"Nuevo Le\u00f3n, primer estado en eliminar el uso obligatorio del cubrebocas"}]},{"@type":"WebSite","@id":"https:\/\/canal7slp.tv\/2022\/#website","url":"https:\/\/canal7slp.tv\/2022\/","name":"N7 - Noticieros Canal 7","description":"Somos Televisi\u00f3n","publisher":{"@id":"https:\/\/canal7slp.tv\/2022\/#organization"},"potentialAction":[{"@type":"SearchAction","target":{"@type":"EntryPoint","urlTemplate":"https:\/\/canal7slp.tv\/2022\/?s={search_term_string}"},"query-input":{"@type":"PropertyValueSpecification","valueRequired":true,"valueName":"search_term_string"}}],"inLanguage":"es"},{"@type":"Organization","@id":"https:\/\/canal7slp.tv\/2022\/#organization","name":"Noticieros Canal 7","url":"https:\/\/canal7slp.tv\/2022\/","logo":{"@type":"ImageObject","inLanguage":"es","@id":"https:\/\/canal7slp.tv\/2022\/#\/schema\/logo\/image\/","url":"https:\/\/canal7slp.tv\/2022\/wp-content\/uploads\/2021\/01\/logo-noticieros@2x.png","contentUrl":"https:\/\/canal7slp.tv\/2022\/wp-content\/uploads\/2021\/01\/logo-noticieros@2x.png","width":1017,"height":268,"caption":"Noticieros Canal 7"},"image":{"@id":"https:\/\/canal7slp.tv\/2022\/#\/schema\/logo\/image\/"},"sameAs":["https:\/\/www.facebook.com\/noticieroscanalsiete","https:\/\/x.com\/NOTICIEROS7","https:\/\/www.instagram.com\/canal7_slp","https:\/\/www.youtube.com\/channel\/UCliiYs-gP3JfJeqdPrNdd5A"]},{"@type":"Person","@id":"https:\/\/canal7slp.tv\/2022\/#\/schema\/person\/429704152a21f5f856ce29aa69a238da","name":"Edici\u00f3n Web","image":{"@type":"ImageObject","inLanguage":"es","@id":"https:\/\/secure.gravatar.com\/avatar\/eee448fc3f7164808013b816ba91ac7e43bbe82a70bebac296f8bc6f0addaa1a?s=96&d=mm&r=g","url":"https:\/\/secure.gravatar.com\/avatar\/eee448fc3f7164808013b816ba91ac7e43bbe82a70bebac296f8bc6f0addaa1a?s=96&d=mm&r=g","contentUrl":"https:\/\/secure.gravatar.com\/avatar\/eee448fc3f7164808013b816ba91ac7e43bbe82a70bebac296f8bc6f0addaa1a?s=96&d=mm&r=g","caption":"Edici\u00f3n Web"},"url":"https:\/\/canal7slp.tv\/2022\/author\/edicionweb\/"}]}},"amp_enabled":true,"_links":{"self":[{"href":"https:\/\/canal7slp.tv\/2022\/wp-json\/wp\/v2\/posts\/53752","targetHints":{"allow":["GET"]}}],"collection":[{"href":"https:\/\/canal7slp.tv\/2022\/wp-json\/wp\/v2\/posts"}],"about":[{"href":"https:\/\/canal7slp.tv\/2022\/wp-json\/wp\/v2\/types\/post"}],"author":[{"embeddable":true,"href":"https:\/\/canal7slp.tv\/2022\/wp-json\/wp\/v2\/users\/2"}],"replies":[{"embeddable":true,"href":"https:\/\/canal7slp.tv\/2022\/wp-json\/wp\/v2\/comments?post=53752"}],"version-history":[{"count":2,"href":"https:\/\/canal7slp.tv\/2022\/wp-json\/wp\/v2\/posts\/53752\/revisions"}],"predecessor-version":[{"id":53770,"href":"https:\/\/canal7slp.tv\/2022\/wp-json\/wp\/v2\/posts\/53752\/revisions\/53770"}],"wp:featuredmedia":[{"embeddable":true,"href":"https:\/\/canal7slp.tv\/2022\/wp-json\/wp\/v2\/media\/53764"}],"wp:attachment":[{"href":"https:\/\/canal7slp.tv\/2022\/wp-json\/wp\/v2\/media?parent=53752"}],"wp:term":[{"taxonomy":"category","embeddable":true,"href":"https:\/\/canal7slp.tv\/2022\/wp-json\/wp\/v2\/categories?post=53752"},{"taxonomy":"post_tag","embeddable":true,"href":"https:\/\/canal7slp.tv\/2022\/wp-json\/wp\/v2\/tags?post=53752"}],"curies":[{"name":"wp","href":"https:\/\/api.w.org\/{rel}","templated":true}]}}