{"id":53751,"date":"2022-03-10T15:53:55","date_gmt":"2022-03-10T21:53:55","guid":{"rendered":"https:\/\/canal7slp.tv\/2022\/?p=53751"},"modified":"2022-03-10T15:53:55","modified_gmt":"2022-03-10T21:53:55","slug":"en-puebla-alumno-agrede-con-un-martillo-a-un-profesor","status":"publish","type":"post","link":"https:\/\/canal7slp.tv\/2022\/en-puebla-alumno-agrede-con-un-martillo-a-un-profesor\/","title":{"rendered":"En Puebla alumno agrede con un martillo a un profesor"},"content":{"rendered":"<p style=\"text-align: justify;\">Puebla.- Un profesor de la Preparatoria 2 de la Universidad Popular Aut\u00f3noma del Estado de Puebla fue agredido por un estudiante con un martillo.<\/p>\n<p style=\"text-align: justify;\">De acuerdo con las primeras pesquisas, se desconoce los motivos por los cuales el alumno agarr\u00f3 un martillo de la clase que tomaba y golpe\u00f3 al maestro en un brazo.<\/p>\n<p style=\"text-align: justify;\">Cabe se\u00f1alar que en Redes Sociales habr\u00eda se\u00f1alado que el estudiante golpeo la cabeza del docente, situaci\u00f3n que fue descartada.<\/p>\n<p style=\"text-align: justify;\">Aunado a esto, los alumnos reportaron lo ocurrido a las autoridades. Pese a que agentes policiacos arribaron a la instituci\u00f3n, personal de la misma les neg\u00f3 el paso aseverando que se har\u00edan cargo de la situaci\u00f3n.<\/p>\n","protected":false},"excerpt":{"rendered":"<p>Puebla.- Un profesor de la Preparatoria 2 de la Universidad Popular Aut\u00f3noma del Estado de Puebla fue agredido por un estudiante con un martillo. De acuerdo con las primeras pesquisas, se desconoce los motivos por los cuales el alumno agarr\u00f3 un martillo de la clase que tomaba y golpe\u00f3 al maestro en un brazo. Cabe se\u00f1alar que en Redes Sociales habr\u00eda se\u00f1alado que el estudiante golpeo la cabeza del docente, situaci\u00f3n que fue descartada. Aunado a esto, los alumnos reportaron lo ocurrido a las autoridades. Pese a que agentes policiacos arribaron a la instituci\u00f3n, personal de la misma les neg\u00f3 [&hellip;]<\/p>\n","protected":false},"author":2,"featured_media":53763,"comment_status":"closed","ping_status":"closed","sticky":false,"template":"","format":"standard","meta":{"footnotes":""},"categories":[46],"tags":[],"class_list":["post-53751","post","type-post","status-publish","format-standard","has-post-thumbnail","hentry","category-nacional","post--single"],"yoast_head":"<!-- This site is optimized with the Yoast SEO plugin v27.4 - https:\/\/yoast.com\/product\/yoast-seo-wordpress\/ -->\n<title>En Puebla alumno agrede con un martillo a un profesor - Canal 7 SLP - 2022<\/title>\n<meta name=\"robots\" content=\"index, follow, max-snippet:-1, max-image-preview:large, max-video-preview:-1\" \/>\n<link rel=\"canonical\" href=\"https:\/\/canal7slp.tv\/2022\/en-puebla-alumno-agrede-con-un-martillo-a-un-profesor\/\" \/>\n<meta property=\"og:locale\" content=\"es_ES\" \/>\n<meta property=\"og:type\" content=\"article\" \/>\n<meta property=\"og:title\" content=\"En Puebla alumno agrede con un martillo a un profesor - Canal 7 SLP - 2022\" \/>\n<meta property=\"og:description\" content=\"Puebla.- Un profesor de la Preparatoria 2 de la Universidad Popular Aut\u00f3noma del Estado de Puebla fue agredido por un estudiante con un martillo. De acuerdo con las primeras pesquisas, se desconoce los motivos por los cuales el alumno agarr\u00f3 un martillo de la clase que tomaba y golpe\u00f3 al maestro en un brazo. Cabe se\u00f1alar que en Redes Sociales habr\u00eda se\u00f1alado que el estudiante golpeo la cabeza del docente, situaci\u00f3n que fue descartada. Aunado a esto, los alumnos reportaron lo ocurrido a las autoridades. Pese a que agentes policiacos arribaron a la instituci\u00f3n, personal de la misma les neg\u00f3 [&hellip;]\" \/>\n<meta property=\"og:url\" content=\"https:\/\/canal7slp.tv\/2022\/en-puebla-alumno-agrede-con-un-martillo-a-un-profesor\/\" \/>\n<meta property=\"og:site_name\" content=\"Canal 7 SLP - 2022\" \/>\n<meta property=\"article:publisher\" content=\"https:\/\/www.facebook.com\/noticieroscanalsiete\" \/>\n<meta property=\"article:published_time\" content=\"2022-03-10T21:53:55+00:00\" \/>\n<meta property=\"og:image\" content=\"https:\/\/canal7slp.tv\/2022\/wp-content\/uploads\/2022\/03\/01-6.jpg\" \/>\n\t<meta property=\"og:image:width\" content=\"732\" \/>\n\t<meta property=\"og:image:height\" content=\"549\" \/>\n\t<meta property=\"og:image:type\" content=\"image\/jpeg\" \/>\n<meta name=\"author\" content=\"Edici\u00f3n Web\" \/>\n<meta name=\"twitter:card\" content=\"summary_large_image\" \/>\n<meta name=\"twitter:creator\" content=\"@NOTICIEROS7\" \/>\n<meta name=\"twitter:site\" content=\"@NOTICIEROS7\" \/>\n<meta name=\"twitter:label1\" content=\"Escrito por\" \/>\n\t<meta name=\"twitter:data1\" content=\"Edici\u00f3n Web\" \/>\n\t<meta name=\"twitter:label2\" content=\"Tiempo de lectura\" \/>\n\t<meta name=\"twitter:data2\" content=\"1 minuto\" \/>\n<script type=\"application\/ld+json\" class=\"yoast-schema-graph\">{\"@context\":\"https:\\\/\\\/schema.org\",\"@graph\":[{\"@type\":\"Article\",\"@id\":\"https:\\\/\\\/canal7slp.tv\\\/2022\\\/en-puebla-alumno-agrede-con-un-martillo-a-un-profesor\\\/#article\",\"isPartOf\":{\"@id\":\"https:\\\/\\\/canal7slp.tv\\\/2022\\\/en-puebla-alumno-agrede-con-un-martillo-a-un-profesor\\\/\"},\"author\":{\"name\":\"Edici\u00f3n Web\",\"@id\":\"https:\\\/\\\/canal7slp.tv\\\/2022\\\/#\\\/schema\\\/person\\\/429704152a21f5f856ce29aa69a238da\"},\"headline\":\"En Puebla alumno agrede con un martillo a un profesor\",\"datePublished\":\"2022-03-10T21:53:55+00:00\",\"mainEntityOfPage\":{\"@id\":\"https:\\\/\\\/canal7slp.tv\\\/2022\\\/en-puebla-alumno-agrede-con-un-martillo-a-un-profesor\\\/\"},\"wordCount\":128,\"publisher\":{\"@id\":\"https:\\\/\\\/canal7slp.tv\\\/2022\\\/#organization\"},\"image\":{\"@id\":\"https:\\\/\\\/canal7slp.tv\\\/2022\\\/en-puebla-alumno-agrede-con-un-martillo-a-un-profesor\\\/#primaryimage\"},\"thumbnailUrl\":\"https:\\\/\\\/canal7slp.tv\\\/2022\\\/wp-content\\\/uploads\\\/2022\\\/03\\\/01-6.jpg\",\"articleSection\":[\"NACIONALES\"],\"inLanguage\":\"es\"},{\"@type\":\"WebPage\",\"@id\":\"https:\\\/\\\/canal7slp.tv\\\/2022\\\/en-puebla-alumno-agrede-con-un-martillo-a-un-profesor\\\/\",\"url\":\"https:\\\/\\\/canal7slp.tv\\\/2022\\\/en-puebla-alumno-agrede-con-un-martillo-a-un-profesor\\\/\",\"name\":\"En Puebla alumno agrede con un martillo a un profesor - Canal 7 SLP - 2022\",\"isPartOf\":{\"@id\":\"https:\\\/\\\/canal7slp.tv\\\/2022\\\/#website\"},\"primaryImageOfPage\":{\"@id\":\"https:\\\/\\\/canal7slp.tv\\\/2022\\\/en-puebla-alumno-agrede-con-un-martillo-a-un-profesor\\\/#primaryimage\"},\"image\":{\"@id\":\"https:\\\/\\\/canal7slp.tv\\\/2022\\\/en-puebla-alumno-agrede-con-un-martillo-a-un-profesor\\\/#primaryimage\"},\"thumbnailUrl\":\"https:\\\/\\\/canal7slp.tv\\\/2022\\\/wp-content\\\/uploads\\\/2022\\\/03\\\/01-6.jpg\",\"datePublished\":\"2022-03-10T21:53:55+00:00\",\"breadcrumb\":{\"@id\":\"https:\\\/\\\/canal7slp.tv\\\/2022\\\/en-puebla-alumno-agrede-con-un-martillo-a-un-profesor\\\/#breadcrumb\"},\"inLanguage\":\"es\",\"potentialAction\":[{\"@type\":\"ReadAction\",\"target\":[\"https:\\\/\\\/canal7slp.tv\\\/2022\\\/en-puebla-alumno-agrede-con-un-martillo-a-un-profesor\\\/\"]}]},{\"@type\":\"ImageObject\",\"inLanguage\":\"es\",\"@id\":\"https:\\\/\\\/canal7slp.tv\\\/2022\\\/en-puebla-alumno-agrede-con-un-martillo-a-un-profesor\\\/#primaryimage\",\"url\":\"https:\\\/\\\/canal7slp.tv\\\/2022\\\/wp-content\\\/uploads\\\/2022\\\/03\\\/01-6.jpg\",\"contentUrl\":\"https:\\\/\\\/canal7slp.tv\\\/2022\\\/wp-content\\\/uploads\\\/2022\\\/03\\\/01-6.jpg\",\"width\":732,\"height\":549},{\"@type\":\"BreadcrumbList\",\"@id\":\"https:\\\/\\\/canal7slp.tv\\\/2022\\\/en-puebla-alumno-agrede-con-un-martillo-a-un-profesor\\\/#breadcrumb\",\"itemListElement\":[{\"@type\":\"ListItem\",\"position\":1,\"name\":\"Portada\",\"item\":\"https:\\\/\\\/canal7slp.tv\\\/2022\\\/\"},{\"@type\":\"ListItem\",\"position\":2,\"name\":\"En Puebla alumno agrede con un martillo a un profesor\"}]},{\"@type\":\"WebSite\",\"@id\":\"https:\\\/\\\/canal7slp.tv\\\/2022\\\/#website\",\"url\":\"https:\\\/\\\/canal7slp.tv\\\/2022\\\/\",\"name\":\"N7 - Noticieros Canal 7\",\"description\":\"Somos Televisi\u00f3n\",\"publisher\":{\"@id\":\"https:\\\/\\\/canal7slp.tv\\\/2022\\\/#organization\"},\"potentialAction\":[{\"@type\":\"SearchAction\",\"target\":{\"@type\":\"EntryPoint\",\"urlTemplate\":\"https:\\\/\\\/canal7slp.tv\\\/2022\\\/?s={search_term_string}\"},\"query-input\":{\"@type\":\"PropertyValueSpecification\",\"valueRequired\":true,\"valueName\":\"search_term_string\"}}],\"inLanguage\":\"es\"},{\"@type\":\"Organization\",\"@id\":\"https:\\\/\\\/canal7slp.tv\\\/2022\\\/#organization\",\"name\":\"Noticieros Canal 7\",\"url\":\"https:\\\/\\\/canal7slp.tv\\\/2022\\\/\",\"logo\":{\"@type\":\"ImageObject\",\"inLanguage\":\"es\",\"@id\":\"https:\\\/\\\/canal7slp.tv\\\/2022\\\/#\\\/schema\\\/logo\\\/image\\\/\",\"url\":\"https:\\\/\\\/canal7slp.tv\\\/2022\\\/wp-content\\\/uploads\\\/2021\\\/01\\\/logo-noticieros@2x.png\",\"contentUrl\":\"https:\\\/\\\/canal7slp.tv\\\/2022\\\/wp-content\\\/uploads\\\/2021\\\/01\\\/logo-noticieros@2x.png\",\"width\":1017,\"height\":268,\"caption\":\"Noticieros Canal 7\"},\"image\":{\"@id\":\"https:\\\/\\\/canal7slp.tv\\\/2022\\\/#\\\/schema\\\/logo\\\/image\\\/\"},\"sameAs\":[\"https:\\\/\\\/www.facebook.com\\\/noticieroscanalsiete\",\"https:\\\/\\\/x.com\\\/NOTICIEROS7\",\"https:\\\/\\\/www.instagram.com\\\/canal7_slp\",\"https:\\\/\\\/www.youtube.com\\\/channel\\\/UCliiYs-gP3JfJeqdPrNdd5A\"]},{\"@type\":\"Person\",\"@id\":\"https:\\\/\\\/canal7slp.tv\\\/2022\\\/#\\\/schema\\\/person\\\/429704152a21f5f856ce29aa69a238da\",\"name\":\"Edici\u00f3n Web\",\"image\":{\"@type\":\"ImageObject\",\"inLanguage\":\"es\",\"@id\":\"https:\\\/\\\/secure.gravatar.com\\\/avatar\\\/eee448fc3f7164808013b816ba91ac7e43bbe82a70bebac296f8bc6f0addaa1a?s=96&d=mm&r=g\",\"url\":\"https:\\\/\\\/secure.gravatar.com\\\/avatar\\\/eee448fc3f7164808013b816ba91ac7e43bbe82a70bebac296f8bc6f0addaa1a?s=96&d=mm&r=g\",\"contentUrl\":\"https:\\\/\\\/secure.gravatar.com\\\/avatar\\\/eee448fc3f7164808013b816ba91ac7e43bbe82a70bebac296f8bc6f0addaa1a?s=96&d=mm&r=g\",\"caption\":\"Edici\u00f3n Web\"},\"url\":\"https:\\\/\\\/canal7slp.tv\\\/2022\\\/author\\\/edicionweb\\\/\"}]}<\/script>\n<!-- \/ Yoast SEO plugin. -->","yoast_head_json":{"title":"En Puebla alumno agrede con un martillo a un profesor - Canal 7 SLP - 2022","robots":{"index":"index","follow":"follow","max-snippet":"max-snippet:-1","max-image-preview":"max-image-preview:large","max-video-preview":"max-video-preview:-1"},"canonical":"https:\/\/canal7slp.tv\/2022\/en-puebla-alumno-agrede-con-un-martillo-a-un-profesor\/","og_locale":"es_ES","og_type":"article","og_title":"En Puebla alumno agrede con un martillo a un profesor - Canal 7 SLP - 2022","og_description":"Puebla.- Un profesor de la Preparatoria 2 de la Universidad Popular Aut\u00f3noma del Estado de Puebla fue agredido por un estudiante con un martillo. De acuerdo con las primeras pesquisas, se desconoce los motivos por los cuales el alumno agarr\u00f3 un martillo de la clase que tomaba y golpe\u00f3 al maestro en un brazo. Cabe se\u00f1alar que en Redes Sociales habr\u00eda se\u00f1alado que el estudiante golpeo la cabeza del docente, situaci\u00f3n que fue descartada. Aunado a esto, los alumnos reportaron lo ocurrido a las autoridades. Pese a que agentes policiacos arribaron a la instituci\u00f3n, personal de la misma les neg\u00f3 [&hellip;]","og_url":"https:\/\/canal7slp.tv\/2022\/en-puebla-alumno-agrede-con-un-martillo-a-un-profesor\/","og_site_name":"Canal 7 SLP - 2022","article_publisher":"https:\/\/www.facebook.com\/noticieroscanalsiete","article_published_time":"2022-03-10T21:53:55+00:00","og_image":[{"width":732,"height":549,"url":"https:\/\/canal7slp.tv\/2022\/wp-content\/uploads\/2022\/03\/01-6.jpg","type":"image\/jpeg"}],"author":"Edici\u00f3n Web","twitter_card":"summary_large_image","twitter_creator":"@NOTICIEROS7","twitter_site":"@NOTICIEROS7","twitter_misc":{"Escrito por":"Edici\u00f3n Web","Tiempo de lectura":"1 minuto"},"schema":{"@context":"https:\/\/schema.org","@graph":[{"@type":"Article","@id":"https:\/\/canal7slp.tv\/2022\/en-puebla-alumno-agrede-con-un-martillo-a-un-profesor\/#article","isPartOf":{"@id":"https:\/\/canal7slp.tv\/2022\/en-puebla-alumno-agrede-con-un-martillo-a-un-profesor\/"},"author":{"name":"Edici\u00f3n Web","@id":"https:\/\/canal7slp.tv\/2022\/#\/schema\/person\/429704152a21f5f856ce29aa69a238da"},"headline":"En Puebla alumno agrede con un martillo a un profesor","datePublished":"2022-03-10T21:53:55+00:00","mainEntityOfPage":{"@id":"https:\/\/canal7slp.tv\/2022\/en-puebla-alumno-agrede-con-un-martillo-a-un-profesor\/"},"wordCount":128,"publisher":{"@id":"https:\/\/canal7slp.tv\/2022\/#organization"},"image":{"@id":"https:\/\/canal7slp.tv\/2022\/en-puebla-alumno-agrede-con-un-martillo-a-un-profesor\/#primaryimage"},"thumbnailUrl":"https:\/\/canal7slp.tv\/2022\/wp-content\/uploads\/2022\/03\/01-6.jpg","articleSection":["NACIONALES"],"inLanguage":"es"},{"@type":"WebPage","@id":"https:\/\/canal7slp.tv\/2022\/en-puebla-alumno-agrede-con-un-martillo-a-un-profesor\/","url":"https:\/\/canal7slp.tv\/2022\/en-puebla-alumno-agrede-con-un-martillo-a-un-profesor\/","name":"En Puebla alumno agrede con un martillo a un profesor - Canal 7 SLP - 2022","isPartOf":{"@id":"https:\/\/canal7slp.tv\/2022\/#website"},"primaryImageOfPage":{"@id":"https:\/\/canal7slp.tv\/2022\/en-puebla-alumno-agrede-con-un-martillo-a-un-profesor\/#primaryimage"},"image":{"@id":"https:\/\/canal7slp.tv\/2022\/en-puebla-alumno-agrede-con-un-martillo-a-un-profesor\/#primaryimage"},"thumbnailUrl":"https:\/\/canal7slp.tv\/2022\/wp-content\/uploads\/2022\/03\/01-6.jpg","datePublished":"2022-03-10T21:53:55+00:00","breadcrumb":{"@id":"https:\/\/canal7slp.tv\/2022\/en-puebla-alumno-agrede-con-un-martillo-a-un-profesor\/#breadcrumb"},"inLanguage":"es","potentialAction":[{"@type":"ReadAction","target":["https:\/\/canal7slp.tv\/2022\/en-puebla-alumno-agrede-con-un-martillo-a-un-profesor\/"]}]},{"@type":"ImageObject","inLanguage":"es","@id":"https:\/\/canal7slp.tv\/2022\/en-puebla-alumno-agrede-con-un-martillo-a-un-profesor\/#primaryimage","url":"https:\/\/canal7slp.tv\/2022\/wp-content\/uploads\/2022\/03\/01-6.jpg","contentUrl":"https:\/\/canal7slp.tv\/2022\/wp-content\/uploads\/2022\/03\/01-6.jpg","width":732,"height":549},{"@type":"BreadcrumbList","@id":"https:\/\/canal7slp.tv\/2022\/en-puebla-alumno-agrede-con-un-martillo-a-un-profesor\/#breadcrumb","itemListElement":[{"@type":"ListItem","position":1,"name":"Portada","item":"https:\/\/canal7slp.tv\/2022\/"},{"@type":"ListItem","position":2,"name":"En Puebla alumno agrede con un martillo a un profesor"}]},{"@type":"WebSite","@id":"https:\/\/canal7slp.tv\/2022\/#website","url":"https:\/\/canal7slp.tv\/2022\/","name":"N7 - Noticieros Canal 7","description":"Somos Televisi\u00f3n","publisher":{"@id":"https:\/\/canal7slp.tv\/2022\/#organization"},"potentialAction":[{"@type":"SearchAction","target":{"@type":"EntryPoint","urlTemplate":"https:\/\/canal7slp.tv\/2022\/?s={search_term_string}"},"query-input":{"@type":"PropertyValueSpecification","valueRequired":true,"valueName":"search_term_string"}}],"inLanguage":"es"},{"@type":"Organization","@id":"https:\/\/canal7slp.tv\/2022\/#organization","name":"Noticieros Canal 7","url":"https:\/\/canal7slp.tv\/2022\/","logo":{"@type":"ImageObject","inLanguage":"es","@id":"https:\/\/canal7slp.tv\/2022\/#\/schema\/logo\/image\/","url":"https:\/\/canal7slp.tv\/2022\/wp-content\/uploads\/2021\/01\/logo-noticieros@2x.png","contentUrl":"https:\/\/canal7slp.tv\/2022\/wp-content\/uploads\/2021\/01\/logo-noticieros@2x.png","width":1017,"height":268,"caption":"Noticieros Canal 7"},"image":{"@id":"https:\/\/canal7slp.tv\/2022\/#\/schema\/logo\/image\/"},"sameAs":["https:\/\/www.facebook.com\/noticieroscanalsiete","https:\/\/x.com\/NOTICIEROS7","https:\/\/www.instagram.com\/canal7_slp","https:\/\/www.youtube.com\/channel\/UCliiYs-gP3JfJeqdPrNdd5A"]},{"@type":"Person","@id":"https:\/\/canal7slp.tv\/2022\/#\/schema\/person\/429704152a21f5f856ce29aa69a238da","name":"Edici\u00f3n Web","image":{"@type":"ImageObject","inLanguage":"es","@id":"https:\/\/secure.gravatar.com\/avatar\/eee448fc3f7164808013b816ba91ac7e43bbe82a70bebac296f8bc6f0addaa1a?s=96&d=mm&r=g","url":"https:\/\/secure.gravatar.com\/avatar\/eee448fc3f7164808013b816ba91ac7e43bbe82a70bebac296f8bc6f0addaa1a?s=96&d=mm&r=g","contentUrl":"https:\/\/secure.gravatar.com\/avatar\/eee448fc3f7164808013b816ba91ac7e43bbe82a70bebac296f8bc6f0addaa1a?s=96&d=mm&r=g","caption":"Edici\u00f3n Web"},"url":"https:\/\/canal7slp.tv\/2022\/author\/edicionweb\/"}]}},"amp_enabled":true,"_links":{"self":[{"href":"https:\/\/canal7slp.tv\/2022\/wp-json\/wp\/v2\/posts\/53751","targetHints":{"allow":["GET"]}}],"collection":[{"href":"https:\/\/canal7slp.tv\/2022\/wp-json\/wp\/v2\/posts"}],"about":[{"href":"https:\/\/canal7slp.tv\/2022\/wp-json\/wp\/v2\/types\/post"}],"author":[{"embeddable":true,"href":"https:\/\/canal7slp.tv\/2022\/wp-json\/wp\/v2\/users\/2"}],"replies":[{"embeddable":true,"href":"https:\/\/canal7slp.tv\/2022\/wp-json\/wp\/v2\/comments?post=53751"}],"version-history":[{"count":2,"href":"https:\/\/canal7slp.tv\/2022\/wp-json\/wp\/v2\/posts\/53751\/revisions"}],"predecessor-version":[{"id":53769,"href":"https:\/\/canal7slp.tv\/2022\/wp-json\/wp\/v2\/posts\/53751\/revisions\/53769"}],"wp:featuredmedia":[{"embeddable":true,"href":"https:\/\/canal7slp.tv\/2022\/wp-json\/wp\/v2\/media\/53763"}],"wp:attachment":[{"href":"https:\/\/canal7slp.tv\/2022\/wp-json\/wp\/v2\/media?parent=53751"}],"wp:term":[{"taxonomy":"category","embeddable":true,"href":"https:\/\/canal7slp.tv\/2022\/wp-json\/wp\/v2\/categories?post=53751"},{"taxonomy":"post_tag","embeddable":true,"href":"https:\/\/canal7slp.tv\/2022\/wp-json\/wp\/v2\/tags?post=53751"}],"curies":[{"name":"wp","href":"https:\/\/api.w.org\/{rel}","templated":true}]}}