{"id":53728,"date":"2022-03-10T05:56:51","date_gmt":"2022-03-10T11:56:51","guid":{"rendered":"https:\/\/canal7slp.tv\/2022\/?p=53728"},"modified":"2022-03-10T05:56:51","modified_gmt":"2022-03-10T11:56:51","slug":"extrabajador-de-la-capital-es-capturado-seria-el-tercer-implicado-en-millonario-desfalco","status":"publish","type":"post","link":"https:\/\/canal7slp.tv\/2022\/extrabajador-de-la-capital-es-capturado-seria-el-tercer-implicado-en-millonario-desfalco\/","title":{"rendered":"Extrabajador de la Capital es capturado&#8230; ser\u00eda el tercer implicado en millonario desfalco."},"content":{"rendered":"<p style=\"text-align: justify;\">SLP.- Agentes de la Polic\u00eda de Investigaci\u00f3n (PDI) cumplimentaron una orden de aprehensi\u00f3n contra un hombre por los delitos de robo equiparado calificado y enriquecimiento il\u00edcito en agravio del Ayuntamiento de San Luis Potos\u00ed.<\/p>\n<p style=\"text-align: justify;\">La Fiscal\u00eda Especializada en Delitos Relacionados con Hechos de Corrupci\u00f3n inform\u00f3 que a Omar N se le se\u00f1ala como aparente part\u00edcipe en un desfalco de nueve millones 500 mil pesos entre marzo de 2019 y octubre de 2020.<\/p>\n<p style=\"text-align: justify;\">En dicho per\u00edodo de desempe\u00f1\u00f3 como auxiliar administrativo t\u00e9cnico de la Coordinaci\u00f3n Financiera.<\/p>\n<p style=\"text-align: justify;\">El se\u00f1alado habr\u00eda alterado documentaci\u00f3n para la obtenci\u00f3n de diversas cantidades de dinero pertenecientes al erario, por medio del cobro de cheques.<\/p>\n<p style=\"text-align: justify;\">El presunto fue detenido en la calle J. del Casal en la colonia ISSSTE de la capital, en donde le fue informado el motivo del mandamiento judicial.<\/p>\n<p style=\"text-align: justify;\">Su situaci\u00f3n jur\u00eddica se definir\u00eda en pr\u00f3ximas horas.<\/p>\n<p style=\"text-align: justify;\">Es importante recordar que se hab\u00eda iniciado un proceso contra Gerardo \u00abN\u00bb y Martha Patricia \u00abN\u00bb, mismos que est\u00e1n recluidos en el Centro de Reinserci\u00f3n Social de La Pila y vinculados a proceso.<\/p>\n<p style=\"text-align: justify;\">Por: Paulina Rodr\u00edguez<\/p>\n","protected":false},"excerpt":{"rendered":"<p>SLP.- Agentes de la Polic\u00eda de Investigaci\u00f3n (PDI) cumplimentaron una orden de aprehensi\u00f3n contra un hombre por los delitos de robo equiparado calificado y enriquecimiento il\u00edcito en agravio del Ayuntamiento de San Luis Potos\u00ed. La Fiscal\u00eda Especializada en Delitos Relacionados con Hechos de Corrupci\u00f3n inform\u00f3 que a Omar N se le se\u00f1ala como aparente part\u00edcipe en un desfalco de nueve millones 500 mil pesos entre marzo de 2019 y octubre de 2020. En dicho per\u00edodo de desempe\u00f1\u00f3 como auxiliar administrativo t\u00e9cnico de la Coordinaci\u00f3n Financiera. El se\u00f1alado habr\u00eda alterado documentaci\u00f3n para la obtenci\u00f3n de diversas cantidades de dinero pertenecientes al [&hellip;]<\/p>\n","protected":false},"author":2,"featured_media":53730,"comment_status":"closed","ping_status":"closed","sticky":false,"template":"","format":"video","meta":{"footnotes":""},"categories":[5,45],"tags":[],"class_list":["post-53728","post","type-post","status-publish","format-video","has-post-thumbnail","hentry","category-destacadas","category-localesyregionales","post_format-post-format-video","post--single"],"yoast_head":"<!-- This site is optimized with the Yoast SEO plugin v27.4 - https:\/\/yoast.com\/product\/yoast-seo-wordpress\/ -->\n<title>Extrabajador de la Capital es capturado... ser\u00eda el tercer implicado en millonario desfalco. - Canal 7 SLP - 2022<\/title>\n<meta name=\"robots\" content=\"index, follow, max-snippet:-1, max-image-preview:large, max-video-preview:-1\" \/>\n<link rel=\"canonical\" href=\"https:\/\/canal7slp.tv\/2022\/extrabajador-de-la-capital-es-capturado-seria-el-tercer-implicado-en-millonario-desfalco\/\" \/>\n<meta property=\"og:locale\" content=\"es_ES\" \/>\n<meta property=\"og:type\" content=\"article\" \/>\n<meta property=\"og:title\" content=\"Extrabajador de la Capital es capturado... ser\u00eda el tercer implicado en millonario desfalco. - Canal 7 SLP - 2022\" \/>\n<meta property=\"og:description\" content=\"SLP.- Agentes de la Polic\u00eda de Investigaci\u00f3n (PDI) cumplimentaron una orden de aprehensi\u00f3n contra un hombre por los delitos de robo equiparado calificado y enriquecimiento il\u00edcito en agravio del Ayuntamiento de San Luis Potos\u00ed. La Fiscal\u00eda Especializada en Delitos Relacionados con Hechos de Corrupci\u00f3n inform\u00f3 que a Omar N se le se\u00f1ala como aparente part\u00edcipe en un desfalco de nueve millones 500 mil pesos entre marzo de 2019 y octubre de 2020. En dicho per\u00edodo de desempe\u00f1\u00f3 como auxiliar administrativo t\u00e9cnico de la Coordinaci\u00f3n Financiera. El se\u00f1alado habr\u00eda alterado documentaci\u00f3n para la obtenci\u00f3n de diversas cantidades de dinero pertenecientes al [&hellip;]\" \/>\n<meta property=\"og:url\" content=\"https:\/\/canal7slp.tv\/2022\/extrabajador-de-la-capital-es-capturado-seria-el-tercer-implicado-en-millonario-desfalco\/\" \/>\n<meta property=\"og:site_name\" content=\"Canal 7 SLP - 2022\" \/>\n<meta property=\"article:publisher\" content=\"https:\/\/www.facebook.com\/noticieroscanalsiete\" \/>\n<meta property=\"article:published_time\" content=\"2022-03-10T11:56:51+00:00\" \/>\n<meta property=\"og:image\" content=\"https:\/\/canal7slp.tv\/2022\/wp-content\/uploads\/2022\/03\/Pau0Detencion.jpg\" \/>\n\t<meta property=\"og:image:width\" content=\"888\" \/>\n\t<meta property=\"og:image:height\" content=\"500\" \/>\n\t<meta property=\"og:image:type\" content=\"image\/jpeg\" \/>\n<meta name=\"author\" content=\"Edici\u00f3n Web\" \/>\n<meta name=\"twitter:card\" content=\"summary_large_image\" \/>\n<meta name=\"twitter:creator\" content=\"@NOTICIEROS7\" \/>\n<meta name=\"twitter:site\" content=\"@NOTICIEROS7\" \/>\n<meta name=\"twitter:label1\" content=\"Escrito por\" \/>\n\t<meta name=\"twitter:data1\" content=\"Edici\u00f3n Web\" \/>\n\t<meta name=\"twitter:label2\" content=\"Tiempo de lectura\" \/>\n\t<meta name=\"twitter:data2\" content=\"1 minuto\" \/>\n<script type=\"application\/ld+json\" class=\"yoast-schema-graph\">{\"@context\":\"https:\\\/\\\/schema.org\",\"@graph\":[{\"@type\":\"Article\",\"@id\":\"https:\\\/\\\/canal7slp.tv\\\/2022\\\/extrabajador-de-la-capital-es-capturado-seria-el-tercer-implicado-en-millonario-desfalco\\\/#article\",\"isPartOf\":{\"@id\":\"https:\\\/\\\/canal7slp.tv\\\/2022\\\/extrabajador-de-la-capital-es-capturado-seria-el-tercer-implicado-en-millonario-desfalco\\\/\"},\"author\":{\"name\":\"Edici\u00f3n Web\",\"@id\":\"https:\\\/\\\/canal7slp.tv\\\/2022\\\/#\\\/schema\\\/person\\\/429704152a21f5f856ce29aa69a238da\"},\"headline\":\"Extrabajador de la Capital es capturado&#8230; ser\u00eda el tercer implicado en millonario desfalco.\",\"datePublished\":\"2022-03-10T11:56:51+00:00\",\"mainEntityOfPage\":{\"@id\":\"https:\\\/\\\/canal7slp.tv\\\/2022\\\/extrabajador-de-la-capital-es-capturado-seria-el-tercer-implicado-en-millonario-desfalco\\\/\"},\"wordCount\":213,\"publisher\":{\"@id\":\"https:\\\/\\\/canal7slp.tv\\\/2022\\\/#organization\"},\"image\":{\"@id\":\"https:\\\/\\\/canal7slp.tv\\\/2022\\\/extrabajador-de-la-capital-es-capturado-seria-el-tercer-implicado-en-millonario-desfalco\\\/#primaryimage\"},\"thumbnailUrl\":\"https:\\\/\\\/canal7slp.tv\\\/2022\\\/wp-content\\\/uploads\\\/2022\\\/03\\\/Pau0Detencion.jpg\",\"articleSection\":[\"DESTACADAS\",\"LOCALES Y REGIONALES\"],\"inLanguage\":\"es\"},{\"@type\":\"WebPage\",\"@id\":\"https:\\\/\\\/canal7slp.tv\\\/2022\\\/extrabajador-de-la-capital-es-capturado-seria-el-tercer-implicado-en-millonario-desfalco\\\/\",\"url\":\"https:\\\/\\\/canal7slp.tv\\\/2022\\\/extrabajador-de-la-capital-es-capturado-seria-el-tercer-implicado-en-millonario-desfalco\\\/\",\"name\":\"Extrabajador de la Capital es capturado... ser\u00eda el tercer implicado en millonario desfalco. - Canal 7 SLP - 2022\",\"isPartOf\":{\"@id\":\"https:\\\/\\\/canal7slp.tv\\\/2022\\\/#website\"},\"primaryImageOfPage\":{\"@id\":\"https:\\\/\\\/canal7slp.tv\\\/2022\\\/extrabajador-de-la-capital-es-capturado-seria-el-tercer-implicado-en-millonario-desfalco\\\/#primaryimage\"},\"image\":{\"@id\":\"https:\\\/\\\/canal7slp.tv\\\/2022\\\/extrabajador-de-la-capital-es-capturado-seria-el-tercer-implicado-en-millonario-desfalco\\\/#primaryimage\"},\"thumbnailUrl\":\"https:\\\/\\\/canal7slp.tv\\\/2022\\\/wp-content\\\/uploads\\\/2022\\\/03\\\/Pau0Detencion.jpg\",\"datePublished\":\"2022-03-10T11:56:51+00:00\",\"breadcrumb\":{\"@id\":\"https:\\\/\\\/canal7slp.tv\\\/2022\\\/extrabajador-de-la-capital-es-capturado-seria-el-tercer-implicado-en-millonario-desfalco\\\/#breadcrumb\"},\"inLanguage\":\"es\",\"potentialAction\":[{\"@type\":\"ReadAction\",\"target\":[\"https:\\\/\\\/canal7slp.tv\\\/2022\\\/extrabajador-de-la-capital-es-capturado-seria-el-tercer-implicado-en-millonario-desfalco\\\/\"]}]},{\"@type\":\"ImageObject\",\"inLanguage\":\"es\",\"@id\":\"https:\\\/\\\/canal7slp.tv\\\/2022\\\/extrabajador-de-la-capital-es-capturado-seria-el-tercer-implicado-en-millonario-desfalco\\\/#primaryimage\",\"url\":\"https:\\\/\\\/canal7slp.tv\\\/2022\\\/wp-content\\\/uploads\\\/2022\\\/03\\\/Pau0Detencion.jpg\",\"contentUrl\":\"https:\\\/\\\/canal7slp.tv\\\/2022\\\/wp-content\\\/uploads\\\/2022\\\/03\\\/Pau0Detencion.jpg\",\"width\":888,\"height\":500},{\"@type\":\"BreadcrumbList\",\"@id\":\"https:\\\/\\\/canal7slp.tv\\\/2022\\\/extrabajador-de-la-capital-es-capturado-seria-el-tercer-implicado-en-millonario-desfalco\\\/#breadcrumb\",\"itemListElement\":[{\"@type\":\"ListItem\",\"position\":1,\"name\":\"Portada\",\"item\":\"https:\\\/\\\/canal7slp.tv\\\/2022\\\/\"},{\"@type\":\"ListItem\",\"position\":2,\"name\":\"Extrabajador de la Capital es capturado&#8230; ser\u00eda el tercer implicado en millonario desfalco.\"}]},{\"@type\":\"WebSite\",\"@id\":\"https:\\\/\\\/canal7slp.tv\\\/2022\\\/#website\",\"url\":\"https:\\\/\\\/canal7slp.tv\\\/2022\\\/\",\"name\":\"N7 - Noticieros Canal 7\",\"description\":\"Somos Televisi\u00f3n\",\"publisher\":{\"@id\":\"https:\\\/\\\/canal7slp.tv\\\/2022\\\/#organization\"},\"potentialAction\":[{\"@type\":\"SearchAction\",\"target\":{\"@type\":\"EntryPoint\",\"urlTemplate\":\"https:\\\/\\\/canal7slp.tv\\\/2022\\\/?s={search_term_string}\"},\"query-input\":{\"@type\":\"PropertyValueSpecification\",\"valueRequired\":true,\"valueName\":\"search_term_string\"}}],\"inLanguage\":\"es\"},{\"@type\":\"Organization\",\"@id\":\"https:\\\/\\\/canal7slp.tv\\\/2022\\\/#organization\",\"name\":\"Noticieros Canal 7\",\"url\":\"https:\\\/\\\/canal7slp.tv\\\/2022\\\/\",\"logo\":{\"@type\":\"ImageObject\",\"inLanguage\":\"es\",\"@id\":\"https:\\\/\\\/canal7slp.tv\\\/2022\\\/#\\\/schema\\\/logo\\\/image\\\/\",\"url\":\"https:\\\/\\\/canal7slp.tv\\\/2022\\\/wp-content\\\/uploads\\\/2021\\\/01\\\/logo-noticieros@2x.png\",\"contentUrl\":\"https:\\\/\\\/canal7slp.tv\\\/2022\\\/wp-content\\\/uploads\\\/2021\\\/01\\\/logo-noticieros@2x.png\",\"width\":1017,\"height\":268,\"caption\":\"Noticieros Canal 7\"},\"image\":{\"@id\":\"https:\\\/\\\/canal7slp.tv\\\/2022\\\/#\\\/schema\\\/logo\\\/image\\\/\"},\"sameAs\":[\"https:\\\/\\\/www.facebook.com\\\/noticieroscanalsiete\",\"https:\\\/\\\/x.com\\\/NOTICIEROS7\",\"https:\\\/\\\/www.instagram.com\\\/canal7_slp\",\"https:\\\/\\\/www.youtube.com\\\/channel\\\/UCliiYs-gP3JfJeqdPrNdd5A\"]},{\"@type\":\"Person\",\"@id\":\"https:\\\/\\\/canal7slp.tv\\\/2022\\\/#\\\/schema\\\/person\\\/429704152a21f5f856ce29aa69a238da\",\"name\":\"Edici\u00f3n Web\",\"image\":{\"@type\":\"ImageObject\",\"inLanguage\":\"es\",\"@id\":\"https:\\\/\\\/secure.gravatar.com\\\/avatar\\\/eee448fc3f7164808013b816ba91ac7e43bbe82a70bebac296f8bc6f0addaa1a?s=96&d=mm&r=g\",\"url\":\"https:\\\/\\\/secure.gravatar.com\\\/avatar\\\/eee448fc3f7164808013b816ba91ac7e43bbe82a70bebac296f8bc6f0addaa1a?s=96&d=mm&r=g\",\"contentUrl\":\"https:\\\/\\\/secure.gravatar.com\\\/avatar\\\/eee448fc3f7164808013b816ba91ac7e43bbe82a70bebac296f8bc6f0addaa1a?s=96&d=mm&r=g\",\"caption\":\"Edici\u00f3n Web\"},\"url\":\"https:\\\/\\\/canal7slp.tv\\\/2022\\\/author\\\/edicionweb\\\/\"}]}<\/script>\n<!-- \/ Yoast SEO plugin. -->","yoast_head_json":{"title":"Extrabajador de la Capital es capturado... ser\u00eda el tercer implicado en millonario desfalco. - Canal 7 SLP - 2022","robots":{"index":"index","follow":"follow","max-snippet":"max-snippet:-1","max-image-preview":"max-image-preview:large","max-video-preview":"max-video-preview:-1"},"canonical":"https:\/\/canal7slp.tv\/2022\/extrabajador-de-la-capital-es-capturado-seria-el-tercer-implicado-en-millonario-desfalco\/","og_locale":"es_ES","og_type":"article","og_title":"Extrabajador de la Capital es capturado... ser\u00eda el tercer implicado en millonario desfalco. - Canal 7 SLP - 2022","og_description":"SLP.- Agentes de la Polic\u00eda de Investigaci\u00f3n (PDI) cumplimentaron una orden de aprehensi\u00f3n contra un hombre por los delitos de robo equiparado calificado y enriquecimiento il\u00edcito en agravio del Ayuntamiento de San Luis Potos\u00ed. La Fiscal\u00eda Especializada en Delitos Relacionados con Hechos de Corrupci\u00f3n inform\u00f3 que a Omar N se le se\u00f1ala como aparente part\u00edcipe en un desfalco de nueve millones 500 mil pesos entre marzo de 2019 y octubre de 2020. En dicho per\u00edodo de desempe\u00f1\u00f3 como auxiliar administrativo t\u00e9cnico de la Coordinaci\u00f3n Financiera. El se\u00f1alado habr\u00eda alterado documentaci\u00f3n para la obtenci\u00f3n de diversas cantidades de dinero pertenecientes al [&hellip;]","og_url":"https:\/\/canal7slp.tv\/2022\/extrabajador-de-la-capital-es-capturado-seria-el-tercer-implicado-en-millonario-desfalco\/","og_site_name":"Canal 7 SLP - 2022","article_publisher":"https:\/\/www.facebook.com\/noticieroscanalsiete","article_published_time":"2022-03-10T11:56:51+00:00","og_image":[{"width":888,"height":500,"url":"https:\/\/canal7slp.tv\/2022\/wp-content\/uploads\/2022\/03\/Pau0Detencion.jpg","type":"image\/jpeg"}],"author":"Edici\u00f3n Web","twitter_card":"summary_large_image","twitter_creator":"@NOTICIEROS7","twitter_site":"@NOTICIEROS7","twitter_misc":{"Escrito por":"Edici\u00f3n Web","Tiempo de lectura":"1 minuto"},"schema":{"@context":"https:\/\/schema.org","@graph":[{"@type":"Article","@id":"https:\/\/canal7slp.tv\/2022\/extrabajador-de-la-capital-es-capturado-seria-el-tercer-implicado-en-millonario-desfalco\/#article","isPartOf":{"@id":"https:\/\/canal7slp.tv\/2022\/extrabajador-de-la-capital-es-capturado-seria-el-tercer-implicado-en-millonario-desfalco\/"},"author":{"name":"Edici\u00f3n Web","@id":"https:\/\/canal7slp.tv\/2022\/#\/schema\/person\/429704152a21f5f856ce29aa69a238da"},"headline":"Extrabajador de la Capital es capturado&#8230; ser\u00eda el tercer implicado en millonario desfalco.","datePublished":"2022-03-10T11:56:51+00:00","mainEntityOfPage":{"@id":"https:\/\/canal7slp.tv\/2022\/extrabajador-de-la-capital-es-capturado-seria-el-tercer-implicado-en-millonario-desfalco\/"},"wordCount":213,"publisher":{"@id":"https:\/\/canal7slp.tv\/2022\/#organization"},"image":{"@id":"https:\/\/canal7slp.tv\/2022\/extrabajador-de-la-capital-es-capturado-seria-el-tercer-implicado-en-millonario-desfalco\/#primaryimage"},"thumbnailUrl":"https:\/\/canal7slp.tv\/2022\/wp-content\/uploads\/2022\/03\/Pau0Detencion.jpg","articleSection":["DESTACADAS","LOCALES Y REGIONALES"],"inLanguage":"es"},{"@type":"WebPage","@id":"https:\/\/canal7slp.tv\/2022\/extrabajador-de-la-capital-es-capturado-seria-el-tercer-implicado-en-millonario-desfalco\/","url":"https:\/\/canal7slp.tv\/2022\/extrabajador-de-la-capital-es-capturado-seria-el-tercer-implicado-en-millonario-desfalco\/","name":"Extrabajador de la Capital es capturado... ser\u00eda el tercer implicado en millonario desfalco. - Canal 7 SLP - 2022","isPartOf":{"@id":"https:\/\/canal7slp.tv\/2022\/#website"},"primaryImageOfPage":{"@id":"https:\/\/canal7slp.tv\/2022\/extrabajador-de-la-capital-es-capturado-seria-el-tercer-implicado-en-millonario-desfalco\/#primaryimage"},"image":{"@id":"https:\/\/canal7slp.tv\/2022\/extrabajador-de-la-capital-es-capturado-seria-el-tercer-implicado-en-millonario-desfalco\/#primaryimage"},"thumbnailUrl":"https:\/\/canal7slp.tv\/2022\/wp-content\/uploads\/2022\/03\/Pau0Detencion.jpg","datePublished":"2022-03-10T11:56:51+00:00","breadcrumb":{"@id":"https:\/\/canal7slp.tv\/2022\/extrabajador-de-la-capital-es-capturado-seria-el-tercer-implicado-en-millonario-desfalco\/#breadcrumb"},"inLanguage":"es","potentialAction":[{"@type":"ReadAction","target":["https:\/\/canal7slp.tv\/2022\/extrabajador-de-la-capital-es-capturado-seria-el-tercer-implicado-en-millonario-desfalco\/"]}]},{"@type":"ImageObject","inLanguage":"es","@id":"https:\/\/canal7slp.tv\/2022\/extrabajador-de-la-capital-es-capturado-seria-el-tercer-implicado-en-millonario-desfalco\/#primaryimage","url":"https:\/\/canal7slp.tv\/2022\/wp-content\/uploads\/2022\/03\/Pau0Detencion.jpg","contentUrl":"https:\/\/canal7slp.tv\/2022\/wp-content\/uploads\/2022\/03\/Pau0Detencion.jpg","width":888,"height":500},{"@type":"BreadcrumbList","@id":"https:\/\/canal7slp.tv\/2022\/extrabajador-de-la-capital-es-capturado-seria-el-tercer-implicado-en-millonario-desfalco\/#breadcrumb","itemListElement":[{"@type":"ListItem","position":1,"name":"Portada","item":"https:\/\/canal7slp.tv\/2022\/"},{"@type":"ListItem","position":2,"name":"Extrabajador de la Capital es capturado&#8230; ser\u00eda el tercer implicado en millonario desfalco."}]},{"@type":"WebSite","@id":"https:\/\/canal7slp.tv\/2022\/#website","url":"https:\/\/canal7slp.tv\/2022\/","name":"N7 - Noticieros Canal 7","description":"Somos Televisi\u00f3n","publisher":{"@id":"https:\/\/canal7slp.tv\/2022\/#organization"},"potentialAction":[{"@type":"SearchAction","target":{"@type":"EntryPoint","urlTemplate":"https:\/\/canal7slp.tv\/2022\/?s={search_term_string}"},"query-input":{"@type":"PropertyValueSpecification","valueRequired":true,"valueName":"search_term_string"}}],"inLanguage":"es"},{"@type":"Organization","@id":"https:\/\/canal7slp.tv\/2022\/#organization","name":"Noticieros Canal 7","url":"https:\/\/canal7slp.tv\/2022\/","logo":{"@type":"ImageObject","inLanguage":"es","@id":"https:\/\/canal7slp.tv\/2022\/#\/schema\/logo\/image\/","url":"https:\/\/canal7slp.tv\/2022\/wp-content\/uploads\/2021\/01\/logo-noticieros@2x.png","contentUrl":"https:\/\/canal7slp.tv\/2022\/wp-content\/uploads\/2021\/01\/logo-noticieros@2x.png","width":1017,"height":268,"caption":"Noticieros Canal 7"},"image":{"@id":"https:\/\/canal7slp.tv\/2022\/#\/schema\/logo\/image\/"},"sameAs":["https:\/\/www.facebook.com\/noticieroscanalsiete","https:\/\/x.com\/NOTICIEROS7","https:\/\/www.instagram.com\/canal7_slp","https:\/\/www.youtube.com\/channel\/UCliiYs-gP3JfJeqdPrNdd5A"]},{"@type":"Person","@id":"https:\/\/canal7slp.tv\/2022\/#\/schema\/person\/429704152a21f5f856ce29aa69a238da","name":"Edici\u00f3n Web","image":{"@type":"ImageObject","inLanguage":"es","@id":"https:\/\/secure.gravatar.com\/avatar\/eee448fc3f7164808013b816ba91ac7e43bbe82a70bebac296f8bc6f0addaa1a?s=96&d=mm&r=g","url":"https:\/\/secure.gravatar.com\/avatar\/eee448fc3f7164808013b816ba91ac7e43bbe82a70bebac296f8bc6f0addaa1a?s=96&d=mm&r=g","contentUrl":"https:\/\/secure.gravatar.com\/avatar\/eee448fc3f7164808013b816ba91ac7e43bbe82a70bebac296f8bc6f0addaa1a?s=96&d=mm&r=g","caption":"Edici\u00f3n Web"},"url":"https:\/\/canal7slp.tv\/2022\/author\/edicionweb\/"}]}},"amp_enabled":true,"_links":{"self":[{"href":"https:\/\/canal7slp.tv\/2022\/wp-json\/wp\/v2\/posts\/53728","targetHints":{"allow":["GET"]}}],"collection":[{"href":"https:\/\/canal7slp.tv\/2022\/wp-json\/wp\/v2\/posts"}],"about":[{"href":"https:\/\/canal7slp.tv\/2022\/wp-json\/wp\/v2\/types\/post"}],"author":[{"embeddable":true,"href":"https:\/\/canal7slp.tv\/2022\/wp-json\/wp\/v2\/users\/2"}],"replies":[{"embeddable":true,"href":"https:\/\/canal7slp.tv\/2022\/wp-json\/wp\/v2\/comments?post=53728"}],"version-history":[{"count":2,"href":"https:\/\/canal7slp.tv\/2022\/wp-json\/wp\/v2\/posts\/53728\/revisions"}],"predecessor-version":[{"id":53732,"href":"https:\/\/canal7slp.tv\/2022\/wp-json\/wp\/v2\/posts\/53728\/revisions\/53732"}],"wp:featuredmedia":[{"embeddable":true,"href":"https:\/\/canal7slp.tv\/2022\/wp-json\/wp\/v2\/media\/53730"}],"wp:attachment":[{"href":"https:\/\/canal7slp.tv\/2022\/wp-json\/wp\/v2\/media?parent=53728"}],"wp:term":[{"taxonomy":"category","embeddable":true,"href":"https:\/\/canal7slp.tv\/2022\/wp-json\/wp\/v2\/categories?post=53728"},{"taxonomy":"post_tag","embeddable":true,"href":"https:\/\/canal7slp.tv\/2022\/wp-json\/wp\/v2\/tags?post=53728"}],"curies":[{"name":"wp","href":"https:\/\/api.w.org\/{rel}","templated":true}]}}