{"id":53670,"date":"2022-03-10T05:17:39","date_gmt":"2022-03-10T11:17:39","guid":{"rendered":"https:\/\/canal7slp.tv\/2022\/?p=53670"},"modified":"2022-03-10T05:20:52","modified_gmt":"2022-03-10T11:20:52","slug":"renace-promueve-iniciativa-para-indemnizar-a-personas-encarceladas-injustamente","status":"publish","type":"post","link":"https:\/\/canal7slp.tv\/2022\/renace-promueve-iniciativa-para-indemnizar-a-personas-encarceladas-injustamente\/","title":{"rendered":"Renace promueve iniciativa para indemnizar a personas encarceladas injustamente."},"content":{"rendered":"<p style=\"text-align: justify;\">SLP.- La Fundaci\u00f3n RENACE que preside el abogado Jos\u00e9 Mario de la Garza Marroqu\u00edn present\u00f3 ante el Congreso del Estado una iniciativa para indemnizar a quienes hayan sido encarcelados injustamente.<\/p>\n<p style=\"text-align: justify;\">Se trata de una iniciativa de ley para adicionar el art\u00edculo 45 bis del C\u00f3digo Penal del Estado y el cual, establece que se deber\u00e1 indemnizar con un d\u00eda de salario m\u00ednimo por cada d\u00eda que una persona haya pasado encarcelada de manera injusta, \u00f3 con violaciones al debido proceso.<\/p>\n<p style=\"text-align: justify;\">La propuesta plantea que el sentenciado podr\u00e1 realizar el cobro de esta indemnizaci\u00f3n presentando su sentencia absolutoria y una identificaci\u00f3n oficial, ante la Secretar\u00eda de Finanzas del Estado.<\/p>\n<p style=\"text-align: justify;\">Asimismo, los recursos para financiar este fondo deber\u00e1n ser considerados en la propuesta de Presupuesto de Egresos que cada a\u00f1o, presenta el Poder Ejecutivo al Congreso del Estado.<\/p>\n<p style=\"text-align: justify;\">Tomando como base el salario m\u00ednimo vigente de 172 pesos diarios la indemnizaci\u00f3n corresponder\u00eda a 5 mil 186 pesos por mes, y 63 mil pesos por cada a\u00f1o que el sentenciado haya pasado tras las rejas.<\/p>\n<p style=\"text-align: justify;\">Adem\u00e1s, la adici\u00f3n al C\u00f3digo Penal estipula que quienes sean liberados con sentencia absolutoria podr\u00e1n cobrar 1 salario m\u00ednimo por cada d\u00eda que estuvieron presos.<\/p>\n<p style=\"text-align: justify;\">Esta iniciativa plantea tambi\u00e9n que el cobro de esta indemnizaci\u00f3n no anular\u00e1 la posibilidad de que el sentenciado emprenda acciones legales, en contra del Estado o sus funcionarios.<\/p>\n<p style=\"text-align: justify;\">Cabe se\u00f1alar que esta iniciativa de ley ya hab\u00eda sido presentada el 18 de mayo de 2015 en la Sexag\u00e9sima Legislatura por el propio Jos\u00e9 Mario de la Garza, aunque nunca se le dio seguimiento por parte de los legisladores.<\/p>\n<p style=\"text-align: justify;\">Por: Claudio Ibarra<\/p>\n","protected":false},"excerpt":{"rendered":"<p>SLP.- La Fundaci\u00f3n RENACE que preside el abogado Jos\u00e9 Mario de la Garza Marroqu\u00edn present\u00f3 ante el Congreso del Estado una iniciativa para indemnizar a quienes hayan sido encarcelados injustamente. Se trata de una iniciativa de ley para adicionar el art\u00edculo 45 bis del C\u00f3digo Penal del Estado y el cual, establece que se deber\u00e1 indemnizar con un d\u00eda de salario m\u00ednimo por cada d\u00eda que una persona haya pasado encarcelada de manera injusta, \u00f3 con violaciones al debido proceso. La propuesta plantea que el sentenciado podr\u00e1 realizar el cobro de esta indemnizaci\u00f3n presentando su sentencia absolutoria y una identificaci\u00f3n [&hellip;]<\/p>\n","protected":false},"author":2,"featured_media":53711,"comment_status":"closed","ping_status":"closed","sticky":false,"template":"","format":"video","meta":{"footnotes":""},"categories":[5,45],"tags":[],"class_list":["post-53670","post","type-post","status-publish","format-video","has-post-thumbnail","hentry","category-destacadas","category-localesyregionales","post_format-post-format-video","post--single"],"yoast_head":"<!-- This site is optimized with the Yoast SEO plugin v27.4 - https:\/\/yoast.com\/product\/yoast-seo-wordpress\/ -->\n<title>Renace promueve iniciativa para indemnizar a personas encarceladas injustamente. - Canal 7 SLP - 2022<\/title>\n<meta name=\"robots\" content=\"index, follow, max-snippet:-1, max-image-preview:large, max-video-preview:-1\" \/>\n<link rel=\"canonical\" href=\"https:\/\/canal7slp.tv\/2022\/renace-promueve-iniciativa-para-indemnizar-a-personas-encarceladas-injustamente\/\" \/>\n<meta property=\"og:locale\" content=\"es_ES\" \/>\n<meta property=\"og:type\" content=\"article\" \/>\n<meta property=\"og:title\" content=\"Renace promueve iniciativa para indemnizar a personas encarceladas injustamente. - Canal 7 SLP - 2022\" \/>\n<meta property=\"og:description\" content=\"SLP.- La Fundaci\u00f3n RENACE que preside el abogado Jos\u00e9 Mario de la Garza Marroqu\u00edn present\u00f3 ante el Congreso del Estado una iniciativa para indemnizar a quienes hayan sido encarcelados injustamente. Se trata de una iniciativa de ley para adicionar el art\u00edculo 45 bis del C\u00f3digo Penal del Estado y el cual, establece que se deber\u00e1 indemnizar con un d\u00eda de salario m\u00ednimo por cada d\u00eda que una persona haya pasado encarcelada de manera injusta, \u00f3 con violaciones al debido proceso. La propuesta plantea que el sentenciado podr\u00e1 realizar el cobro de esta indemnizaci\u00f3n presentando su sentencia absolutoria y una identificaci\u00f3n [&hellip;]\" \/>\n<meta property=\"og:url\" content=\"https:\/\/canal7slp.tv\/2022\/renace-promueve-iniciativa-para-indemnizar-a-personas-encarceladas-injustamente\/\" \/>\n<meta property=\"og:site_name\" content=\"Canal 7 SLP - 2022\" \/>\n<meta property=\"article:publisher\" content=\"https:\/\/www.facebook.com\/noticieroscanalsiete\" \/>\n<meta property=\"article:published_time\" content=\"2022-03-10T11:17:39+00:00\" \/>\n<meta property=\"article:modified_time\" content=\"2022-03-10T11:20:52+00:00\" \/>\n<meta property=\"og:image\" content=\"https:\/\/canal7slp.tv\/2022\/wp-content\/uploads\/2022\/03\/Claudio05Indeminizacion.jpg\" \/>\n\t<meta property=\"og:image:width\" content=\"888\" \/>\n\t<meta property=\"og:image:height\" content=\"500\" \/>\n\t<meta property=\"og:image:type\" content=\"image\/jpeg\" \/>\n<meta name=\"author\" content=\"Edici\u00f3n Web\" \/>\n<meta name=\"twitter:card\" content=\"summary_large_image\" \/>\n<meta name=\"twitter:creator\" content=\"@NOTICIEROS7\" \/>\n<meta name=\"twitter:site\" content=\"@NOTICIEROS7\" \/>\n<meta name=\"twitter:label1\" content=\"Escrito por\" \/>\n\t<meta name=\"twitter:data1\" content=\"Edici\u00f3n Web\" \/>\n\t<meta name=\"twitter:label2\" content=\"Tiempo de lectura\" \/>\n\t<meta name=\"twitter:data2\" content=\"2 minutos\" \/>\n<script type=\"application\/ld+json\" class=\"yoast-schema-graph\">{\"@context\":\"https:\\\/\\\/schema.org\",\"@graph\":[{\"@type\":\"Article\",\"@id\":\"https:\\\/\\\/canal7slp.tv\\\/2022\\\/renace-promueve-iniciativa-para-indemnizar-a-personas-encarceladas-injustamente\\\/#article\",\"isPartOf\":{\"@id\":\"https:\\\/\\\/canal7slp.tv\\\/2022\\\/renace-promueve-iniciativa-para-indemnizar-a-personas-encarceladas-injustamente\\\/\"},\"author\":{\"name\":\"Edici\u00f3n Web\",\"@id\":\"https:\\\/\\\/canal7slp.tv\\\/2022\\\/#\\\/schema\\\/person\\\/429704152a21f5f856ce29aa69a238da\"},\"headline\":\"Renace promueve iniciativa para indemnizar a personas encarceladas injustamente.\",\"datePublished\":\"2022-03-10T11:17:39+00:00\",\"dateModified\":\"2022-03-10T11:20:52+00:00\",\"mainEntityOfPage\":{\"@id\":\"https:\\\/\\\/canal7slp.tv\\\/2022\\\/renace-promueve-iniciativa-para-indemnizar-a-personas-encarceladas-injustamente\\\/\"},\"wordCount\":296,\"publisher\":{\"@id\":\"https:\\\/\\\/canal7slp.tv\\\/2022\\\/#organization\"},\"image\":{\"@id\":\"https:\\\/\\\/canal7slp.tv\\\/2022\\\/renace-promueve-iniciativa-para-indemnizar-a-personas-encarceladas-injustamente\\\/#primaryimage\"},\"thumbnailUrl\":\"https:\\\/\\\/canal7slp.tv\\\/2022\\\/wp-content\\\/uploads\\\/2022\\\/03\\\/Claudio05Indeminizacion.jpg\",\"articleSection\":[\"DESTACADAS\",\"LOCALES Y REGIONALES\"],\"inLanguage\":\"es\"},{\"@type\":\"WebPage\",\"@id\":\"https:\\\/\\\/canal7slp.tv\\\/2022\\\/renace-promueve-iniciativa-para-indemnizar-a-personas-encarceladas-injustamente\\\/\",\"url\":\"https:\\\/\\\/canal7slp.tv\\\/2022\\\/renace-promueve-iniciativa-para-indemnizar-a-personas-encarceladas-injustamente\\\/\",\"name\":\"Renace promueve iniciativa para indemnizar a personas encarceladas injustamente. - Canal 7 SLP - 2022\",\"isPartOf\":{\"@id\":\"https:\\\/\\\/canal7slp.tv\\\/2022\\\/#website\"},\"primaryImageOfPage\":{\"@id\":\"https:\\\/\\\/canal7slp.tv\\\/2022\\\/renace-promueve-iniciativa-para-indemnizar-a-personas-encarceladas-injustamente\\\/#primaryimage\"},\"image\":{\"@id\":\"https:\\\/\\\/canal7slp.tv\\\/2022\\\/renace-promueve-iniciativa-para-indemnizar-a-personas-encarceladas-injustamente\\\/#primaryimage\"},\"thumbnailUrl\":\"https:\\\/\\\/canal7slp.tv\\\/2022\\\/wp-content\\\/uploads\\\/2022\\\/03\\\/Claudio05Indeminizacion.jpg\",\"datePublished\":\"2022-03-10T11:17:39+00:00\",\"dateModified\":\"2022-03-10T11:20:52+00:00\",\"breadcrumb\":{\"@id\":\"https:\\\/\\\/canal7slp.tv\\\/2022\\\/renace-promueve-iniciativa-para-indemnizar-a-personas-encarceladas-injustamente\\\/#breadcrumb\"},\"inLanguage\":\"es\",\"potentialAction\":[{\"@type\":\"ReadAction\",\"target\":[\"https:\\\/\\\/canal7slp.tv\\\/2022\\\/renace-promueve-iniciativa-para-indemnizar-a-personas-encarceladas-injustamente\\\/\"]}]},{\"@type\":\"ImageObject\",\"inLanguage\":\"es\",\"@id\":\"https:\\\/\\\/canal7slp.tv\\\/2022\\\/renace-promueve-iniciativa-para-indemnizar-a-personas-encarceladas-injustamente\\\/#primaryimage\",\"url\":\"https:\\\/\\\/canal7slp.tv\\\/2022\\\/wp-content\\\/uploads\\\/2022\\\/03\\\/Claudio05Indeminizacion.jpg\",\"contentUrl\":\"https:\\\/\\\/canal7slp.tv\\\/2022\\\/wp-content\\\/uploads\\\/2022\\\/03\\\/Claudio05Indeminizacion.jpg\",\"width\":888,\"height\":500},{\"@type\":\"BreadcrumbList\",\"@id\":\"https:\\\/\\\/canal7slp.tv\\\/2022\\\/renace-promueve-iniciativa-para-indemnizar-a-personas-encarceladas-injustamente\\\/#breadcrumb\",\"itemListElement\":[{\"@type\":\"ListItem\",\"position\":1,\"name\":\"Portada\",\"item\":\"https:\\\/\\\/canal7slp.tv\\\/2022\\\/\"},{\"@type\":\"ListItem\",\"position\":2,\"name\":\"Renace promueve iniciativa para indemnizar a personas encarceladas injustamente.\"}]},{\"@type\":\"WebSite\",\"@id\":\"https:\\\/\\\/canal7slp.tv\\\/2022\\\/#website\",\"url\":\"https:\\\/\\\/canal7slp.tv\\\/2022\\\/\",\"name\":\"N7 - Noticieros Canal 7\",\"description\":\"Somos Televisi\u00f3n\",\"publisher\":{\"@id\":\"https:\\\/\\\/canal7slp.tv\\\/2022\\\/#organization\"},\"potentialAction\":[{\"@type\":\"SearchAction\",\"target\":{\"@type\":\"EntryPoint\",\"urlTemplate\":\"https:\\\/\\\/canal7slp.tv\\\/2022\\\/?s={search_term_string}\"},\"query-input\":{\"@type\":\"PropertyValueSpecification\",\"valueRequired\":true,\"valueName\":\"search_term_string\"}}],\"inLanguage\":\"es\"},{\"@type\":\"Organization\",\"@id\":\"https:\\\/\\\/canal7slp.tv\\\/2022\\\/#organization\",\"name\":\"Noticieros Canal 7\",\"url\":\"https:\\\/\\\/canal7slp.tv\\\/2022\\\/\",\"logo\":{\"@type\":\"ImageObject\",\"inLanguage\":\"es\",\"@id\":\"https:\\\/\\\/canal7slp.tv\\\/2022\\\/#\\\/schema\\\/logo\\\/image\\\/\",\"url\":\"https:\\\/\\\/canal7slp.tv\\\/2022\\\/wp-content\\\/uploads\\\/2021\\\/01\\\/logo-noticieros@2x.png\",\"contentUrl\":\"https:\\\/\\\/canal7slp.tv\\\/2022\\\/wp-content\\\/uploads\\\/2021\\\/01\\\/logo-noticieros@2x.png\",\"width\":1017,\"height\":268,\"caption\":\"Noticieros Canal 7\"},\"image\":{\"@id\":\"https:\\\/\\\/canal7slp.tv\\\/2022\\\/#\\\/schema\\\/logo\\\/image\\\/\"},\"sameAs\":[\"https:\\\/\\\/www.facebook.com\\\/noticieroscanalsiete\",\"https:\\\/\\\/x.com\\\/NOTICIEROS7\",\"https:\\\/\\\/www.instagram.com\\\/canal7_slp\",\"https:\\\/\\\/www.youtube.com\\\/channel\\\/UCliiYs-gP3JfJeqdPrNdd5A\"]},{\"@type\":\"Person\",\"@id\":\"https:\\\/\\\/canal7slp.tv\\\/2022\\\/#\\\/schema\\\/person\\\/429704152a21f5f856ce29aa69a238da\",\"name\":\"Edici\u00f3n Web\",\"image\":{\"@type\":\"ImageObject\",\"inLanguage\":\"es\",\"@id\":\"https:\\\/\\\/secure.gravatar.com\\\/avatar\\\/eee448fc3f7164808013b816ba91ac7e43bbe82a70bebac296f8bc6f0addaa1a?s=96&d=mm&r=g\",\"url\":\"https:\\\/\\\/secure.gravatar.com\\\/avatar\\\/eee448fc3f7164808013b816ba91ac7e43bbe82a70bebac296f8bc6f0addaa1a?s=96&d=mm&r=g\",\"contentUrl\":\"https:\\\/\\\/secure.gravatar.com\\\/avatar\\\/eee448fc3f7164808013b816ba91ac7e43bbe82a70bebac296f8bc6f0addaa1a?s=96&d=mm&r=g\",\"caption\":\"Edici\u00f3n Web\"},\"url\":\"https:\\\/\\\/canal7slp.tv\\\/2022\\\/author\\\/edicionweb\\\/\"}]}<\/script>\n<!-- \/ Yoast SEO plugin. -->","yoast_head_json":{"title":"Renace promueve iniciativa para indemnizar a personas encarceladas injustamente. - Canal 7 SLP - 2022","robots":{"index":"index","follow":"follow","max-snippet":"max-snippet:-1","max-image-preview":"max-image-preview:large","max-video-preview":"max-video-preview:-1"},"canonical":"https:\/\/canal7slp.tv\/2022\/renace-promueve-iniciativa-para-indemnizar-a-personas-encarceladas-injustamente\/","og_locale":"es_ES","og_type":"article","og_title":"Renace promueve iniciativa para indemnizar a personas encarceladas injustamente. - Canal 7 SLP - 2022","og_description":"SLP.- La Fundaci\u00f3n RENACE que preside el abogado Jos\u00e9 Mario de la Garza Marroqu\u00edn present\u00f3 ante el Congreso del Estado una iniciativa para indemnizar a quienes hayan sido encarcelados injustamente. Se trata de una iniciativa de ley para adicionar el art\u00edculo 45 bis del C\u00f3digo Penal del Estado y el cual, establece que se deber\u00e1 indemnizar con un d\u00eda de salario m\u00ednimo por cada d\u00eda que una persona haya pasado encarcelada de manera injusta, \u00f3 con violaciones al debido proceso. La propuesta plantea que el sentenciado podr\u00e1 realizar el cobro de esta indemnizaci\u00f3n presentando su sentencia absolutoria y una identificaci\u00f3n [&hellip;]","og_url":"https:\/\/canal7slp.tv\/2022\/renace-promueve-iniciativa-para-indemnizar-a-personas-encarceladas-injustamente\/","og_site_name":"Canal 7 SLP - 2022","article_publisher":"https:\/\/www.facebook.com\/noticieroscanalsiete","article_published_time":"2022-03-10T11:17:39+00:00","article_modified_time":"2022-03-10T11:20:52+00:00","og_image":[{"width":888,"height":500,"url":"https:\/\/canal7slp.tv\/2022\/wp-content\/uploads\/2022\/03\/Claudio05Indeminizacion.jpg","type":"image\/jpeg"}],"author":"Edici\u00f3n Web","twitter_card":"summary_large_image","twitter_creator":"@NOTICIEROS7","twitter_site":"@NOTICIEROS7","twitter_misc":{"Escrito por":"Edici\u00f3n Web","Tiempo de lectura":"2 minutos"},"schema":{"@context":"https:\/\/schema.org","@graph":[{"@type":"Article","@id":"https:\/\/canal7slp.tv\/2022\/renace-promueve-iniciativa-para-indemnizar-a-personas-encarceladas-injustamente\/#article","isPartOf":{"@id":"https:\/\/canal7slp.tv\/2022\/renace-promueve-iniciativa-para-indemnizar-a-personas-encarceladas-injustamente\/"},"author":{"name":"Edici\u00f3n Web","@id":"https:\/\/canal7slp.tv\/2022\/#\/schema\/person\/429704152a21f5f856ce29aa69a238da"},"headline":"Renace promueve iniciativa para indemnizar a personas encarceladas injustamente.","datePublished":"2022-03-10T11:17:39+00:00","dateModified":"2022-03-10T11:20:52+00:00","mainEntityOfPage":{"@id":"https:\/\/canal7slp.tv\/2022\/renace-promueve-iniciativa-para-indemnizar-a-personas-encarceladas-injustamente\/"},"wordCount":296,"publisher":{"@id":"https:\/\/canal7slp.tv\/2022\/#organization"},"image":{"@id":"https:\/\/canal7slp.tv\/2022\/renace-promueve-iniciativa-para-indemnizar-a-personas-encarceladas-injustamente\/#primaryimage"},"thumbnailUrl":"https:\/\/canal7slp.tv\/2022\/wp-content\/uploads\/2022\/03\/Claudio05Indeminizacion.jpg","articleSection":["DESTACADAS","LOCALES Y REGIONALES"],"inLanguage":"es"},{"@type":"WebPage","@id":"https:\/\/canal7slp.tv\/2022\/renace-promueve-iniciativa-para-indemnizar-a-personas-encarceladas-injustamente\/","url":"https:\/\/canal7slp.tv\/2022\/renace-promueve-iniciativa-para-indemnizar-a-personas-encarceladas-injustamente\/","name":"Renace promueve iniciativa para indemnizar a personas encarceladas injustamente. - Canal 7 SLP - 2022","isPartOf":{"@id":"https:\/\/canal7slp.tv\/2022\/#website"},"primaryImageOfPage":{"@id":"https:\/\/canal7slp.tv\/2022\/renace-promueve-iniciativa-para-indemnizar-a-personas-encarceladas-injustamente\/#primaryimage"},"image":{"@id":"https:\/\/canal7slp.tv\/2022\/renace-promueve-iniciativa-para-indemnizar-a-personas-encarceladas-injustamente\/#primaryimage"},"thumbnailUrl":"https:\/\/canal7slp.tv\/2022\/wp-content\/uploads\/2022\/03\/Claudio05Indeminizacion.jpg","datePublished":"2022-03-10T11:17:39+00:00","dateModified":"2022-03-10T11:20:52+00:00","breadcrumb":{"@id":"https:\/\/canal7slp.tv\/2022\/renace-promueve-iniciativa-para-indemnizar-a-personas-encarceladas-injustamente\/#breadcrumb"},"inLanguage":"es","potentialAction":[{"@type":"ReadAction","target":["https:\/\/canal7slp.tv\/2022\/renace-promueve-iniciativa-para-indemnizar-a-personas-encarceladas-injustamente\/"]}]},{"@type":"ImageObject","inLanguage":"es","@id":"https:\/\/canal7slp.tv\/2022\/renace-promueve-iniciativa-para-indemnizar-a-personas-encarceladas-injustamente\/#primaryimage","url":"https:\/\/canal7slp.tv\/2022\/wp-content\/uploads\/2022\/03\/Claudio05Indeminizacion.jpg","contentUrl":"https:\/\/canal7slp.tv\/2022\/wp-content\/uploads\/2022\/03\/Claudio05Indeminizacion.jpg","width":888,"height":500},{"@type":"BreadcrumbList","@id":"https:\/\/canal7slp.tv\/2022\/renace-promueve-iniciativa-para-indemnizar-a-personas-encarceladas-injustamente\/#breadcrumb","itemListElement":[{"@type":"ListItem","position":1,"name":"Portada","item":"https:\/\/canal7slp.tv\/2022\/"},{"@type":"ListItem","position":2,"name":"Renace promueve iniciativa para indemnizar a personas encarceladas injustamente."}]},{"@type":"WebSite","@id":"https:\/\/canal7slp.tv\/2022\/#website","url":"https:\/\/canal7slp.tv\/2022\/","name":"N7 - Noticieros Canal 7","description":"Somos Televisi\u00f3n","publisher":{"@id":"https:\/\/canal7slp.tv\/2022\/#organization"},"potentialAction":[{"@type":"SearchAction","target":{"@type":"EntryPoint","urlTemplate":"https:\/\/canal7slp.tv\/2022\/?s={search_term_string}"},"query-input":{"@type":"PropertyValueSpecification","valueRequired":true,"valueName":"search_term_string"}}],"inLanguage":"es"},{"@type":"Organization","@id":"https:\/\/canal7slp.tv\/2022\/#organization","name":"Noticieros Canal 7","url":"https:\/\/canal7slp.tv\/2022\/","logo":{"@type":"ImageObject","inLanguage":"es","@id":"https:\/\/canal7slp.tv\/2022\/#\/schema\/logo\/image\/","url":"https:\/\/canal7slp.tv\/2022\/wp-content\/uploads\/2021\/01\/logo-noticieros@2x.png","contentUrl":"https:\/\/canal7slp.tv\/2022\/wp-content\/uploads\/2021\/01\/logo-noticieros@2x.png","width":1017,"height":268,"caption":"Noticieros Canal 7"},"image":{"@id":"https:\/\/canal7slp.tv\/2022\/#\/schema\/logo\/image\/"},"sameAs":["https:\/\/www.facebook.com\/noticieroscanalsiete","https:\/\/x.com\/NOTICIEROS7","https:\/\/www.instagram.com\/canal7_slp","https:\/\/www.youtube.com\/channel\/UCliiYs-gP3JfJeqdPrNdd5A"]},{"@type":"Person","@id":"https:\/\/canal7slp.tv\/2022\/#\/schema\/person\/429704152a21f5f856ce29aa69a238da","name":"Edici\u00f3n Web","image":{"@type":"ImageObject","inLanguage":"es","@id":"https:\/\/secure.gravatar.com\/avatar\/eee448fc3f7164808013b816ba91ac7e43bbe82a70bebac296f8bc6f0addaa1a?s=96&d=mm&r=g","url":"https:\/\/secure.gravatar.com\/avatar\/eee448fc3f7164808013b816ba91ac7e43bbe82a70bebac296f8bc6f0addaa1a?s=96&d=mm&r=g","contentUrl":"https:\/\/secure.gravatar.com\/avatar\/eee448fc3f7164808013b816ba91ac7e43bbe82a70bebac296f8bc6f0addaa1a?s=96&d=mm&r=g","caption":"Edici\u00f3n Web"},"url":"https:\/\/canal7slp.tv\/2022\/author\/edicionweb\/"}]}},"amp_enabled":true,"_links":{"self":[{"href":"https:\/\/canal7slp.tv\/2022\/wp-json\/wp\/v2\/posts\/53670","targetHints":{"allow":["GET"]}}],"collection":[{"href":"https:\/\/canal7slp.tv\/2022\/wp-json\/wp\/v2\/posts"}],"about":[{"href":"https:\/\/canal7slp.tv\/2022\/wp-json\/wp\/v2\/types\/post"}],"author":[{"embeddable":true,"href":"https:\/\/canal7slp.tv\/2022\/wp-json\/wp\/v2\/users\/2"}],"replies":[{"embeddable":true,"href":"https:\/\/canal7slp.tv\/2022\/wp-json\/wp\/v2\/comments?post=53670"}],"version-history":[{"count":2,"href":"https:\/\/canal7slp.tv\/2022\/wp-json\/wp\/v2\/posts\/53670\/revisions"}],"predecessor-version":[{"id":53712,"href":"https:\/\/canal7slp.tv\/2022\/wp-json\/wp\/v2\/posts\/53670\/revisions\/53712"}],"wp:featuredmedia":[{"embeddable":true,"href":"https:\/\/canal7slp.tv\/2022\/wp-json\/wp\/v2\/media\/53711"}],"wp:attachment":[{"href":"https:\/\/canal7slp.tv\/2022\/wp-json\/wp\/v2\/media?parent=53670"}],"wp:term":[{"taxonomy":"category","embeddable":true,"href":"https:\/\/canal7slp.tv\/2022\/wp-json\/wp\/v2\/categories?post=53670"},{"taxonomy":"post_tag","embeddable":true,"href":"https:\/\/canal7slp.tv\/2022\/wp-json\/wp\/v2\/tags?post=53670"}],"curies":[{"name":"wp","href":"https:\/\/api.w.org\/{rel}","templated":true}]}}