{"id":53669,"date":"2022-03-10T05:07:07","date_gmt":"2022-03-10T11:07:07","guid":{"rendered":"https:\/\/canal7slp.tv\/2022\/?p=53669"},"modified":"2022-03-10T05:08:37","modified_gmt":"2022-03-10T11:08:37","slug":"legisladora-cuestiona-actuacion-de-participantes-de-la-marcha-del-8m","status":"publish","type":"post","link":"https:\/\/canal7slp.tv\/2022\/legisladora-cuestiona-actuacion-de-participantes-de-la-marcha-del-8m\/","title":{"rendered":"Legisladora cuestiona actuaci\u00f3n de participantes de la marcha del 8M."},"content":{"rendered":"<p style=\"text-align: justify;\">SLP.- La diputada del PAN Liliana Guadalupe Flores Almaz\u00e1n cuestion\u00f3 los actos de vandalismo de este martes durante la marcha de colectivos feministas, en el marco de la conmemoraci\u00f3n del D\u00eda Internacional de la Mujer y en donde varios edificios p\u00fablicos fueron pintarrajeados.<\/p>\n<p style=\"text-align: justify;\">Sin embargo, dijo que si bien es entendible el miedo y la inseguridad que sienten ante la violencia de g\u00e9nero la legisladora panista, se\u00f1al\u00f3 que hay otras formas de hacerse escuchar.<\/p>\n<p style=\"text-align: justify;\">La diputada calific\u00f3 de lamentable el hecho de que se sigan presentado casos de feminicidios por lo que hizo un exhorto para que se denuncien ante las instancias competentes , y que se aplique la ley con todo rigor en contra de los agresores.<\/p>\n<p style=\"text-align: justify;\">Flores Almaz\u00e1n dijo tambi\u00e9n que desde el Poder Legislativo se estar\u00e1n impulsando iniciativas que garanticen la seguridad de mujeres y ni\u00f1as, de la mano con las autoridades para evitar que sigan siendo v\u00edctimas de todo tipo de violencia.<\/p>\n<p style=\"text-align: justify;\">Por: Claudio Ibarra<\/p>\n","protected":false},"excerpt":{"rendered":"<p>SLP.- La diputada del PAN Liliana Guadalupe Flores Almaz\u00e1n cuestion\u00f3 los actos de vandalismo de este martes durante la marcha de colectivos feministas, en el marco de la conmemoraci\u00f3n del D\u00eda Internacional de la Mujer y en donde varios edificios p\u00fablicos fueron pintarrajeados. Sin embargo, dijo que si bien es entendible el miedo y la inseguridad que sienten ante la violencia de g\u00e9nero la legisladora panista, se\u00f1al\u00f3 que hay otras formas de hacerse escuchar. La diputada calific\u00f3 de lamentable el hecho de que se sigan presentado casos de feminicidios por lo que hizo un exhorto para que se denuncien ante [&hellip;]<\/p>\n","protected":false},"author":2,"featured_media":53709,"comment_status":"closed","ping_status":"closed","sticky":false,"template":"","format":"video","meta":{"footnotes":""},"categories":[3,5,45],"tags":[],"class_list":["post-53669","post","type-post","status-publish","format-video","has-post-thumbnail","hentry","category-congreso","category-destacadas","category-localesyregionales","post_format-post-format-video","post--single"],"yoast_head":"<!-- This site is optimized with the Yoast SEO plugin v27.4 - https:\/\/yoast.com\/product\/yoast-seo-wordpress\/ -->\n<title>Legisladora cuestiona actuaci\u00f3n de participantes de la marcha del 8M. - Canal 7 SLP - 2022<\/title>\n<meta name=\"robots\" content=\"index, follow, max-snippet:-1, max-image-preview:large, max-video-preview:-1\" \/>\n<link rel=\"canonical\" href=\"https:\/\/canal7slp.tv\/2022\/legisladora-cuestiona-actuacion-de-participantes-de-la-marcha-del-8m\/\" \/>\n<meta property=\"og:locale\" content=\"es_ES\" \/>\n<meta property=\"og:type\" content=\"article\" \/>\n<meta property=\"og:title\" content=\"Legisladora cuestiona actuaci\u00f3n de participantes de la marcha del 8M. - Canal 7 SLP - 2022\" \/>\n<meta property=\"og:description\" content=\"SLP.- La diputada del PAN Liliana Guadalupe Flores Almaz\u00e1n cuestion\u00f3 los actos de vandalismo de este martes durante la marcha de colectivos feministas, en el marco de la conmemoraci\u00f3n del D\u00eda Internacional de la Mujer y en donde varios edificios p\u00fablicos fueron pintarrajeados. Sin embargo, dijo que si bien es entendible el miedo y la inseguridad que sienten ante la violencia de g\u00e9nero la legisladora panista, se\u00f1al\u00f3 que hay otras formas de hacerse escuchar. La diputada calific\u00f3 de lamentable el hecho de que se sigan presentado casos de feminicidios por lo que hizo un exhorto para que se denuncien ante [&hellip;]\" \/>\n<meta property=\"og:url\" content=\"https:\/\/canal7slp.tv\/2022\/legisladora-cuestiona-actuacion-de-participantes-de-la-marcha-del-8m\/\" \/>\n<meta property=\"og:site_name\" content=\"Canal 7 SLP - 2022\" \/>\n<meta property=\"article:publisher\" content=\"https:\/\/www.facebook.com\/noticieroscanalsiete\" \/>\n<meta property=\"article:published_time\" content=\"2022-03-10T11:07:07+00:00\" \/>\n<meta property=\"article:modified_time\" content=\"2022-03-10T11:08:37+00:00\" \/>\n<meta property=\"og:image\" content=\"https:\/\/canal7slp.tv\/2022\/wp-content\/uploads\/2022\/03\/Claudio04Cuestionamiento.jpg\" \/>\n\t<meta property=\"og:image:width\" content=\"888\" \/>\n\t<meta property=\"og:image:height\" content=\"500\" \/>\n\t<meta property=\"og:image:type\" content=\"image\/jpeg\" \/>\n<meta name=\"author\" content=\"Edici\u00f3n Web\" \/>\n<meta name=\"twitter:card\" content=\"summary_large_image\" \/>\n<meta name=\"twitter:creator\" content=\"@NOTICIEROS7\" \/>\n<meta name=\"twitter:site\" content=\"@NOTICIEROS7\" \/>\n<meta name=\"twitter:label1\" content=\"Escrito por\" \/>\n\t<meta name=\"twitter:data1\" content=\"Edici\u00f3n Web\" \/>\n\t<meta name=\"twitter:label2\" content=\"Tiempo de lectura\" \/>\n\t<meta name=\"twitter:data2\" content=\"1 minuto\" \/>\n<script type=\"application\/ld+json\" class=\"yoast-schema-graph\">{\"@context\":\"https:\\\/\\\/schema.org\",\"@graph\":[{\"@type\":\"Article\",\"@id\":\"https:\\\/\\\/canal7slp.tv\\\/2022\\\/legisladora-cuestiona-actuacion-de-participantes-de-la-marcha-del-8m\\\/#article\",\"isPartOf\":{\"@id\":\"https:\\\/\\\/canal7slp.tv\\\/2022\\\/legisladora-cuestiona-actuacion-de-participantes-de-la-marcha-del-8m\\\/\"},\"author\":{\"name\":\"Edici\u00f3n Web\",\"@id\":\"https:\\\/\\\/canal7slp.tv\\\/2022\\\/#\\\/schema\\\/person\\\/429704152a21f5f856ce29aa69a238da\"},\"headline\":\"Legisladora cuestiona actuaci\u00f3n de participantes de la marcha del 8M.\",\"datePublished\":\"2022-03-10T11:07:07+00:00\",\"dateModified\":\"2022-03-10T11:08:37+00:00\",\"mainEntityOfPage\":{\"@id\":\"https:\\\/\\\/canal7slp.tv\\\/2022\\\/legisladora-cuestiona-actuacion-de-participantes-de-la-marcha-del-8m\\\/\"},\"wordCount\":181,\"publisher\":{\"@id\":\"https:\\\/\\\/canal7slp.tv\\\/2022\\\/#organization\"},\"image\":{\"@id\":\"https:\\\/\\\/canal7slp.tv\\\/2022\\\/legisladora-cuestiona-actuacion-de-participantes-de-la-marcha-del-8m\\\/#primaryimage\"},\"thumbnailUrl\":\"https:\\\/\\\/canal7slp.tv\\\/2022\\\/wp-content\\\/uploads\\\/2022\\\/03\\\/Claudio04Cuestionamiento.jpg\",\"articleSection\":[\"CONGRESO\",\"DESTACADAS\",\"LOCALES Y REGIONALES\"],\"inLanguage\":\"es\"},{\"@type\":\"WebPage\",\"@id\":\"https:\\\/\\\/canal7slp.tv\\\/2022\\\/legisladora-cuestiona-actuacion-de-participantes-de-la-marcha-del-8m\\\/\",\"url\":\"https:\\\/\\\/canal7slp.tv\\\/2022\\\/legisladora-cuestiona-actuacion-de-participantes-de-la-marcha-del-8m\\\/\",\"name\":\"Legisladora cuestiona actuaci\u00f3n de participantes de la marcha del 8M. - Canal 7 SLP - 2022\",\"isPartOf\":{\"@id\":\"https:\\\/\\\/canal7slp.tv\\\/2022\\\/#website\"},\"primaryImageOfPage\":{\"@id\":\"https:\\\/\\\/canal7slp.tv\\\/2022\\\/legisladora-cuestiona-actuacion-de-participantes-de-la-marcha-del-8m\\\/#primaryimage\"},\"image\":{\"@id\":\"https:\\\/\\\/canal7slp.tv\\\/2022\\\/legisladora-cuestiona-actuacion-de-participantes-de-la-marcha-del-8m\\\/#primaryimage\"},\"thumbnailUrl\":\"https:\\\/\\\/canal7slp.tv\\\/2022\\\/wp-content\\\/uploads\\\/2022\\\/03\\\/Claudio04Cuestionamiento.jpg\",\"datePublished\":\"2022-03-10T11:07:07+00:00\",\"dateModified\":\"2022-03-10T11:08:37+00:00\",\"breadcrumb\":{\"@id\":\"https:\\\/\\\/canal7slp.tv\\\/2022\\\/legisladora-cuestiona-actuacion-de-participantes-de-la-marcha-del-8m\\\/#breadcrumb\"},\"inLanguage\":\"es\",\"potentialAction\":[{\"@type\":\"ReadAction\",\"target\":[\"https:\\\/\\\/canal7slp.tv\\\/2022\\\/legisladora-cuestiona-actuacion-de-participantes-de-la-marcha-del-8m\\\/\"]}]},{\"@type\":\"ImageObject\",\"inLanguage\":\"es\",\"@id\":\"https:\\\/\\\/canal7slp.tv\\\/2022\\\/legisladora-cuestiona-actuacion-de-participantes-de-la-marcha-del-8m\\\/#primaryimage\",\"url\":\"https:\\\/\\\/canal7slp.tv\\\/2022\\\/wp-content\\\/uploads\\\/2022\\\/03\\\/Claudio04Cuestionamiento.jpg\",\"contentUrl\":\"https:\\\/\\\/canal7slp.tv\\\/2022\\\/wp-content\\\/uploads\\\/2022\\\/03\\\/Claudio04Cuestionamiento.jpg\",\"width\":888,\"height\":500},{\"@type\":\"BreadcrumbList\",\"@id\":\"https:\\\/\\\/canal7slp.tv\\\/2022\\\/legisladora-cuestiona-actuacion-de-participantes-de-la-marcha-del-8m\\\/#breadcrumb\",\"itemListElement\":[{\"@type\":\"ListItem\",\"position\":1,\"name\":\"Portada\",\"item\":\"https:\\\/\\\/canal7slp.tv\\\/2022\\\/\"},{\"@type\":\"ListItem\",\"position\":2,\"name\":\"Legisladora cuestiona actuaci\u00f3n de participantes de la marcha del 8M.\"}]},{\"@type\":\"WebSite\",\"@id\":\"https:\\\/\\\/canal7slp.tv\\\/2022\\\/#website\",\"url\":\"https:\\\/\\\/canal7slp.tv\\\/2022\\\/\",\"name\":\"N7 - Noticieros Canal 7\",\"description\":\"Somos Televisi\u00f3n\",\"publisher\":{\"@id\":\"https:\\\/\\\/canal7slp.tv\\\/2022\\\/#organization\"},\"potentialAction\":[{\"@type\":\"SearchAction\",\"target\":{\"@type\":\"EntryPoint\",\"urlTemplate\":\"https:\\\/\\\/canal7slp.tv\\\/2022\\\/?s={search_term_string}\"},\"query-input\":{\"@type\":\"PropertyValueSpecification\",\"valueRequired\":true,\"valueName\":\"search_term_string\"}}],\"inLanguage\":\"es\"},{\"@type\":\"Organization\",\"@id\":\"https:\\\/\\\/canal7slp.tv\\\/2022\\\/#organization\",\"name\":\"Noticieros Canal 7\",\"url\":\"https:\\\/\\\/canal7slp.tv\\\/2022\\\/\",\"logo\":{\"@type\":\"ImageObject\",\"inLanguage\":\"es\",\"@id\":\"https:\\\/\\\/canal7slp.tv\\\/2022\\\/#\\\/schema\\\/logo\\\/image\\\/\",\"url\":\"https:\\\/\\\/canal7slp.tv\\\/2022\\\/wp-content\\\/uploads\\\/2021\\\/01\\\/logo-noticieros@2x.png\",\"contentUrl\":\"https:\\\/\\\/canal7slp.tv\\\/2022\\\/wp-content\\\/uploads\\\/2021\\\/01\\\/logo-noticieros@2x.png\",\"width\":1017,\"height\":268,\"caption\":\"Noticieros Canal 7\"},\"image\":{\"@id\":\"https:\\\/\\\/canal7slp.tv\\\/2022\\\/#\\\/schema\\\/logo\\\/image\\\/\"},\"sameAs\":[\"https:\\\/\\\/www.facebook.com\\\/noticieroscanalsiete\",\"https:\\\/\\\/x.com\\\/NOTICIEROS7\",\"https:\\\/\\\/www.instagram.com\\\/canal7_slp\",\"https:\\\/\\\/www.youtube.com\\\/channel\\\/UCliiYs-gP3JfJeqdPrNdd5A\"]},{\"@type\":\"Person\",\"@id\":\"https:\\\/\\\/canal7slp.tv\\\/2022\\\/#\\\/schema\\\/person\\\/429704152a21f5f856ce29aa69a238da\",\"name\":\"Edici\u00f3n Web\",\"image\":{\"@type\":\"ImageObject\",\"inLanguage\":\"es\",\"@id\":\"https:\\\/\\\/secure.gravatar.com\\\/avatar\\\/eee448fc3f7164808013b816ba91ac7e43bbe82a70bebac296f8bc6f0addaa1a?s=96&d=mm&r=g\",\"url\":\"https:\\\/\\\/secure.gravatar.com\\\/avatar\\\/eee448fc3f7164808013b816ba91ac7e43bbe82a70bebac296f8bc6f0addaa1a?s=96&d=mm&r=g\",\"contentUrl\":\"https:\\\/\\\/secure.gravatar.com\\\/avatar\\\/eee448fc3f7164808013b816ba91ac7e43bbe82a70bebac296f8bc6f0addaa1a?s=96&d=mm&r=g\",\"caption\":\"Edici\u00f3n Web\"},\"url\":\"https:\\\/\\\/canal7slp.tv\\\/2022\\\/author\\\/edicionweb\\\/\"}]}<\/script>\n<!-- \/ Yoast SEO plugin. -->","yoast_head_json":{"title":"Legisladora cuestiona actuaci\u00f3n de participantes de la marcha del 8M. - Canal 7 SLP - 2022","robots":{"index":"index","follow":"follow","max-snippet":"max-snippet:-1","max-image-preview":"max-image-preview:large","max-video-preview":"max-video-preview:-1"},"canonical":"https:\/\/canal7slp.tv\/2022\/legisladora-cuestiona-actuacion-de-participantes-de-la-marcha-del-8m\/","og_locale":"es_ES","og_type":"article","og_title":"Legisladora cuestiona actuaci\u00f3n de participantes de la marcha del 8M. - Canal 7 SLP - 2022","og_description":"SLP.- La diputada del PAN Liliana Guadalupe Flores Almaz\u00e1n cuestion\u00f3 los actos de vandalismo de este martes durante la marcha de colectivos feministas, en el marco de la conmemoraci\u00f3n del D\u00eda Internacional de la Mujer y en donde varios edificios p\u00fablicos fueron pintarrajeados. Sin embargo, dijo que si bien es entendible el miedo y la inseguridad que sienten ante la violencia de g\u00e9nero la legisladora panista, se\u00f1al\u00f3 que hay otras formas de hacerse escuchar. La diputada calific\u00f3 de lamentable el hecho de que se sigan presentado casos de feminicidios por lo que hizo un exhorto para que se denuncien ante [&hellip;]","og_url":"https:\/\/canal7slp.tv\/2022\/legisladora-cuestiona-actuacion-de-participantes-de-la-marcha-del-8m\/","og_site_name":"Canal 7 SLP - 2022","article_publisher":"https:\/\/www.facebook.com\/noticieroscanalsiete","article_published_time":"2022-03-10T11:07:07+00:00","article_modified_time":"2022-03-10T11:08:37+00:00","og_image":[{"width":888,"height":500,"url":"https:\/\/canal7slp.tv\/2022\/wp-content\/uploads\/2022\/03\/Claudio04Cuestionamiento.jpg","type":"image\/jpeg"}],"author":"Edici\u00f3n Web","twitter_card":"summary_large_image","twitter_creator":"@NOTICIEROS7","twitter_site":"@NOTICIEROS7","twitter_misc":{"Escrito por":"Edici\u00f3n Web","Tiempo de lectura":"1 minuto"},"schema":{"@context":"https:\/\/schema.org","@graph":[{"@type":"Article","@id":"https:\/\/canal7slp.tv\/2022\/legisladora-cuestiona-actuacion-de-participantes-de-la-marcha-del-8m\/#article","isPartOf":{"@id":"https:\/\/canal7slp.tv\/2022\/legisladora-cuestiona-actuacion-de-participantes-de-la-marcha-del-8m\/"},"author":{"name":"Edici\u00f3n Web","@id":"https:\/\/canal7slp.tv\/2022\/#\/schema\/person\/429704152a21f5f856ce29aa69a238da"},"headline":"Legisladora cuestiona actuaci\u00f3n de participantes de la marcha del 8M.","datePublished":"2022-03-10T11:07:07+00:00","dateModified":"2022-03-10T11:08:37+00:00","mainEntityOfPage":{"@id":"https:\/\/canal7slp.tv\/2022\/legisladora-cuestiona-actuacion-de-participantes-de-la-marcha-del-8m\/"},"wordCount":181,"publisher":{"@id":"https:\/\/canal7slp.tv\/2022\/#organization"},"image":{"@id":"https:\/\/canal7slp.tv\/2022\/legisladora-cuestiona-actuacion-de-participantes-de-la-marcha-del-8m\/#primaryimage"},"thumbnailUrl":"https:\/\/canal7slp.tv\/2022\/wp-content\/uploads\/2022\/03\/Claudio04Cuestionamiento.jpg","articleSection":["CONGRESO","DESTACADAS","LOCALES Y REGIONALES"],"inLanguage":"es"},{"@type":"WebPage","@id":"https:\/\/canal7slp.tv\/2022\/legisladora-cuestiona-actuacion-de-participantes-de-la-marcha-del-8m\/","url":"https:\/\/canal7slp.tv\/2022\/legisladora-cuestiona-actuacion-de-participantes-de-la-marcha-del-8m\/","name":"Legisladora cuestiona actuaci\u00f3n de participantes de la marcha del 8M. - Canal 7 SLP - 2022","isPartOf":{"@id":"https:\/\/canal7slp.tv\/2022\/#website"},"primaryImageOfPage":{"@id":"https:\/\/canal7slp.tv\/2022\/legisladora-cuestiona-actuacion-de-participantes-de-la-marcha-del-8m\/#primaryimage"},"image":{"@id":"https:\/\/canal7slp.tv\/2022\/legisladora-cuestiona-actuacion-de-participantes-de-la-marcha-del-8m\/#primaryimage"},"thumbnailUrl":"https:\/\/canal7slp.tv\/2022\/wp-content\/uploads\/2022\/03\/Claudio04Cuestionamiento.jpg","datePublished":"2022-03-10T11:07:07+00:00","dateModified":"2022-03-10T11:08:37+00:00","breadcrumb":{"@id":"https:\/\/canal7slp.tv\/2022\/legisladora-cuestiona-actuacion-de-participantes-de-la-marcha-del-8m\/#breadcrumb"},"inLanguage":"es","potentialAction":[{"@type":"ReadAction","target":["https:\/\/canal7slp.tv\/2022\/legisladora-cuestiona-actuacion-de-participantes-de-la-marcha-del-8m\/"]}]},{"@type":"ImageObject","inLanguage":"es","@id":"https:\/\/canal7slp.tv\/2022\/legisladora-cuestiona-actuacion-de-participantes-de-la-marcha-del-8m\/#primaryimage","url":"https:\/\/canal7slp.tv\/2022\/wp-content\/uploads\/2022\/03\/Claudio04Cuestionamiento.jpg","contentUrl":"https:\/\/canal7slp.tv\/2022\/wp-content\/uploads\/2022\/03\/Claudio04Cuestionamiento.jpg","width":888,"height":500},{"@type":"BreadcrumbList","@id":"https:\/\/canal7slp.tv\/2022\/legisladora-cuestiona-actuacion-de-participantes-de-la-marcha-del-8m\/#breadcrumb","itemListElement":[{"@type":"ListItem","position":1,"name":"Portada","item":"https:\/\/canal7slp.tv\/2022\/"},{"@type":"ListItem","position":2,"name":"Legisladora cuestiona actuaci\u00f3n de participantes de la marcha del 8M."}]},{"@type":"WebSite","@id":"https:\/\/canal7slp.tv\/2022\/#website","url":"https:\/\/canal7slp.tv\/2022\/","name":"N7 - Noticieros Canal 7","description":"Somos Televisi\u00f3n","publisher":{"@id":"https:\/\/canal7slp.tv\/2022\/#organization"},"potentialAction":[{"@type":"SearchAction","target":{"@type":"EntryPoint","urlTemplate":"https:\/\/canal7slp.tv\/2022\/?s={search_term_string}"},"query-input":{"@type":"PropertyValueSpecification","valueRequired":true,"valueName":"search_term_string"}}],"inLanguage":"es"},{"@type":"Organization","@id":"https:\/\/canal7slp.tv\/2022\/#organization","name":"Noticieros Canal 7","url":"https:\/\/canal7slp.tv\/2022\/","logo":{"@type":"ImageObject","inLanguage":"es","@id":"https:\/\/canal7slp.tv\/2022\/#\/schema\/logo\/image\/","url":"https:\/\/canal7slp.tv\/2022\/wp-content\/uploads\/2021\/01\/logo-noticieros@2x.png","contentUrl":"https:\/\/canal7slp.tv\/2022\/wp-content\/uploads\/2021\/01\/logo-noticieros@2x.png","width":1017,"height":268,"caption":"Noticieros Canal 7"},"image":{"@id":"https:\/\/canal7slp.tv\/2022\/#\/schema\/logo\/image\/"},"sameAs":["https:\/\/www.facebook.com\/noticieroscanalsiete","https:\/\/x.com\/NOTICIEROS7","https:\/\/www.instagram.com\/canal7_slp","https:\/\/www.youtube.com\/channel\/UCliiYs-gP3JfJeqdPrNdd5A"]},{"@type":"Person","@id":"https:\/\/canal7slp.tv\/2022\/#\/schema\/person\/429704152a21f5f856ce29aa69a238da","name":"Edici\u00f3n Web","image":{"@type":"ImageObject","inLanguage":"es","@id":"https:\/\/secure.gravatar.com\/avatar\/eee448fc3f7164808013b816ba91ac7e43bbe82a70bebac296f8bc6f0addaa1a?s=96&d=mm&r=g","url":"https:\/\/secure.gravatar.com\/avatar\/eee448fc3f7164808013b816ba91ac7e43bbe82a70bebac296f8bc6f0addaa1a?s=96&d=mm&r=g","contentUrl":"https:\/\/secure.gravatar.com\/avatar\/eee448fc3f7164808013b816ba91ac7e43bbe82a70bebac296f8bc6f0addaa1a?s=96&d=mm&r=g","caption":"Edici\u00f3n Web"},"url":"https:\/\/canal7slp.tv\/2022\/author\/edicionweb\/"}]}},"amp_enabled":true,"_links":{"self":[{"href":"https:\/\/canal7slp.tv\/2022\/wp-json\/wp\/v2\/posts\/53669","targetHints":{"allow":["GET"]}}],"collection":[{"href":"https:\/\/canal7slp.tv\/2022\/wp-json\/wp\/v2\/posts"}],"about":[{"href":"https:\/\/canal7slp.tv\/2022\/wp-json\/wp\/v2\/types\/post"}],"author":[{"embeddable":true,"href":"https:\/\/canal7slp.tv\/2022\/wp-json\/wp\/v2\/users\/2"}],"replies":[{"embeddable":true,"href":"https:\/\/canal7slp.tv\/2022\/wp-json\/wp\/v2\/comments?post=53669"}],"version-history":[{"count":2,"href":"https:\/\/canal7slp.tv\/2022\/wp-json\/wp\/v2\/posts\/53669\/revisions"}],"predecessor-version":[{"id":53710,"href":"https:\/\/canal7slp.tv\/2022\/wp-json\/wp\/v2\/posts\/53669\/revisions\/53710"}],"wp:featuredmedia":[{"embeddable":true,"href":"https:\/\/canal7slp.tv\/2022\/wp-json\/wp\/v2\/media\/53709"}],"wp:attachment":[{"href":"https:\/\/canal7slp.tv\/2022\/wp-json\/wp\/v2\/media?parent=53669"}],"wp:term":[{"taxonomy":"category","embeddable":true,"href":"https:\/\/canal7slp.tv\/2022\/wp-json\/wp\/v2\/categories?post=53669"},{"taxonomy":"post_tag","embeddable":true,"href":"https:\/\/canal7slp.tv\/2022\/wp-json\/wp\/v2\/tags?post=53669"}],"curies":[{"name":"wp","href":"https:\/\/api.w.org\/{rel}","templated":true}]}}