{"id":53666,"date":"2022-03-09T18:39:27","date_gmt":"2022-03-10T00:39:27","guid":{"rendered":"https:\/\/canal7slp.tv\/2022\/?p=53666"},"modified":"2022-03-10T04:57:51","modified_gmt":"2022-03-10T10:57:51","slug":"exdirigente-de-la-fup-se-adhiere-a-movimiento-ciudadano","status":"publish","type":"post","link":"https:\/\/canal7slp.tv\/2022\/exdirigente-de-la-fup-se-adhiere-a-movimiento-ciudadano\/","title":{"rendered":"Exdirigente de la FUP se adhiere a Movimiento Ciudadano."},"content":{"rendered":"<p style=\"text-align: justify;\">SLP.- En su \u201cpasarela\u201d de nuevas adquisiciones el coordinador estatal del Partido Movimiento Ciudadano Eugenio Govea Arcos present\u00f3 este mi\u00e9rcoles al exdirigente de la Federaci\u00f3n Universitaria Potosina, \u00d3scar Pati\u00f1o Sanjuanero, como una nueva adhesi\u00f3n del partido naranja.<\/p>\n<p style=\"text-align: justify;\">Afirm\u00f3 que el exdirigente estudiantil ser\u00e1 un integrante que ayudar\u00e1 a fortalecer el proyecto al interior de este partido, de cara a las elecciones del 2024.<\/p>\n<p style=\"text-align: justify;\">Al presentarse ante los medios el dirigente de la FUP en el periodo 2019-2021 rechaz\u00f3 un cuestionamiento en el sentido de que a pesar de ser ahora un militante de Movimiento Ciudadano, su incorporaci\u00f3n a este partido haya obedecido a su cercan\u00eda con el pri\u00edsta Gerardo Aldaco Ortega, quien en las pasadas elecciones contendi\u00f3 por una diputaci\u00f3n por el Partido Revolucionario Institucional.<\/p>\n<p style=\"text-align: justify;\">Por: Claudio Ibarra<\/p>\n","protected":false},"excerpt":{"rendered":"<p>SLP.- En su \u201cpasarela\u201d de nuevas adquisiciones el coordinador estatal del Partido Movimiento Ciudadano Eugenio Govea Arcos present\u00f3 este mi\u00e9rcoles al exdirigente de la Federaci\u00f3n Universitaria Potosina, \u00d3scar Pati\u00f1o Sanjuanero, como una nueva adhesi\u00f3n del partido naranja. Afirm\u00f3 que el exdirigente estudiantil ser\u00e1 un integrante que ayudar\u00e1 a fortalecer el proyecto al interior de este partido, de cara a las elecciones del 2024. Al presentarse ante los medios el dirigente de la FUP en el periodo 2019-2021 rechaz\u00f3 un cuestionamiento en el sentido de que a pesar de ser ahora un militante de Movimiento Ciudadano, su incorporaci\u00f3n a este partido [&hellip;]<\/p>\n","protected":false},"author":2,"featured_media":53702,"comment_status":"closed","ping_status":"closed","sticky":false,"template":"","format":"video","meta":{"footnotes":""},"categories":[5,45],"tags":[],"class_list":["post-53666","post","type-post","status-publish","format-video","has-post-thumbnail","hentry","category-destacadas","category-localesyregionales","post_format-post-format-video","post--single"],"yoast_head":"<!-- This site is optimized with the Yoast SEO plugin v27.4 - https:\/\/yoast.com\/product\/yoast-seo-wordpress\/ -->\n<title>Exdirigente de la FUP se adhiere a Movimiento Ciudadano. - Canal 7 SLP - 2022<\/title>\n<meta name=\"robots\" content=\"index, follow, max-snippet:-1, max-image-preview:large, max-video-preview:-1\" \/>\n<link rel=\"canonical\" href=\"https:\/\/canal7slp.tv\/2022\/exdirigente-de-la-fup-se-adhiere-a-movimiento-ciudadano\/\" \/>\n<meta property=\"og:locale\" content=\"es_ES\" \/>\n<meta property=\"og:type\" content=\"article\" \/>\n<meta property=\"og:title\" content=\"Exdirigente de la FUP se adhiere a Movimiento Ciudadano. - Canal 7 SLP - 2022\" \/>\n<meta property=\"og:description\" content=\"SLP.- En su \u201cpasarela\u201d de nuevas adquisiciones el coordinador estatal del Partido Movimiento Ciudadano Eugenio Govea Arcos present\u00f3 este mi\u00e9rcoles al exdirigente de la Federaci\u00f3n Universitaria Potosina, \u00d3scar Pati\u00f1o Sanjuanero, como una nueva adhesi\u00f3n del partido naranja. Afirm\u00f3 que el exdirigente estudiantil ser\u00e1 un integrante que ayudar\u00e1 a fortalecer el proyecto al interior de este partido, de cara a las elecciones del 2024. Al presentarse ante los medios el dirigente de la FUP en el periodo 2019-2021 rechaz\u00f3 un cuestionamiento en el sentido de que a pesar de ser ahora un militante de Movimiento Ciudadano, su incorporaci\u00f3n a este partido [&hellip;]\" \/>\n<meta property=\"og:url\" content=\"https:\/\/canal7slp.tv\/2022\/exdirigente-de-la-fup-se-adhiere-a-movimiento-ciudadano\/\" \/>\n<meta property=\"og:site_name\" content=\"Canal 7 SLP - 2022\" \/>\n<meta property=\"article:publisher\" content=\"https:\/\/www.facebook.com\/noticieroscanalsiete\" \/>\n<meta property=\"article:published_time\" content=\"2022-03-10T00:39:27+00:00\" \/>\n<meta property=\"article:modified_time\" content=\"2022-03-10T10:57:51+00:00\" \/>\n<meta property=\"og:image\" content=\"https:\/\/canal7slp.tv\/2022\/wp-content\/uploads\/2022\/03\/Claudio01Patiniio.jpg\" \/>\n\t<meta property=\"og:image:width\" content=\"888\" \/>\n\t<meta property=\"og:image:height\" content=\"500\" \/>\n\t<meta property=\"og:image:type\" content=\"image\/jpeg\" \/>\n<meta name=\"author\" content=\"Edici\u00f3n Web\" \/>\n<meta name=\"twitter:card\" content=\"summary_large_image\" \/>\n<meta name=\"twitter:creator\" content=\"@NOTICIEROS7\" \/>\n<meta name=\"twitter:site\" content=\"@NOTICIEROS7\" \/>\n<meta name=\"twitter:label1\" content=\"Escrito por\" \/>\n\t<meta name=\"twitter:data1\" content=\"Edici\u00f3n Web\" \/>\n\t<meta name=\"twitter:label2\" content=\"Tiempo de lectura\" \/>\n\t<meta name=\"twitter:data2\" content=\"1 minuto\" \/>\n<script type=\"application\/ld+json\" class=\"yoast-schema-graph\">{\"@context\":\"https:\\\/\\\/schema.org\",\"@graph\":[{\"@type\":\"Article\",\"@id\":\"https:\\\/\\\/canal7slp.tv\\\/2022\\\/exdirigente-de-la-fup-se-adhiere-a-movimiento-ciudadano\\\/#article\",\"isPartOf\":{\"@id\":\"https:\\\/\\\/canal7slp.tv\\\/2022\\\/exdirigente-de-la-fup-se-adhiere-a-movimiento-ciudadano\\\/\"},\"author\":{\"name\":\"Edici\u00f3n Web\",\"@id\":\"https:\\\/\\\/canal7slp.tv\\\/2022\\\/#\\\/schema\\\/person\\\/429704152a21f5f856ce29aa69a238da\"},\"headline\":\"Exdirigente de la FUP se adhiere a Movimiento Ciudadano.\",\"datePublished\":\"2022-03-10T00:39:27+00:00\",\"dateModified\":\"2022-03-10T10:57:51+00:00\",\"mainEntityOfPage\":{\"@id\":\"https:\\\/\\\/canal7slp.tv\\\/2022\\\/exdirigente-de-la-fup-se-adhiere-a-movimiento-ciudadano\\\/\"},\"wordCount\":145,\"publisher\":{\"@id\":\"https:\\\/\\\/canal7slp.tv\\\/2022\\\/#organization\"},\"image\":{\"@id\":\"https:\\\/\\\/canal7slp.tv\\\/2022\\\/exdirigente-de-la-fup-se-adhiere-a-movimiento-ciudadano\\\/#primaryimage\"},\"thumbnailUrl\":\"https:\\\/\\\/canal7slp.tv\\\/2022\\\/wp-content\\\/uploads\\\/2022\\\/03\\\/Claudio01Patiniio.jpg\",\"articleSection\":[\"DESTACADAS\",\"LOCALES Y REGIONALES\"],\"inLanguage\":\"es\"},{\"@type\":\"WebPage\",\"@id\":\"https:\\\/\\\/canal7slp.tv\\\/2022\\\/exdirigente-de-la-fup-se-adhiere-a-movimiento-ciudadano\\\/\",\"url\":\"https:\\\/\\\/canal7slp.tv\\\/2022\\\/exdirigente-de-la-fup-se-adhiere-a-movimiento-ciudadano\\\/\",\"name\":\"Exdirigente de la FUP se adhiere a Movimiento Ciudadano. - Canal 7 SLP - 2022\",\"isPartOf\":{\"@id\":\"https:\\\/\\\/canal7slp.tv\\\/2022\\\/#website\"},\"primaryImageOfPage\":{\"@id\":\"https:\\\/\\\/canal7slp.tv\\\/2022\\\/exdirigente-de-la-fup-se-adhiere-a-movimiento-ciudadano\\\/#primaryimage\"},\"image\":{\"@id\":\"https:\\\/\\\/canal7slp.tv\\\/2022\\\/exdirigente-de-la-fup-se-adhiere-a-movimiento-ciudadano\\\/#primaryimage\"},\"thumbnailUrl\":\"https:\\\/\\\/canal7slp.tv\\\/2022\\\/wp-content\\\/uploads\\\/2022\\\/03\\\/Claudio01Patiniio.jpg\",\"datePublished\":\"2022-03-10T00:39:27+00:00\",\"dateModified\":\"2022-03-10T10:57:51+00:00\",\"breadcrumb\":{\"@id\":\"https:\\\/\\\/canal7slp.tv\\\/2022\\\/exdirigente-de-la-fup-se-adhiere-a-movimiento-ciudadano\\\/#breadcrumb\"},\"inLanguage\":\"es\",\"potentialAction\":[{\"@type\":\"ReadAction\",\"target\":[\"https:\\\/\\\/canal7slp.tv\\\/2022\\\/exdirigente-de-la-fup-se-adhiere-a-movimiento-ciudadano\\\/\"]}]},{\"@type\":\"ImageObject\",\"inLanguage\":\"es\",\"@id\":\"https:\\\/\\\/canal7slp.tv\\\/2022\\\/exdirigente-de-la-fup-se-adhiere-a-movimiento-ciudadano\\\/#primaryimage\",\"url\":\"https:\\\/\\\/canal7slp.tv\\\/2022\\\/wp-content\\\/uploads\\\/2022\\\/03\\\/Claudio01Patiniio.jpg\",\"contentUrl\":\"https:\\\/\\\/canal7slp.tv\\\/2022\\\/wp-content\\\/uploads\\\/2022\\\/03\\\/Claudio01Patiniio.jpg\",\"width\":888,\"height\":500},{\"@type\":\"BreadcrumbList\",\"@id\":\"https:\\\/\\\/canal7slp.tv\\\/2022\\\/exdirigente-de-la-fup-se-adhiere-a-movimiento-ciudadano\\\/#breadcrumb\",\"itemListElement\":[{\"@type\":\"ListItem\",\"position\":1,\"name\":\"Portada\",\"item\":\"https:\\\/\\\/canal7slp.tv\\\/2022\\\/\"},{\"@type\":\"ListItem\",\"position\":2,\"name\":\"Exdirigente de la FUP se adhiere a Movimiento Ciudadano.\"}]},{\"@type\":\"WebSite\",\"@id\":\"https:\\\/\\\/canal7slp.tv\\\/2022\\\/#website\",\"url\":\"https:\\\/\\\/canal7slp.tv\\\/2022\\\/\",\"name\":\"N7 - Noticieros Canal 7\",\"description\":\"Somos Televisi\u00f3n\",\"publisher\":{\"@id\":\"https:\\\/\\\/canal7slp.tv\\\/2022\\\/#organization\"},\"potentialAction\":[{\"@type\":\"SearchAction\",\"target\":{\"@type\":\"EntryPoint\",\"urlTemplate\":\"https:\\\/\\\/canal7slp.tv\\\/2022\\\/?s={search_term_string}\"},\"query-input\":{\"@type\":\"PropertyValueSpecification\",\"valueRequired\":true,\"valueName\":\"search_term_string\"}}],\"inLanguage\":\"es\"},{\"@type\":\"Organization\",\"@id\":\"https:\\\/\\\/canal7slp.tv\\\/2022\\\/#organization\",\"name\":\"Noticieros Canal 7\",\"url\":\"https:\\\/\\\/canal7slp.tv\\\/2022\\\/\",\"logo\":{\"@type\":\"ImageObject\",\"inLanguage\":\"es\",\"@id\":\"https:\\\/\\\/canal7slp.tv\\\/2022\\\/#\\\/schema\\\/logo\\\/image\\\/\",\"url\":\"https:\\\/\\\/canal7slp.tv\\\/2022\\\/wp-content\\\/uploads\\\/2021\\\/01\\\/logo-noticieros@2x.png\",\"contentUrl\":\"https:\\\/\\\/canal7slp.tv\\\/2022\\\/wp-content\\\/uploads\\\/2021\\\/01\\\/logo-noticieros@2x.png\",\"width\":1017,\"height\":268,\"caption\":\"Noticieros Canal 7\"},\"image\":{\"@id\":\"https:\\\/\\\/canal7slp.tv\\\/2022\\\/#\\\/schema\\\/logo\\\/image\\\/\"},\"sameAs\":[\"https:\\\/\\\/www.facebook.com\\\/noticieroscanalsiete\",\"https:\\\/\\\/x.com\\\/NOTICIEROS7\",\"https:\\\/\\\/www.instagram.com\\\/canal7_slp\",\"https:\\\/\\\/www.youtube.com\\\/channel\\\/UCliiYs-gP3JfJeqdPrNdd5A\"]},{\"@type\":\"Person\",\"@id\":\"https:\\\/\\\/canal7slp.tv\\\/2022\\\/#\\\/schema\\\/person\\\/429704152a21f5f856ce29aa69a238da\",\"name\":\"Edici\u00f3n Web\",\"image\":{\"@type\":\"ImageObject\",\"inLanguage\":\"es\",\"@id\":\"https:\\\/\\\/secure.gravatar.com\\\/avatar\\\/eee448fc3f7164808013b816ba91ac7e43bbe82a70bebac296f8bc6f0addaa1a?s=96&d=mm&r=g\",\"url\":\"https:\\\/\\\/secure.gravatar.com\\\/avatar\\\/eee448fc3f7164808013b816ba91ac7e43bbe82a70bebac296f8bc6f0addaa1a?s=96&d=mm&r=g\",\"contentUrl\":\"https:\\\/\\\/secure.gravatar.com\\\/avatar\\\/eee448fc3f7164808013b816ba91ac7e43bbe82a70bebac296f8bc6f0addaa1a?s=96&d=mm&r=g\",\"caption\":\"Edici\u00f3n Web\"},\"url\":\"https:\\\/\\\/canal7slp.tv\\\/2022\\\/author\\\/edicionweb\\\/\"}]}<\/script>\n<!-- \/ Yoast SEO plugin. -->","yoast_head_json":{"title":"Exdirigente de la FUP se adhiere a Movimiento Ciudadano. - Canal 7 SLP - 2022","robots":{"index":"index","follow":"follow","max-snippet":"max-snippet:-1","max-image-preview":"max-image-preview:large","max-video-preview":"max-video-preview:-1"},"canonical":"https:\/\/canal7slp.tv\/2022\/exdirigente-de-la-fup-se-adhiere-a-movimiento-ciudadano\/","og_locale":"es_ES","og_type":"article","og_title":"Exdirigente de la FUP se adhiere a Movimiento Ciudadano. - Canal 7 SLP - 2022","og_description":"SLP.- En su \u201cpasarela\u201d de nuevas adquisiciones el coordinador estatal del Partido Movimiento Ciudadano Eugenio Govea Arcos present\u00f3 este mi\u00e9rcoles al exdirigente de la Federaci\u00f3n Universitaria Potosina, \u00d3scar Pati\u00f1o Sanjuanero, como una nueva adhesi\u00f3n del partido naranja. Afirm\u00f3 que el exdirigente estudiantil ser\u00e1 un integrante que ayudar\u00e1 a fortalecer el proyecto al interior de este partido, de cara a las elecciones del 2024. Al presentarse ante los medios el dirigente de la FUP en el periodo 2019-2021 rechaz\u00f3 un cuestionamiento en el sentido de que a pesar de ser ahora un militante de Movimiento Ciudadano, su incorporaci\u00f3n a este partido [&hellip;]","og_url":"https:\/\/canal7slp.tv\/2022\/exdirigente-de-la-fup-se-adhiere-a-movimiento-ciudadano\/","og_site_name":"Canal 7 SLP - 2022","article_publisher":"https:\/\/www.facebook.com\/noticieroscanalsiete","article_published_time":"2022-03-10T00:39:27+00:00","article_modified_time":"2022-03-10T10:57:51+00:00","og_image":[{"width":888,"height":500,"url":"https:\/\/canal7slp.tv\/2022\/wp-content\/uploads\/2022\/03\/Claudio01Patiniio.jpg","type":"image\/jpeg"}],"author":"Edici\u00f3n Web","twitter_card":"summary_large_image","twitter_creator":"@NOTICIEROS7","twitter_site":"@NOTICIEROS7","twitter_misc":{"Escrito por":"Edici\u00f3n Web","Tiempo de lectura":"1 minuto"},"schema":{"@context":"https:\/\/schema.org","@graph":[{"@type":"Article","@id":"https:\/\/canal7slp.tv\/2022\/exdirigente-de-la-fup-se-adhiere-a-movimiento-ciudadano\/#article","isPartOf":{"@id":"https:\/\/canal7slp.tv\/2022\/exdirigente-de-la-fup-se-adhiere-a-movimiento-ciudadano\/"},"author":{"name":"Edici\u00f3n Web","@id":"https:\/\/canal7slp.tv\/2022\/#\/schema\/person\/429704152a21f5f856ce29aa69a238da"},"headline":"Exdirigente de la FUP se adhiere a Movimiento Ciudadano.","datePublished":"2022-03-10T00:39:27+00:00","dateModified":"2022-03-10T10:57:51+00:00","mainEntityOfPage":{"@id":"https:\/\/canal7slp.tv\/2022\/exdirigente-de-la-fup-se-adhiere-a-movimiento-ciudadano\/"},"wordCount":145,"publisher":{"@id":"https:\/\/canal7slp.tv\/2022\/#organization"},"image":{"@id":"https:\/\/canal7slp.tv\/2022\/exdirigente-de-la-fup-se-adhiere-a-movimiento-ciudadano\/#primaryimage"},"thumbnailUrl":"https:\/\/canal7slp.tv\/2022\/wp-content\/uploads\/2022\/03\/Claudio01Patiniio.jpg","articleSection":["DESTACADAS","LOCALES Y REGIONALES"],"inLanguage":"es"},{"@type":"WebPage","@id":"https:\/\/canal7slp.tv\/2022\/exdirigente-de-la-fup-se-adhiere-a-movimiento-ciudadano\/","url":"https:\/\/canal7slp.tv\/2022\/exdirigente-de-la-fup-se-adhiere-a-movimiento-ciudadano\/","name":"Exdirigente de la FUP se adhiere a Movimiento Ciudadano. - Canal 7 SLP - 2022","isPartOf":{"@id":"https:\/\/canal7slp.tv\/2022\/#website"},"primaryImageOfPage":{"@id":"https:\/\/canal7slp.tv\/2022\/exdirigente-de-la-fup-se-adhiere-a-movimiento-ciudadano\/#primaryimage"},"image":{"@id":"https:\/\/canal7slp.tv\/2022\/exdirigente-de-la-fup-se-adhiere-a-movimiento-ciudadano\/#primaryimage"},"thumbnailUrl":"https:\/\/canal7slp.tv\/2022\/wp-content\/uploads\/2022\/03\/Claudio01Patiniio.jpg","datePublished":"2022-03-10T00:39:27+00:00","dateModified":"2022-03-10T10:57:51+00:00","breadcrumb":{"@id":"https:\/\/canal7slp.tv\/2022\/exdirigente-de-la-fup-se-adhiere-a-movimiento-ciudadano\/#breadcrumb"},"inLanguage":"es","potentialAction":[{"@type":"ReadAction","target":["https:\/\/canal7slp.tv\/2022\/exdirigente-de-la-fup-se-adhiere-a-movimiento-ciudadano\/"]}]},{"@type":"ImageObject","inLanguage":"es","@id":"https:\/\/canal7slp.tv\/2022\/exdirigente-de-la-fup-se-adhiere-a-movimiento-ciudadano\/#primaryimage","url":"https:\/\/canal7slp.tv\/2022\/wp-content\/uploads\/2022\/03\/Claudio01Patiniio.jpg","contentUrl":"https:\/\/canal7slp.tv\/2022\/wp-content\/uploads\/2022\/03\/Claudio01Patiniio.jpg","width":888,"height":500},{"@type":"BreadcrumbList","@id":"https:\/\/canal7slp.tv\/2022\/exdirigente-de-la-fup-se-adhiere-a-movimiento-ciudadano\/#breadcrumb","itemListElement":[{"@type":"ListItem","position":1,"name":"Portada","item":"https:\/\/canal7slp.tv\/2022\/"},{"@type":"ListItem","position":2,"name":"Exdirigente de la FUP se adhiere a Movimiento Ciudadano."}]},{"@type":"WebSite","@id":"https:\/\/canal7slp.tv\/2022\/#website","url":"https:\/\/canal7slp.tv\/2022\/","name":"N7 - Noticieros Canal 7","description":"Somos Televisi\u00f3n","publisher":{"@id":"https:\/\/canal7slp.tv\/2022\/#organization"},"potentialAction":[{"@type":"SearchAction","target":{"@type":"EntryPoint","urlTemplate":"https:\/\/canal7slp.tv\/2022\/?s={search_term_string}"},"query-input":{"@type":"PropertyValueSpecification","valueRequired":true,"valueName":"search_term_string"}}],"inLanguage":"es"},{"@type":"Organization","@id":"https:\/\/canal7slp.tv\/2022\/#organization","name":"Noticieros Canal 7","url":"https:\/\/canal7slp.tv\/2022\/","logo":{"@type":"ImageObject","inLanguage":"es","@id":"https:\/\/canal7slp.tv\/2022\/#\/schema\/logo\/image\/","url":"https:\/\/canal7slp.tv\/2022\/wp-content\/uploads\/2021\/01\/logo-noticieros@2x.png","contentUrl":"https:\/\/canal7slp.tv\/2022\/wp-content\/uploads\/2021\/01\/logo-noticieros@2x.png","width":1017,"height":268,"caption":"Noticieros Canal 7"},"image":{"@id":"https:\/\/canal7slp.tv\/2022\/#\/schema\/logo\/image\/"},"sameAs":["https:\/\/www.facebook.com\/noticieroscanalsiete","https:\/\/x.com\/NOTICIEROS7","https:\/\/www.instagram.com\/canal7_slp","https:\/\/www.youtube.com\/channel\/UCliiYs-gP3JfJeqdPrNdd5A"]},{"@type":"Person","@id":"https:\/\/canal7slp.tv\/2022\/#\/schema\/person\/429704152a21f5f856ce29aa69a238da","name":"Edici\u00f3n Web","image":{"@type":"ImageObject","inLanguage":"es","@id":"https:\/\/secure.gravatar.com\/avatar\/eee448fc3f7164808013b816ba91ac7e43bbe82a70bebac296f8bc6f0addaa1a?s=96&d=mm&r=g","url":"https:\/\/secure.gravatar.com\/avatar\/eee448fc3f7164808013b816ba91ac7e43bbe82a70bebac296f8bc6f0addaa1a?s=96&d=mm&r=g","contentUrl":"https:\/\/secure.gravatar.com\/avatar\/eee448fc3f7164808013b816ba91ac7e43bbe82a70bebac296f8bc6f0addaa1a?s=96&d=mm&r=g","caption":"Edici\u00f3n Web"},"url":"https:\/\/canal7slp.tv\/2022\/author\/edicionweb\/"}]}},"amp_enabled":true,"_links":{"self":[{"href":"https:\/\/canal7slp.tv\/2022\/wp-json\/wp\/v2\/posts\/53666","targetHints":{"allow":["GET"]}}],"collection":[{"href":"https:\/\/canal7slp.tv\/2022\/wp-json\/wp\/v2\/posts"}],"about":[{"href":"https:\/\/canal7slp.tv\/2022\/wp-json\/wp\/v2\/types\/post"}],"author":[{"embeddable":true,"href":"https:\/\/canal7slp.tv\/2022\/wp-json\/wp\/v2\/users\/2"}],"replies":[{"embeddable":true,"href":"https:\/\/canal7slp.tv\/2022\/wp-json\/wp\/v2\/comments?post=53666"}],"version-history":[{"count":2,"href":"https:\/\/canal7slp.tv\/2022\/wp-json\/wp\/v2\/posts\/53666\/revisions"}],"predecessor-version":[{"id":53685,"href":"https:\/\/canal7slp.tv\/2022\/wp-json\/wp\/v2\/posts\/53666\/revisions\/53685"}],"wp:featuredmedia":[{"embeddable":true,"href":"https:\/\/canal7slp.tv\/2022\/wp-json\/wp\/v2\/media\/53702"}],"wp:attachment":[{"href":"https:\/\/canal7slp.tv\/2022\/wp-json\/wp\/v2\/media?parent=53666"}],"wp:term":[{"taxonomy":"category","embeddable":true,"href":"https:\/\/canal7slp.tv\/2022\/wp-json\/wp\/v2\/categories?post=53666"},{"taxonomy":"post_tag","embeddable":true,"href":"https:\/\/canal7slp.tv\/2022\/wp-json\/wp\/v2\/tags?post=53666"}],"curies":[{"name":"wp","href":"https:\/\/api.w.org\/{rel}","templated":true}]}}