{"id":53623,"date":"2022-03-09T15:50:23","date_gmt":"2022-03-09T21:50:23","guid":{"rendered":"https:\/\/canal7slp.tv\/2022\/?p=53623"},"modified":"2022-03-09T15:50:23","modified_gmt":"2022-03-09T21:50:23","slug":"undiasinnosotras-por-falta-de-quorum-senado-suspende-sesion","status":"publish","type":"post","link":"https:\/\/canal7slp.tv\/2022\/undiasinnosotras-por-falta-de-quorum-senado-suspende-sesion\/","title":{"rendered":"#UnD\u00edaSinNosotras Por falta de quorum, Senado suspende sesi\u00f3n"},"content":{"rendered":"<p style=\"text-align: justify;\">M\u00e9xico.- Debido al paro nacional de mujeres, conocido como \u201cEl Nueve Nadie se Mueve #UnD\u00edaSinNosotras\u201d, el Senado de la Rep\u00fablica suspendi\u00f3 su sesi\u00f3n de este 9 de marzo.<\/p>\n<p style=\"text-align: justify;\">Dicha situaci\u00f3n, fue provocada por que legisladoras de todos los grupos parlamentarios se sumaron al movimiento.<\/p>\n<p style=\"text-align: justify;\">Jos\u00e9 Narro C\u00e9spedes, vicepresidente de la Mesa Directiva, detall\u00f3 que s\u00f3lo se registr\u00f3 la asistencia de 63 senadores, por lo que no era posible realizar los trabajos asamble\u00edstas.<\/p>\n<p style=\"text-align: justify;\">El vicepresidente indic\u00f3 que la ausencia de las senadoras permite constatar la trascendencia del rol de las mujeres en el \u00e1mbito parlamentario.<\/p>\n<p style=\"text-align: justify;\">Por tal motivo, al no reunirse el quorum legal, se cit\u00f3 a una nueva sesi\u00f3n, que se llevar\u00e1 a cabo el pr\u00f3ximo martes 15 de marzo.<\/p>\n","protected":false},"excerpt":{"rendered":"<p>M\u00e9xico.- Debido al paro nacional de mujeres, conocido como \u201cEl Nueve Nadie se Mueve #UnD\u00edaSinNosotras\u201d, el Senado de la Rep\u00fablica suspendi\u00f3 su sesi\u00f3n de este 9 de marzo. Dicha situaci\u00f3n, fue provocada por que legisladoras de todos los grupos parlamentarios se sumaron al movimiento. Jos\u00e9 Narro C\u00e9spedes, vicepresidente de la Mesa Directiva, detall\u00f3 que s\u00f3lo se registr\u00f3 la asistencia de 63 senadores, por lo que no era posible realizar los trabajos asamble\u00edstas. El vicepresidente indic\u00f3 que la ausencia de las senadoras permite constatar la trascendencia del rol de las mujeres en el \u00e1mbito parlamentario. Por tal motivo, al no reunirse [&hellip;]<\/p>\n","protected":false},"author":2,"featured_media":53634,"comment_status":"closed","ping_status":"closed","sticky":false,"template":"","format":"standard","meta":{"footnotes":""},"categories":[46],"tags":[],"class_list":["post-53623","post","type-post","status-publish","format-standard","has-post-thumbnail","hentry","category-nacional","post--single"],"yoast_head":"<!-- This site is optimized with the Yoast SEO plugin v27.4 - https:\/\/yoast.com\/product\/yoast-seo-wordpress\/ -->\n<title>#UnD\u00edaSinNosotras Por falta de quorum, Senado suspende sesi\u00f3n - Canal 7 SLP - 2022<\/title>\n<meta name=\"robots\" content=\"index, follow, max-snippet:-1, max-image-preview:large, max-video-preview:-1\" \/>\n<link rel=\"canonical\" href=\"https:\/\/canal7slp.tv\/2022\/undiasinnosotras-por-falta-de-quorum-senado-suspende-sesion\/\" \/>\n<meta property=\"og:locale\" content=\"es_ES\" \/>\n<meta property=\"og:type\" content=\"article\" \/>\n<meta property=\"og:title\" content=\"#UnD\u00edaSinNosotras Por falta de quorum, Senado suspende sesi\u00f3n - Canal 7 SLP - 2022\" \/>\n<meta property=\"og:description\" content=\"M\u00e9xico.- Debido al paro nacional de mujeres, conocido como \u201cEl Nueve Nadie se Mueve #UnD\u00edaSinNosotras\u201d, el Senado de la Rep\u00fablica suspendi\u00f3 su sesi\u00f3n de este 9 de marzo. Dicha situaci\u00f3n, fue provocada por que legisladoras de todos los grupos parlamentarios se sumaron al movimiento. Jos\u00e9 Narro C\u00e9spedes, vicepresidente de la Mesa Directiva, detall\u00f3 que s\u00f3lo se registr\u00f3 la asistencia de 63 senadores, por lo que no era posible realizar los trabajos asamble\u00edstas. El vicepresidente indic\u00f3 que la ausencia de las senadoras permite constatar la trascendencia del rol de las mujeres en el \u00e1mbito parlamentario. Por tal motivo, al no reunirse [&hellip;]\" \/>\n<meta property=\"og:url\" content=\"https:\/\/canal7slp.tv\/2022\/undiasinnosotras-por-falta-de-quorum-senado-suspende-sesion\/\" \/>\n<meta property=\"og:site_name\" content=\"Canal 7 SLP - 2022\" \/>\n<meta property=\"article:publisher\" content=\"https:\/\/www.facebook.com\/noticieroscanalsiete\" \/>\n<meta property=\"article:published_time\" content=\"2022-03-09T21:50:23+00:00\" \/>\n<meta property=\"og:image\" content=\"https:\/\/canal7slp.tv\/2022\/wp-content\/uploads\/2022\/03\/03-1.jpeg\" \/>\n\t<meta property=\"og:image:width\" content=\"940\" \/>\n\t<meta property=\"og:image:height\" content=\"470\" \/>\n\t<meta property=\"og:image:type\" content=\"image\/jpeg\" \/>\n<meta name=\"author\" content=\"Edici\u00f3n Web\" \/>\n<meta name=\"twitter:card\" content=\"summary_large_image\" \/>\n<meta name=\"twitter:creator\" content=\"@NOTICIEROS7\" \/>\n<meta name=\"twitter:site\" content=\"@NOTICIEROS7\" \/>\n<meta name=\"twitter:label1\" content=\"Escrito por\" \/>\n\t<meta name=\"twitter:data1\" content=\"Edici\u00f3n Web\" \/>\n\t<meta name=\"twitter:label2\" content=\"Tiempo de lectura\" \/>\n\t<meta name=\"twitter:data2\" content=\"1 minuto\" \/>\n<script type=\"application\/ld+json\" class=\"yoast-schema-graph\">{\"@context\":\"https:\\\/\\\/schema.org\",\"@graph\":[{\"@type\":\"Article\",\"@id\":\"https:\\\/\\\/canal7slp.tv\\\/2022\\\/undiasinnosotras-por-falta-de-quorum-senado-suspende-sesion\\\/#article\",\"isPartOf\":{\"@id\":\"https:\\\/\\\/canal7slp.tv\\\/2022\\\/undiasinnosotras-por-falta-de-quorum-senado-suspende-sesion\\\/\"},\"author\":{\"name\":\"Edici\u00f3n Web\",\"@id\":\"https:\\\/\\\/canal7slp.tv\\\/2022\\\/#\\\/schema\\\/person\\\/429704152a21f5f856ce29aa69a238da\"},\"headline\":\"#UnD\u00edaSinNosotras Por falta de quorum, Senado suspende sesi\u00f3n\",\"datePublished\":\"2022-03-09T21:50:23+00:00\",\"mainEntityOfPage\":{\"@id\":\"https:\\\/\\\/canal7slp.tv\\\/2022\\\/undiasinnosotras-por-falta-de-quorum-senado-suspende-sesion\\\/\"},\"wordCount\":138,\"publisher\":{\"@id\":\"https:\\\/\\\/canal7slp.tv\\\/2022\\\/#organization\"},\"image\":{\"@id\":\"https:\\\/\\\/canal7slp.tv\\\/2022\\\/undiasinnosotras-por-falta-de-quorum-senado-suspende-sesion\\\/#primaryimage\"},\"thumbnailUrl\":\"https:\\\/\\\/canal7slp.tv\\\/2022\\\/wp-content\\\/uploads\\\/2022\\\/03\\\/03-1.jpeg\",\"articleSection\":[\"NACIONALES\"],\"inLanguage\":\"es\"},{\"@type\":\"WebPage\",\"@id\":\"https:\\\/\\\/canal7slp.tv\\\/2022\\\/undiasinnosotras-por-falta-de-quorum-senado-suspende-sesion\\\/\",\"url\":\"https:\\\/\\\/canal7slp.tv\\\/2022\\\/undiasinnosotras-por-falta-de-quorum-senado-suspende-sesion\\\/\",\"name\":\"#UnD\u00edaSinNosotras Por falta de quorum, Senado suspende sesi\u00f3n - Canal 7 SLP - 2022\",\"isPartOf\":{\"@id\":\"https:\\\/\\\/canal7slp.tv\\\/2022\\\/#website\"},\"primaryImageOfPage\":{\"@id\":\"https:\\\/\\\/canal7slp.tv\\\/2022\\\/undiasinnosotras-por-falta-de-quorum-senado-suspende-sesion\\\/#primaryimage\"},\"image\":{\"@id\":\"https:\\\/\\\/canal7slp.tv\\\/2022\\\/undiasinnosotras-por-falta-de-quorum-senado-suspende-sesion\\\/#primaryimage\"},\"thumbnailUrl\":\"https:\\\/\\\/canal7slp.tv\\\/2022\\\/wp-content\\\/uploads\\\/2022\\\/03\\\/03-1.jpeg\",\"datePublished\":\"2022-03-09T21:50:23+00:00\",\"breadcrumb\":{\"@id\":\"https:\\\/\\\/canal7slp.tv\\\/2022\\\/undiasinnosotras-por-falta-de-quorum-senado-suspende-sesion\\\/#breadcrumb\"},\"inLanguage\":\"es\",\"potentialAction\":[{\"@type\":\"ReadAction\",\"target\":[\"https:\\\/\\\/canal7slp.tv\\\/2022\\\/undiasinnosotras-por-falta-de-quorum-senado-suspende-sesion\\\/\"]}]},{\"@type\":\"ImageObject\",\"inLanguage\":\"es\",\"@id\":\"https:\\\/\\\/canal7slp.tv\\\/2022\\\/undiasinnosotras-por-falta-de-quorum-senado-suspende-sesion\\\/#primaryimage\",\"url\":\"https:\\\/\\\/canal7slp.tv\\\/2022\\\/wp-content\\\/uploads\\\/2022\\\/03\\\/03-1.jpeg\",\"contentUrl\":\"https:\\\/\\\/canal7slp.tv\\\/2022\\\/wp-content\\\/uploads\\\/2022\\\/03\\\/03-1.jpeg\",\"width\":940,\"height\":470},{\"@type\":\"BreadcrumbList\",\"@id\":\"https:\\\/\\\/canal7slp.tv\\\/2022\\\/undiasinnosotras-por-falta-de-quorum-senado-suspende-sesion\\\/#breadcrumb\",\"itemListElement\":[{\"@type\":\"ListItem\",\"position\":1,\"name\":\"Portada\",\"item\":\"https:\\\/\\\/canal7slp.tv\\\/2022\\\/\"},{\"@type\":\"ListItem\",\"position\":2,\"name\":\"#UnD\u00edaSinNosotras Por falta de quorum, Senado suspende sesi\u00f3n\"}]},{\"@type\":\"WebSite\",\"@id\":\"https:\\\/\\\/canal7slp.tv\\\/2022\\\/#website\",\"url\":\"https:\\\/\\\/canal7slp.tv\\\/2022\\\/\",\"name\":\"N7 - Noticieros Canal 7\",\"description\":\"Somos Televisi\u00f3n\",\"publisher\":{\"@id\":\"https:\\\/\\\/canal7slp.tv\\\/2022\\\/#organization\"},\"potentialAction\":[{\"@type\":\"SearchAction\",\"target\":{\"@type\":\"EntryPoint\",\"urlTemplate\":\"https:\\\/\\\/canal7slp.tv\\\/2022\\\/?s={search_term_string}\"},\"query-input\":{\"@type\":\"PropertyValueSpecification\",\"valueRequired\":true,\"valueName\":\"search_term_string\"}}],\"inLanguage\":\"es\"},{\"@type\":\"Organization\",\"@id\":\"https:\\\/\\\/canal7slp.tv\\\/2022\\\/#organization\",\"name\":\"Noticieros Canal 7\",\"url\":\"https:\\\/\\\/canal7slp.tv\\\/2022\\\/\",\"logo\":{\"@type\":\"ImageObject\",\"inLanguage\":\"es\",\"@id\":\"https:\\\/\\\/canal7slp.tv\\\/2022\\\/#\\\/schema\\\/logo\\\/image\\\/\",\"url\":\"https:\\\/\\\/canal7slp.tv\\\/2022\\\/wp-content\\\/uploads\\\/2021\\\/01\\\/logo-noticieros@2x.png\",\"contentUrl\":\"https:\\\/\\\/canal7slp.tv\\\/2022\\\/wp-content\\\/uploads\\\/2021\\\/01\\\/logo-noticieros@2x.png\",\"width\":1017,\"height\":268,\"caption\":\"Noticieros Canal 7\"},\"image\":{\"@id\":\"https:\\\/\\\/canal7slp.tv\\\/2022\\\/#\\\/schema\\\/logo\\\/image\\\/\"},\"sameAs\":[\"https:\\\/\\\/www.facebook.com\\\/noticieroscanalsiete\",\"https:\\\/\\\/x.com\\\/NOTICIEROS7\",\"https:\\\/\\\/www.instagram.com\\\/canal7_slp\",\"https:\\\/\\\/www.youtube.com\\\/channel\\\/UCliiYs-gP3JfJeqdPrNdd5A\"]},{\"@type\":\"Person\",\"@id\":\"https:\\\/\\\/canal7slp.tv\\\/2022\\\/#\\\/schema\\\/person\\\/429704152a21f5f856ce29aa69a238da\",\"name\":\"Edici\u00f3n Web\",\"image\":{\"@type\":\"ImageObject\",\"inLanguage\":\"es\",\"@id\":\"https:\\\/\\\/secure.gravatar.com\\\/avatar\\\/eee448fc3f7164808013b816ba91ac7e43bbe82a70bebac296f8bc6f0addaa1a?s=96&d=mm&r=g\",\"url\":\"https:\\\/\\\/secure.gravatar.com\\\/avatar\\\/eee448fc3f7164808013b816ba91ac7e43bbe82a70bebac296f8bc6f0addaa1a?s=96&d=mm&r=g\",\"contentUrl\":\"https:\\\/\\\/secure.gravatar.com\\\/avatar\\\/eee448fc3f7164808013b816ba91ac7e43bbe82a70bebac296f8bc6f0addaa1a?s=96&d=mm&r=g\",\"caption\":\"Edici\u00f3n Web\"},\"url\":\"https:\\\/\\\/canal7slp.tv\\\/2022\\\/author\\\/edicionweb\\\/\"}]}<\/script>\n<!-- \/ Yoast SEO plugin. -->","yoast_head_json":{"title":"#UnD\u00edaSinNosotras Por falta de quorum, Senado suspende sesi\u00f3n - Canal 7 SLP - 2022","robots":{"index":"index","follow":"follow","max-snippet":"max-snippet:-1","max-image-preview":"max-image-preview:large","max-video-preview":"max-video-preview:-1"},"canonical":"https:\/\/canal7slp.tv\/2022\/undiasinnosotras-por-falta-de-quorum-senado-suspende-sesion\/","og_locale":"es_ES","og_type":"article","og_title":"#UnD\u00edaSinNosotras Por falta de quorum, Senado suspende sesi\u00f3n - Canal 7 SLP - 2022","og_description":"M\u00e9xico.- Debido al paro nacional de mujeres, conocido como \u201cEl Nueve Nadie se Mueve #UnD\u00edaSinNosotras\u201d, el Senado de la Rep\u00fablica suspendi\u00f3 su sesi\u00f3n de este 9 de marzo. Dicha situaci\u00f3n, fue provocada por que legisladoras de todos los grupos parlamentarios se sumaron al movimiento. Jos\u00e9 Narro C\u00e9spedes, vicepresidente de la Mesa Directiva, detall\u00f3 que s\u00f3lo se registr\u00f3 la asistencia de 63 senadores, por lo que no era posible realizar los trabajos asamble\u00edstas. El vicepresidente indic\u00f3 que la ausencia de las senadoras permite constatar la trascendencia del rol de las mujeres en el \u00e1mbito parlamentario. Por tal motivo, al no reunirse [&hellip;]","og_url":"https:\/\/canal7slp.tv\/2022\/undiasinnosotras-por-falta-de-quorum-senado-suspende-sesion\/","og_site_name":"Canal 7 SLP - 2022","article_publisher":"https:\/\/www.facebook.com\/noticieroscanalsiete","article_published_time":"2022-03-09T21:50:23+00:00","og_image":[{"width":940,"height":470,"url":"https:\/\/canal7slp.tv\/2022\/wp-content\/uploads\/2022\/03\/03-1.jpeg","type":"image\/jpeg"}],"author":"Edici\u00f3n Web","twitter_card":"summary_large_image","twitter_creator":"@NOTICIEROS7","twitter_site":"@NOTICIEROS7","twitter_misc":{"Escrito por":"Edici\u00f3n Web","Tiempo de lectura":"1 minuto"},"schema":{"@context":"https:\/\/schema.org","@graph":[{"@type":"Article","@id":"https:\/\/canal7slp.tv\/2022\/undiasinnosotras-por-falta-de-quorum-senado-suspende-sesion\/#article","isPartOf":{"@id":"https:\/\/canal7slp.tv\/2022\/undiasinnosotras-por-falta-de-quorum-senado-suspende-sesion\/"},"author":{"name":"Edici\u00f3n Web","@id":"https:\/\/canal7slp.tv\/2022\/#\/schema\/person\/429704152a21f5f856ce29aa69a238da"},"headline":"#UnD\u00edaSinNosotras Por falta de quorum, Senado suspende sesi\u00f3n","datePublished":"2022-03-09T21:50:23+00:00","mainEntityOfPage":{"@id":"https:\/\/canal7slp.tv\/2022\/undiasinnosotras-por-falta-de-quorum-senado-suspende-sesion\/"},"wordCount":138,"publisher":{"@id":"https:\/\/canal7slp.tv\/2022\/#organization"},"image":{"@id":"https:\/\/canal7slp.tv\/2022\/undiasinnosotras-por-falta-de-quorum-senado-suspende-sesion\/#primaryimage"},"thumbnailUrl":"https:\/\/canal7slp.tv\/2022\/wp-content\/uploads\/2022\/03\/03-1.jpeg","articleSection":["NACIONALES"],"inLanguage":"es"},{"@type":"WebPage","@id":"https:\/\/canal7slp.tv\/2022\/undiasinnosotras-por-falta-de-quorum-senado-suspende-sesion\/","url":"https:\/\/canal7slp.tv\/2022\/undiasinnosotras-por-falta-de-quorum-senado-suspende-sesion\/","name":"#UnD\u00edaSinNosotras Por falta de quorum, Senado suspende sesi\u00f3n - Canal 7 SLP - 2022","isPartOf":{"@id":"https:\/\/canal7slp.tv\/2022\/#website"},"primaryImageOfPage":{"@id":"https:\/\/canal7slp.tv\/2022\/undiasinnosotras-por-falta-de-quorum-senado-suspende-sesion\/#primaryimage"},"image":{"@id":"https:\/\/canal7slp.tv\/2022\/undiasinnosotras-por-falta-de-quorum-senado-suspende-sesion\/#primaryimage"},"thumbnailUrl":"https:\/\/canal7slp.tv\/2022\/wp-content\/uploads\/2022\/03\/03-1.jpeg","datePublished":"2022-03-09T21:50:23+00:00","breadcrumb":{"@id":"https:\/\/canal7slp.tv\/2022\/undiasinnosotras-por-falta-de-quorum-senado-suspende-sesion\/#breadcrumb"},"inLanguage":"es","potentialAction":[{"@type":"ReadAction","target":["https:\/\/canal7slp.tv\/2022\/undiasinnosotras-por-falta-de-quorum-senado-suspende-sesion\/"]}]},{"@type":"ImageObject","inLanguage":"es","@id":"https:\/\/canal7slp.tv\/2022\/undiasinnosotras-por-falta-de-quorum-senado-suspende-sesion\/#primaryimage","url":"https:\/\/canal7slp.tv\/2022\/wp-content\/uploads\/2022\/03\/03-1.jpeg","contentUrl":"https:\/\/canal7slp.tv\/2022\/wp-content\/uploads\/2022\/03\/03-1.jpeg","width":940,"height":470},{"@type":"BreadcrumbList","@id":"https:\/\/canal7slp.tv\/2022\/undiasinnosotras-por-falta-de-quorum-senado-suspende-sesion\/#breadcrumb","itemListElement":[{"@type":"ListItem","position":1,"name":"Portada","item":"https:\/\/canal7slp.tv\/2022\/"},{"@type":"ListItem","position":2,"name":"#UnD\u00edaSinNosotras Por falta de quorum, Senado suspende sesi\u00f3n"}]},{"@type":"WebSite","@id":"https:\/\/canal7slp.tv\/2022\/#website","url":"https:\/\/canal7slp.tv\/2022\/","name":"N7 - Noticieros Canal 7","description":"Somos Televisi\u00f3n","publisher":{"@id":"https:\/\/canal7slp.tv\/2022\/#organization"},"potentialAction":[{"@type":"SearchAction","target":{"@type":"EntryPoint","urlTemplate":"https:\/\/canal7slp.tv\/2022\/?s={search_term_string}"},"query-input":{"@type":"PropertyValueSpecification","valueRequired":true,"valueName":"search_term_string"}}],"inLanguage":"es"},{"@type":"Organization","@id":"https:\/\/canal7slp.tv\/2022\/#organization","name":"Noticieros Canal 7","url":"https:\/\/canal7slp.tv\/2022\/","logo":{"@type":"ImageObject","inLanguage":"es","@id":"https:\/\/canal7slp.tv\/2022\/#\/schema\/logo\/image\/","url":"https:\/\/canal7slp.tv\/2022\/wp-content\/uploads\/2021\/01\/logo-noticieros@2x.png","contentUrl":"https:\/\/canal7slp.tv\/2022\/wp-content\/uploads\/2021\/01\/logo-noticieros@2x.png","width":1017,"height":268,"caption":"Noticieros Canal 7"},"image":{"@id":"https:\/\/canal7slp.tv\/2022\/#\/schema\/logo\/image\/"},"sameAs":["https:\/\/www.facebook.com\/noticieroscanalsiete","https:\/\/x.com\/NOTICIEROS7","https:\/\/www.instagram.com\/canal7_slp","https:\/\/www.youtube.com\/channel\/UCliiYs-gP3JfJeqdPrNdd5A"]},{"@type":"Person","@id":"https:\/\/canal7slp.tv\/2022\/#\/schema\/person\/429704152a21f5f856ce29aa69a238da","name":"Edici\u00f3n Web","image":{"@type":"ImageObject","inLanguage":"es","@id":"https:\/\/secure.gravatar.com\/avatar\/eee448fc3f7164808013b816ba91ac7e43bbe82a70bebac296f8bc6f0addaa1a?s=96&d=mm&r=g","url":"https:\/\/secure.gravatar.com\/avatar\/eee448fc3f7164808013b816ba91ac7e43bbe82a70bebac296f8bc6f0addaa1a?s=96&d=mm&r=g","contentUrl":"https:\/\/secure.gravatar.com\/avatar\/eee448fc3f7164808013b816ba91ac7e43bbe82a70bebac296f8bc6f0addaa1a?s=96&d=mm&r=g","caption":"Edici\u00f3n Web"},"url":"https:\/\/canal7slp.tv\/2022\/author\/edicionweb\/"}]}},"amp_enabled":true,"_links":{"self":[{"href":"https:\/\/canal7slp.tv\/2022\/wp-json\/wp\/v2\/posts\/53623","targetHints":{"allow":["GET"]}}],"collection":[{"href":"https:\/\/canal7slp.tv\/2022\/wp-json\/wp\/v2\/posts"}],"about":[{"href":"https:\/\/canal7slp.tv\/2022\/wp-json\/wp\/v2\/types\/post"}],"author":[{"embeddable":true,"href":"https:\/\/canal7slp.tv\/2022\/wp-json\/wp\/v2\/users\/2"}],"replies":[{"embeddable":true,"href":"https:\/\/canal7slp.tv\/2022\/wp-json\/wp\/v2\/comments?post=53623"}],"version-history":[{"count":2,"href":"https:\/\/canal7slp.tv\/2022\/wp-json\/wp\/v2\/posts\/53623\/revisions"}],"predecessor-version":[{"id":53640,"href":"https:\/\/canal7slp.tv\/2022\/wp-json\/wp\/v2\/posts\/53623\/revisions\/53640"}],"wp:featuredmedia":[{"embeddable":true,"href":"https:\/\/canal7slp.tv\/2022\/wp-json\/wp\/v2\/media\/53634"}],"wp:attachment":[{"href":"https:\/\/canal7slp.tv\/2022\/wp-json\/wp\/v2\/media?parent=53623"}],"wp:term":[{"taxonomy":"category","embeddable":true,"href":"https:\/\/canal7slp.tv\/2022\/wp-json\/wp\/v2\/categories?post=53623"},{"taxonomy":"post_tag","embeddable":true,"href":"https:\/\/canal7slp.tv\/2022\/wp-json\/wp\/v2\/tags?post=53623"}],"curies":[{"name":"wp","href":"https:\/\/api.w.org\/{rel}","templated":true}]}}