{"id":53621,"date":"2022-03-09T15:50:26","date_gmt":"2022-03-09T21:50:26","guid":{"rendered":"https:\/\/canal7slp.tv\/2022\/?p=53621"},"modified":"2022-03-09T15:50:26","modified_gmt":"2022-03-09T21:50:26","slug":"comite-senala-a-mexico-como-el-pais-mas-letal-para-ejercer-el-periodismo","status":"publish","type":"post","link":"https:\/\/canal7slp.tv\/2022\/comite-senala-a-mexico-como-el-pais-mas-letal-para-ejercer-el-periodismo\/","title":{"rendered":"Comit\u00e9 se\u00f1ala a M\u00e9xico como el pa\u00eds m\u00e1s letal para ejercer el periodismo"},"content":{"rendered":"<p style=\"text-align: justify;\">M\u00e9xico.- Por medio de un comunicado, el Comit\u00e9 de Protecci\u00f3n de Periodistas (CPJ, por sus siglas en ingl\u00e9s) denunci\u00f3 que M\u00e9xico se ha convertido en el pa\u00eds m\u00e1s letal para los periodistas.<\/p>\n<p style=\"text-align: justify;\">Esto por \u201cLa inacci\u00f3n de su Gobierno, que permite la impunidad que alimenta los ataques\u201d.<\/p>\n<p style=\"text-align: justify;\">El Comit\u00e9 se\u00f1alo que el reciente asesinato de Juan Carlos Mu\u00f1iz es ejemplo del riesgo que afrontan los periodistas que cubren la pol\u00edtica y sucesos de forma diaria.<\/p>\n<p style=\"text-align: justify;\">Diversas organizaciones pidieron a las autoridades que esclarezcan el homicidio del reportero.<\/p>\n<p style=\"text-align: justify;\">De confirmarse que el asesinato del reportero y tambi\u00e9n taxista se debi\u00f3 a su labor period\u00edstica, Mu\u00f1iz ser\u00eda el sexto comunicador asesinado en M\u00e9xico en lo que va de este a\u00f1o.<\/p>\n","protected":false},"excerpt":{"rendered":"<p>M\u00e9xico.- Por medio de un comunicado, el Comit\u00e9 de Protecci\u00f3n de Periodistas (CPJ, por sus siglas en ingl\u00e9s) denunci\u00f3 que M\u00e9xico se ha convertido en el pa\u00eds m\u00e1s letal para los periodistas. Esto por \u201cLa inacci\u00f3n de su Gobierno, que permite la impunidad que alimenta los ataques\u201d. El Comit\u00e9 se\u00f1alo que el reciente asesinato de Juan Carlos Mu\u00f1iz es ejemplo del riesgo que afrontan los periodistas que cubren la pol\u00edtica y sucesos de forma diaria. Diversas organizaciones pidieron a las autoridades que esclarezcan el homicidio del reportero. De confirmarse que el asesinato del reportero y tambi\u00e9n taxista se debi\u00f3 a [&hellip;]<\/p>\n","protected":false},"author":2,"featured_media":53633,"comment_status":"closed","ping_status":"closed","sticky":false,"template":"","format":"standard","meta":{"footnotes":""},"categories":[46],"tags":[],"class_list":["post-53621","post","type-post","status-publish","format-standard","has-post-thumbnail","hentry","category-nacional","post--single"],"yoast_head":"<!-- This site is optimized with the Yoast SEO plugin v27.4 - https:\/\/yoast.com\/product\/yoast-seo-wordpress\/ -->\n<title>Comit\u00e9 se\u00f1ala a M\u00e9xico como el pa\u00eds m\u00e1s letal para ejercer el periodismo - Canal 7 SLP - 2022<\/title>\n<meta name=\"robots\" content=\"index, follow, max-snippet:-1, max-image-preview:large, max-video-preview:-1\" \/>\n<link rel=\"canonical\" href=\"https:\/\/canal7slp.tv\/2022\/comite-senala-a-mexico-como-el-pais-mas-letal-para-ejercer-el-periodismo\/\" \/>\n<meta property=\"og:locale\" content=\"es_ES\" \/>\n<meta property=\"og:type\" content=\"article\" \/>\n<meta property=\"og:title\" content=\"Comit\u00e9 se\u00f1ala a M\u00e9xico como el pa\u00eds m\u00e1s letal para ejercer el periodismo - Canal 7 SLP - 2022\" \/>\n<meta property=\"og:description\" content=\"M\u00e9xico.- Por medio de un comunicado, el Comit\u00e9 de Protecci\u00f3n de Periodistas (CPJ, por sus siglas en ingl\u00e9s) denunci\u00f3 que M\u00e9xico se ha convertido en el pa\u00eds m\u00e1s letal para los periodistas. Esto por \u201cLa inacci\u00f3n de su Gobierno, que permite la impunidad que alimenta los ataques\u201d. El Comit\u00e9 se\u00f1alo que el reciente asesinato de Juan Carlos Mu\u00f1iz es ejemplo del riesgo que afrontan los periodistas que cubren la pol\u00edtica y sucesos de forma diaria. Diversas organizaciones pidieron a las autoridades que esclarezcan el homicidio del reportero. De confirmarse que el asesinato del reportero y tambi\u00e9n taxista se debi\u00f3 a [&hellip;]\" \/>\n<meta property=\"og:url\" content=\"https:\/\/canal7slp.tv\/2022\/comite-senala-a-mexico-como-el-pais-mas-letal-para-ejercer-el-periodismo\/\" \/>\n<meta property=\"og:site_name\" content=\"Canal 7 SLP - 2022\" \/>\n<meta property=\"article:publisher\" content=\"https:\/\/www.facebook.com\/noticieroscanalsiete\" \/>\n<meta property=\"article:published_time\" content=\"2022-03-09T21:50:26+00:00\" \/>\n<meta property=\"og:image\" content=\"https:\/\/canal7slp.tv\/2022\/wp-content\/uploads\/2022\/03\/02-7.jpg\" \/>\n\t<meta property=\"og:image:width\" content=\"800\" \/>\n\t<meta property=\"og:image:height\" content=\"404\" \/>\n\t<meta property=\"og:image:type\" content=\"image\/jpeg\" \/>\n<meta name=\"author\" content=\"Edici\u00f3n Web\" \/>\n<meta name=\"twitter:card\" content=\"summary_large_image\" \/>\n<meta name=\"twitter:creator\" content=\"@NOTICIEROS7\" \/>\n<meta name=\"twitter:site\" content=\"@NOTICIEROS7\" \/>\n<meta name=\"twitter:label1\" content=\"Escrito por\" \/>\n\t<meta name=\"twitter:data1\" content=\"Edici\u00f3n Web\" \/>\n\t<meta name=\"twitter:label2\" content=\"Tiempo de lectura\" \/>\n\t<meta name=\"twitter:data2\" content=\"1 minuto\" \/>\n<script type=\"application\/ld+json\" class=\"yoast-schema-graph\">{\"@context\":\"https:\\\/\\\/schema.org\",\"@graph\":[{\"@type\":\"Article\",\"@id\":\"https:\\\/\\\/canal7slp.tv\\\/2022\\\/comite-senala-a-mexico-como-el-pais-mas-letal-para-ejercer-el-periodismo\\\/#article\",\"isPartOf\":{\"@id\":\"https:\\\/\\\/canal7slp.tv\\\/2022\\\/comite-senala-a-mexico-como-el-pais-mas-letal-para-ejercer-el-periodismo\\\/\"},\"author\":{\"name\":\"Edici\u00f3n Web\",\"@id\":\"https:\\\/\\\/canal7slp.tv\\\/2022\\\/#\\\/schema\\\/person\\\/429704152a21f5f856ce29aa69a238da\"},\"headline\":\"Comit\u00e9 se\u00f1ala a M\u00e9xico como el pa\u00eds m\u00e1s letal para ejercer el periodismo\",\"datePublished\":\"2022-03-09T21:50:26+00:00\",\"mainEntityOfPage\":{\"@id\":\"https:\\\/\\\/canal7slp.tv\\\/2022\\\/comite-senala-a-mexico-como-el-pais-mas-letal-para-ejercer-el-periodismo\\\/\"},\"wordCount\":152,\"publisher\":{\"@id\":\"https:\\\/\\\/canal7slp.tv\\\/2022\\\/#organization\"},\"image\":{\"@id\":\"https:\\\/\\\/canal7slp.tv\\\/2022\\\/comite-senala-a-mexico-como-el-pais-mas-letal-para-ejercer-el-periodismo\\\/#primaryimage\"},\"thumbnailUrl\":\"https:\\\/\\\/canal7slp.tv\\\/2022\\\/wp-content\\\/uploads\\\/2022\\\/03\\\/02-7.jpg\",\"articleSection\":[\"NACIONALES\"],\"inLanguage\":\"es\"},{\"@type\":\"WebPage\",\"@id\":\"https:\\\/\\\/canal7slp.tv\\\/2022\\\/comite-senala-a-mexico-como-el-pais-mas-letal-para-ejercer-el-periodismo\\\/\",\"url\":\"https:\\\/\\\/canal7slp.tv\\\/2022\\\/comite-senala-a-mexico-como-el-pais-mas-letal-para-ejercer-el-periodismo\\\/\",\"name\":\"Comit\u00e9 se\u00f1ala a M\u00e9xico como el pa\u00eds m\u00e1s letal para ejercer el periodismo - Canal 7 SLP - 2022\",\"isPartOf\":{\"@id\":\"https:\\\/\\\/canal7slp.tv\\\/2022\\\/#website\"},\"primaryImageOfPage\":{\"@id\":\"https:\\\/\\\/canal7slp.tv\\\/2022\\\/comite-senala-a-mexico-como-el-pais-mas-letal-para-ejercer-el-periodismo\\\/#primaryimage\"},\"image\":{\"@id\":\"https:\\\/\\\/canal7slp.tv\\\/2022\\\/comite-senala-a-mexico-como-el-pais-mas-letal-para-ejercer-el-periodismo\\\/#primaryimage\"},\"thumbnailUrl\":\"https:\\\/\\\/canal7slp.tv\\\/2022\\\/wp-content\\\/uploads\\\/2022\\\/03\\\/02-7.jpg\",\"datePublished\":\"2022-03-09T21:50:26+00:00\",\"breadcrumb\":{\"@id\":\"https:\\\/\\\/canal7slp.tv\\\/2022\\\/comite-senala-a-mexico-como-el-pais-mas-letal-para-ejercer-el-periodismo\\\/#breadcrumb\"},\"inLanguage\":\"es\",\"potentialAction\":[{\"@type\":\"ReadAction\",\"target\":[\"https:\\\/\\\/canal7slp.tv\\\/2022\\\/comite-senala-a-mexico-como-el-pais-mas-letal-para-ejercer-el-periodismo\\\/\"]}]},{\"@type\":\"ImageObject\",\"inLanguage\":\"es\",\"@id\":\"https:\\\/\\\/canal7slp.tv\\\/2022\\\/comite-senala-a-mexico-como-el-pais-mas-letal-para-ejercer-el-periodismo\\\/#primaryimage\",\"url\":\"https:\\\/\\\/canal7slp.tv\\\/2022\\\/wp-content\\\/uploads\\\/2022\\\/03\\\/02-7.jpg\",\"contentUrl\":\"https:\\\/\\\/canal7slp.tv\\\/2022\\\/wp-content\\\/uploads\\\/2022\\\/03\\\/02-7.jpg\",\"width\":800,\"height\":404},{\"@type\":\"BreadcrumbList\",\"@id\":\"https:\\\/\\\/canal7slp.tv\\\/2022\\\/comite-senala-a-mexico-como-el-pais-mas-letal-para-ejercer-el-periodismo\\\/#breadcrumb\",\"itemListElement\":[{\"@type\":\"ListItem\",\"position\":1,\"name\":\"Portada\",\"item\":\"https:\\\/\\\/canal7slp.tv\\\/2022\\\/\"},{\"@type\":\"ListItem\",\"position\":2,\"name\":\"Comit\u00e9 se\u00f1ala a M\u00e9xico como el pa\u00eds m\u00e1s letal para ejercer el periodismo\"}]},{\"@type\":\"WebSite\",\"@id\":\"https:\\\/\\\/canal7slp.tv\\\/2022\\\/#website\",\"url\":\"https:\\\/\\\/canal7slp.tv\\\/2022\\\/\",\"name\":\"N7 - Noticieros Canal 7\",\"description\":\"Somos Televisi\u00f3n\",\"publisher\":{\"@id\":\"https:\\\/\\\/canal7slp.tv\\\/2022\\\/#organization\"},\"potentialAction\":[{\"@type\":\"SearchAction\",\"target\":{\"@type\":\"EntryPoint\",\"urlTemplate\":\"https:\\\/\\\/canal7slp.tv\\\/2022\\\/?s={search_term_string}\"},\"query-input\":{\"@type\":\"PropertyValueSpecification\",\"valueRequired\":true,\"valueName\":\"search_term_string\"}}],\"inLanguage\":\"es\"},{\"@type\":\"Organization\",\"@id\":\"https:\\\/\\\/canal7slp.tv\\\/2022\\\/#organization\",\"name\":\"Noticieros Canal 7\",\"url\":\"https:\\\/\\\/canal7slp.tv\\\/2022\\\/\",\"logo\":{\"@type\":\"ImageObject\",\"inLanguage\":\"es\",\"@id\":\"https:\\\/\\\/canal7slp.tv\\\/2022\\\/#\\\/schema\\\/logo\\\/image\\\/\",\"url\":\"https:\\\/\\\/canal7slp.tv\\\/2022\\\/wp-content\\\/uploads\\\/2021\\\/01\\\/logo-noticieros@2x.png\",\"contentUrl\":\"https:\\\/\\\/canal7slp.tv\\\/2022\\\/wp-content\\\/uploads\\\/2021\\\/01\\\/logo-noticieros@2x.png\",\"width\":1017,\"height\":268,\"caption\":\"Noticieros Canal 7\"},\"image\":{\"@id\":\"https:\\\/\\\/canal7slp.tv\\\/2022\\\/#\\\/schema\\\/logo\\\/image\\\/\"},\"sameAs\":[\"https:\\\/\\\/www.facebook.com\\\/noticieroscanalsiete\",\"https:\\\/\\\/x.com\\\/NOTICIEROS7\",\"https:\\\/\\\/www.instagram.com\\\/canal7_slp\",\"https:\\\/\\\/www.youtube.com\\\/channel\\\/UCliiYs-gP3JfJeqdPrNdd5A\"]},{\"@type\":\"Person\",\"@id\":\"https:\\\/\\\/canal7slp.tv\\\/2022\\\/#\\\/schema\\\/person\\\/429704152a21f5f856ce29aa69a238da\",\"name\":\"Edici\u00f3n Web\",\"image\":{\"@type\":\"ImageObject\",\"inLanguage\":\"es\",\"@id\":\"https:\\\/\\\/secure.gravatar.com\\\/avatar\\\/eee448fc3f7164808013b816ba91ac7e43bbe82a70bebac296f8bc6f0addaa1a?s=96&d=mm&r=g\",\"url\":\"https:\\\/\\\/secure.gravatar.com\\\/avatar\\\/eee448fc3f7164808013b816ba91ac7e43bbe82a70bebac296f8bc6f0addaa1a?s=96&d=mm&r=g\",\"contentUrl\":\"https:\\\/\\\/secure.gravatar.com\\\/avatar\\\/eee448fc3f7164808013b816ba91ac7e43bbe82a70bebac296f8bc6f0addaa1a?s=96&d=mm&r=g\",\"caption\":\"Edici\u00f3n Web\"},\"url\":\"https:\\\/\\\/canal7slp.tv\\\/2022\\\/author\\\/edicionweb\\\/\"}]}<\/script>\n<!-- \/ Yoast SEO plugin. -->","yoast_head_json":{"title":"Comit\u00e9 se\u00f1ala a M\u00e9xico como el pa\u00eds m\u00e1s letal para ejercer el periodismo - Canal 7 SLP - 2022","robots":{"index":"index","follow":"follow","max-snippet":"max-snippet:-1","max-image-preview":"max-image-preview:large","max-video-preview":"max-video-preview:-1"},"canonical":"https:\/\/canal7slp.tv\/2022\/comite-senala-a-mexico-como-el-pais-mas-letal-para-ejercer-el-periodismo\/","og_locale":"es_ES","og_type":"article","og_title":"Comit\u00e9 se\u00f1ala a M\u00e9xico como el pa\u00eds m\u00e1s letal para ejercer el periodismo - Canal 7 SLP - 2022","og_description":"M\u00e9xico.- Por medio de un comunicado, el Comit\u00e9 de Protecci\u00f3n de Periodistas (CPJ, por sus siglas en ingl\u00e9s) denunci\u00f3 que M\u00e9xico se ha convertido en el pa\u00eds m\u00e1s letal para los periodistas. Esto por \u201cLa inacci\u00f3n de su Gobierno, que permite la impunidad que alimenta los ataques\u201d. El Comit\u00e9 se\u00f1alo que el reciente asesinato de Juan Carlos Mu\u00f1iz es ejemplo del riesgo que afrontan los periodistas que cubren la pol\u00edtica y sucesos de forma diaria. Diversas organizaciones pidieron a las autoridades que esclarezcan el homicidio del reportero. De confirmarse que el asesinato del reportero y tambi\u00e9n taxista se debi\u00f3 a [&hellip;]","og_url":"https:\/\/canal7slp.tv\/2022\/comite-senala-a-mexico-como-el-pais-mas-letal-para-ejercer-el-periodismo\/","og_site_name":"Canal 7 SLP - 2022","article_publisher":"https:\/\/www.facebook.com\/noticieroscanalsiete","article_published_time":"2022-03-09T21:50:26+00:00","og_image":[{"width":800,"height":404,"url":"https:\/\/canal7slp.tv\/2022\/wp-content\/uploads\/2022\/03\/02-7.jpg","type":"image\/jpeg"}],"author":"Edici\u00f3n Web","twitter_card":"summary_large_image","twitter_creator":"@NOTICIEROS7","twitter_site":"@NOTICIEROS7","twitter_misc":{"Escrito por":"Edici\u00f3n Web","Tiempo de lectura":"1 minuto"},"schema":{"@context":"https:\/\/schema.org","@graph":[{"@type":"Article","@id":"https:\/\/canal7slp.tv\/2022\/comite-senala-a-mexico-como-el-pais-mas-letal-para-ejercer-el-periodismo\/#article","isPartOf":{"@id":"https:\/\/canal7slp.tv\/2022\/comite-senala-a-mexico-como-el-pais-mas-letal-para-ejercer-el-periodismo\/"},"author":{"name":"Edici\u00f3n Web","@id":"https:\/\/canal7slp.tv\/2022\/#\/schema\/person\/429704152a21f5f856ce29aa69a238da"},"headline":"Comit\u00e9 se\u00f1ala a M\u00e9xico como el pa\u00eds m\u00e1s letal para ejercer el periodismo","datePublished":"2022-03-09T21:50:26+00:00","mainEntityOfPage":{"@id":"https:\/\/canal7slp.tv\/2022\/comite-senala-a-mexico-como-el-pais-mas-letal-para-ejercer-el-periodismo\/"},"wordCount":152,"publisher":{"@id":"https:\/\/canal7slp.tv\/2022\/#organization"},"image":{"@id":"https:\/\/canal7slp.tv\/2022\/comite-senala-a-mexico-como-el-pais-mas-letal-para-ejercer-el-periodismo\/#primaryimage"},"thumbnailUrl":"https:\/\/canal7slp.tv\/2022\/wp-content\/uploads\/2022\/03\/02-7.jpg","articleSection":["NACIONALES"],"inLanguage":"es"},{"@type":"WebPage","@id":"https:\/\/canal7slp.tv\/2022\/comite-senala-a-mexico-como-el-pais-mas-letal-para-ejercer-el-periodismo\/","url":"https:\/\/canal7slp.tv\/2022\/comite-senala-a-mexico-como-el-pais-mas-letal-para-ejercer-el-periodismo\/","name":"Comit\u00e9 se\u00f1ala a M\u00e9xico como el pa\u00eds m\u00e1s letal para ejercer el periodismo - Canal 7 SLP - 2022","isPartOf":{"@id":"https:\/\/canal7slp.tv\/2022\/#website"},"primaryImageOfPage":{"@id":"https:\/\/canal7slp.tv\/2022\/comite-senala-a-mexico-como-el-pais-mas-letal-para-ejercer-el-periodismo\/#primaryimage"},"image":{"@id":"https:\/\/canal7slp.tv\/2022\/comite-senala-a-mexico-como-el-pais-mas-letal-para-ejercer-el-periodismo\/#primaryimage"},"thumbnailUrl":"https:\/\/canal7slp.tv\/2022\/wp-content\/uploads\/2022\/03\/02-7.jpg","datePublished":"2022-03-09T21:50:26+00:00","breadcrumb":{"@id":"https:\/\/canal7slp.tv\/2022\/comite-senala-a-mexico-como-el-pais-mas-letal-para-ejercer-el-periodismo\/#breadcrumb"},"inLanguage":"es","potentialAction":[{"@type":"ReadAction","target":["https:\/\/canal7slp.tv\/2022\/comite-senala-a-mexico-como-el-pais-mas-letal-para-ejercer-el-periodismo\/"]}]},{"@type":"ImageObject","inLanguage":"es","@id":"https:\/\/canal7slp.tv\/2022\/comite-senala-a-mexico-como-el-pais-mas-letal-para-ejercer-el-periodismo\/#primaryimage","url":"https:\/\/canal7slp.tv\/2022\/wp-content\/uploads\/2022\/03\/02-7.jpg","contentUrl":"https:\/\/canal7slp.tv\/2022\/wp-content\/uploads\/2022\/03\/02-7.jpg","width":800,"height":404},{"@type":"BreadcrumbList","@id":"https:\/\/canal7slp.tv\/2022\/comite-senala-a-mexico-como-el-pais-mas-letal-para-ejercer-el-periodismo\/#breadcrumb","itemListElement":[{"@type":"ListItem","position":1,"name":"Portada","item":"https:\/\/canal7slp.tv\/2022\/"},{"@type":"ListItem","position":2,"name":"Comit\u00e9 se\u00f1ala a M\u00e9xico como el pa\u00eds m\u00e1s letal para ejercer el periodismo"}]},{"@type":"WebSite","@id":"https:\/\/canal7slp.tv\/2022\/#website","url":"https:\/\/canal7slp.tv\/2022\/","name":"N7 - Noticieros Canal 7","description":"Somos Televisi\u00f3n","publisher":{"@id":"https:\/\/canal7slp.tv\/2022\/#organization"},"potentialAction":[{"@type":"SearchAction","target":{"@type":"EntryPoint","urlTemplate":"https:\/\/canal7slp.tv\/2022\/?s={search_term_string}"},"query-input":{"@type":"PropertyValueSpecification","valueRequired":true,"valueName":"search_term_string"}}],"inLanguage":"es"},{"@type":"Organization","@id":"https:\/\/canal7slp.tv\/2022\/#organization","name":"Noticieros Canal 7","url":"https:\/\/canal7slp.tv\/2022\/","logo":{"@type":"ImageObject","inLanguage":"es","@id":"https:\/\/canal7slp.tv\/2022\/#\/schema\/logo\/image\/","url":"https:\/\/canal7slp.tv\/2022\/wp-content\/uploads\/2021\/01\/logo-noticieros@2x.png","contentUrl":"https:\/\/canal7slp.tv\/2022\/wp-content\/uploads\/2021\/01\/logo-noticieros@2x.png","width":1017,"height":268,"caption":"Noticieros Canal 7"},"image":{"@id":"https:\/\/canal7slp.tv\/2022\/#\/schema\/logo\/image\/"},"sameAs":["https:\/\/www.facebook.com\/noticieroscanalsiete","https:\/\/x.com\/NOTICIEROS7","https:\/\/www.instagram.com\/canal7_slp","https:\/\/www.youtube.com\/channel\/UCliiYs-gP3JfJeqdPrNdd5A"]},{"@type":"Person","@id":"https:\/\/canal7slp.tv\/2022\/#\/schema\/person\/429704152a21f5f856ce29aa69a238da","name":"Edici\u00f3n Web","image":{"@type":"ImageObject","inLanguage":"es","@id":"https:\/\/secure.gravatar.com\/avatar\/eee448fc3f7164808013b816ba91ac7e43bbe82a70bebac296f8bc6f0addaa1a?s=96&d=mm&r=g","url":"https:\/\/secure.gravatar.com\/avatar\/eee448fc3f7164808013b816ba91ac7e43bbe82a70bebac296f8bc6f0addaa1a?s=96&d=mm&r=g","contentUrl":"https:\/\/secure.gravatar.com\/avatar\/eee448fc3f7164808013b816ba91ac7e43bbe82a70bebac296f8bc6f0addaa1a?s=96&d=mm&r=g","caption":"Edici\u00f3n Web"},"url":"https:\/\/canal7slp.tv\/2022\/author\/edicionweb\/"}]}},"amp_enabled":true,"_links":{"self":[{"href":"https:\/\/canal7slp.tv\/2022\/wp-json\/wp\/v2\/posts\/53621","targetHints":{"allow":["GET"]}}],"collection":[{"href":"https:\/\/canal7slp.tv\/2022\/wp-json\/wp\/v2\/posts"}],"about":[{"href":"https:\/\/canal7slp.tv\/2022\/wp-json\/wp\/v2\/types\/post"}],"author":[{"embeddable":true,"href":"https:\/\/canal7slp.tv\/2022\/wp-json\/wp\/v2\/users\/2"}],"replies":[{"embeddable":true,"href":"https:\/\/canal7slp.tv\/2022\/wp-json\/wp\/v2\/comments?post=53621"}],"version-history":[{"count":2,"href":"https:\/\/canal7slp.tv\/2022\/wp-json\/wp\/v2\/posts\/53621\/revisions"}],"predecessor-version":[{"id":53639,"href":"https:\/\/canal7slp.tv\/2022\/wp-json\/wp\/v2\/posts\/53621\/revisions\/53639"}],"wp:featuredmedia":[{"embeddable":true,"href":"https:\/\/canal7slp.tv\/2022\/wp-json\/wp\/v2\/media\/53633"}],"wp:attachment":[{"href":"https:\/\/canal7slp.tv\/2022\/wp-json\/wp\/v2\/media?parent=53621"}],"wp:term":[{"taxonomy":"category","embeddable":true,"href":"https:\/\/canal7slp.tv\/2022\/wp-json\/wp\/v2\/categories?post=53621"},{"taxonomy":"post_tag","embeddable":true,"href":"https:\/\/canal7slp.tv\/2022\/wp-json\/wp\/v2\/tags?post=53621"}],"curies":[{"name":"wp","href":"https:\/\/api.w.org\/{rel}","templated":true}]}}