{"id":53387,"date":"2022-03-06T16:17:47","date_gmt":"2022-03-06T22:17:47","guid":{"rendered":"https:\/\/canal7slp.tv\/2022\/?p=53387"},"modified":"2022-03-06T16:17:47","modified_gmt":"2022-03-06T22:17:47","slug":"bebe-de-10-meses-dio-positivo-a-covid-19-en-slp","status":"publish","type":"post","link":"https:\/\/canal7slp.tv\/2022\/bebe-de-10-meses-dio-positivo-a-covid-19-en-slp\/","title":{"rendered":"Beb\u00e9 de 10 meses dio positivo a COVID-19 en SLP."},"content":{"rendered":"<ul>\n<li style=\"text-align: justify;\">Se trata de uno de los 271 casos positivos en la entidad; aunado a nueve muertes confirmadas.<\/li>\n<\/ul>\n<p style=\"text-align: justify;\">SLP.- El Comit\u00e9 Estatal para la Seguridad en Salud confirm\u00f3 271 nuevos contagios de COVID-19 y nueve decesos en las \u00faltimas horas.<\/p>\n<p style=\"text-align: justify;\">El \u00edndice de letalidad asciende a 4.26 por ciento y desde el inicio de la contingencia la entidad ha registrado 175 mil 808 casos positivos.<\/p>\n<p style=\"text-align: justify;\">En el mismo per\u00edodo siete mil 484 personas han perdido la vida.<\/p>\n<p style=\"text-align: justify;\">Apenas el d\u00eda previo el sector salud report\u00f3 356 contagios y ocho decesos.<\/p>\n<p style=\"text-align: justify;\">De los casos positivos dados a conocer este domingo, San Luis Potos\u00ed report\u00f3 211, una decena Soledad de Graciano S\u00e1nchez, Matehuala dos, Mexquitic de Carmona tres, Villa de Arriaga uno, cinco en Villa de Reyes y uno Zaragoza.<\/p>\n<p style=\"text-align: justify;\">Un caso m\u00e1s fue reportado en C\u00e1rdenas, 16 en Ciudad Valles y uno en Tamasopo.<\/p>\n<p style=\"text-align: justify;\">Adicionalmente dos en Tamazunchale y otros dos en Matlapa.<\/p>\n<p style=\"text-align: justify;\">Uno m\u00e1s en Tampac\u00e1n y otro en Axtla de Terrazas; dos en Xilitla y uno en Aquism\u00f3n.<\/p>\n<p style=\"text-align: justify;\">Otro en Huehuetl\u00e1n y uno m\u00e1s en San Vicente Tancuayalab.<\/p>\n<p style=\"text-align: justify;\">De los nuevos contagios 165 corresponden a mujeres y 106 a hombres; con un rango de 10 meses a 91 a\u00f1os.<\/p>\n<p style=\"text-align: justify;\">Respecto las defunciones, abarcaron un rango de 40 a 93 a\u00f1os y fueron tres mujeres y seis hombres.<\/p>\n<p style=\"text-align: justify;\">Cinco personas no estaban vacunadas, una ten\u00eda el esquema incompleto y tres lo ten\u00edan completo.<\/p>\n<p style=\"text-align: justify;\">Actualmente 46 personas se encuentran hospitalizadas, de las cuales 13 se consideran estables, 28 graves y cinco intubadas.<\/p>\n<p style=\"text-align: justify;\">La ocupaci\u00f3n de camas con ventilador asciende a tres por ciento.<\/p>\n","protected":false},"excerpt":{"rendered":"<p>Se trata de uno de los 271 casos positivos en la entidad; aunado a nueve muertes confirmadas. SLP.- El Comit\u00e9 Estatal para la Seguridad en Salud confirm\u00f3 271 nuevos contagios de COVID-19 y nueve decesos en las \u00faltimas horas. El \u00edndice de letalidad asciende a 4.26 por ciento y desde el inicio de la contingencia la entidad ha registrado 175 mil 808 casos positivos. En el mismo per\u00edodo siete mil 484 personas han perdido la vida. Apenas el d\u00eda previo el sector salud report\u00f3 356 contagios y ocho decesos. De los casos positivos dados a conocer este domingo, San Luis [&hellip;]<\/p>\n","protected":false},"author":2,"featured_media":53388,"comment_status":"closed","ping_status":"closed","sticky":false,"template":"","format":"standard","meta":{"footnotes":""},"categories":[4,46],"tags":[],"class_list":["post-53387","post","type-post","status-publish","format-standard","has-post-thumbnail","hentry","category-covid-19","category-nacional","post--single"],"yoast_head":"<!-- This site is optimized with the Yoast SEO plugin v27.4 - https:\/\/yoast.com\/product\/yoast-seo-wordpress\/ -->\n<title>Beb\u00e9 de 10 meses dio positivo a COVID-19 en SLP. - Canal 7 SLP - 2022<\/title>\n<meta name=\"robots\" content=\"index, follow, max-snippet:-1, max-image-preview:large, max-video-preview:-1\" \/>\n<link rel=\"canonical\" href=\"https:\/\/canal7slp.tv\/2022\/bebe-de-10-meses-dio-positivo-a-covid-19-en-slp\/\" \/>\n<meta property=\"og:locale\" content=\"es_ES\" \/>\n<meta property=\"og:type\" content=\"article\" \/>\n<meta property=\"og:title\" content=\"Beb\u00e9 de 10 meses dio positivo a COVID-19 en SLP. - Canal 7 SLP - 2022\" \/>\n<meta property=\"og:description\" content=\"Se trata de uno de los 271 casos positivos en la entidad; aunado a nueve muertes confirmadas. SLP.- El Comit\u00e9 Estatal para la Seguridad en Salud confirm\u00f3 271 nuevos contagios de COVID-19 y nueve decesos en las \u00faltimas horas. El \u00edndice de letalidad asciende a 4.26 por ciento y desde el inicio de la contingencia la entidad ha registrado 175 mil 808 casos positivos. En el mismo per\u00edodo siete mil 484 personas han perdido la vida. Apenas el d\u00eda previo el sector salud report\u00f3 356 contagios y ocho decesos. De los casos positivos dados a conocer este domingo, San Luis [&hellip;]\" \/>\n<meta property=\"og:url\" content=\"https:\/\/canal7slp.tv\/2022\/bebe-de-10-meses-dio-positivo-a-covid-19-en-slp\/\" \/>\n<meta property=\"og:site_name\" content=\"Canal 7 SLP - 2022\" \/>\n<meta property=\"article:publisher\" content=\"https:\/\/www.facebook.com\/noticieroscanalsiete\" \/>\n<meta property=\"article:published_time\" content=\"2022-03-06T22:17:47+00:00\" \/>\n<meta property=\"og:image\" content=\"https:\/\/canal7slp.tv\/2022\/wp-content\/uploads\/2022\/03\/Covid-1.jpg\" \/>\n\t<meta property=\"og:image:width\" content=\"1080\" \/>\n\t<meta property=\"og:image:height\" content=\"570\" \/>\n\t<meta property=\"og:image:type\" content=\"image\/jpeg\" \/>\n<meta name=\"author\" content=\"Edici\u00f3n Web\" \/>\n<meta name=\"twitter:card\" content=\"summary_large_image\" \/>\n<meta name=\"twitter:creator\" content=\"@NOTICIEROS7\" \/>\n<meta name=\"twitter:site\" content=\"@NOTICIEROS7\" \/>\n<meta name=\"twitter:label1\" content=\"Escrito por\" \/>\n\t<meta name=\"twitter:data1\" content=\"Edici\u00f3n Web\" \/>\n\t<meta name=\"twitter:label2\" content=\"Tiempo de lectura\" \/>\n\t<meta name=\"twitter:data2\" content=\"2 minutos\" \/>\n<script type=\"application\/ld+json\" class=\"yoast-schema-graph\">{\"@context\":\"https:\\\/\\\/schema.org\",\"@graph\":[{\"@type\":\"Article\",\"@id\":\"https:\\\/\\\/canal7slp.tv\\\/2022\\\/bebe-de-10-meses-dio-positivo-a-covid-19-en-slp\\\/#article\",\"isPartOf\":{\"@id\":\"https:\\\/\\\/canal7slp.tv\\\/2022\\\/bebe-de-10-meses-dio-positivo-a-covid-19-en-slp\\\/\"},\"author\":{\"name\":\"Edici\u00f3n Web\",\"@id\":\"https:\\\/\\\/canal7slp.tv\\\/2022\\\/#\\\/schema\\\/person\\\/429704152a21f5f856ce29aa69a238da\"},\"headline\":\"Beb\u00e9 de 10 meses dio positivo a COVID-19 en SLP.\",\"datePublished\":\"2022-03-06T22:17:47+00:00\",\"mainEntityOfPage\":{\"@id\":\"https:\\\/\\\/canal7slp.tv\\\/2022\\\/bebe-de-10-meses-dio-positivo-a-covid-19-en-slp\\\/\"},\"wordCount\":268,\"publisher\":{\"@id\":\"https:\\\/\\\/canal7slp.tv\\\/2022\\\/#organization\"},\"image\":{\"@id\":\"https:\\\/\\\/canal7slp.tv\\\/2022\\\/bebe-de-10-meses-dio-positivo-a-covid-19-en-slp\\\/#primaryimage\"},\"thumbnailUrl\":\"https:\\\/\\\/canal7slp.tv\\\/2022\\\/wp-content\\\/uploads\\\/2022\\\/03\\\/Covid-1.jpg\",\"articleSection\":[\"COVID-19\",\"NACIONALES\"],\"inLanguage\":\"es\"},{\"@type\":\"WebPage\",\"@id\":\"https:\\\/\\\/canal7slp.tv\\\/2022\\\/bebe-de-10-meses-dio-positivo-a-covid-19-en-slp\\\/\",\"url\":\"https:\\\/\\\/canal7slp.tv\\\/2022\\\/bebe-de-10-meses-dio-positivo-a-covid-19-en-slp\\\/\",\"name\":\"Beb\u00e9 de 10 meses dio positivo a COVID-19 en SLP. - Canal 7 SLP - 2022\",\"isPartOf\":{\"@id\":\"https:\\\/\\\/canal7slp.tv\\\/2022\\\/#website\"},\"primaryImageOfPage\":{\"@id\":\"https:\\\/\\\/canal7slp.tv\\\/2022\\\/bebe-de-10-meses-dio-positivo-a-covid-19-en-slp\\\/#primaryimage\"},\"image\":{\"@id\":\"https:\\\/\\\/canal7slp.tv\\\/2022\\\/bebe-de-10-meses-dio-positivo-a-covid-19-en-slp\\\/#primaryimage\"},\"thumbnailUrl\":\"https:\\\/\\\/canal7slp.tv\\\/2022\\\/wp-content\\\/uploads\\\/2022\\\/03\\\/Covid-1.jpg\",\"datePublished\":\"2022-03-06T22:17:47+00:00\",\"breadcrumb\":{\"@id\":\"https:\\\/\\\/canal7slp.tv\\\/2022\\\/bebe-de-10-meses-dio-positivo-a-covid-19-en-slp\\\/#breadcrumb\"},\"inLanguage\":\"es\",\"potentialAction\":[{\"@type\":\"ReadAction\",\"target\":[\"https:\\\/\\\/canal7slp.tv\\\/2022\\\/bebe-de-10-meses-dio-positivo-a-covid-19-en-slp\\\/\"]}]},{\"@type\":\"ImageObject\",\"inLanguage\":\"es\",\"@id\":\"https:\\\/\\\/canal7slp.tv\\\/2022\\\/bebe-de-10-meses-dio-positivo-a-covid-19-en-slp\\\/#primaryimage\",\"url\":\"https:\\\/\\\/canal7slp.tv\\\/2022\\\/wp-content\\\/uploads\\\/2022\\\/03\\\/Covid-1.jpg\",\"contentUrl\":\"https:\\\/\\\/canal7slp.tv\\\/2022\\\/wp-content\\\/uploads\\\/2022\\\/03\\\/Covid-1.jpg\",\"width\":1080,\"height\":570},{\"@type\":\"BreadcrumbList\",\"@id\":\"https:\\\/\\\/canal7slp.tv\\\/2022\\\/bebe-de-10-meses-dio-positivo-a-covid-19-en-slp\\\/#breadcrumb\",\"itemListElement\":[{\"@type\":\"ListItem\",\"position\":1,\"name\":\"Portada\",\"item\":\"https:\\\/\\\/canal7slp.tv\\\/2022\\\/\"},{\"@type\":\"ListItem\",\"position\":2,\"name\":\"Beb\u00e9 de 10 meses dio positivo a COVID-19 en SLP.\"}]},{\"@type\":\"WebSite\",\"@id\":\"https:\\\/\\\/canal7slp.tv\\\/2022\\\/#website\",\"url\":\"https:\\\/\\\/canal7slp.tv\\\/2022\\\/\",\"name\":\"N7 - Noticieros Canal 7\",\"description\":\"Somos Televisi\u00f3n\",\"publisher\":{\"@id\":\"https:\\\/\\\/canal7slp.tv\\\/2022\\\/#organization\"},\"potentialAction\":[{\"@type\":\"SearchAction\",\"target\":{\"@type\":\"EntryPoint\",\"urlTemplate\":\"https:\\\/\\\/canal7slp.tv\\\/2022\\\/?s={search_term_string}\"},\"query-input\":{\"@type\":\"PropertyValueSpecification\",\"valueRequired\":true,\"valueName\":\"search_term_string\"}}],\"inLanguage\":\"es\"},{\"@type\":\"Organization\",\"@id\":\"https:\\\/\\\/canal7slp.tv\\\/2022\\\/#organization\",\"name\":\"Noticieros Canal 7\",\"url\":\"https:\\\/\\\/canal7slp.tv\\\/2022\\\/\",\"logo\":{\"@type\":\"ImageObject\",\"inLanguage\":\"es\",\"@id\":\"https:\\\/\\\/canal7slp.tv\\\/2022\\\/#\\\/schema\\\/logo\\\/image\\\/\",\"url\":\"https:\\\/\\\/canal7slp.tv\\\/2022\\\/wp-content\\\/uploads\\\/2021\\\/01\\\/logo-noticieros@2x.png\",\"contentUrl\":\"https:\\\/\\\/canal7slp.tv\\\/2022\\\/wp-content\\\/uploads\\\/2021\\\/01\\\/logo-noticieros@2x.png\",\"width\":1017,\"height\":268,\"caption\":\"Noticieros Canal 7\"},\"image\":{\"@id\":\"https:\\\/\\\/canal7slp.tv\\\/2022\\\/#\\\/schema\\\/logo\\\/image\\\/\"},\"sameAs\":[\"https:\\\/\\\/www.facebook.com\\\/noticieroscanalsiete\",\"https:\\\/\\\/x.com\\\/NOTICIEROS7\",\"https:\\\/\\\/www.instagram.com\\\/canal7_slp\",\"https:\\\/\\\/www.youtube.com\\\/channel\\\/UCliiYs-gP3JfJeqdPrNdd5A\"]},{\"@type\":\"Person\",\"@id\":\"https:\\\/\\\/canal7slp.tv\\\/2022\\\/#\\\/schema\\\/person\\\/429704152a21f5f856ce29aa69a238da\",\"name\":\"Edici\u00f3n Web\",\"image\":{\"@type\":\"ImageObject\",\"inLanguage\":\"es\",\"@id\":\"https:\\\/\\\/secure.gravatar.com\\\/avatar\\\/eee448fc3f7164808013b816ba91ac7e43bbe82a70bebac296f8bc6f0addaa1a?s=96&d=mm&r=g\",\"url\":\"https:\\\/\\\/secure.gravatar.com\\\/avatar\\\/eee448fc3f7164808013b816ba91ac7e43bbe82a70bebac296f8bc6f0addaa1a?s=96&d=mm&r=g\",\"contentUrl\":\"https:\\\/\\\/secure.gravatar.com\\\/avatar\\\/eee448fc3f7164808013b816ba91ac7e43bbe82a70bebac296f8bc6f0addaa1a?s=96&d=mm&r=g\",\"caption\":\"Edici\u00f3n Web\"},\"url\":\"https:\\\/\\\/canal7slp.tv\\\/2022\\\/author\\\/edicionweb\\\/\"}]}<\/script>\n<!-- \/ Yoast SEO plugin. -->","yoast_head_json":{"title":"Beb\u00e9 de 10 meses dio positivo a COVID-19 en SLP. - Canal 7 SLP - 2022","robots":{"index":"index","follow":"follow","max-snippet":"max-snippet:-1","max-image-preview":"max-image-preview:large","max-video-preview":"max-video-preview:-1"},"canonical":"https:\/\/canal7slp.tv\/2022\/bebe-de-10-meses-dio-positivo-a-covid-19-en-slp\/","og_locale":"es_ES","og_type":"article","og_title":"Beb\u00e9 de 10 meses dio positivo a COVID-19 en SLP. - Canal 7 SLP - 2022","og_description":"Se trata de uno de los 271 casos positivos en la entidad; aunado a nueve muertes confirmadas. SLP.- El Comit\u00e9 Estatal para la Seguridad en Salud confirm\u00f3 271 nuevos contagios de COVID-19 y nueve decesos en las \u00faltimas horas. El \u00edndice de letalidad asciende a 4.26 por ciento y desde el inicio de la contingencia la entidad ha registrado 175 mil 808 casos positivos. En el mismo per\u00edodo siete mil 484 personas han perdido la vida. Apenas el d\u00eda previo el sector salud report\u00f3 356 contagios y ocho decesos. De los casos positivos dados a conocer este domingo, San Luis [&hellip;]","og_url":"https:\/\/canal7slp.tv\/2022\/bebe-de-10-meses-dio-positivo-a-covid-19-en-slp\/","og_site_name":"Canal 7 SLP - 2022","article_publisher":"https:\/\/www.facebook.com\/noticieroscanalsiete","article_published_time":"2022-03-06T22:17:47+00:00","og_image":[{"width":1080,"height":570,"url":"https:\/\/canal7slp.tv\/2022\/wp-content\/uploads\/2022\/03\/Covid-1.jpg","type":"image\/jpeg"}],"author":"Edici\u00f3n Web","twitter_card":"summary_large_image","twitter_creator":"@NOTICIEROS7","twitter_site":"@NOTICIEROS7","twitter_misc":{"Escrito por":"Edici\u00f3n Web","Tiempo de lectura":"2 minutos"},"schema":{"@context":"https:\/\/schema.org","@graph":[{"@type":"Article","@id":"https:\/\/canal7slp.tv\/2022\/bebe-de-10-meses-dio-positivo-a-covid-19-en-slp\/#article","isPartOf":{"@id":"https:\/\/canal7slp.tv\/2022\/bebe-de-10-meses-dio-positivo-a-covid-19-en-slp\/"},"author":{"name":"Edici\u00f3n Web","@id":"https:\/\/canal7slp.tv\/2022\/#\/schema\/person\/429704152a21f5f856ce29aa69a238da"},"headline":"Beb\u00e9 de 10 meses dio positivo a COVID-19 en SLP.","datePublished":"2022-03-06T22:17:47+00:00","mainEntityOfPage":{"@id":"https:\/\/canal7slp.tv\/2022\/bebe-de-10-meses-dio-positivo-a-covid-19-en-slp\/"},"wordCount":268,"publisher":{"@id":"https:\/\/canal7slp.tv\/2022\/#organization"},"image":{"@id":"https:\/\/canal7slp.tv\/2022\/bebe-de-10-meses-dio-positivo-a-covid-19-en-slp\/#primaryimage"},"thumbnailUrl":"https:\/\/canal7slp.tv\/2022\/wp-content\/uploads\/2022\/03\/Covid-1.jpg","articleSection":["COVID-19","NACIONALES"],"inLanguage":"es"},{"@type":"WebPage","@id":"https:\/\/canal7slp.tv\/2022\/bebe-de-10-meses-dio-positivo-a-covid-19-en-slp\/","url":"https:\/\/canal7slp.tv\/2022\/bebe-de-10-meses-dio-positivo-a-covid-19-en-slp\/","name":"Beb\u00e9 de 10 meses dio positivo a COVID-19 en SLP. - Canal 7 SLP - 2022","isPartOf":{"@id":"https:\/\/canal7slp.tv\/2022\/#website"},"primaryImageOfPage":{"@id":"https:\/\/canal7slp.tv\/2022\/bebe-de-10-meses-dio-positivo-a-covid-19-en-slp\/#primaryimage"},"image":{"@id":"https:\/\/canal7slp.tv\/2022\/bebe-de-10-meses-dio-positivo-a-covid-19-en-slp\/#primaryimage"},"thumbnailUrl":"https:\/\/canal7slp.tv\/2022\/wp-content\/uploads\/2022\/03\/Covid-1.jpg","datePublished":"2022-03-06T22:17:47+00:00","breadcrumb":{"@id":"https:\/\/canal7slp.tv\/2022\/bebe-de-10-meses-dio-positivo-a-covid-19-en-slp\/#breadcrumb"},"inLanguage":"es","potentialAction":[{"@type":"ReadAction","target":["https:\/\/canal7slp.tv\/2022\/bebe-de-10-meses-dio-positivo-a-covid-19-en-slp\/"]}]},{"@type":"ImageObject","inLanguage":"es","@id":"https:\/\/canal7slp.tv\/2022\/bebe-de-10-meses-dio-positivo-a-covid-19-en-slp\/#primaryimage","url":"https:\/\/canal7slp.tv\/2022\/wp-content\/uploads\/2022\/03\/Covid-1.jpg","contentUrl":"https:\/\/canal7slp.tv\/2022\/wp-content\/uploads\/2022\/03\/Covid-1.jpg","width":1080,"height":570},{"@type":"BreadcrumbList","@id":"https:\/\/canal7slp.tv\/2022\/bebe-de-10-meses-dio-positivo-a-covid-19-en-slp\/#breadcrumb","itemListElement":[{"@type":"ListItem","position":1,"name":"Portada","item":"https:\/\/canal7slp.tv\/2022\/"},{"@type":"ListItem","position":2,"name":"Beb\u00e9 de 10 meses dio positivo a COVID-19 en SLP."}]},{"@type":"WebSite","@id":"https:\/\/canal7slp.tv\/2022\/#website","url":"https:\/\/canal7slp.tv\/2022\/","name":"N7 - Noticieros Canal 7","description":"Somos Televisi\u00f3n","publisher":{"@id":"https:\/\/canal7slp.tv\/2022\/#organization"},"potentialAction":[{"@type":"SearchAction","target":{"@type":"EntryPoint","urlTemplate":"https:\/\/canal7slp.tv\/2022\/?s={search_term_string}"},"query-input":{"@type":"PropertyValueSpecification","valueRequired":true,"valueName":"search_term_string"}}],"inLanguage":"es"},{"@type":"Organization","@id":"https:\/\/canal7slp.tv\/2022\/#organization","name":"Noticieros Canal 7","url":"https:\/\/canal7slp.tv\/2022\/","logo":{"@type":"ImageObject","inLanguage":"es","@id":"https:\/\/canal7slp.tv\/2022\/#\/schema\/logo\/image\/","url":"https:\/\/canal7slp.tv\/2022\/wp-content\/uploads\/2021\/01\/logo-noticieros@2x.png","contentUrl":"https:\/\/canal7slp.tv\/2022\/wp-content\/uploads\/2021\/01\/logo-noticieros@2x.png","width":1017,"height":268,"caption":"Noticieros Canal 7"},"image":{"@id":"https:\/\/canal7slp.tv\/2022\/#\/schema\/logo\/image\/"},"sameAs":["https:\/\/www.facebook.com\/noticieroscanalsiete","https:\/\/x.com\/NOTICIEROS7","https:\/\/www.instagram.com\/canal7_slp","https:\/\/www.youtube.com\/channel\/UCliiYs-gP3JfJeqdPrNdd5A"]},{"@type":"Person","@id":"https:\/\/canal7slp.tv\/2022\/#\/schema\/person\/429704152a21f5f856ce29aa69a238da","name":"Edici\u00f3n Web","image":{"@type":"ImageObject","inLanguage":"es","@id":"https:\/\/secure.gravatar.com\/avatar\/eee448fc3f7164808013b816ba91ac7e43bbe82a70bebac296f8bc6f0addaa1a?s=96&d=mm&r=g","url":"https:\/\/secure.gravatar.com\/avatar\/eee448fc3f7164808013b816ba91ac7e43bbe82a70bebac296f8bc6f0addaa1a?s=96&d=mm&r=g","contentUrl":"https:\/\/secure.gravatar.com\/avatar\/eee448fc3f7164808013b816ba91ac7e43bbe82a70bebac296f8bc6f0addaa1a?s=96&d=mm&r=g","caption":"Edici\u00f3n Web"},"url":"https:\/\/canal7slp.tv\/2022\/author\/edicionweb\/"}]}},"amp_enabled":true,"_links":{"self":[{"href":"https:\/\/canal7slp.tv\/2022\/wp-json\/wp\/v2\/posts\/53387","targetHints":{"allow":["GET"]}}],"collection":[{"href":"https:\/\/canal7slp.tv\/2022\/wp-json\/wp\/v2\/posts"}],"about":[{"href":"https:\/\/canal7slp.tv\/2022\/wp-json\/wp\/v2\/types\/post"}],"author":[{"embeddable":true,"href":"https:\/\/canal7slp.tv\/2022\/wp-json\/wp\/v2\/users\/2"}],"replies":[{"embeddable":true,"href":"https:\/\/canal7slp.tv\/2022\/wp-json\/wp\/v2\/comments?post=53387"}],"version-history":[{"count":1,"href":"https:\/\/canal7slp.tv\/2022\/wp-json\/wp\/v2\/posts\/53387\/revisions"}],"predecessor-version":[{"id":53389,"href":"https:\/\/canal7slp.tv\/2022\/wp-json\/wp\/v2\/posts\/53387\/revisions\/53389"}],"wp:featuredmedia":[{"embeddable":true,"href":"https:\/\/canal7slp.tv\/2022\/wp-json\/wp\/v2\/media\/53388"}],"wp:attachment":[{"href":"https:\/\/canal7slp.tv\/2022\/wp-json\/wp\/v2\/media?parent=53387"}],"wp:term":[{"taxonomy":"category","embeddable":true,"href":"https:\/\/canal7slp.tv\/2022\/wp-json\/wp\/v2\/categories?post=53387"},{"taxonomy":"post_tag","embeddable":true,"href":"https:\/\/canal7slp.tv\/2022\/wp-json\/wp\/v2\/tags?post=53387"}],"curies":[{"name":"wp","href":"https:\/\/api.w.org\/{rel}","templated":true}]}}