{"id":53380,"date":"2022-03-06T15:26:06","date_gmt":"2022-03-06T21:26:06","guid":{"rendered":"https:\/\/canal7slp.tv\/2022\/?p=53380"},"modified":"2022-03-06T15:26:06","modified_gmt":"2022-03-06T21:26:06","slug":"entrara-en-funcionamiento-policia-guarda-parques-en-el-tangamanga-1","status":"publish","type":"post","link":"https:\/\/canal7slp.tv\/2022\/entrara-en-funcionamiento-policia-guarda-parques-en-el-tangamanga-1\/","title":{"rendered":"Entrar\u00e1 en funcionamiento polic\u00eda \u00abGuarda Parques\u00bb en el Tangamanga 1"},"content":{"rendered":"<p style=\"text-align: justify;\">SLP.- Este ocho de marzo entrar\u00e1 en operaciones la polic\u00eda denominada \u201cGuarda Parques\u00bb en el Parque Tangamanga I.<\/p>\n<p style=\"text-align: justify;\">Desde el Ejecutivo Local fue se\u00f1alado que personal capacitado a bordo de patrullas balizadas estar\u00e1 pendiente de quienes acudan a realizar alguna actividad durante ma\u00f1ana, tarde o noche.<\/p>\n<p style=\"text-align: justify;\">Paralelamente tendr\u00eda coordinaci\u00f3n con la Polic\u00eda Estatal, Protecci\u00f3n Civil, Bomberos, Cruz Roja y el Centro de Coordinaci\u00f3n, Control, Comando, Comunicaci\u00f3n y Computo, Informaci\u00f3n e Inteligencia (C5-i2).<\/p>\n<p style=\"text-align: justify;\">Gobierno del Estado afirma que la polic\u00eda \u201cGuarda Parques\u201d actualiza los modelos de prevenci\u00f3n y seguridad en centros de diversi\u00f3n, entretenimiento y recreaci\u00f3n social.<\/p>\n<p><img loading=\"lazy\" decoding=\"async\" class=\"alignnone size-medium wp-image-53381\" src=\"https:\/\/canal7slp.tv\/2022\/wp-content\/uploads\/2022\/03\/GuardiaParque01-300x173.jpg\" alt=\"\" width=\"300\" height=\"173\" srcset=\"https:\/\/canal7slp.tv\/2022\/wp-content\/uploads\/2022\/03\/GuardiaParque01-300x173.jpg 300w, https:\/\/canal7slp.tv\/2022\/wp-content\/uploads\/2022\/03\/GuardiaParque01-1024x590.jpg 1024w, https:\/\/canal7slp.tv\/2022\/wp-content\/uploads\/2022\/03\/GuardiaParque01-768x443.jpg 768w, https:\/\/canal7slp.tv\/2022\/wp-content\/uploads\/2022\/03\/GuardiaParque01-800x461.jpg 800w, https:\/\/canal7slp.tv\/2022\/wp-content\/uploads\/2022\/03\/GuardiaParque01.jpg 1280w\" sizes=\"auto, (max-width: 300px) 100vw, 300px\" \/> <img loading=\"lazy\" decoding=\"async\" class=\"alignnone size-medium wp-image-53382\" src=\"https:\/\/canal7slp.tv\/2022\/wp-content\/uploads\/2022\/03\/GuardiaParque02-300x201.jpg\" alt=\"\" width=\"300\" height=\"201\" srcset=\"https:\/\/canal7slp.tv\/2022\/wp-content\/uploads\/2022\/03\/GuardiaParque02-300x201.jpg 300w, https:\/\/canal7slp.tv\/2022\/wp-content\/uploads\/2022\/03\/GuardiaParque02-1024x687.jpg 1024w, https:\/\/canal7slp.tv\/2022\/wp-content\/uploads\/2022\/03\/GuardiaParque02-768x515.jpg 768w, https:\/\/canal7slp.tv\/2022\/wp-content\/uploads\/2022\/03\/GuardiaParque02-800x537.jpg 800w, https:\/\/canal7slp.tv\/2022\/wp-content\/uploads\/2022\/03\/GuardiaParque02.jpg 1280w\" sizes=\"auto, (max-width: 300px) 100vw, 300px\" \/> <img loading=\"lazy\" decoding=\"async\" class=\"alignnone size-medium wp-image-53383\" src=\"https:\/\/canal7slp.tv\/2022\/wp-content\/uploads\/2022\/03\/GuardiaParque03-281x300.jpg\" alt=\"\" width=\"281\" height=\"300\" srcset=\"https:\/\/canal7slp.tv\/2022\/wp-content\/uploads\/2022\/03\/GuardiaParque03-281x300.jpg 281w, https:\/\/canal7slp.tv\/2022\/wp-content\/uploads\/2022\/03\/GuardiaParque03-958x1024.jpg 958w, https:\/\/canal7slp.tv\/2022\/wp-content\/uploads\/2022\/03\/GuardiaParque03-768x821.jpg 768w, https:\/\/canal7slp.tv\/2022\/wp-content\/uploads\/2022\/03\/GuardiaParque03-800x855.jpg 800w, https:\/\/canal7slp.tv\/2022\/wp-content\/uploads\/2022\/03\/GuardiaParque03.jpg 1182w\" sizes=\"auto, (max-width: 281px) 100vw, 281px\" \/><\/p>\n","protected":false},"excerpt":{"rendered":"<p>SLP.- Este ocho de marzo entrar\u00e1 en operaciones la polic\u00eda denominada \u201cGuarda Parques\u00bb en el Parque Tangamanga I. Desde el Ejecutivo Local fue se\u00f1alado que personal capacitado a bordo de patrullas balizadas estar\u00e1 pendiente de quienes acudan a realizar alguna actividad durante ma\u00f1ana, tarde o noche. Paralelamente tendr\u00eda coordinaci\u00f3n con la Polic\u00eda Estatal, Protecci\u00f3n Civil, Bomberos, Cruz Roja y el Centro de Coordinaci\u00f3n, Control, Comando, Comunicaci\u00f3n y Computo, Informaci\u00f3n e Inteligencia (C5-i2). Gobierno del Estado afirma que la polic\u00eda \u201cGuarda Parques\u201d actualiza los modelos de prevenci\u00f3n y seguridad en centros de diversi\u00f3n, entretenimiento y recreaci\u00f3n social.<\/p>\n","protected":false},"author":2,"featured_media":53384,"comment_status":"closed","ping_status":"closed","sticky":false,"template":"","format":"gallery","meta":{"footnotes":""},"categories":[45],"tags":[],"class_list":["post-53380","post","type-post","status-publish","format-gallery","has-post-thumbnail","hentry","category-localesyregionales","post_format-post-format-gallery","post--single"],"yoast_head":"<!-- This site is optimized with the Yoast SEO plugin v27.4 - https:\/\/yoast.com\/product\/yoast-seo-wordpress\/ -->\n<title>Entrar\u00e1 en funcionamiento polic\u00eda &quot;Guarda Parques&quot; en el Tangamanga 1 - Canal 7 SLP - 2022<\/title>\n<meta name=\"robots\" content=\"index, follow, max-snippet:-1, max-image-preview:large, max-video-preview:-1\" \/>\n<link rel=\"canonical\" href=\"https:\/\/canal7slp.tv\/2022\/entrara-en-funcionamiento-policia-guarda-parques-en-el-tangamanga-1\/\" \/>\n<meta property=\"og:locale\" content=\"es_ES\" \/>\n<meta property=\"og:type\" content=\"article\" \/>\n<meta property=\"og:title\" content=\"Entrar\u00e1 en funcionamiento polic\u00eda &quot;Guarda Parques&quot; en el Tangamanga 1 - Canal 7 SLP - 2022\" \/>\n<meta property=\"og:description\" content=\"SLP.- Este ocho de marzo entrar\u00e1 en operaciones la polic\u00eda denominada \u201cGuarda Parques\u00bb en el Parque Tangamanga I. Desde el Ejecutivo Local fue se\u00f1alado que personal capacitado a bordo de patrullas balizadas estar\u00e1 pendiente de quienes acudan a realizar alguna actividad durante ma\u00f1ana, tarde o noche. Paralelamente tendr\u00eda coordinaci\u00f3n con la Polic\u00eda Estatal, Protecci\u00f3n Civil, Bomberos, Cruz Roja y el Centro de Coordinaci\u00f3n, Control, Comando, Comunicaci\u00f3n y Computo, Informaci\u00f3n e Inteligencia (C5-i2). Gobierno del Estado afirma que la polic\u00eda \u201cGuarda Parques\u201d actualiza los modelos de prevenci\u00f3n y seguridad en centros de diversi\u00f3n, entretenimiento y recreaci\u00f3n social.\" \/>\n<meta property=\"og:url\" content=\"https:\/\/canal7slp.tv\/2022\/entrara-en-funcionamiento-policia-guarda-parques-en-el-tangamanga-1\/\" \/>\n<meta property=\"og:site_name\" content=\"Canal 7 SLP - 2022\" \/>\n<meta property=\"article:publisher\" content=\"https:\/\/www.facebook.com\/noticieroscanalsiete\" \/>\n<meta property=\"article:published_time\" content=\"2022-03-06T21:26:06+00:00\" \/>\n<meta property=\"og:image\" content=\"https:\/\/canal7slp.tv\/2022\/wp-content\/uploads\/2022\/03\/Tangamanga-1.jpg\" \/>\n\t<meta property=\"og:image:width\" content=\"696\" \/>\n\t<meta property=\"og:image:height\" content=\"450\" \/>\n\t<meta property=\"og:image:type\" content=\"image\/jpeg\" \/>\n<meta name=\"author\" content=\"Edici\u00f3n Web\" \/>\n<meta name=\"twitter:card\" content=\"summary_large_image\" \/>\n<meta name=\"twitter:creator\" content=\"@NOTICIEROS7\" \/>\n<meta name=\"twitter:site\" content=\"@NOTICIEROS7\" \/>\n<meta name=\"twitter:label1\" content=\"Escrito por\" \/>\n\t<meta name=\"twitter:data1\" content=\"Edici\u00f3n Web\" \/>\n\t<meta name=\"twitter:label2\" content=\"Tiempo de lectura\" \/>\n\t<meta name=\"twitter:data2\" content=\"2 minutos\" \/>\n<script type=\"application\/ld+json\" class=\"yoast-schema-graph\">{\"@context\":\"https:\\\/\\\/schema.org\",\"@graph\":[{\"@type\":\"Article\",\"@id\":\"https:\\\/\\\/canal7slp.tv\\\/2022\\\/entrara-en-funcionamiento-policia-guarda-parques-en-el-tangamanga-1\\\/#article\",\"isPartOf\":{\"@id\":\"https:\\\/\\\/canal7slp.tv\\\/2022\\\/entrara-en-funcionamiento-policia-guarda-parques-en-el-tangamanga-1\\\/\"},\"author\":{\"name\":\"Edici\u00f3n Web\",\"@id\":\"https:\\\/\\\/canal7slp.tv\\\/2022\\\/#\\\/schema\\\/person\\\/429704152a21f5f856ce29aa69a238da\"},\"headline\":\"Entrar\u00e1 en funcionamiento polic\u00eda \u00abGuarda Parques\u00bb en el Tangamanga 1\",\"datePublished\":\"2022-03-06T21:26:06+00:00\",\"mainEntityOfPage\":{\"@id\":\"https:\\\/\\\/canal7slp.tv\\\/2022\\\/entrara-en-funcionamiento-policia-guarda-parques-en-el-tangamanga-1\\\/\"},\"wordCount\":122,\"publisher\":{\"@id\":\"https:\\\/\\\/canal7slp.tv\\\/2022\\\/#organization\"},\"image\":{\"@id\":\"https:\\\/\\\/canal7slp.tv\\\/2022\\\/entrara-en-funcionamiento-policia-guarda-parques-en-el-tangamanga-1\\\/#primaryimage\"},\"thumbnailUrl\":\"https:\\\/\\\/canal7slp.tv\\\/2022\\\/wp-content\\\/uploads\\\/2022\\\/03\\\/Tangamanga-1.jpg\",\"articleSection\":[\"LOCALES Y REGIONALES\"],\"inLanguage\":\"es\"},{\"@type\":\"WebPage\",\"@id\":\"https:\\\/\\\/canal7slp.tv\\\/2022\\\/entrara-en-funcionamiento-policia-guarda-parques-en-el-tangamanga-1\\\/\",\"url\":\"https:\\\/\\\/canal7slp.tv\\\/2022\\\/entrara-en-funcionamiento-policia-guarda-parques-en-el-tangamanga-1\\\/\",\"name\":\"Entrar\u00e1 en funcionamiento polic\u00eda \\\"Guarda Parques\\\" en el Tangamanga 1 - Canal 7 SLP - 2022\",\"isPartOf\":{\"@id\":\"https:\\\/\\\/canal7slp.tv\\\/2022\\\/#website\"},\"primaryImageOfPage\":{\"@id\":\"https:\\\/\\\/canal7slp.tv\\\/2022\\\/entrara-en-funcionamiento-policia-guarda-parques-en-el-tangamanga-1\\\/#primaryimage\"},\"image\":{\"@id\":\"https:\\\/\\\/canal7slp.tv\\\/2022\\\/entrara-en-funcionamiento-policia-guarda-parques-en-el-tangamanga-1\\\/#primaryimage\"},\"thumbnailUrl\":\"https:\\\/\\\/canal7slp.tv\\\/2022\\\/wp-content\\\/uploads\\\/2022\\\/03\\\/Tangamanga-1.jpg\",\"datePublished\":\"2022-03-06T21:26:06+00:00\",\"breadcrumb\":{\"@id\":\"https:\\\/\\\/canal7slp.tv\\\/2022\\\/entrara-en-funcionamiento-policia-guarda-parques-en-el-tangamanga-1\\\/#breadcrumb\"},\"inLanguage\":\"es\",\"potentialAction\":[{\"@type\":\"ReadAction\",\"target\":[\"https:\\\/\\\/canal7slp.tv\\\/2022\\\/entrara-en-funcionamiento-policia-guarda-parques-en-el-tangamanga-1\\\/\"]}]},{\"@type\":\"ImageObject\",\"inLanguage\":\"es\",\"@id\":\"https:\\\/\\\/canal7slp.tv\\\/2022\\\/entrara-en-funcionamiento-policia-guarda-parques-en-el-tangamanga-1\\\/#primaryimage\",\"url\":\"https:\\\/\\\/canal7slp.tv\\\/2022\\\/wp-content\\\/uploads\\\/2022\\\/03\\\/Tangamanga-1.jpg\",\"contentUrl\":\"https:\\\/\\\/canal7slp.tv\\\/2022\\\/wp-content\\\/uploads\\\/2022\\\/03\\\/Tangamanga-1.jpg\",\"width\":696,\"height\":450},{\"@type\":\"BreadcrumbList\",\"@id\":\"https:\\\/\\\/canal7slp.tv\\\/2022\\\/entrara-en-funcionamiento-policia-guarda-parques-en-el-tangamanga-1\\\/#breadcrumb\",\"itemListElement\":[{\"@type\":\"ListItem\",\"position\":1,\"name\":\"Portada\",\"item\":\"https:\\\/\\\/canal7slp.tv\\\/2022\\\/\"},{\"@type\":\"ListItem\",\"position\":2,\"name\":\"Entrar\u00e1 en funcionamiento polic\u00eda &#8220;Guarda Parques&#8221; en el Tangamanga 1\"}]},{\"@type\":\"WebSite\",\"@id\":\"https:\\\/\\\/canal7slp.tv\\\/2022\\\/#website\",\"url\":\"https:\\\/\\\/canal7slp.tv\\\/2022\\\/\",\"name\":\"N7 - Noticieros Canal 7\",\"description\":\"Somos Televisi\u00f3n\",\"publisher\":{\"@id\":\"https:\\\/\\\/canal7slp.tv\\\/2022\\\/#organization\"},\"potentialAction\":[{\"@type\":\"SearchAction\",\"target\":{\"@type\":\"EntryPoint\",\"urlTemplate\":\"https:\\\/\\\/canal7slp.tv\\\/2022\\\/?s={search_term_string}\"},\"query-input\":{\"@type\":\"PropertyValueSpecification\",\"valueRequired\":true,\"valueName\":\"search_term_string\"}}],\"inLanguage\":\"es\"},{\"@type\":\"Organization\",\"@id\":\"https:\\\/\\\/canal7slp.tv\\\/2022\\\/#organization\",\"name\":\"Noticieros Canal 7\",\"url\":\"https:\\\/\\\/canal7slp.tv\\\/2022\\\/\",\"logo\":{\"@type\":\"ImageObject\",\"inLanguage\":\"es\",\"@id\":\"https:\\\/\\\/canal7slp.tv\\\/2022\\\/#\\\/schema\\\/logo\\\/image\\\/\",\"url\":\"https:\\\/\\\/canal7slp.tv\\\/2022\\\/wp-content\\\/uploads\\\/2021\\\/01\\\/logo-noticieros@2x.png\",\"contentUrl\":\"https:\\\/\\\/canal7slp.tv\\\/2022\\\/wp-content\\\/uploads\\\/2021\\\/01\\\/logo-noticieros@2x.png\",\"width\":1017,\"height\":268,\"caption\":\"Noticieros Canal 7\"},\"image\":{\"@id\":\"https:\\\/\\\/canal7slp.tv\\\/2022\\\/#\\\/schema\\\/logo\\\/image\\\/\"},\"sameAs\":[\"https:\\\/\\\/www.facebook.com\\\/noticieroscanalsiete\",\"https:\\\/\\\/x.com\\\/NOTICIEROS7\",\"https:\\\/\\\/www.instagram.com\\\/canal7_slp\",\"https:\\\/\\\/www.youtube.com\\\/channel\\\/UCliiYs-gP3JfJeqdPrNdd5A\"]},{\"@type\":\"Person\",\"@id\":\"https:\\\/\\\/canal7slp.tv\\\/2022\\\/#\\\/schema\\\/person\\\/429704152a21f5f856ce29aa69a238da\",\"name\":\"Edici\u00f3n Web\",\"image\":{\"@type\":\"ImageObject\",\"inLanguage\":\"es\",\"@id\":\"https:\\\/\\\/secure.gravatar.com\\\/avatar\\\/eee448fc3f7164808013b816ba91ac7e43bbe82a70bebac296f8bc6f0addaa1a?s=96&d=mm&r=g\",\"url\":\"https:\\\/\\\/secure.gravatar.com\\\/avatar\\\/eee448fc3f7164808013b816ba91ac7e43bbe82a70bebac296f8bc6f0addaa1a?s=96&d=mm&r=g\",\"contentUrl\":\"https:\\\/\\\/secure.gravatar.com\\\/avatar\\\/eee448fc3f7164808013b816ba91ac7e43bbe82a70bebac296f8bc6f0addaa1a?s=96&d=mm&r=g\",\"caption\":\"Edici\u00f3n Web\"},\"url\":\"https:\\\/\\\/canal7slp.tv\\\/2022\\\/author\\\/edicionweb\\\/\"}]}<\/script>\n<!-- \/ Yoast SEO plugin. -->","yoast_head_json":{"title":"Entrar\u00e1 en funcionamiento polic\u00eda \"Guarda Parques\" en el Tangamanga 1 - Canal 7 SLP - 2022","robots":{"index":"index","follow":"follow","max-snippet":"max-snippet:-1","max-image-preview":"max-image-preview:large","max-video-preview":"max-video-preview:-1"},"canonical":"https:\/\/canal7slp.tv\/2022\/entrara-en-funcionamiento-policia-guarda-parques-en-el-tangamanga-1\/","og_locale":"es_ES","og_type":"article","og_title":"Entrar\u00e1 en funcionamiento polic\u00eda \"Guarda Parques\" en el Tangamanga 1 - Canal 7 SLP - 2022","og_description":"SLP.- Este ocho de marzo entrar\u00e1 en operaciones la polic\u00eda denominada \u201cGuarda Parques\u00bb en el Parque Tangamanga I. Desde el Ejecutivo Local fue se\u00f1alado que personal capacitado a bordo de patrullas balizadas estar\u00e1 pendiente de quienes acudan a realizar alguna actividad durante ma\u00f1ana, tarde o noche. Paralelamente tendr\u00eda coordinaci\u00f3n con la Polic\u00eda Estatal, Protecci\u00f3n Civil, Bomberos, Cruz Roja y el Centro de Coordinaci\u00f3n, Control, Comando, Comunicaci\u00f3n y Computo, Informaci\u00f3n e Inteligencia (C5-i2). Gobierno del Estado afirma que la polic\u00eda \u201cGuarda Parques\u201d actualiza los modelos de prevenci\u00f3n y seguridad en centros de diversi\u00f3n, entretenimiento y recreaci\u00f3n social.","og_url":"https:\/\/canal7slp.tv\/2022\/entrara-en-funcionamiento-policia-guarda-parques-en-el-tangamanga-1\/","og_site_name":"Canal 7 SLP - 2022","article_publisher":"https:\/\/www.facebook.com\/noticieroscanalsiete","article_published_time":"2022-03-06T21:26:06+00:00","og_image":[{"width":696,"height":450,"url":"https:\/\/canal7slp.tv\/2022\/wp-content\/uploads\/2022\/03\/Tangamanga-1.jpg","type":"image\/jpeg"}],"author":"Edici\u00f3n Web","twitter_card":"summary_large_image","twitter_creator":"@NOTICIEROS7","twitter_site":"@NOTICIEROS7","twitter_misc":{"Escrito por":"Edici\u00f3n Web","Tiempo de lectura":"2 minutos"},"schema":{"@context":"https:\/\/schema.org","@graph":[{"@type":"Article","@id":"https:\/\/canal7slp.tv\/2022\/entrara-en-funcionamiento-policia-guarda-parques-en-el-tangamanga-1\/#article","isPartOf":{"@id":"https:\/\/canal7slp.tv\/2022\/entrara-en-funcionamiento-policia-guarda-parques-en-el-tangamanga-1\/"},"author":{"name":"Edici\u00f3n Web","@id":"https:\/\/canal7slp.tv\/2022\/#\/schema\/person\/429704152a21f5f856ce29aa69a238da"},"headline":"Entrar\u00e1 en funcionamiento polic\u00eda \u00abGuarda Parques\u00bb en el Tangamanga 1","datePublished":"2022-03-06T21:26:06+00:00","mainEntityOfPage":{"@id":"https:\/\/canal7slp.tv\/2022\/entrara-en-funcionamiento-policia-guarda-parques-en-el-tangamanga-1\/"},"wordCount":122,"publisher":{"@id":"https:\/\/canal7slp.tv\/2022\/#organization"},"image":{"@id":"https:\/\/canal7slp.tv\/2022\/entrara-en-funcionamiento-policia-guarda-parques-en-el-tangamanga-1\/#primaryimage"},"thumbnailUrl":"https:\/\/canal7slp.tv\/2022\/wp-content\/uploads\/2022\/03\/Tangamanga-1.jpg","articleSection":["LOCALES Y REGIONALES"],"inLanguage":"es"},{"@type":"WebPage","@id":"https:\/\/canal7slp.tv\/2022\/entrara-en-funcionamiento-policia-guarda-parques-en-el-tangamanga-1\/","url":"https:\/\/canal7slp.tv\/2022\/entrara-en-funcionamiento-policia-guarda-parques-en-el-tangamanga-1\/","name":"Entrar\u00e1 en funcionamiento polic\u00eda \"Guarda Parques\" en el Tangamanga 1 - Canal 7 SLP - 2022","isPartOf":{"@id":"https:\/\/canal7slp.tv\/2022\/#website"},"primaryImageOfPage":{"@id":"https:\/\/canal7slp.tv\/2022\/entrara-en-funcionamiento-policia-guarda-parques-en-el-tangamanga-1\/#primaryimage"},"image":{"@id":"https:\/\/canal7slp.tv\/2022\/entrara-en-funcionamiento-policia-guarda-parques-en-el-tangamanga-1\/#primaryimage"},"thumbnailUrl":"https:\/\/canal7slp.tv\/2022\/wp-content\/uploads\/2022\/03\/Tangamanga-1.jpg","datePublished":"2022-03-06T21:26:06+00:00","breadcrumb":{"@id":"https:\/\/canal7slp.tv\/2022\/entrara-en-funcionamiento-policia-guarda-parques-en-el-tangamanga-1\/#breadcrumb"},"inLanguage":"es","potentialAction":[{"@type":"ReadAction","target":["https:\/\/canal7slp.tv\/2022\/entrara-en-funcionamiento-policia-guarda-parques-en-el-tangamanga-1\/"]}]},{"@type":"ImageObject","inLanguage":"es","@id":"https:\/\/canal7slp.tv\/2022\/entrara-en-funcionamiento-policia-guarda-parques-en-el-tangamanga-1\/#primaryimage","url":"https:\/\/canal7slp.tv\/2022\/wp-content\/uploads\/2022\/03\/Tangamanga-1.jpg","contentUrl":"https:\/\/canal7slp.tv\/2022\/wp-content\/uploads\/2022\/03\/Tangamanga-1.jpg","width":696,"height":450},{"@type":"BreadcrumbList","@id":"https:\/\/canal7slp.tv\/2022\/entrara-en-funcionamiento-policia-guarda-parques-en-el-tangamanga-1\/#breadcrumb","itemListElement":[{"@type":"ListItem","position":1,"name":"Portada","item":"https:\/\/canal7slp.tv\/2022\/"},{"@type":"ListItem","position":2,"name":"Entrar\u00e1 en funcionamiento polic\u00eda &#8220;Guarda Parques&#8221; en el Tangamanga 1"}]},{"@type":"WebSite","@id":"https:\/\/canal7slp.tv\/2022\/#website","url":"https:\/\/canal7slp.tv\/2022\/","name":"N7 - Noticieros Canal 7","description":"Somos Televisi\u00f3n","publisher":{"@id":"https:\/\/canal7slp.tv\/2022\/#organization"},"potentialAction":[{"@type":"SearchAction","target":{"@type":"EntryPoint","urlTemplate":"https:\/\/canal7slp.tv\/2022\/?s={search_term_string}"},"query-input":{"@type":"PropertyValueSpecification","valueRequired":true,"valueName":"search_term_string"}}],"inLanguage":"es"},{"@type":"Organization","@id":"https:\/\/canal7slp.tv\/2022\/#organization","name":"Noticieros Canal 7","url":"https:\/\/canal7slp.tv\/2022\/","logo":{"@type":"ImageObject","inLanguage":"es","@id":"https:\/\/canal7slp.tv\/2022\/#\/schema\/logo\/image\/","url":"https:\/\/canal7slp.tv\/2022\/wp-content\/uploads\/2021\/01\/logo-noticieros@2x.png","contentUrl":"https:\/\/canal7slp.tv\/2022\/wp-content\/uploads\/2021\/01\/logo-noticieros@2x.png","width":1017,"height":268,"caption":"Noticieros Canal 7"},"image":{"@id":"https:\/\/canal7slp.tv\/2022\/#\/schema\/logo\/image\/"},"sameAs":["https:\/\/www.facebook.com\/noticieroscanalsiete","https:\/\/x.com\/NOTICIEROS7","https:\/\/www.instagram.com\/canal7_slp","https:\/\/www.youtube.com\/channel\/UCliiYs-gP3JfJeqdPrNdd5A"]},{"@type":"Person","@id":"https:\/\/canal7slp.tv\/2022\/#\/schema\/person\/429704152a21f5f856ce29aa69a238da","name":"Edici\u00f3n Web","image":{"@type":"ImageObject","inLanguage":"es","@id":"https:\/\/secure.gravatar.com\/avatar\/eee448fc3f7164808013b816ba91ac7e43bbe82a70bebac296f8bc6f0addaa1a?s=96&d=mm&r=g","url":"https:\/\/secure.gravatar.com\/avatar\/eee448fc3f7164808013b816ba91ac7e43bbe82a70bebac296f8bc6f0addaa1a?s=96&d=mm&r=g","contentUrl":"https:\/\/secure.gravatar.com\/avatar\/eee448fc3f7164808013b816ba91ac7e43bbe82a70bebac296f8bc6f0addaa1a?s=96&d=mm&r=g","caption":"Edici\u00f3n Web"},"url":"https:\/\/canal7slp.tv\/2022\/author\/edicionweb\/"}]}},"amp_enabled":true,"_links":{"self":[{"href":"https:\/\/canal7slp.tv\/2022\/wp-json\/wp\/v2\/posts\/53380","targetHints":{"allow":["GET"]}}],"collection":[{"href":"https:\/\/canal7slp.tv\/2022\/wp-json\/wp\/v2\/posts"}],"about":[{"href":"https:\/\/canal7slp.tv\/2022\/wp-json\/wp\/v2\/types\/post"}],"author":[{"embeddable":true,"href":"https:\/\/canal7slp.tv\/2022\/wp-json\/wp\/v2\/users\/2"}],"replies":[{"embeddable":true,"href":"https:\/\/canal7slp.tv\/2022\/wp-json\/wp\/v2\/comments?post=53380"}],"version-history":[{"count":2,"href":"https:\/\/canal7slp.tv\/2022\/wp-json\/wp\/v2\/posts\/53380\/revisions"}],"predecessor-version":[{"id":53386,"href":"https:\/\/canal7slp.tv\/2022\/wp-json\/wp\/v2\/posts\/53380\/revisions\/53386"}],"wp:featuredmedia":[{"embeddable":true,"href":"https:\/\/canal7slp.tv\/2022\/wp-json\/wp\/v2\/media\/53384"}],"wp:attachment":[{"href":"https:\/\/canal7slp.tv\/2022\/wp-json\/wp\/v2\/media?parent=53380"}],"wp:term":[{"taxonomy":"category","embeddable":true,"href":"https:\/\/canal7slp.tv\/2022\/wp-json\/wp\/v2\/categories?post=53380"},{"taxonomy":"post_tag","embeddable":true,"href":"https:\/\/canal7slp.tv\/2022\/wp-json\/wp\/v2\/tags?post=53380"}],"curies":[{"name":"wp","href":"https:\/\/api.w.org\/{rel}","templated":true}]}}