{"id":53376,"date":"2022-03-06T14:35:20","date_gmt":"2022-03-06T20:35:20","guid":{"rendered":"https:\/\/canal7slp.tv\/2022\/?p=53376"},"modified":"2022-03-06T14:35:20","modified_gmt":"2022-03-06T20:35:20","slug":"sectur-coordina-operativo-de-semana-santa-2022-en-la-huasteca","status":"publish","type":"post","link":"https:\/\/canal7slp.tv\/2022\/sectur-coordina-operativo-de-semana-santa-2022-en-la-huasteca\/","title":{"rendered":"Sectur coordina operativo de Semana Santa 2022 en la Huasteca"},"content":{"rendered":"<p style=\"text-align: justify;\">SLP.-\u00a0De cara a la temporada vacacional por Semana Santa, la Secretar\u00eda de Turismo (Sectur) convoc\u00f3 a prestadores de servicios, autoridades de 20 municipios de la zona Huasteca, adem\u00e1s de representantes de la seguridad de los tres niveles de gobierno, para garantizar a visitantes locales, nacionales e internacionales una estancia agradable, en paz, con seguridad sanitaria y la mejor impresi\u00f3n de San Luis Potos\u00ed.<\/p>\n<p style=\"text-align: justify;\">Teniendo como sede el Teatro \u201cFernando Dom\u00ednguez\u201d del Centro Cultural de Ciudad Valles, la secretaria de Turismo expuso que se prev\u00e9 que alrededor de 200 mil personas elijan a la Huasteca Potosina como su destino de disfrute durante Semana Santa -entre quienes llegan a visitar a familiares, aquellos que deciden acampar en los parajes y los que llegan y se van el mismo d\u00eda.<\/p>\n<p style=\"text-align: justify;\">Resalt\u00f3 que se proyecta que la ocupaci\u00f3n hotelera en la Huasteca alcance 100 por ciento con visitantes de diversos municipios, entidades y de otros pa\u00edses, lo que sumar\u00eda a generar una derrama econ\u00f3mica de hasta 870 millones de pesos en todo el territorio estatal durante las dos semanas de temporada.<\/p>\n<p style=\"text-align: justify;\">Pidi\u00f3 a prestadores de servicios ofrecer la mejor experiencia a trav\u00e9s de productos y atenci\u00f3n de calidad.<\/p>\n<p style=\"text-align: justify;\">Lo anterior, dijo, es sumamente un benefactor para todos los sectores productivos y tur\u00edsticos que se involucran puesto que es un aliciente para su recuperaci\u00f3n econ\u00f3mica tras dos a\u00f1os de verse afectados por la pandemia de Covid-19, y que paraliz\u00f3 las actividades de Semana Santa. Al respecto, a\u00f1adi\u00f3 que se habr\u00e1 de garantizar la seguridad y prevenci\u00f3n sanitaria con la suma de esfuerzos de cada dependencia responsable.<\/p>\n","protected":false},"excerpt":{"rendered":"<p>SLP.-\u00a0De cara a la temporada vacacional por Semana Santa, la Secretar\u00eda de Turismo (Sectur) convoc\u00f3 a prestadores de servicios, autoridades de 20 municipios de la zona Huasteca, adem\u00e1s de representantes de la seguridad de los tres niveles de gobierno, para garantizar a visitantes locales, nacionales e internacionales una estancia agradable, en paz, con seguridad sanitaria y la mejor impresi\u00f3n de San Luis Potos\u00ed. Teniendo como sede el Teatro \u201cFernando Dom\u00ednguez\u201d del Centro Cultural de Ciudad Valles, la secretaria de Turismo expuso que se prev\u00e9 que alrededor de 200 mil personas elijan a la Huasteca Potosina como su destino de disfrute [&hellip;]<\/p>\n","protected":false},"author":2,"featured_media":53377,"comment_status":"closed","ping_status":"closed","sticky":false,"template":"","format":"standard","meta":{"footnotes":""},"categories":[45],"tags":[],"class_list":["post-53376","post","type-post","status-publish","format-standard","has-post-thumbnail","hentry","category-localesyregionales","post--single"],"yoast_head":"<!-- This site is optimized with the Yoast SEO plugin v27.4 - https:\/\/yoast.com\/product\/yoast-seo-wordpress\/ -->\n<title>Sectur coordina operativo de Semana Santa 2022 en la Huasteca - Canal 7 SLP - 2022<\/title>\n<meta name=\"robots\" content=\"index, follow, max-snippet:-1, max-image-preview:large, max-video-preview:-1\" \/>\n<link rel=\"canonical\" href=\"https:\/\/canal7slp.tv\/2022\/sectur-coordina-operativo-de-semana-santa-2022-en-la-huasteca\/\" \/>\n<meta property=\"og:locale\" content=\"es_ES\" \/>\n<meta property=\"og:type\" content=\"article\" \/>\n<meta property=\"og:title\" content=\"Sectur coordina operativo de Semana Santa 2022 en la Huasteca - Canal 7 SLP - 2022\" \/>\n<meta property=\"og:description\" content=\"SLP.-\u00a0De cara a la temporada vacacional por Semana Santa, la Secretar\u00eda de Turismo (Sectur) convoc\u00f3 a prestadores de servicios, autoridades de 20 municipios de la zona Huasteca, adem\u00e1s de representantes de la seguridad de los tres niveles de gobierno, para garantizar a visitantes locales, nacionales e internacionales una estancia agradable, en paz, con seguridad sanitaria y la mejor impresi\u00f3n de San Luis Potos\u00ed. Teniendo como sede el Teatro \u201cFernando Dom\u00ednguez\u201d del Centro Cultural de Ciudad Valles, la secretaria de Turismo expuso que se prev\u00e9 que alrededor de 200 mil personas elijan a la Huasteca Potosina como su destino de disfrute [&hellip;]\" \/>\n<meta property=\"og:url\" content=\"https:\/\/canal7slp.tv\/2022\/sectur-coordina-operativo-de-semana-santa-2022-en-la-huasteca\/\" \/>\n<meta property=\"og:site_name\" content=\"Canal 7 SLP - 2022\" \/>\n<meta property=\"article:publisher\" content=\"https:\/\/www.facebook.com\/noticieroscanalsiete\" \/>\n<meta property=\"article:published_time\" content=\"2022-03-06T20:35:20+00:00\" \/>\n<meta property=\"og:image\" content=\"https:\/\/canal7slp.tv\/2022\/wp-content\/uploads\/2022\/03\/OperativoSS2022.jpg\" \/>\n\t<meta property=\"og:image:width\" content=\"949\" \/>\n\t<meta property=\"og:image:height\" content=\"500\" \/>\n\t<meta property=\"og:image:type\" content=\"image\/jpeg\" \/>\n<meta name=\"author\" content=\"Edici\u00f3n Web\" \/>\n<meta name=\"twitter:card\" content=\"summary_large_image\" \/>\n<meta name=\"twitter:creator\" content=\"@NOTICIEROS7\" \/>\n<meta name=\"twitter:site\" content=\"@NOTICIEROS7\" \/>\n<meta name=\"twitter:label1\" content=\"Escrito por\" \/>\n\t<meta name=\"twitter:data1\" content=\"Edici\u00f3n Web\" \/>\n\t<meta name=\"twitter:label2\" content=\"Tiempo de lectura\" \/>\n\t<meta name=\"twitter:data2\" content=\"2 minutos\" \/>\n<script type=\"application\/ld+json\" class=\"yoast-schema-graph\">{\"@context\":\"https:\\\/\\\/schema.org\",\"@graph\":[{\"@type\":\"Article\",\"@id\":\"https:\\\/\\\/canal7slp.tv\\\/2022\\\/sectur-coordina-operativo-de-semana-santa-2022-en-la-huasteca\\\/#article\",\"isPartOf\":{\"@id\":\"https:\\\/\\\/canal7slp.tv\\\/2022\\\/sectur-coordina-operativo-de-semana-santa-2022-en-la-huasteca\\\/\"},\"author\":{\"name\":\"Edici\u00f3n Web\",\"@id\":\"https:\\\/\\\/canal7slp.tv\\\/2022\\\/#\\\/schema\\\/person\\\/429704152a21f5f856ce29aa69a238da\"},\"headline\":\"Sectur coordina operativo de Semana Santa 2022 en la Huasteca\",\"datePublished\":\"2022-03-06T20:35:20+00:00\",\"mainEntityOfPage\":{\"@id\":\"https:\\\/\\\/canal7slp.tv\\\/2022\\\/sectur-coordina-operativo-de-semana-santa-2022-en-la-huasteca\\\/\"},\"wordCount\":285,\"publisher\":{\"@id\":\"https:\\\/\\\/canal7slp.tv\\\/2022\\\/#organization\"},\"image\":{\"@id\":\"https:\\\/\\\/canal7slp.tv\\\/2022\\\/sectur-coordina-operativo-de-semana-santa-2022-en-la-huasteca\\\/#primaryimage\"},\"thumbnailUrl\":\"https:\\\/\\\/canal7slp.tv\\\/2022\\\/wp-content\\\/uploads\\\/2022\\\/03\\\/OperativoSS2022.jpg\",\"articleSection\":[\"LOCALES Y REGIONALES\"],\"inLanguage\":\"es\"},{\"@type\":\"WebPage\",\"@id\":\"https:\\\/\\\/canal7slp.tv\\\/2022\\\/sectur-coordina-operativo-de-semana-santa-2022-en-la-huasteca\\\/\",\"url\":\"https:\\\/\\\/canal7slp.tv\\\/2022\\\/sectur-coordina-operativo-de-semana-santa-2022-en-la-huasteca\\\/\",\"name\":\"Sectur coordina operativo de Semana Santa 2022 en la Huasteca - Canal 7 SLP - 2022\",\"isPartOf\":{\"@id\":\"https:\\\/\\\/canal7slp.tv\\\/2022\\\/#website\"},\"primaryImageOfPage\":{\"@id\":\"https:\\\/\\\/canal7slp.tv\\\/2022\\\/sectur-coordina-operativo-de-semana-santa-2022-en-la-huasteca\\\/#primaryimage\"},\"image\":{\"@id\":\"https:\\\/\\\/canal7slp.tv\\\/2022\\\/sectur-coordina-operativo-de-semana-santa-2022-en-la-huasteca\\\/#primaryimage\"},\"thumbnailUrl\":\"https:\\\/\\\/canal7slp.tv\\\/2022\\\/wp-content\\\/uploads\\\/2022\\\/03\\\/OperativoSS2022.jpg\",\"datePublished\":\"2022-03-06T20:35:20+00:00\",\"breadcrumb\":{\"@id\":\"https:\\\/\\\/canal7slp.tv\\\/2022\\\/sectur-coordina-operativo-de-semana-santa-2022-en-la-huasteca\\\/#breadcrumb\"},\"inLanguage\":\"es\",\"potentialAction\":[{\"@type\":\"ReadAction\",\"target\":[\"https:\\\/\\\/canal7slp.tv\\\/2022\\\/sectur-coordina-operativo-de-semana-santa-2022-en-la-huasteca\\\/\"]}]},{\"@type\":\"ImageObject\",\"inLanguage\":\"es\",\"@id\":\"https:\\\/\\\/canal7slp.tv\\\/2022\\\/sectur-coordina-operativo-de-semana-santa-2022-en-la-huasteca\\\/#primaryimage\",\"url\":\"https:\\\/\\\/canal7slp.tv\\\/2022\\\/wp-content\\\/uploads\\\/2022\\\/03\\\/OperativoSS2022.jpg\",\"contentUrl\":\"https:\\\/\\\/canal7slp.tv\\\/2022\\\/wp-content\\\/uploads\\\/2022\\\/03\\\/OperativoSS2022.jpg\",\"width\":949,\"height\":500},{\"@type\":\"BreadcrumbList\",\"@id\":\"https:\\\/\\\/canal7slp.tv\\\/2022\\\/sectur-coordina-operativo-de-semana-santa-2022-en-la-huasteca\\\/#breadcrumb\",\"itemListElement\":[{\"@type\":\"ListItem\",\"position\":1,\"name\":\"Portada\",\"item\":\"https:\\\/\\\/canal7slp.tv\\\/2022\\\/\"},{\"@type\":\"ListItem\",\"position\":2,\"name\":\"Sectur coordina operativo de Semana Santa 2022 en la Huasteca\"}]},{\"@type\":\"WebSite\",\"@id\":\"https:\\\/\\\/canal7slp.tv\\\/2022\\\/#website\",\"url\":\"https:\\\/\\\/canal7slp.tv\\\/2022\\\/\",\"name\":\"N7 - Noticieros Canal 7\",\"description\":\"Somos Televisi\u00f3n\",\"publisher\":{\"@id\":\"https:\\\/\\\/canal7slp.tv\\\/2022\\\/#organization\"},\"potentialAction\":[{\"@type\":\"SearchAction\",\"target\":{\"@type\":\"EntryPoint\",\"urlTemplate\":\"https:\\\/\\\/canal7slp.tv\\\/2022\\\/?s={search_term_string}\"},\"query-input\":{\"@type\":\"PropertyValueSpecification\",\"valueRequired\":true,\"valueName\":\"search_term_string\"}}],\"inLanguage\":\"es\"},{\"@type\":\"Organization\",\"@id\":\"https:\\\/\\\/canal7slp.tv\\\/2022\\\/#organization\",\"name\":\"Noticieros Canal 7\",\"url\":\"https:\\\/\\\/canal7slp.tv\\\/2022\\\/\",\"logo\":{\"@type\":\"ImageObject\",\"inLanguage\":\"es\",\"@id\":\"https:\\\/\\\/canal7slp.tv\\\/2022\\\/#\\\/schema\\\/logo\\\/image\\\/\",\"url\":\"https:\\\/\\\/canal7slp.tv\\\/2022\\\/wp-content\\\/uploads\\\/2021\\\/01\\\/logo-noticieros@2x.png\",\"contentUrl\":\"https:\\\/\\\/canal7slp.tv\\\/2022\\\/wp-content\\\/uploads\\\/2021\\\/01\\\/logo-noticieros@2x.png\",\"width\":1017,\"height\":268,\"caption\":\"Noticieros Canal 7\"},\"image\":{\"@id\":\"https:\\\/\\\/canal7slp.tv\\\/2022\\\/#\\\/schema\\\/logo\\\/image\\\/\"},\"sameAs\":[\"https:\\\/\\\/www.facebook.com\\\/noticieroscanalsiete\",\"https:\\\/\\\/x.com\\\/NOTICIEROS7\",\"https:\\\/\\\/www.instagram.com\\\/canal7_slp\",\"https:\\\/\\\/www.youtube.com\\\/channel\\\/UCliiYs-gP3JfJeqdPrNdd5A\"]},{\"@type\":\"Person\",\"@id\":\"https:\\\/\\\/canal7slp.tv\\\/2022\\\/#\\\/schema\\\/person\\\/429704152a21f5f856ce29aa69a238da\",\"name\":\"Edici\u00f3n Web\",\"image\":{\"@type\":\"ImageObject\",\"inLanguage\":\"es\",\"@id\":\"https:\\\/\\\/secure.gravatar.com\\\/avatar\\\/eee448fc3f7164808013b816ba91ac7e43bbe82a70bebac296f8bc6f0addaa1a?s=96&d=mm&r=g\",\"url\":\"https:\\\/\\\/secure.gravatar.com\\\/avatar\\\/eee448fc3f7164808013b816ba91ac7e43bbe82a70bebac296f8bc6f0addaa1a?s=96&d=mm&r=g\",\"contentUrl\":\"https:\\\/\\\/secure.gravatar.com\\\/avatar\\\/eee448fc3f7164808013b816ba91ac7e43bbe82a70bebac296f8bc6f0addaa1a?s=96&d=mm&r=g\",\"caption\":\"Edici\u00f3n Web\"},\"url\":\"https:\\\/\\\/canal7slp.tv\\\/2022\\\/author\\\/edicionweb\\\/\"}]}<\/script>\n<!-- \/ Yoast SEO plugin. -->","yoast_head_json":{"title":"Sectur coordina operativo de Semana Santa 2022 en la Huasteca - Canal 7 SLP - 2022","robots":{"index":"index","follow":"follow","max-snippet":"max-snippet:-1","max-image-preview":"max-image-preview:large","max-video-preview":"max-video-preview:-1"},"canonical":"https:\/\/canal7slp.tv\/2022\/sectur-coordina-operativo-de-semana-santa-2022-en-la-huasteca\/","og_locale":"es_ES","og_type":"article","og_title":"Sectur coordina operativo de Semana Santa 2022 en la Huasteca - Canal 7 SLP - 2022","og_description":"SLP.-\u00a0De cara a la temporada vacacional por Semana Santa, la Secretar\u00eda de Turismo (Sectur) convoc\u00f3 a prestadores de servicios, autoridades de 20 municipios de la zona Huasteca, adem\u00e1s de representantes de la seguridad de los tres niveles de gobierno, para garantizar a visitantes locales, nacionales e internacionales una estancia agradable, en paz, con seguridad sanitaria y la mejor impresi\u00f3n de San Luis Potos\u00ed. Teniendo como sede el Teatro \u201cFernando Dom\u00ednguez\u201d del Centro Cultural de Ciudad Valles, la secretaria de Turismo expuso que se prev\u00e9 que alrededor de 200 mil personas elijan a la Huasteca Potosina como su destino de disfrute [&hellip;]","og_url":"https:\/\/canal7slp.tv\/2022\/sectur-coordina-operativo-de-semana-santa-2022-en-la-huasteca\/","og_site_name":"Canal 7 SLP - 2022","article_publisher":"https:\/\/www.facebook.com\/noticieroscanalsiete","article_published_time":"2022-03-06T20:35:20+00:00","og_image":[{"width":949,"height":500,"url":"https:\/\/canal7slp.tv\/2022\/wp-content\/uploads\/2022\/03\/OperativoSS2022.jpg","type":"image\/jpeg"}],"author":"Edici\u00f3n Web","twitter_card":"summary_large_image","twitter_creator":"@NOTICIEROS7","twitter_site":"@NOTICIEROS7","twitter_misc":{"Escrito por":"Edici\u00f3n Web","Tiempo de lectura":"2 minutos"},"schema":{"@context":"https:\/\/schema.org","@graph":[{"@type":"Article","@id":"https:\/\/canal7slp.tv\/2022\/sectur-coordina-operativo-de-semana-santa-2022-en-la-huasteca\/#article","isPartOf":{"@id":"https:\/\/canal7slp.tv\/2022\/sectur-coordina-operativo-de-semana-santa-2022-en-la-huasteca\/"},"author":{"name":"Edici\u00f3n Web","@id":"https:\/\/canal7slp.tv\/2022\/#\/schema\/person\/429704152a21f5f856ce29aa69a238da"},"headline":"Sectur coordina operativo de Semana Santa 2022 en la Huasteca","datePublished":"2022-03-06T20:35:20+00:00","mainEntityOfPage":{"@id":"https:\/\/canal7slp.tv\/2022\/sectur-coordina-operativo-de-semana-santa-2022-en-la-huasteca\/"},"wordCount":285,"publisher":{"@id":"https:\/\/canal7slp.tv\/2022\/#organization"},"image":{"@id":"https:\/\/canal7slp.tv\/2022\/sectur-coordina-operativo-de-semana-santa-2022-en-la-huasteca\/#primaryimage"},"thumbnailUrl":"https:\/\/canal7slp.tv\/2022\/wp-content\/uploads\/2022\/03\/OperativoSS2022.jpg","articleSection":["LOCALES Y REGIONALES"],"inLanguage":"es"},{"@type":"WebPage","@id":"https:\/\/canal7slp.tv\/2022\/sectur-coordina-operativo-de-semana-santa-2022-en-la-huasteca\/","url":"https:\/\/canal7slp.tv\/2022\/sectur-coordina-operativo-de-semana-santa-2022-en-la-huasteca\/","name":"Sectur coordina operativo de Semana Santa 2022 en la Huasteca - Canal 7 SLP - 2022","isPartOf":{"@id":"https:\/\/canal7slp.tv\/2022\/#website"},"primaryImageOfPage":{"@id":"https:\/\/canal7slp.tv\/2022\/sectur-coordina-operativo-de-semana-santa-2022-en-la-huasteca\/#primaryimage"},"image":{"@id":"https:\/\/canal7slp.tv\/2022\/sectur-coordina-operativo-de-semana-santa-2022-en-la-huasteca\/#primaryimage"},"thumbnailUrl":"https:\/\/canal7slp.tv\/2022\/wp-content\/uploads\/2022\/03\/OperativoSS2022.jpg","datePublished":"2022-03-06T20:35:20+00:00","breadcrumb":{"@id":"https:\/\/canal7slp.tv\/2022\/sectur-coordina-operativo-de-semana-santa-2022-en-la-huasteca\/#breadcrumb"},"inLanguage":"es","potentialAction":[{"@type":"ReadAction","target":["https:\/\/canal7slp.tv\/2022\/sectur-coordina-operativo-de-semana-santa-2022-en-la-huasteca\/"]}]},{"@type":"ImageObject","inLanguage":"es","@id":"https:\/\/canal7slp.tv\/2022\/sectur-coordina-operativo-de-semana-santa-2022-en-la-huasteca\/#primaryimage","url":"https:\/\/canal7slp.tv\/2022\/wp-content\/uploads\/2022\/03\/OperativoSS2022.jpg","contentUrl":"https:\/\/canal7slp.tv\/2022\/wp-content\/uploads\/2022\/03\/OperativoSS2022.jpg","width":949,"height":500},{"@type":"BreadcrumbList","@id":"https:\/\/canal7slp.tv\/2022\/sectur-coordina-operativo-de-semana-santa-2022-en-la-huasteca\/#breadcrumb","itemListElement":[{"@type":"ListItem","position":1,"name":"Portada","item":"https:\/\/canal7slp.tv\/2022\/"},{"@type":"ListItem","position":2,"name":"Sectur coordina operativo de Semana Santa 2022 en la Huasteca"}]},{"@type":"WebSite","@id":"https:\/\/canal7slp.tv\/2022\/#website","url":"https:\/\/canal7slp.tv\/2022\/","name":"N7 - Noticieros Canal 7","description":"Somos Televisi\u00f3n","publisher":{"@id":"https:\/\/canal7slp.tv\/2022\/#organization"},"potentialAction":[{"@type":"SearchAction","target":{"@type":"EntryPoint","urlTemplate":"https:\/\/canal7slp.tv\/2022\/?s={search_term_string}"},"query-input":{"@type":"PropertyValueSpecification","valueRequired":true,"valueName":"search_term_string"}}],"inLanguage":"es"},{"@type":"Organization","@id":"https:\/\/canal7slp.tv\/2022\/#organization","name":"Noticieros Canal 7","url":"https:\/\/canal7slp.tv\/2022\/","logo":{"@type":"ImageObject","inLanguage":"es","@id":"https:\/\/canal7slp.tv\/2022\/#\/schema\/logo\/image\/","url":"https:\/\/canal7slp.tv\/2022\/wp-content\/uploads\/2021\/01\/logo-noticieros@2x.png","contentUrl":"https:\/\/canal7slp.tv\/2022\/wp-content\/uploads\/2021\/01\/logo-noticieros@2x.png","width":1017,"height":268,"caption":"Noticieros Canal 7"},"image":{"@id":"https:\/\/canal7slp.tv\/2022\/#\/schema\/logo\/image\/"},"sameAs":["https:\/\/www.facebook.com\/noticieroscanalsiete","https:\/\/x.com\/NOTICIEROS7","https:\/\/www.instagram.com\/canal7_slp","https:\/\/www.youtube.com\/channel\/UCliiYs-gP3JfJeqdPrNdd5A"]},{"@type":"Person","@id":"https:\/\/canal7slp.tv\/2022\/#\/schema\/person\/429704152a21f5f856ce29aa69a238da","name":"Edici\u00f3n Web","image":{"@type":"ImageObject","inLanguage":"es","@id":"https:\/\/secure.gravatar.com\/avatar\/eee448fc3f7164808013b816ba91ac7e43bbe82a70bebac296f8bc6f0addaa1a?s=96&d=mm&r=g","url":"https:\/\/secure.gravatar.com\/avatar\/eee448fc3f7164808013b816ba91ac7e43bbe82a70bebac296f8bc6f0addaa1a?s=96&d=mm&r=g","contentUrl":"https:\/\/secure.gravatar.com\/avatar\/eee448fc3f7164808013b816ba91ac7e43bbe82a70bebac296f8bc6f0addaa1a?s=96&d=mm&r=g","caption":"Edici\u00f3n Web"},"url":"https:\/\/canal7slp.tv\/2022\/author\/edicionweb\/"}]}},"amp_enabled":true,"_links":{"self":[{"href":"https:\/\/canal7slp.tv\/2022\/wp-json\/wp\/v2\/posts\/53376","targetHints":{"allow":["GET"]}}],"collection":[{"href":"https:\/\/canal7slp.tv\/2022\/wp-json\/wp\/v2\/posts"}],"about":[{"href":"https:\/\/canal7slp.tv\/2022\/wp-json\/wp\/v2\/types\/post"}],"author":[{"embeddable":true,"href":"https:\/\/canal7slp.tv\/2022\/wp-json\/wp\/v2\/users\/2"}],"replies":[{"embeddable":true,"href":"https:\/\/canal7slp.tv\/2022\/wp-json\/wp\/v2\/comments?post=53376"}],"version-history":[{"count":1,"href":"https:\/\/canal7slp.tv\/2022\/wp-json\/wp\/v2\/posts\/53376\/revisions"}],"predecessor-version":[{"id":53378,"href":"https:\/\/canal7slp.tv\/2022\/wp-json\/wp\/v2\/posts\/53376\/revisions\/53378"}],"wp:featuredmedia":[{"embeddable":true,"href":"https:\/\/canal7slp.tv\/2022\/wp-json\/wp\/v2\/media\/53377"}],"wp:attachment":[{"href":"https:\/\/canal7slp.tv\/2022\/wp-json\/wp\/v2\/media?parent=53376"}],"wp:term":[{"taxonomy":"category","embeddable":true,"href":"https:\/\/canal7slp.tv\/2022\/wp-json\/wp\/v2\/categories?post=53376"},{"taxonomy":"post_tag","embeddable":true,"href":"https:\/\/canal7slp.tv\/2022\/wp-json\/wp\/v2\/tags?post=53376"}],"curies":[{"name":"wp","href":"https:\/\/api.w.org\/{rel}","templated":true}]}}