{"id":53354,"date":"2022-03-06T14:12:01","date_gmt":"2022-03-06T20:12:01","guid":{"rendered":"https:\/\/canal7slp.tv\/2022\/?p=53354"},"modified":"2022-03-06T14:12:01","modified_gmt":"2022-03-06T20:12:01","slug":"por-conflicto-belico-sube-precio-del-gas-lp-en-mexico","status":"publish","type":"post","link":"https:\/\/canal7slp.tv\/2022\/por-conflicto-belico-sube-precio-del-gas-lp-en-mexico\/","title":{"rendered":"Por conflicto b\u00e9lico, sube precio del Gas LP en M\u00e9xico"},"content":{"rendered":"<p style=\"text-align: justify;\">M\u00e9xico.- La guerra entre Rusia y Ucrania a provocado un alza en los precios internacionales del petr\u00f3leo y el gas natural.<\/p>\n<p style=\"text-align: justify;\">Debido a esta situaci\u00f3n, el precio del Gas LP registr\u00f3 un incremento del 3.8%.<\/p>\n<p style=\"text-align: justify;\">De acuerdo con datos de la Comisi\u00f3n Reguladora de Energ\u00eda (CRE), el kilogramo del combustible se vende en 23.74 pesos, mientras que el litro se ubica en 12.82 pesos.<\/p>\n<blockquote class=\"twitter-tweet\" data-width=\"550\" data-dnt=\"true\">\n<p lang=\"es\" dir=\"ltr\">Consulta los precios m\u00e1ximos de gas LP. Vigencia del 06 al 12 de marzo de 2022. Lo anterior, de conformidad al Acuerdo A\/001\/2022. Ingresa aqu\u00ed: <a href=\"https:\/\/t.co\/efiXDv5JIi\">https:\/\/t.co\/efiXDv5JIi<\/a> <a href=\"https:\/\/t.co\/ymZhnxwBY6\">pic.twitter.com\/ymZhnxwBY6<\/a><\/p>\n<p>&mdash; CRE M\u00e9xico (@CRE_Mexico) <a href=\"https:\/\/twitter.com\/CRE_Mexico\/status\/1500113083112595458?ref_src=twsrc%5Etfw\">March 5, 2022<\/a><\/p><\/blockquote>\n<p><script async src=\"https:\/\/platform.twitter.com\/widgets.js\" charset=\"utf-8\"><\/script><\/p>\n","protected":false},"excerpt":{"rendered":"<p>M\u00e9xico.- La guerra entre Rusia y Ucrania a provocado un alza en los precios internacionales del petr\u00f3leo y el gas natural. Debido a esta situaci\u00f3n, el precio del Gas LP registr\u00f3 un incremento del 3.8%. De acuerdo con datos de la Comisi\u00f3n Reguladora de Energ\u00eda (CRE), el kilogramo del combustible se vende en 23.74 pesos, mientras que el litro se ubica en 12.82 pesos. Consulta los precios m\u00e1ximos de gas LP. Vigencia del 06 al 12 de marzo de 2022. Lo anterior, de conformidad al Acuerdo A\/001\/2022. Ingresa aqu\u00ed: https:\/\/t.co\/efiXDv5JIi pic.twitter.com\/ymZhnxwBY6 &mdash; CRE M\u00e9xico (@CRE_Mexico) March 5, 2022<\/p>\n","protected":false},"author":2,"featured_media":53366,"comment_status":"closed","ping_status":"closed","sticky":false,"template":"","format":"standard","meta":{"footnotes":""},"categories":[40,46],"tags":[],"class_list":["post-53354","post","type-post","status-publish","format-standard","has-post-thumbnail","hentry","category-economia","category-nacional","post--single"],"yoast_head":"<!-- This site is optimized with the Yoast SEO plugin v27.4 - https:\/\/yoast.com\/product\/yoast-seo-wordpress\/ -->\n<title>Por conflicto b\u00e9lico, sube precio del Gas LP en M\u00e9xico - Canal 7 SLP - 2022<\/title>\n<meta name=\"robots\" content=\"index, follow, max-snippet:-1, max-image-preview:large, max-video-preview:-1\" \/>\n<link rel=\"canonical\" href=\"https:\/\/canal7slp.tv\/2022\/por-conflicto-belico-sube-precio-del-gas-lp-en-mexico\/\" \/>\n<meta property=\"og:locale\" content=\"es_ES\" \/>\n<meta property=\"og:type\" content=\"article\" \/>\n<meta property=\"og:title\" content=\"Por conflicto b\u00e9lico, sube precio del Gas LP en M\u00e9xico - Canal 7 SLP - 2022\" \/>\n<meta property=\"og:description\" content=\"M\u00e9xico.- La guerra entre Rusia y Ucrania a provocado un alza en los precios internacionales del petr\u00f3leo y el gas natural. Debido a esta situaci\u00f3n, el precio del Gas LP registr\u00f3 un incremento del 3.8%. De acuerdo con datos de la Comisi\u00f3n Reguladora de Energ\u00eda (CRE), el kilogramo del combustible se vende en 23.74 pesos, mientras que el litro se ubica en 12.82 pesos. Consulta los precios m\u00e1ximos de gas LP. Vigencia del 06 al 12 de marzo de 2022. Lo anterior, de conformidad al Acuerdo A\/001\/2022. Ingresa aqu\u00ed: https:\/\/t.co\/efiXDv5JIi pic.twitter.com\/ymZhnxwBY6 &mdash; CRE M\u00e9xico (@CRE_Mexico) March 5, 2022\" \/>\n<meta property=\"og:url\" content=\"https:\/\/canal7slp.tv\/2022\/por-conflicto-belico-sube-precio-del-gas-lp-en-mexico\/\" \/>\n<meta property=\"og:site_name\" content=\"Canal 7 SLP - 2022\" \/>\n<meta property=\"article:publisher\" content=\"https:\/\/www.facebook.com\/noticieroscanalsiete\" \/>\n<meta property=\"article:published_time\" content=\"2022-03-06T20:12:01+00:00\" \/>\n<meta property=\"og:image\" content=\"https:\/\/canal7slp.tv\/2022\/wp-content\/uploads\/2022\/03\/03-4.jpg\" \/>\n\t<meta property=\"og:image:width\" content=\"789\" \/>\n\t<meta property=\"og:image:height\" content=\"600\" \/>\n\t<meta property=\"og:image:type\" content=\"image\/jpeg\" \/>\n<meta name=\"author\" content=\"Edici\u00f3n Web\" \/>\n<meta name=\"twitter:card\" content=\"summary_large_image\" \/>\n<meta name=\"twitter:creator\" content=\"@NOTICIEROS7\" \/>\n<meta name=\"twitter:site\" content=\"@NOTICIEROS7\" \/>\n<meta name=\"twitter:label1\" content=\"Escrito por\" \/>\n\t<meta name=\"twitter:data1\" content=\"Edici\u00f3n Web\" \/>\n\t<meta name=\"twitter:label2\" content=\"Tiempo de lectura\" \/>\n\t<meta name=\"twitter:data2\" content=\"1 minuto\" \/>\n<script type=\"application\/ld+json\" class=\"yoast-schema-graph\">{\"@context\":\"https:\\\/\\\/schema.org\",\"@graph\":[{\"@type\":\"Article\",\"@id\":\"https:\\\/\\\/canal7slp.tv\\\/2022\\\/por-conflicto-belico-sube-precio-del-gas-lp-en-mexico\\\/#article\",\"isPartOf\":{\"@id\":\"https:\\\/\\\/canal7slp.tv\\\/2022\\\/por-conflicto-belico-sube-precio-del-gas-lp-en-mexico\\\/\"},\"author\":{\"name\":\"Edici\u00f3n Web\",\"@id\":\"https:\\\/\\\/canal7slp.tv\\\/2022\\\/#\\\/schema\\\/person\\\/429704152a21f5f856ce29aa69a238da\"},\"headline\":\"Por conflicto b\u00e9lico, sube precio del Gas LP en M\u00e9xico\",\"datePublished\":\"2022-03-06T20:12:01+00:00\",\"mainEntityOfPage\":{\"@id\":\"https:\\\/\\\/canal7slp.tv\\\/2022\\\/por-conflicto-belico-sube-precio-del-gas-lp-en-mexico\\\/\"},\"wordCount\":92,\"publisher\":{\"@id\":\"https:\\\/\\\/canal7slp.tv\\\/2022\\\/#organization\"},\"image\":{\"@id\":\"https:\\\/\\\/canal7slp.tv\\\/2022\\\/por-conflicto-belico-sube-precio-del-gas-lp-en-mexico\\\/#primaryimage\"},\"thumbnailUrl\":\"https:\\\/\\\/canal7slp.tv\\\/2022\\\/wp-content\\\/uploads\\\/2022\\\/03\\\/03-4.jpg\",\"articleSection\":[\"ECONOM\u00cdA\",\"NACIONALES\"],\"inLanguage\":\"es\"},{\"@type\":\"WebPage\",\"@id\":\"https:\\\/\\\/canal7slp.tv\\\/2022\\\/por-conflicto-belico-sube-precio-del-gas-lp-en-mexico\\\/\",\"url\":\"https:\\\/\\\/canal7slp.tv\\\/2022\\\/por-conflicto-belico-sube-precio-del-gas-lp-en-mexico\\\/\",\"name\":\"Por conflicto b\u00e9lico, sube precio del Gas LP en M\u00e9xico - Canal 7 SLP - 2022\",\"isPartOf\":{\"@id\":\"https:\\\/\\\/canal7slp.tv\\\/2022\\\/#website\"},\"primaryImageOfPage\":{\"@id\":\"https:\\\/\\\/canal7slp.tv\\\/2022\\\/por-conflicto-belico-sube-precio-del-gas-lp-en-mexico\\\/#primaryimage\"},\"image\":{\"@id\":\"https:\\\/\\\/canal7slp.tv\\\/2022\\\/por-conflicto-belico-sube-precio-del-gas-lp-en-mexico\\\/#primaryimage\"},\"thumbnailUrl\":\"https:\\\/\\\/canal7slp.tv\\\/2022\\\/wp-content\\\/uploads\\\/2022\\\/03\\\/03-4.jpg\",\"datePublished\":\"2022-03-06T20:12:01+00:00\",\"breadcrumb\":{\"@id\":\"https:\\\/\\\/canal7slp.tv\\\/2022\\\/por-conflicto-belico-sube-precio-del-gas-lp-en-mexico\\\/#breadcrumb\"},\"inLanguage\":\"es\",\"potentialAction\":[{\"@type\":\"ReadAction\",\"target\":[\"https:\\\/\\\/canal7slp.tv\\\/2022\\\/por-conflicto-belico-sube-precio-del-gas-lp-en-mexico\\\/\"]}]},{\"@type\":\"ImageObject\",\"inLanguage\":\"es\",\"@id\":\"https:\\\/\\\/canal7slp.tv\\\/2022\\\/por-conflicto-belico-sube-precio-del-gas-lp-en-mexico\\\/#primaryimage\",\"url\":\"https:\\\/\\\/canal7slp.tv\\\/2022\\\/wp-content\\\/uploads\\\/2022\\\/03\\\/03-4.jpg\",\"contentUrl\":\"https:\\\/\\\/canal7slp.tv\\\/2022\\\/wp-content\\\/uploads\\\/2022\\\/03\\\/03-4.jpg\",\"width\":789,\"height\":600},{\"@type\":\"BreadcrumbList\",\"@id\":\"https:\\\/\\\/canal7slp.tv\\\/2022\\\/por-conflicto-belico-sube-precio-del-gas-lp-en-mexico\\\/#breadcrumb\",\"itemListElement\":[{\"@type\":\"ListItem\",\"position\":1,\"name\":\"Portada\",\"item\":\"https:\\\/\\\/canal7slp.tv\\\/2022\\\/\"},{\"@type\":\"ListItem\",\"position\":2,\"name\":\"Por conflicto b\u00e9lico, sube precio del Gas LP en M\u00e9xico\"}]},{\"@type\":\"WebSite\",\"@id\":\"https:\\\/\\\/canal7slp.tv\\\/2022\\\/#website\",\"url\":\"https:\\\/\\\/canal7slp.tv\\\/2022\\\/\",\"name\":\"N7 - Noticieros Canal 7\",\"description\":\"Somos Televisi\u00f3n\",\"publisher\":{\"@id\":\"https:\\\/\\\/canal7slp.tv\\\/2022\\\/#organization\"},\"potentialAction\":[{\"@type\":\"SearchAction\",\"target\":{\"@type\":\"EntryPoint\",\"urlTemplate\":\"https:\\\/\\\/canal7slp.tv\\\/2022\\\/?s={search_term_string}\"},\"query-input\":{\"@type\":\"PropertyValueSpecification\",\"valueRequired\":true,\"valueName\":\"search_term_string\"}}],\"inLanguage\":\"es\"},{\"@type\":\"Organization\",\"@id\":\"https:\\\/\\\/canal7slp.tv\\\/2022\\\/#organization\",\"name\":\"Noticieros Canal 7\",\"url\":\"https:\\\/\\\/canal7slp.tv\\\/2022\\\/\",\"logo\":{\"@type\":\"ImageObject\",\"inLanguage\":\"es\",\"@id\":\"https:\\\/\\\/canal7slp.tv\\\/2022\\\/#\\\/schema\\\/logo\\\/image\\\/\",\"url\":\"https:\\\/\\\/canal7slp.tv\\\/2022\\\/wp-content\\\/uploads\\\/2021\\\/01\\\/logo-noticieros@2x.png\",\"contentUrl\":\"https:\\\/\\\/canal7slp.tv\\\/2022\\\/wp-content\\\/uploads\\\/2021\\\/01\\\/logo-noticieros@2x.png\",\"width\":1017,\"height\":268,\"caption\":\"Noticieros Canal 7\"},\"image\":{\"@id\":\"https:\\\/\\\/canal7slp.tv\\\/2022\\\/#\\\/schema\\\/logo\\\/image\\\/\"},\"sameAs\":[\"https:\\\/\\\/www.facebook.com\\\/noticieroscanalsiete\",\"https:\\\/\\\/x.com\\\/NOTICIEROS7\",\"https:\\\/\\\/www.instagram.com\\\/canal7_slp\",\"https:\\\/\\\/www.youtube.com\\\/channel\\\/UCliiYs-gP3JfJeqdPrNdd5A\"]},{\"@type\":\"Person\",\"@id\":\"https:\\\/\\\/canal7slp.tv\\\/2022\\\/#\\\/schema\\\/person\\\/429704152a21f5f856ce29aa69a238da\",\"name\":\"Edici\u00f3n Web\",\"image\":{\"@type\":\"ImageObject\",\"inLanguage\":\"es\",\"@id\":\"https:\\\/\\\/secure.gravatar.com\\\/avatar\\\/eee448fc3f7164808013b816ba91ac7e43bbe82a70bebac296f8bc6f0addaa1a?s=96&d=mm&r=g\",\"url\":\"https:\\\/\\\/secure.gravatar.com\\\/avatar\\\/eee448fc3f7164808013b816ba91ac7e43bbe82a70bebac296f8bc6f0addaa1a?s=96&d=mm&r=g\",\"contentUrl\":\"https:\\\/\\\/secure.gravatar.com\\\/avatar\\\/eee448fc3f7164808013b816ba91ac7e43bbe82a70bebac296f8bc6f0addaa1a?s=96&d=mm&r=g\",\"caption\":\"Edici\u00f3n Web\"},\"url\":\"https:\\\/\\\/canal7slp.tv\\\/2022\\\/author\\\/edicionweb\\\/\"}]}<\/script>\n<!-- \/ Yoast SEO plugin. -->","yoast_head_json":{"title":"Por conflicto b\u00e9lico, sube precio del Gas LP en M\u00e9xico - Canal 7 SLP - 2022","robots":{"index":"index","follow":"follow","max-snippet":"max-snippet:-1","max-image-preview":"max-image-preview:large","max-video-preview":"max-video-preview:-1"},"canonical":"https:\/\/canal7slp.tv\/2022\/por-conflicto-belico-sube-precio-del-gas-lp-en-mexico\/","og_locale":"es_ES","og_type":"article","og_title":"Por conflicto b\u00e9lico, sube precio del Gas LP en M\u00e9xico - Canal 7 SLP - 2022","og_description":"M\u00e9xico.- La guerra entre Rusia y Ucrania a provocado un alza en los precios internacionales del petr\u00f3leo y el gas natural. Debido a esta situaci\u00f3n, el precio del Gas LP registr\u00f3 un incremento del 3.8%. De acuerdo con datos de la Comisi\u00f3n Reguladora de Energ\u00eda (CRE), el kilogramo del combustible se vende en 23.74 pesos, mientras que el litro se ubica en 12.82 pesos. Consulta los precios m\u00e1ximos de gas LP. Vigencia del 06 al 12 de marzo de 2022. Lo anterior, de conformidad al Acuerdo A\/001\/2022. Ingresa aqu\u00ed: https:\/\/t.co\/efiXDv5JIi pic.twitter.com\/ymZhnxwBY6 &mdash; CRE M\u00e9xico (@CRE_Mexico) March 5, 2022","og_url":"https:\/\/canal7slp.tv\/2022\/por-conflicto-belico-sube-precio-del-gas-lp-en-mexico\/","og_site_name":"Canal 7 SLP - 2022","article_publisher":"https:\/\/www.facebook.com\/noticieroscanalsiete","article_published_time":"2022-03-06T20:12:01+00:00","og_image":[{"width":789,"height":600,"url":"https:\/\/canal7slp.tv\/2022\/wp-content\/uploads\/2022\/03\/03-4.jpg","type":"image\/jpeg"}],"author":"Edici\u00f3n Web","twitter_card":"summary_large_image","twitter_creator":"@NOTICIEROS7","twitter_site":"@NOTICIEROS7","twitter_misc":{"Escrito por":"Edici\u00f3n Web","Tiempo de lectura":"1 minuto"},"schema":{"@context":"https:\/\/schema.org","@graph":[{"@type":"Article","@id":"https:\/\/canal7slp.tv\/2022\/por-conflicto-belico-sube-precio-del-gas-lp-en-mexico\/#article","isPartOf":{"@id":"https:\/\/canal7slp.tv\/2022\/por-conflicto-belico-sube-precio-del-gas-lp-en-mexico\/"},"author":{"name":"Edici\u00f3n Web","@id":"https:\/\/canal7slp.tv\/2022\/#\/schema\/person\/429704152a21f5f856ce29aa69a238da"},"headline":"Por conflicto b\u00e9lico, sube precio del Gas LP en M\u00e9xico","datePublished":"2022-03-06T20:12:01+00:00","mainEntityOfPage":{"@id":"https:\/\/canal7slp.tv\/2022\/por-conflicto-belico-sube-precio-del-gas-lp-en-mexico\/"},"wordCount":92,"publisher":{"@id":"https:\/\/canal7slp.tv\/2022\/#organization"},"image":{"@id":"https:\/\/canal7slp.tv\/2022\/por-conflicto-belico-sube-precio-del-gas-lp-en-mexico\/#primaryimage"},"thumbnailUrl":"https:\/\/canal7slp.tv\/2022\/wp-content\/uploads\/2022\/03\/03-4.jpg","articleSection":["ECONOM\u00cdA","NACIONALES"],"inLanguage":"es"},{"@type":"WebPage","@id":"https:\/\/canal7slp.tv\/2022\/por-conflicto-belico-sube-precio-del-gas-lp-en-mexico\/","url":"https:\/\/canal7slp.tv\/2022\/por-conflicto-belico-sube-precio-del-gas-lp-en-mexico\/","name":"Por conflicto b\u00e9lico, sube precio del Gas LP en M\u00e9xico - Canal 7 SLP - 2022","isPartOf":{"@id":"https:\/\/canal7slp.tv\/2022\/#website"},"primaryImageOfPage":{"@id":"https:\/\/canal7slp.tv\/2022\/por-conflicto-belico-sube-precio-del-gas-lp-en-mexico\/#primaryimage"},"image":{"@id":"https:\/\/canal7slp.tv\/2022\/por-conflicto-belico-sube-precio-del-gas-lp-en-mexico\/#primaryimage"},"thumbnailUrl":"https:\/\/canal7slp.tv\/2022\/wp-content\/uploads\/2022\/03\/03-4.jpg","datePublished":"2022-03-06T20:12:01+00:00","breadcrumb":{"@id":"https:\/\/canal7slp.tv\/2022\/por-conflicto-belico-sube-precio-del-gas-lp-en-mexico\/#breadcrumb"},"inLanguage":"es","potentialAction":[{"@type":"ReadAction","target":["https:\/\/canal7slp.tv\/2022\/por-conflicto-belico-sube-precio-del-gas-lp-en-mexico\/"]}]},{"@type":"ImageObject","inLanguage":"es","@id":"https:\/\/canal7slp.tv\/2022\/por-conflicto-belico-sube-precio-del-gas-lp-en-mexico\/#primaryimage","url":"https:\/\/canal7slp.tv\/2022\/wp-content\/uploads\/2022\/03\/03-4.jpg","contentUrl":"https:\/\/canal7slp.tv\/2022\/wp-content\/uploads\/2022\/03\/03-4.jpg","width":789,"height":600},{"@type":"BreadcrumbList","@id":"https:\/\/canal7slp.tv\/2022\/por-conflicto-belico-sube-precio-del-gas-lp-en-mexico\/#breadcrumb","itemListElement":[{"@type":"ListItem","position":1,"name":"Portada","item":"https:\/\/canal7slp.tv\/2022\/"},{"@type":"ListItem","position":2,"name":"Por conflicto b\u00e9lico, sube precio del Gas LP en M\u00e9xico"}]},{"@type":"WebSite","@id":"https:\/\/canal7slp.tv\/2022\/#website","url":"https:\/\/canal7slp.tv\/2022\/","name":"N7 - Noticieros Canal 7","description":"Somos Televisi\u00f3n","publisher":{"@id":"https:\/\/canal7slp.tv\/2022\/#organization"},"potentialAction":[{"@type":"SearchAction","target":{"@type":"EntryPoint","urlTemplate":"https:\/\/canal7slp.tv\/2022\/?s={search_term_string}"},"query-input":{"@type":"PropertyValueSpecification","valueRequired":true,"valueName":"search_term_string"}}],"inLanguage":"es"},{"@type":"Organization","@id":"https:\/\/canal7slp.tv\/2022\/#organization","name":"Noticieros Canal 7","url":"https:\/\/canal7slp.tv\/2022\/","logo":{"@type":"ImageObject","inLanguage":"es","@id":"https:\/\/canal7slp.tv\/2022\/#\/schema\/logo\/image\/","url":"https:\/\/canal7slp.tv\/2022\/wp-content\/uploads\/2021\/01\/logo-noticieros@2x.png","contentUrl":"https:\/\/canal7slp.tv\/2022\/wp-content\/uploads\/2021\/01\/logo-noticieros@2x.png","width":1017,"height":268,"caption":"Noticieros Canal 7"},"image":{"@id":"https:\/\/canal7slp.tv\/2022\/#\/schema\/logo\/image\/"},"sameAs":["https:\/\/www.facebook.com\/noticieroscanalsiete","https:\/\/x.com\/NOTICIEROS7","https:\/\/www.instagram.com\/canal7_slp","https:\/\/www.youtube.com\/channel\/UCliiYs-gP3JfJeqdPrNdd5A"]},{"@type":"Person","@id":"https:\/\/canal7slp.tv\/2022\/#\/schema\/person\/429704152a21f5f856ce29aa69a238da","name":"Edici\u00f3n Web","image":{"@type":"ImageObject","inLanguage":"es","@id":"https:\/\/secure.gravatar.com\/avatar\/eee448fc3f7164808013b816ba91ac7e43bbe82a70bebac296f8bc6f0addaa1a?s=96&d=mm&r=g","url":"https:\/\/secure.gravatar.com\/avatar\/eee448fc3f7164808013b816ba91ac7e43bbe82a70bebac296f8bc6f0addaa1a?s=96&d=mm&r=g","contentUrl":"https:\/\/secure.gravatar.com\/avatar\/eee448fc3f7164808013b816ba91ac7e43bbe82a70bebac296f8bc6f0addaa1a?s=96&d=mm&r=g","caption":"Edici\u00f3n Web"},"url":"https:\/\/canal7slp.tv\/2022\/author\/edicionweb\/"}]}},"amp_enabled":true,"_links":{"self":[{"href":"https:\/\/canal7slp.tv\/2022\/wp-json\/wp\/v2\/posts\/53354","targetHints":{"allow":["GET"]}}],"collection":[{"href":"https:\/\/canal7slp.tv\/2022\/wp-json\/wp\/v2\/posts"}],"about":[{"href":"https:\/\/canal7slp.tv\/2022\/wp-json\/wp\/v2\/types\/post"}],"author":[{"embeddable":true,"href":"https:\/\/canal7slp.tv\/2022\/wp-json\/wp\/v2\/users\/2"}],"replies":[{"embeddable":true,"href":"https:\/\/canal7slp.tv\/2022\/wp-json\/wp\/v2\/comments?post=53354"}],"version-history":[{"count":2,"href":"https:\/\/canal7slp.tv\/2022\/wp-json\/wp\/v2\/posts\/53354\/revisions"}],"predecessor-version":[{"id":53374,"href":"https:\/\/canal7slp.tv\/2022\/wp-json\/wp\/v2\/posts\/53354\/revisions\/53374"}],"wp:featuredmedia":[{"embeddable":true,"href":"https:\/\/canal7slp.tv\/2022\/wp-json\/wp\/v2\/media\/53366"}],"wp:attachment":[{"href":"https:\/\/canal7slp.tv\/2022\/wp-json\/wp\/v2\/media?parent=53354"}],"wp:term":[{"taxonomy":"category","embeddable":true,"href":"https:\/\/canal7slp.tv\/2022\/wp-json\/wp\/v2\/categories?post=53354"},{"taxonomy":"post_tag","embeddable":true,"href":"https:\/\/canal7slp.tv\/2022\/wp-json\/wp\/v2\/tags?post=53354"}],"curies":[{"name":"wp","href":"https:\/\/api.w.org\/{rel}","templated":true}]}}