{"id":53352,"date":"2022-03-06T14:11:52","date_gmt":"2022-03-06T20:11:52","guid":{"rendered":"https:\/\/canal7slp.tv\/2022\/?p=53352"},"modified":"2022-03-06T14:11:52","modified_gmt":"2022-03-06T20:11:52","slug":"condena-gobernador-de-queretaro-hechos-en-la-corregidora","status":"publish","type":"post","link":"https:\/\/canal7slp.tv\/2022\/condena-gobernador-de-queretaro-hechos-en-la-corregidora\/","title":{"rendered":"Condena gobernador de Quer\u00e9taro hechos en La Corregidora"},"content":{"rendered":"<ul>\n<li>El saldo oficial es de 26 heridos, tres de gravedad<\/li>\n<\/ul>\n<p style=\"text-align: justify;\">Santiago de Quer\u00e9taro.- Mauricio Kuri Gonz\u00e1lez, gobernador de Quer\u00e9taro, condeno los hechos de violencia que se suscitaron en el estadio La Corregidora durante el partido de Quer\u00e9taro vs Atlas.<\/p>\n<p style=\"text-align: justify;\">Durante una rueda de prensa se\u00f1al\u00f3 que el sado fue de 26 personas que requirieron atenci\u00f3n m\u00e9dica hospitalaria, 24 hombres y 2 mujeres.<\/p>\n<p style=\"text-align: justify;\">Del total, tres ya fueron dados de alta, mientras el resto aun continua hospitalizado, tres en calidad de graves, 10 m\u00e1s como delicados y los 10 restantes se reportan sin gravedad.<\/p>\n<p style=\"text-align: justify;\">El mandatario puntualiz\u00f3 que se revisara las actuaciones p\u00fablicas y privadas para castigar a quienes se resulten responsables.<\/p>\n<p style=\"text-align: justify;\">Asimismo, coment\u00f3 que lo ocurrido fue un atentado para quienes creen en la paz, \u201ces una tragedia pero no podemos permitir que se politice\u201d.<\/p>\n<p style=\"text-align: justify;\">Aunado a esto, instruy\u00f3 al secretario de seguridad P\u00fablica que deslinde responsabilidades.<\/p>\n<p style=\"text-align: justify;\">Aunado a esto, asegur\u00f3 que ya se abrieron carpetas de investigaci\u00f3n como homicidio en grado de tentativa, a quienes resulten responsables y les asegur\u00f3 a los responsables que ser\u00e1n castigados.<\/p>\n","protected":false},"excerpt":{"rendered":"<p>El saldo oficial es de 26 heridos, tres de gravedad Santiago de Quer\u00e9taro.- Mauricio Kuri Gonz\u00e1lez, gobernador de Quer\u00e9taro, condeno los hechos de violencia que se suscitaron en el estadio La Corregidora durante el partido de Quer\u00e9taro vs Atlas. Durante una rueda de prensa se\u00f1al\u00f3 que el sado fue de 26 personas que requirieron atenci\u00f3n m\u00e9dica hospitalaria, 24 hombres y 2 mujeres. Del total, tres ya fueron dados de alta, mientras el resto aun continua hospitalizado, tres en calidad de graves, 10 m\u00e1s como delicados y los 10 restantes se reportan sin gravedad. El mandatario puntualiz\u00f3 que se revisara las [&hellip;]<\/p>\n","protected":false},"author":2,"featured_media":53364,"comment_status":"closed","ping_status":"closed","sticky":false,"template":"","format":"standard","meta":{"footnotes":""},"categories":[46],"tags":[],"class_list":["post-53352","post","type-post","status-publish","format-standard","has-post-thumbnail","hentry","category-nacional","post--single"],"yoast_head":"<!-- This site is optimized with the Yoast SEO plugin v27.4 - https:\/\/yoast.com\/product\/yoast-seo-wordpress\/ -->\n<title>Condena gobernador de Quer\u00e9taro hechos en La Corregidora - Canal 7 SLP - 2022<\/title>\n<meta name=\"robots\" content=\"index, follow, max-snippet:-1, max-image-preview:large, max-video-preview:-1\" \/>\n<link rel=\"canonical\" href=\"https:\/\/canal7slp.tv\/2022\/condena-gobernador-de-queretaro-hechos-en-la-corregidora\/\" \/>\n<meta property=\"og:locale\" content=\"es_ES\" \/>\n<meta property=\"og:type\" content=\"article\" \/>\n<meta property=\"og:title\" content=\"Condena gobernador de Quer\u00e9taro hechos en La Corregidora - Canal 7 SLP - 2022\" \/>\n<meta property=\"og:description\" content=\"El saldo oficial es de 26 heridos, tres de gravedad Santiago de Quer\u00e9taro.- Mauricio Kuri Gonz\u00e1lez, gobernador de Quer\u00e9taro, condeno los hechos de violencia que se suscitaron en el estadio La Corregidora durante el partido de Quer\u00e9taro vs Atlas. Durante una rueda de prensa se\u00f1al\u00f3 que el sado fue de 26 personas que requirieron atenci\u00f3n m\u00e9dica hospitalaria, 24 hombres y 2 mujeres. Del total, tres ya fueron dados de alta, mientras el resto aun continua hospitalizado, tres en calidad de graves, 10 m\u00e1s como delicados y los 10 restantes se reportan sin gravedad. El mandatario puntualiz\u00f3 que se revisara las [&hellip;]\" \/>\n<meta property=\"og:url\" content=\"https:\/\/canal7slp.tv\/2022\/condena-gobernador-de-queretaro-hechos-en-la-corregidora\/\" \/>\n<meta property=\"og:site_name\" content=\"Canal 7 SLP - 2022\" \/>\n<meta property=\"article:publisher\" content=\"https:\/\/www.facebook.com\/noticieroscanalsiete\" \/>\n<meta property=\"article:published_time\" content=\"2022-03-06T20:11:52+00:00\" \/>\n<meta property=\"og:image\" content=\"https:\/\/canal7slp.tv\/2022\/wp-content\/uploads\/2022\/03\/01-3.jpg\" \/>\n\t<meta property=\"og:image:width\" content=\"1168\" \/>\n\t<meta property=\"og:image:height\" content=\"727\" \/>\n\t<meta property=\"og:image:type\" content=\"image\/jpeg\" \/>\n<meta name=\"author\" content=\"Edici\u00f3n Web\" \/>\n<meta name=\"twitter:card\" content=\"summary_large_image\" \/>\n<meta name=\"twitter:creator\" content=\"@NOTICIEROS7\" \/>\n<meta name=\"twitter:site\" content=\"@NOTICIEROS7\" \/>\n<meta name=\"twitter:label1\" content=\"Escrito por\" \/>\n\t<meta name=\"twitter:data1\" content=\"Edici\u00f3n Web\" \/>\n\t<meta name=\"twitter:label2\" content=\"Tiempo de lectura\" \/>\n\t<meta name=\"twitter:data2\" content=\"1 minuto\" \/>\n<script type=\"application\/ld+json\" class=\"yoast-schema-graph\">{\"@context\":\"https:\\\/\\\/schema.org\",\"@graph\":[{\"@type\":\"Article\",\"@id\":\"https:\\\/\\\/canal7slp.tv\\\/2022\\\/condena-gobernador-de-queretaro-hechos-en-la-corregidora\\\/#article\",\"isPartOf\":{\"@id\":\"https:\\\/\\\/canal7slp.tv\\\/2022\\\/condena-gobernador-de-queretaro-hechos-en-la-corregidora\\\/\"},\"author\":{\"name\":\"Edici\u00f3n Web\",\"@id\":\"https:\\\/\\\/canal7slp.tv\\\/2022\\\/#\\\/schema\\\/person\\\/429704152a21f5f856ce29aa69a238da\"},\"headline\":\"Condena gobernador de Quer\u00e9taro hechos en La Corregidora\",\"datePublished\":\"2022-03-06T20:11:52+00:00\",\"mainEntityOfPage\":{\"@id\":\"https:\\\/\\\/canal7slp.tv\\\/2022\\\/condena-gobernador-de-queretaro-hechos-en-la-corregidora\\\/\"},\"wordCount\":193,\"publisher\":{\"@id\":\"https:\\\/\\\/canal7slp.tv\\\/2022\\\/#organization\"},\"image\":{\"@id\":\"https:\\\/\\\/canal7slp.tv\\\/2022\\\/condena-gobernador-de-queretaro-hechos-en-la-corregidora\\\/#primaryimage\"},\"thumbnailUrl\":\"https:\\\/\\\/canal7slp.tv\\\/2022\\\/wp-content\\\/uploads\\\/2022\\\/03\\\/01-3.jpg\",\"articleSection\":[\"NACIONALES\"],\"inLanguage\":\"es\"},{\"@type\":\"WebPage\",\"@id\":\"https:\\\/\\\/canal7slp.tv\\\/2022\\\/condena-gobernador-de-queretaro-hechos-en-la-corregidora\\\/\",\"url\":\"https:\\\/\\\/canal7slp.tv\\\/2022\\\/condena-gobernador-de-queretaro-hechos-en-la-corregidora\\\/\",\"name\":\"Condena gobernador de Quer\u00e9taro hechos en La Corregidora - Canal 7 SLP - 2022\",\"isPartOf\":{\"@id\":\"https:\\\/\\\/canal7slp.tv\\\/2022\\\/#website\"},\"primaryImageOfPage\":{\"@id\":\"https:\\\/\\\/canal7slp.tv\\\/2022\\\/condena-gobernador-de-queretaro-hechos-en-la-corregidora\\\/#primaryimage\"},\"image\":{\"@id\":\"https:\\\/\\\/canal7slp.tv\\\/2022\\\/condena-gobernador-de-queretaro-hechos-en-la-corregidora\\\/#primaryimage\"},\"thumbnailUrl\":\"https:\\\/\\\/canal7slp.tv\\\/2022\\\/wp-content\\\/uploads\\\/2022\\\/03\\\/01-3.jpg\",\"datePublished\":\"2022-03-06T20:11:52+00:00\",\"breadcrumb\":{\"@id\":\"https:\\\/\\\/canal7slp.tv\\\/2022\\\/condena-gobernador-de-queretaro-hechos-en-la-corregidora\\\/#breadcrumb\"},\"inLanguage\":\"es\",\"potentialAction\":[{\"@type\":\"ReadAction\",\"target\":[\"https:\\\/\\\/canal7slp.tv\\\/2022\\\/condena-gobernador-de-queretaro-hechos-en-la-corregidora\\\/\"]}]},{\"@type\":\"ImageObject\",\"inLanguage\":\"es\",\"@id\":\"https:\\\/\\\/canal7slp.tv\\\/2022\\\/condena-gobernador-de-queretaro-hechos-en-la-corregidora\\\/#primaryimage\",\"url\":\"https:\\\/\\\/canal7slp.tv\\\/2022\\\/wp-content\\\/uploads\\\/2022\\\/03\\\/01-3.jpg\",\"contentUrl\":\"https:\\\/\\\/canal7slp.tv\\\/2022\\\/wp-content\\\/uploads\\\/2022\\\/03\\\/01-3.jpg\",\"width\":1168,\"height\":727},{\"@type\":\"BreadcrumbList\",\"@id\":\"https:\\\/\\\/canal7slp.tv\\\/2022\\\/condena-gobernador-de-queretaro-hechos-en-la-corregidora\\\/#breadcrumb\",\"itemListElement\":[{\"@type\":\"ListItem\",\"position\":1,\"name\":\"Portada\",\"item\":\"https:\\\/\\\/canal7slp.tv\\\/2022\\\/\"},{\"@type\":\"ListItem\",\"position\":2,\"name\":\"Condena gobernador de Quer\u00e9taro hechos en La Corregidora\"}]},{\"@type\":\"WebSite\",\"@id\":\"https:\\\/\\\/canal7slp.tv\\\/2022\\\/#website\",\"url\":\"https:\\\/\\\/canal7slp.tv\\\/2022\\\/\",\"name\":\"N7 - Noticieros Canal 7\",\"description\":\"Somos Televisi\u00f3n\",\"publisher\":{\"@id\":\"https:\\\/\\\/canal7slp.tv\\\/2022\\\/#organization\"},\"potentialAction\":[{\"@type\":\"SearchAction\",\"target\":{\"@type\":\"EntryPoint\",\"urlTemplate\":\"https:\\\/\\\/canal7slp.tv\\\/2022\\\/?s={search_term_string}\"},\"query-input\":{\"@type\":\"PropertyValueSpecification\",\"valueRequired\":true,\"valueName\":\"search_term_string\"}}],\"inLanguage\":\"es\"},{\"@type\":\"Organization\",\"@id\":\"https:\\\/\\\/canal7slp.tv\\\/2022\\\/#organization\",\"name\":\"Noticieros Canal 7\",\"url\":\"https:\\\/\\\/canal7slp.tv\\\/2022\\\/\",\"logo\":{\"@type\":\"ImageObject\",\"inLanguage\":\"es\",\"@id\":\"https:\\\/\\\/canal7slp.tv\\\/2022\\\/#\\\/schema\\\/logo\\\/image\\\/\",\"url\":\"https:\\\/\\\/canal7slp.tv\\\/2022\\\/wp-content\\\/uploads\\\/2021\\\/01\\\/logo-noticieros@2x.png\",\"contentUrl\":\"https:\\\/\\\/canal7slp.tv\\\/2022\\\/wp-content\\\/uploads\\\/2021\\\/01\\\/logo-noticieros@2x.png\",\"width\":1017,\"height\":268,\"caption\":\"Noticieros Canal 7\"},\"image\":{\"@id\":\"https:\\\/\\\/canal7slp.tv\\\/2022\\\/#\\\/schema\\\/logo\\\/image\\\/\"},\"sameAs\":[\"https:\\\/\\\/www.facebook.com\\\/noticieroscanalsiete\",\"https:\\\/\\\/x.com\\\/NOTICIEROS7\",\"https:\\\/\\\/www.instagram.com\\\/canal7_slp\",\"https:\\\/\\\/www.youtube.com\\\/channel\\\/UCliiYs-gP3JfJeqdPrNdd5A\"]},{\"@type\":\"Person\",\"@id\":\"https:\\\/\\\/canal7slp.tv\\\/2022\\\/#\\\/schema\\\/person\\\/429704152a21f5f856ce29aa69a238da\",\"name\":\"Edici\u00f3n Web\",\"image\":{\"@type\":\"ImageObject\",\"inLanguage\":\"es\",\"@id\":\"https:\\\/\\\/secure.gravatar.com\\\/avatar\\\/eee448fc3f7164808013b816ba91ac7e43bbe82a70bebac296f8bc6f0addaa1a?s=96&d=mm&r=g\",\"url\":\"https:\\\/\\\/secure.gravatar.com\\\/avatar\\\/eee448fc3f7164808013b816ba91ac7e43bbe82a70bebac296f8bc6f0addaa1a?s=96&d=mm&r=g\",\"contentUrl\":\"https:\\\/\\\/secure.gravatar.com\\\/avatar\\\/eee448fc3f7164808013b816ba91ac7e43bbe82a70bebac296f8bc6f0addaa1a?s=96&d=mm&r=g\",\"caption\":\"Edici\u00f3n Web\"},\"url\":\"https:\\\/\\\/canal7slp.tv\\\/2022\\\/author\\\/edicionweb\\\/\"}]}<\/script>\n<!-- \/ Yoast SEO plugin. -->","yoast_head_json":{"title":"Condena gobernador de Quer\u00e9taro hechos en La Corregidora - Canal 7 SLP - 2022","robots":{"index":"index","follow":"follow","max-snippet":"max-snippet:-1","max-image-preview":"max-image-preview:large","max-video-preview":"max-video-preview:-1"},"canonical":"https:\/\/canal7slp.tv\/2022\/condena-gobernador-de-queretaro-hechos-en-la-corregidora\/","og_locale":"es_ES","og_type":"article","og_title":"Condena gobernador de Quer\u00e9taro hechos en La Corregidora - Canal 7 SLP - 2022","og_description":"El saldo oficial es de 26 heridos, tres de gravedad Santiago de Quer\u00e9taro.- Mauricio Kuri Gonz\u00e1lez, gobernador de Quer\u00e9taro, condeno los hechos de violencia que se suscitaron en el estadio La Corregidora durante el partido de Quer\u00e9taro vs Atlas. Durante una rueda de prensa se\u00f1al\u00f3 que el sado fue de 26 personas que requirieron atenci\u00f3n m\u00e9dica hospitalaria, 24 hombres y 2 mujeres. Del total, tres ya fueron dados de alta, mientras el resto aun continua hospitalizado, tres en calidad de graves, 10 m\u00e1s como delicados y los 10 restantes se reportan sin gravedad. El mandatario puntualiz\u00f3 que se revisara las [&hellip;]","og_url":"https:\/\/canal7slp.tv\/2022\/condena-gobernador-de-queretaro-hechos-en-la-corregidora\/","og_site_name":"Canal 7 SLP - 2022","article_publisher":"https:\/\/www.facebook.com\/noticieroscanalsiete","article_published_time":"2022-03-06T20:11:52+00:00","og_image":[{"width":1168,"height":727,"url":"https:\/\/canal7slp.tv\/2022\/wp-content\/uploads\/2022\/03\/01-3.jpg","type":"image\/jpeg"}],"author":"Edici\u00f3n Web","twitter_card":"summary_large_image","twitter_creator":"@NOTICIEROS7","twitter_site":"@NOTICIEROS7","twitter_misc":{"Escrito por":"Edici\u00f3n Web","Tiempo de lectura":"1 minuto"},"schema":{"@context":"https:\/\/schema.org","@graph":[{"@type":"Article","@id":"https:\/\/canal7slp.tv\/2022\/condena-gobernador-de-queretaro-hechos-en-la-corregidora\/#article","isPartOf":{"@id":"https:\/\/canal7slp.tv\/2022\/condena-gobernador-de-queretaro-hechos-en-la-corregidora\/"},"author":{"name":"Edici\u00f3n Web","@id":"https:\/\/canal7slp.tv\/2022\/#\/schema\/person\/429704152a21f5f856ce29aa69a238da"},"headline":"Condena gobernador de Quer\u00e9taro hechos en La Corregidora","datePublished":"2022-03-06T20:11:52+00:00","mainEntityOfPage":{"@id":"https:\/\/canal7slp.tv\/2022\/condena-gobernador-de-queretaro-hechos-en-la-corregidora\/"},"wordCount":193,"publisher":{"@id":"https:\/\/canal7slp.tv\/2022\/#organization"},"image":{"@id":"https:\/\/canal7slp.tv\/2022\/condena-gobernador-de-queretaro-hechos-en-la-corregidora\/#primaryimage"},"thumbnailUrl":"https:\/\/canal7slp.tv\/2022\/wp-content\/uploads\/2022\/03\/01-3.jpg","articleSection":["NACIONALES"],"inLanguage":"es"},{"@type":"WebPage","@id":"https:\/\/canal7slp.tv\/2022\/condena-gobernador-de-queretaro-hechos-en-la-corregidora\/","url":"https:\/\/canal7slp.tv\/2022\/condena-gobernador-de-queretaro-hechos-en-la-corregidora\/","name":"Condena gobernador de Quer\u00e9taro hechos en La Corregidora - Canal 7 SLP - 2022","isPartOf":{"@id":"https:\/\/canal7slp.tv\/2022\/#website"},"primaryImageOfPage":{"@id":"https:\/\/canal7slp.tv\/2022\/condena-gobernador-de-queretaro-hechos-en-la-corregidora\/#primaryimage"},"image":{"@id":"https:\/\/canal7slp.tv\/2022\/condena-gobernador-de-queretaro-hechos-en-la-corregidora\/#primaryimage"},"thumbnailUrl":"https:\/\/canal7slp.tv\/2022\/wp-content\/uploads\/2022\/03\/01-3.jpg","datePublished":"2022-03-06T20:11:52+00:00","breadcrumb":{"@id":"https:\/\/canal7slp.tv\/2022\/condena-gobernador-de-queretaro-hechos-en-la-corregidora\/#breadcrumb"},"inLanguage":"es","potentialAction":[{"@type":"ReadAction","target":["https:\/\/canal7slp.tv\/2022\/condena-gobernador-de-queretaro-hechos-en-la-corregidora\/"]}]},{"@type":"ImageObject","inLanguage":"es","@id":"https:\/\/canal7slp.tv\/2022\/condena-gobernador-de-queretaro-hechos-en-la-corregidora\/#primaryimage","url":"https:\/\/canal7slp.tv\/2022\/wp-content\/uploads\/2022\/03\/01-3.jpg","contentUrl":"https:\/\/canal7slp.tv\/2022\/wp-content\/uploads\/2022\/03\/01-3.jpg","width":1168,"height":727},{"@type":"BreadcrumbList","@id":"https:\/\/canal7slp.tv\/2022\/condena-gobernador-de-queretaro-hechos-en-la-corregidora\/#breadcrumb","itemListElement":[{"@type":"ListItem","position":1,"name":"Portada","item":"https:\/\/canal7slp.tv\/2022\/"},{"@type":"ListItem","position":2,"name":"Condena gobernador de Quer\u00e9taro hechos en La Corregidora"}]},{"@type":"WebSite","@id":"https:\/\/canal7slp.tv\/2022\/#website","url":"https:\/\/canal7slp.tv\/2022\/","name":"N7 - Noticieros Canal 7","description":"Somos Televisi\u00f3n","publisher":{"@id":"https:\/\/canal7slp.tv\/2022\/#organization"},"potentialAction":[{"@type":"SearchAction","target":{"@type":"EntryPoint","urlTemplate":"https:\/\/canal7slp.tv\/2022\/?s={search_term_string}"},"query-input":{"@type":"PropertyValueSpecification","valueRequired":true,"valueName":"search_term_string"}}],"inLanguage":"es"},{"@type":"Organization","@id":"https:\/\/canal7slp.tv\/2022\/#organization","name":"Noticieros Canal 7","url":"https:\/\/canal7slp.tv\/2022\/","logo":{"@type":"ImageObject","inLanguage":"es","@id":"https:\/\/canal7slp.tv\/2022\/#\/schema\/logo\/image\/","url":"https:\/\/canal7slp.tv\/2022\/wp-content\/uploads\/2021\/01\/logo-noticieros@2x.png","contentUrl":"https:\/\/canal7slp.tv\/2022\/wp-content\/uploads\/2021\/01\/logo-noticieros@2x.png","width":1017,"height":268,"caption":"Noticieros Canal 7"},"image":{"@id":"https:\/\/canal7slp.tv\/2022\/#\/schema\/logo\/image\/"},"sameAs":["https:\/\/www.facebook.com\/noticieroscanalsiete","https:\/\/x.com\/NOTICIEROS7","https:\/\/www.instagram.com\/canal7_slp","https:\/\/www.youtube.com\/channel\/UCliiYs-gP3JfJeqdPrNdd5A"]},{"@type":"Person","@id":"https:\/\/canal7slp.tv\/2022\/#\/schema\/person\/429704152a21f5f856ce29aa69a238da","name":"Edici\u00f3n Web","image":{"@type":"ImageObject","inLanguage":"es","@id":"https:\/\/secure.gravatar.com\/avatar\/eee448fc3f7164808013b816ba91ac7e43bbe82a70bebac296f8bc6f0addaa1a?s=96&d=mm&r=g","url":"https:\/\/secure.gravatar.com\/avatar\/eee448fc3f7164808013b816ba91ac7e43bbe82a70bebac296f8bc6f0addaa1a?s=96&d=mm&r=g","contentUrl":"https:\/\/secure.gravatar.com\/avatar\/eee448fc3f7164808013b816ba91ac7e43bbe82a70bebac296f8bc6f0addaa1a?s=96&d=mm&r=g","caption":"Edici\u00f3n Web"},"url":"https:\/\/canal7slp.tv\/2022\/author\/edicionweb\/"}]}},"amp_enabled":true,"_links":{"self":[{"href":"https:\/\/canal7slp.tv\/2022\/wp-json\/wp\/v2\/posts\/53352","targetHints":{"allow":["GET"]}}],"collection":[{"href":"https:\/\/canal7slp.tv\/2022\/wp-json\/wp\/v2\/posts"}],"about":[{"href":"https:\/\/canal7slp.tv\/2022\/wp-json\/wp\/v2\/types\/post"}],"author":[{"embeddable":true,"href":"https:\/\/canal7slp.tv\/2022\/wp-json\/wp\/v2\/users\/2"}],"replies":[{"embeddable":true,"href":"https:\/\/canal7slp.tv\/2022\/wp-json\/wp\/v2\/comments?post=53352"}],"version-history":[{"count":2,"href":"https:\/\/canal7slp.tv\/2022\/wp-json\/wp\/v2\/posts\/53352\/revisions"}],"predecessor-version":[{"id":53370,"href":"https:\/\/canal7slp.tv\/2022\/wp-json\/wp\/v2\/posts\/53352\/revisions\/53370"}],"wp:featuredmedia":[{"embeddable":true,"href":"https:\/\/canal7slp.tv\/2022\/wp-json\/wp\/v2\/media\/53364"}],"wp:attachment":[{"href":"https:\/\/canal7slp.tv\/2022\/wp-json\/wp\/v2\/media?parent=53352"}],"wp:term":[{"taxonomy":"category","embeddable":true,"href":"https:\/\/canal7slp.tv\/2022\/wp-json\/wp\/v2\/categories?post=53352"},{"taxonomy":"post_tag","embeddable":true,"href":"https:\/\/canal7slp.tv\/2022\/wp-json\/wp\/v2\/tags?post=53352"}],"curies":[{"name":"wp","href":"https:\/\/api.w.org\/{rel}","templated":true}]}}