{"id":53328,"date":"2022-03-05T23:26:20","date_gmt":"2022-03-06T05:26:20","guid":{"rendered":"https:\/\/canal7slp.tv\/2022\/?p=53328"},"modified":"2022-03-05T23:26:20","modified_gmt":"2022-03-06T05:26:20","slug":"con-una-conferencia-el-pri-conmemoro-su-93-aniversario","status":"publish","type":"post","link":"https:\/\/canal7slp.tv\/2022\/con-una-conferencia-el-pri-conmemoro-su-93-aniversario\/","title":{"rendered":"Con una conferencia el PRI conmemor\u00f3 su 93 aniversario"},"content":{"rendered":"<p style=\"text-align: justify;\">SLP.-\u00a0Con motivo de la conmemoraci\u00f3n de 93 a\u00f1os del PRI, el Comit\u00e9 Directivo Estatal de San Luis Potos\u00ed realiz\u00f3 la conferencia PRI: Origen, Evoluci\u00f3n y Circunstancia, impartida por el periodista Filiberto Ju\u00e1rez C\u00f3rdoba.<\/p>\n<p style=\"text-align: justify;\">Resalt\u00f3 que la evoluci\u00f3n hist\u00f3rica de M\u00e9xico, tiene como ingrediente fundamental la participaci\u00f3n del PRI, ya que fue precursor de las instituciones que hoy sirven el pa\u00eds, perfectibles pero indispensables para la ciudadan\u00eda.<\/p>\n<p style=\"text-align: justify;\">Se\u00f1al\u00f3 que la democracia en M\u00e9xico se ciment\u00f3 por el PRI, pues hist\u00f3ricamente los gobiernos se lograban en luchas armadas, pero en la nueva etapa del pa\u00eds, los gobiernos provienen de la participaci\u00f3n de la ciudadan\u00eda, con institucionalidad que implica el reconocimiento de la alternancia en el poder, que se vive en M\u00e9xico desde el a\u00f1o 2000.<\/p>\n<p style=\"text-align: justify;\">\u201cHay cosas que presumir y tambi\u00e9n hay cosas que resolver, hay muchas instituciones que surgieron por esta corriente pol\u00edtica\u201d.<\/p>\n<p style=\"text-align: justify;\">Por su parte el presidente del Comit\u00e9 Municipal del PRI en la capital del estado, y primer s\u00edndico capitalino V\u00edctor Hugo Salgado asever\u00f3 que se equivocan quienes auguran la desaparici\u00f3n del PRI.<\/p>\n<p style=\"text-align: justify;\">Record\u00f3 a Luis Donaldo Colosio y Beatriz Paredes Rangel, al tiempo que resalt\u00f3 que los gobiernos priistas dan la cara por el partido con buen gobierno y reconocimiento social, exhort\u00f3 al priismo a cerrar filas entorno a la dirigencia estatal encabezada por El\u00edas Pesina y el primer priista del estado el alcalde Enrique Galindo Ceballos.<\/p>\n<p style=\"text-align: justify;\">Fue el diputado Edmundo Torrescano quien llam\u00f3 a la militancia, a los priistas de todo el estado, a los simpatizantes tricolores a mantener la lucha y el sue\u00f1o de un campo digno, de acciones que promuevan la justicia social.<\/p>\n<p style=\"text-align: justify;\">Por su parte la diputada Bernarda Reyes Hern\u00e1ndez conmin\u00f3 a los priistas a reflexionar sobre los logros, pero tambi\u00e9n sobre lo que se ha dejado de hacer, reconocer a la militancia y fortalecer las estructuras, asegur\u00f3 que el partido es fuerte y sigue teniendo liderazgos, comprometi\u00f3 el trabajo de quienes representan al PRI en todos los espacios \u201cestamos con ustedes y vamos a seguir generando condiciones, tenemos la capacidad para reinventarnos\u201d.<\/p>\n<p style=\"text-align: justify;\">En su participaci\u00f3n, la diputada Yolanda Josefina Cepeda Echavarr\u00eda, presidenta de la directiva en el legislativo local y secretaria general del CDE del PRI en el estado subray\u00f3 que en este 93 aniversario, se debe tener muy claro que el PRI es un instituto pol\u00edtico sin el cual no se explica la historia de M\u00e9xico, \u201cel PRI es mucho m\u00e1s que un partido grande, es el partido de M\u00e9xico\u201d.<\/p>\n<p style=\"text-align: justify;\">Afirm\u00f3 que \u201clas crisis, las contingencias y las alternancias, no son nada nuevo, nada nos intimida\u201d.<\/p>\n<p style=\"text-align: justify;\">Se\u00f1al\u00f3 que el PRI son m\u00e1s que cuatro diputados y dos decenas de alcaldes, algunos en coalici\u00f3n, pues en San Luis Potos\u00ed se representa a poco m\u00e1s del 50 por ciento de la poblaci\u00f3n m\u00e1s de un mill\u00f3n 300 mil potosinas y potosinos, \u201ctenemos proyecto, tenemos oficio, sabemos caminar, tenemos liderazgo y apenas tenemos 93 a\u00f1os de vida, nadie nos va a regalar nada, nadie va a hacer por nosotros lo que nos toca hacer, es el momento y es la hora de demostrar de qu\u00e9 estamos hechos\u201d.<\/p>\n<p style=\"text-align: justify;\">Finalmente el presidente del CDE del PRI en San Luis Potos\u00ed El\u00edas Pesina Rodr\u00edguez y el alcalde capitalino Enrique Galindo, desde la Sesi\u00f3n de Consejo del Comit\u00e9 Ejecutivo Nacional en la Ciudad de M\u00e9xico enviaron mensajes al priismo potosino, \u201ces momento de estar contentos, es momento de estar unidos, fortalecidos, buscando la unidad de la militancia, el priismo potosino est\u00e1 siendo parte de la historia para la conformaci\u00f3n del PRI que M\u00e9xico necesita\u00bb.<\/p>\n<p><img loading=\"lazy\" decoding=\"async\" class=\"alignnone size-medium wp-image-53330\" src=\"https:\/\/canal7slp.tv\/2022\/wp-content\/uploads\/2022\/03\/PRISLP01-300x124.jpg\" alt=\"\" width=\"300\" height=\"124\" srcset=\"https:\/\/canal7slp.tv\/2022\/wp-content\/uploads\/2022\/03\/PRISLP01-300x124.jpg 300w, https:\/\/canal7slp.tv\/2022\/wp-content\/uploads\/2022\/03\/PRISLP01-768x317.jpg 768w, https:\/\/canal7slp.tv\/2022\/wp-content\/uploads\/2022\/03\/PRISLP01-800x330.jpg 800w, https:\/\/canal7slp.tv\/2022\/wp-content\/uploads\/2022\/03\/PRISLP01.jpg 1024w\" sizes=\"auto, (max-width: 300px) 100vw, 300px\" \/> <img loading=\"lazy\" decoding=\"async\" class=\"alignnone size-medium wp-image-53331\" src=\"https:\/\/canal7slp.tv\/2022\/wp-content\/uploads\/2022\/03\/PRISLP02-300x280.jpg\" alt=\"\" width=\"300\" height=\"280\" srcset=\"https:\/\/canal7slp.tv\/2022\/wp-content\/uploads\/2022\/03\/PRISLP02-300x280.jpg 300w, https:\/\/canal7slp.tv\/2022\/wp-content\/uploads\/2022\/03\/PRISLP02.jpg 744w\" sizes=\"auto, (max-width: 300px) 100vw, 300px\" \/> <img loading=\"lazy\" decoding=\"async\" class=\"alignnone size-medium wp-image-53332\" src=\"https:\/\/canal7slp.tv\/2022\/wp-content\/uploads\/2022\/03\/PRISLP03-300x192.jpg\" alt=\"\" width=\"300\" height=\"192\" srcset=\"https:\/\/canal7slp.tv\/2022\/wp-content\/uploads\/2022\/03\/PRISLP03-300x192.jpg 300w, https:\/\/canal7slp.tv\/2022\/wp-content\/uploads\/2022\/03\/PRISLP03-768x492.jpg 768w, https:\/\/canal7slp.tv\/2022\/wp-content\/uploads\/2022\/03\/PRISLP03-800x512.jpg 800w, https:\/\/canal7slp.tv\/2022\/wp-content\/uploads\/2022\/03\/PRISLP03.jpg 996w\" sizes=\"auto, (max-width: 300px) 100vw, 300px\" \/><\/p>\n","protected":false},"excerpt":{"rendered":"<p>SLP.-\u00a0Con motivo de la conmemoraci\u00f3n de 93 a\u00f1os del PRI, el Comit\u00e9 Directivo Estatal de San Luis Potos\u00ed realiz\u00f3 la conferencia PRI: Origen, Evoluci\u00f3n y Circunstancia, impartida por el periodista Filiberto Ju\u00e1rez C\u00f3rdoba. Resalt\u00f3 que la evoluci\u00f3n hist\u00f3rica de M\u00e9xico, tiene como ingrediente fundamental la participaci\u00f3n del PRI, ya que fue precursor de las instituciones que hoy sirven el pa\u00eds, perfectibles pero indispensables para la ciudadan\u00eda. Se\u00f1al\u00f3 que la democracia en M\u00e9xico se ciment\u00f3 por el PRI, pues hist\u00f3ricamente los gobiernos se lograban en luchas armadas, pero en la nueva etapa del pa\u00eds, los gobiernos provienen de la participaci\u00f3n de [&hellip;]<\/p>\n","protected":false},"author":2,"featured_media":53333,"comment_status":"closed","ping_status":"closed","sticky":false,"template":"","format":"standard","meta":{"footnotes":""},"categories":[45],"tags":[],"class_list":["post-53328","post","type-post","status-publish","format-standard","has-post-thumbnail","hentry","category-localesyregionales","post--single"],"yoast_head":"<!-- This site is optimized with the Yoast SEO plugin v27.4 - https:\/\/yoast.com\/product\/yoast-seo-wordpress\/ -->\n<title>Con una conferencia el PRI conmemor\u00f3 su 93 aniversario - Canal 7 SLP - 2022<\/title>\n<meta name=\"robots\" content=\"index, follow, max-snippet:-1, max-image-preview:large, max-video-preview:-1\" \/>\n<link rel=\"canonical\" href=\"https:\/\/canal7slp.tv\/2022\/con-una-conferencia-el-pri-conmemoro-su-93-aniversario\/\" \/>\n<meta property=\"og:locale\" content=\"es_ES\" \/>\n<meta property=\"og:type\" content=\"article\" \/>\n<meta property=\"og:title\" content=\"Con una conferencia el PRI conmemor\u00f3 su 93 aniversario - Canal 7 SLP - 2022\" \/>\n<meta property=\"og:description\" content=\"SLP.-\u00a0Con motivo de la conmemoraci\u00f3n de 93 a\u00f1os del PRI, el Comit\u00e9 Directivo Estatal de San Luis Potos\u00ed realiz\u00f3 la conferencia PRI: Origen, Evoluci\u00f3n y Circunstancia, impartida por el periodista Filiberto Ju\u00e1rez C\u00f3rdoba. Resalt\u00f3 que la evoluci\u00f3n hist\u00f3rica de M\u00e9xico, tiene como ingrediente fundamental la participaci\u00f3n del PRI, ya que fue precursor de las instituciones que hoy sirven el pa\u00eds, perfectibles pero indispensables para la ciudadan\u00eda. Se\u00f1al\u00f3 que la democracia en M\u00e9xico se ciment\u00f3 por el PRI, pues hist\u00f3ricamente los gobiernos se lograban en luchas armadas, pero en la nueva etapa del pa\u00eds, los gobiernos provienen de la participaci\u00f3n de [&hellip;]\" \/>\n<meta property=\"og:url\" content=\"https:\/\/canal7slp.tv\/2022\/con-una-conferencia-el-pri-conmemoro-su-93-aniversario\/\" \/>\n<meta property=\"og:site_name\" content=\"Canal 7 SLP - 2022\" \/>\n<meta property=\"article:publisher\" content=\"https:\/\/www.facebook.com\/noticieroscanalsiete\" \/>\n<meta property=\"article:published_time\" content=\"2022-03-06T05:26:20+00:00\" \/>\n<meta property=\"og:image\" content=\"https:\/\/canal7slp.tv\/2022\/wp-content\/uploads\/2022\/03\/PRISLP01-1.jpg\" \/>\n\t<meta property=\"og:image:width\" content=\"1024\" \/>\n\t<meta property=\"og:image:height\" content=\"422\" \/>\n\t<meta property=\"og:image:type\" content=\"image\/jpeg\" \/>\n<meta name=\"author\" content=\"Edici\u00f3n Web\" \/>\n<meta name=\"twitter:card\" content=\"summary_large_image\" \/>\n<meta name=\"twitter:creator\" content=\"@NOTICIEROS7\" \/>\n<meta name=\"twitter:site\" content=\"@NOTICIEROS7\" \/>\n<meta name=\"twitter:label1\" content=\"Escrito por\" \/>\n\t<meta name=\"twitter:data1\" content=\"Edici\u00f3n Web\" \/>\n\t<meta name=\"twitter:label2\" content=\"Tiempo de lectura\" \/>\n\t<meta name=\"twitter:data2\" content=\"4 minutos\" \/>\n<script type=\"application\/ld+json\" class=\"yoast-schema-graph\">{\"@context\":\"https:\\\/\\\/schema.org\",\"@graph\":[{\"@type\":\"Article\",\"@id\":\"https:\\\/\\\/canal7slp.tv\\\/2022\\\/con-una-conferencia-el-pri-conmemoro-su-93-aniversario\\\/#article\",\"isPartOf\":{\"@id\":\"https:\\\/\\\/canal7slp.tv\\\/2022\\\/con-una-conferencia-el-pri-conmemoro-su-93-aniversario\\\/\"},\"author\":{\"name\":\"Edici\u00f3n Web\",\"@id\":\"https:\\\/\\\/canal7slp.tv\\\/2022\\\/#\\\/schema\\\/person\\\/429704152a21f5f856ce29aa69a238da\"},\"headline\":\"Con una conferencia el PRI conmemor\u00f3 su 93 aniversario\",\"datePublished\":\"2022-03-06T05:26:20+00:00\",\"mainEntityOfPage\":{\"@id\":\"https:\\\/\\\/canal7slp.tv\\\/2022\\\/con-una-conferencia-el-pri-conmemoro-su-93-aniversario\\\/\"},\"wordCount\":637,\"publisher\":{\"@id\":\"https:\\\/\\\/canal7slp.tv\\\/2022\\\/#organization\"},\"image\":{\"@id\":\"https:\\\/\\\/canal7slp.tv\\\/2022\\\/con-una-conferencia-el-pri-conmemoro-su-93-aniversario\\\/#primaryimage\"},\"thumbnailUrl\":\"https:\\\/\\\/canal7slp.tv\\\/2022\\\/wp-content\\\/uploads\\\/2022\\\/03\\\/PRISLP01-1.jpg\",\"articleSection\":[\"LOCALES Y REGIONALES\"],\"inLanguage\":\"es\"},{\"@type\":\"WebPage\",\"@id\":\"https:\\\/\\\/canal7slp.tv\\\/2022\\\/con-una-conferencia-el-pri-conmemoro-su-93-aniversario\\\/\",\"url\":\"https:\\\/\\\/canal7slp.tv\\\/2022\\\/con-una-conferencia-el-pri-conmemoro-su-93-aniversario\\\/\",\"name\":\"Con una conferencia el PRI conmemor\u00f3 su 93 aniversario - Canal 7 SLP - 2022\",\"isPartOf\":{\"@id\":\"https:\\\/\\\/canal7slp.tv\\\/2022\\\/#website\"},\"primaryImageOfPage\":{\"@id\":\"https:\\\/\\\/canal7slp.tv\\\/2022\\\/con-una-conferencia-el-pri-conmemoro-su-93-aniversario\\\/#primaryimage\"},\"image\":{\"@id\":\"https:\\\/\\\/canal7slp.tv\\\/2022\\\/con-una-conferencia-el-pri-conmemoro-su-93-aniversario\\\/#primaryimage\"},\"thumbnailUrl\":\"https:\\\/\\\/canal7slp.tv\\\/2022\\\/wp-content\\\/uploads\\\/2022\\\/03\\\/PRISLP01-1.jpg\",\"datePublished\":\"2022-03-06T05:26:20+00:00\",\"breadcrumb\":{\"@id\":\"https:\\\/\\\/canal7slp.tv\\\/2022\\\/con-una-conferencia-el-pri-conmemoro-su-93-aniversario\\\/#breadcrumb\"},\"inLanguage\":\"es\",\"potentialAction\":[{\"@type\":\"ReadAction\",\"target\":[\"https:\\\/\\\/canal7slp.tv\\\/2022\\\/con-una-conferencia-el-pri-conmemoro-su-93-aniversario\\\/\"]}]},{\"@type\":\"ImageObject\",\"inLanguage\":\"es\",\"@id\":\"https:\\\/\\\/canal7slp.tv\\\/2022\\\/con-una-conferencia-el-pri-conmemoro-su-93-aniversario\\\/#primaryimage\",\"url\":\"https:\\\/\\\/canal7slp.tv\\\/2022\\\/wp-content\\\/uploads\\\/2022\\\/03\\\/PRISLP01-1.jpg\",\"contentUrl\":\"https:\\\/\\\/canal7slp.tv\\\/2022\\\/wp-content\\\/uploads\\\/2022\\\/03\\\/PRISLP01-1.jpg\",\"width\":1024,\"height\":422},{\"@type\":\"BreadcrumbList\",\"@id\":\"https:\\\/\\\/canal7slp.tv\\\/2022\\\/con-una-conferencia-el-pri-conmemoro-su-93-aniversario\\\/#breadcrumb\",\"itemListElement\":[{\"@type\":\"ListItem\",\"position\":1,\"name\":\"Portada\",\"item\":\"https:\\\/\\\/canal7slp.tv\\\/2022\\\/\"},{\"@type\":\"ListItem\",\"position\":2,\"name\":\"Con una conferencia el PRI conmemor\u00f3 su 93 aniversario\"}]},{\"@type\":\"WebSite\",\"@id\":\"https:\\\/\\\/canal7slp.tv\\\/2022\\\/#website\",\"url\":\"https:\\\/\\\/canal7slp.tv\\\/2022\\\/\",\"name\":\"N7 - Noticieros Canal 7\",\"description\":\"Somos Televisi\u00f3n\",\"publisher\":{\"@id\":\"https:\\\/\\\/canal7slp.tv\\\/2022\\\/#organization\"},\"potentialAction\":[{\"@type\":\"SearchAction\",\"target\":{\"@type\":\"EntryPoint\",\"urlTemplate\":\"https:\\\/\\\/canal7slp.tv\\\/2022\\\/?s={search_term_string}\"},\"query-input\":{\"@type\":\"PropertyValueSpecification\",\"valueRequired\":true,\"valueName\":\"search_term_string\"}}],\"inLanguage\":\"es\"},{\"@type\":\"Organization\",\"@id\":\"https:\\\/\\\/canal7slp.tv\\\/2022\\\/#organization\",\"name\":\"Noticieros Canal 7\",\"url\":\"https:\\\/\\\/canal7slp.tv\\\/2022\\\/\",\"logo\":{\"@type\":\"ImageObject\",\"inLanguage\":\"es\",\"@id\":\"https:\\\/\\\/canal7slp.tv\\\/2022\\\/#\\\/schema\\\/logo\\\/image\\\/\",\"url\":\"https:\\\/\\\/canal7slp.tv\\\/2022\\\/wp-content\\\/uploads\\\/2021\\\/01\\\/logo-noticieros@2x.png\",\"contentUrl\":\"https:\\\/\\\/canal7slp.tv\\\/2022\\\/wp-content\\\/uploads\\\/2021\\\/01\\\/logo-noticieros@2x.png\",\"width\":1017,\"height\":268,\"caption\":\"Noticieros Canal 7\"},\"image\":{\"@id\":\"https:\\\/\\\/canal7slp.tv\\\/2022\\\/#\\\/schema\\\/logo\\\/image\\\/\"},\"sameAs\":[\"https:\\\/\\\/www.facebook.com\\\/noticieroscanalsiete\",\"https:\\\/\\\/x.com\\\/NOTICIEROS7\",\"https:\\\/\\\/www.instagram.com\\\/canal7_slp\",\"https:\\\/\\\/www.youtube.com\\\/channel\\\/UCliiYs-gP3JfJeqdPrNdd5A\"]},{\"@type\":\"Person\",\"@id\":\"https:\\\/\\\/canal7slp.tv\\\/2022\\\/#\\\/schema\\\/person\\\/429704152a21f5f856ce29aa69a238da\",\"name\":\"Edici\u00f3n Web\",\"image\":{\"@type\":\"ImageObject\",\"inLanguage\":\"es\",\"@id\":\"https:\\\/\\\/secure.gravatar.com\\\/avatar\\\/eee448fc3f7164808013b816ba91ac7e43bbe82a70bebac296f8bc6f0addaa1a?s=96&d=mm&r=g\",\"url\":\"https:\\\/\\\/secure.gravatar.com\\\/avatar\\\/eee448fc3f7164808013b816ba91ac7e43bbe82a70bebac296f8bc6f0addaa1a?s=96&d=mm&r=g\",\"contentUrl\":\"https:\\\/\\\/secure.gravatar.com\\\/avatar\\\/eee448fc3f7164808013b816ba91ac7e43bbe82a70bebac296f8bc6f0addaa1a?s=96&d=mm&r=g\",\"caption\":\"Edici\u00f3n Web\"},\"url\":\"https:\\\/\\\/canal7slp.tv\\\/2022\\\/author\\\/edicionweb\\\/\"}]}<\/script>\n<!-- \/ Yoast SEO plugin. -->","yoast_head_json":{"title":"Con una conferencia el PRI conmemor\u00f3 su 93 aniversario - Canal 7 SLP - 2022","robots":{"index":"index","follow":"follow","max-snippet":"max-snippet:-1","max-image-preview":"max-image-preview:large","max-video-preview":"max-video-preview:-1"},"canonical":"https:\/\/canal7slp.tv\/2022\/con-una-conferencia-el-pri-conmemoro-su-93-aniversario\/","og_locale":"es_ES","og_type":"article","og_title":"Con una conferencia el PRI conmemor\u00f3 su 93 aniversario - Canal 7 SLP - 2022","og_description":"SLP.-\u00a0Con motivo de la conmemoraci\u00f3n de 93 a\u00f1os del PRI, el Comit\u00e9 Directivo Estatal de San Luis Potos\u00ed realiz\u00f3 la conferencia PRI: Origen, Evoluci\u00f3n y Circunstancia, impartida por el periodista Filiberto Ju\u00e1rez C\u00f3rdoba. Resalt\u00f3 que la evoluci\u00f3n hist\u00f3rica de M\u00e9xico, tiene como ingrediente fundamental la participaci\u00f3n del PRI, ya que fue precursor de las instituciones que hoy sirven el pa\u00eds, perfectibles pero indispensables para la ciudadan\u00eda. Se\u00f1al\u00f3 que la democracia en M\u00e9xico se ciment\u00f3 por el PRI, pues hist\u00f3ricamente los gobiernos se lograban en luchas armadas, pero en la nueva etapa del pa\u00eds, los gobiernos provienen de la participaci\u00f3n de [&hellip;]","og_url":"https:\/\/canal7slp.tv\/2022\/con-una-conferencia-el-pri-conmemoro-su-93-aniversario\/","og_site_name":"Canal 7 SLP - 2022","article_publisher":"https:\/\/www.facebook.com\/noticieroscanalsiete","article_published_time":"2022-03-06T05:26:20+00:00","og_image":[{"width":1024,"height":422,"url":"https:\/\/canal7slp.tv\/2022\/wp-content\/uploads\/2022\/03\/PRISLP01-1.jpg","type":"image\/jpeg"}],"author":"Edici\u00f3n Web","twitter_card":"summary_large_image","twitter_creator":"@NOTICIEROS7","twitter_site":"@NOTICIEROS7","twitter_misc":{"Escrito por":"Edici\u00f3n Web","Tiempo de lectura":"4 minutos"},"schema":{"@context":"https:\/\/schema.org","@graph":[{"@type":"Article","@id":"https:\/\/canal7slp.tv\/2022\/con-una-conferencia-el-pri-conmemoro-su-93-aniversario\/#article","isPartOf":{"@id":"https:\/\/canal7slp.tv\/2022\/con-una-conferencia-el-pri-conmemoro-su-93-aniversario\/"},"author":{"name":"Edici\u00f3n Web","@id":"https:\/\/canal7slp.tv\/2022\/#\/schema\/person\/429704152a21f5f856ce29aa69a238da"},"headline":"Con una conferencia el PRI conmemor\u00f3 su 93 aniversario","datePublished":"2022-03-06T05:26:20+00:00","mainEntityOfPage":{"@id":"https:\/\/canal7slp.tv\/2022\/con-una-conferencia-el-pri-conmemoro-su-93-aniversario\/"},"wordCount":637,"publisher":{"@id":"https:\/\/canal7slp.tv\/2022\/#organization"},"image":{"@id":"https:\/\/canal7slp.tv\/2022\/con-una-conferencia-el-pri-conmemoro-su-93-aniversario\/#primaryimage"},"thumbnailUrl":"https:\/\/canal7slp.tv\/2022\/wp-content\/uploads\/2022\/03\/PRISLP01-1.jpg","articleSection":["LOCALES Y REGIONALES"],"inLanguage":"es"},{"@type":"WebPage","@id":"https:\/\/canal7slp.tv\/2022\/con-una-conferencia-el-pri-conmemoro-su-93-aniversario\/","url":"https:\/\/canal7slp.tv\/2022\/con-una-conferencia-el-pri-conmemoro-su-93-aniversario\/","name":"Con una conferencia el PRI conmemor\u00f3 su 93 aniversario - Canal 7 SLP - 2022","isPartOf":{"@id":"https:\/\/canal7slp.tv\/2022\/#website"},"primaryImageOfPage":{"@id":"https:\/\/canal7slp.tv\/2022\/con-una-conferencia-el-pri-conmemoro-su-93-aniversario\/#primaryimage"},"image":{"@id":"https:\/\/canal7slp.tv\/2022\/con-una-conferencia-el-pri-conmemoro-su-93-aniversario\/#primaryimage"},"thumbnailUrl":"https:\/\/canal7slp.tv\/2022\/wp-content\/uploads\/2022\/03\/PRISLP01-1.jpg","datePublished":"2022-03-06T05:26:20+00:00","breadcrumb":{"@id":"https:\/\/canal7slp.tv\/2022\/con-una-conferencia-el-pri-conmemoro-su-93-aniversario\/#breadcrumb"},"inLanguage":"es","potentialAction":[{"@type":"ReadAction","target":["https:\/\/canal7slp.tv\/2022\/con-una-conferencia-el-pri-conmemoro-su-93-aniversario\/"]}]},{"@type":"ImageObject","inLanguage":"es","@id":"https:\/\/canal7slp.tv\/2022\/con-una-conferencia-el-pri-conmemoro-su-93-aniversario\/#primaryimage","url":"https:\/\/canal7slp.tv\/2022\/wp-content\/uploads\/2022\/03\/PRISLP01-1.jpg","contentUrl":"https:\/\/canal7slp.tv\/2022\/wp-content\/uploads\/2022\/03\/PRISLP01-1.jpg","width":1024,"height":422},{"@type":"BreadcrumbList","@id":"https:\/\/canal7slp.tv\/2022\/con-una-conferencia-el-pri-conmemoro-su-93-aniversario\/#breadcrumb","itemListElement":[{"@type":"ListItem","position":1,"name":"Portada","item":"https:\/\/canal7slp.tv\/2022\/"},{"@type":"ListItem","position":2,"name":"Con una conferencia el PRI conmemor\u00f3 su 93 aniversario"}]},{"@type":"WebSite","@id":"https:\/\/canal7slp.tv\/2022\/#website","url":"https:\/\/canal7slp.tv\/2022\/","name":"N7 - Noticieros Canal 7","description":"Somos Televisi\u00f3n","publisher":{"@id":"https:\/\/canal7slp.tv\/2022\/#organization"},"potentialAction":[{"@type":"SearchAction","target":{"@type":"EntryPoint","urlTemplate":"https:\/\/canal7slp.tv\/2022\/?s={search_term_string}"},"query-input":{"@type":"PropertyValueSpecification","valueRequired":true,"valueName":"search_term_string"}}],"inLanguage":"es"},{"@type":"Organization","@id":"https:\/\/canal7slp.tv\/2022\/#organization","name":"Noticieros Canal 7","url":"https:\/\/canal7slp.tv\/2022\/","logo":{"@type":"ImageObject","inLanguage":"es","@id":"https:\/\/canal7slp.tv\/2022\/#\/schema\/logo\/image\/","url":"https:\/\/canal7slp.tv\/2022\/wp-content\/uploads\/2021\/01\/logo-noticieros@2x.png","contentUrl":"https:\/\/canal7slp.tv\/2022\/wp-content\/uploads\/2021\/01\/logo-noticieros@2x.png","width":1017,"height":268,"caption":"Noticieros Canal 7"},"image":{"@id":"https:\/\/canal7slp.tv\/2022\/#\/schema\/logo\/image\/"},"sameAs":["https:\/\/www.facebook.com\/noticieroscanalsiete","https:\/\/x.com\/NOTICIEROS7","https:\/\/www.instagram.com\/canal7_slp","https:\/\/www.youtube.com\/channel\/UCliiYs-gP3JfJeqdPrNdd5A"]},{"@type":"Person","@id":"https:\/\/canal7slp.tv\/2022\/#\/schema\/person\/429704152a21f5f856ce29aa69a238da","name":"Edici\u00f3n Web","image":{"@type":"ImageObject","inLanguage":"es","@id":"https:\/\/secure.gravatar.com\/avatar\/eee448fc3f7164808013b816ba91ac7e43bbe82a70bebac296f8bc6f0addaa1a?s=96&d=mm&r=g","url":"https:\/\/secure.gravatar.com\/avatar\/eee448fc3f7164808013b816ba91ac7e43bbe82a70bebac296f8bc6f0addaa1a?s=96&d=mm&r=g","contentUrl":"https:\/\/secure.gravatar.com\/avatar\/eee448fc3f7164808013b816ba91ac7e43bbe82a70bebac296f8bc6f0addaa1a?s=96&d=mm&r=g","caption":"Edici\u00f3n Web"},"url":"https:\/\/canal7slp.tv\/2022\/author\/edicionweb\/"}]}},"amp_enabled":true,"_links":{"self":[{"href":"https:\/\/canal7slp.tv\/2022\/wp-json\/wp\/v2\/posts\/53328","targetHints":{"allow":["GET"]}}],"collection":[{"href":"https:\/\/canal7slp.tv\/2022\/wp-json\/wp\/v2\/posts"}],"about":[{"href":"https:\/\/canal7slp.tv\/2022\/wp-json\/wp\/v2\/types\/post"}],"author":[{"embeddable":true,"href":"https:\/\/canal7slp.tv\/2022\/wp-json\/wp\/v2\/users\/2"}],"replies":[{"embeddable":true,"href":"https:\/\/canal7slp.tv\/2022\/wp-json\/wp\/v2\/comments?post=53328"}],"version-history":[{"count":2,"href":"https:\/\/canal7slp.tv\/2022\/wp-json\/wp\/v2\/posts\/53328\/revisions"}],"predecessor-version":[{"id":53334,"href":"https:\/\/canal7slp.tv\/2022\/wp-json\/wp\/v2\/posts\/53328\/revisions\/53334"}],"wp:featuredmedia":[{"embeddable":true,"href":"https:\/\/canal7slp.tv\/2022\/wp-json\/wp\/v2\/media\/53333"}],"wp:attachment":[{"href":"https:\/\/canal7slp.tv\/2022\/wp-json\/wp\/v2\/media?parent=53328"}],"wp:term":[{"taxonomy":"category","embeddable":true,"href":"https:\/\/canal7slp.tv\/2022\/wp-json\/wp\/v2\/categories?post=53328"},{"taxonomy":"post_tag","embeddable":true,"href":"https:\/\/canal7slp.tv\/2022\/wp-json\/wp\/v2\/tags?post=53328"}],"curies":[{"name":"wp","href":"https:\/\/api.w.org\/{rel}","templated":true}]}}