{"id":53314,"date":"2022-03-05T22:13:57","date_gmt":"2022-03-06T04:13:57","guid":{"rendered":"https:\/\/canal7slp.tv\/2022\/?p=53314"},"modified":"2022-03-05T22:13:57","modified_gmt":"2022-03-06T04:13:57","slug":"se-registra-sismo-de-6-grados-en-oaxaca","status":"publish","type":"post","link":"https:\/\/canal7slp.tv\/2022\/se-registra-sismo-de-6-grados-en-oaxaca\/","title":{"rendered":"Se registra sismo de 6 grados en Oaxaca"},"content":{"rendered":"<p style=\"text-align: justify;\">Ixtepec.- El Servicio Sismol\u00f3gico Nacional confirm\u00f3 que se registr\u00f3 un sismo de 6 grados de magnitud en Oaxaca.<\/p>\n<blockquote class=\"twitter-tweet\" data-width=\"550\" data-dnt=\"true\">\n<p lang=\"es\" dir=\"ltr\">SISMO Magnitud 5.6 Loc  27 km al NOROESTE de CD IXTEPEC, OAX 05\/03\/22 21:29:20 Lat 16.74 Lon -95.27 Pf 88 km <a href=\"https:\/\/t.co\/3wfEBLZ4hd\">pic.twitter.com\/3wfEBLZ4hd<\/a><\/p>\n<p>&mdash; Sismologico Nacional (@SismologicoMX) <a href=\"https:\/\/twitter.com\/SismologicoMX\/status\/1500319277110419459?ref_src=twsrc%5Etfw\">March 6, 2022<\/a><\/p><\/blockquote>\n<p><script async src=\"https:\/\/platform.twitter.com\/widgets.js\" charset=\"utf-8\"><\/script><\/p>\n<p style=\"text-align: justify;\">El epicentro movimiento tel\u00farico se localiz\u00f3 a 27 kil\u00f3metros al noroeste de Ixtepec -Latitud 16.74, Longitud -95.27-, a 88 kil\u00f3metros de profundidad.<\/p>\n<p style=\"text-align: justify;\">Cabe se\u00f1alar que el temblor se alcanz\u00f3 a sentir en la Ciudad de M\u00e9xico.<\/p>\n<div class=\"css-1dbjc4n\">\n<div id=\"id__rno25glulj\" class=\"css-1dbjc4n\" aria-labelledby=\"id__dvgl9h2m8vi id__04mvc049ocwj\">\n<div class=\"css-1dbjc4n r-1s2bzr4\">\n<div class=\"css-1dbjc4n r-1ets6dv r-1867qdf r-1phboty r-rs99b7 r-1ny4l3l r-1udh08x r-o7ynqc r-6416eg\">\n<div class=\"css-1dbjc4n\">\n<div class=\"css-1dbjc4n\">\n<div class=\"css-1dbjc4n r-1adg3ll r-1udh08x\" style=\"text-align: justify;\"><\/div>\n<\/div>\n<\/div>\n<\/div>\n<\/div>\n<\/div>\n<\/div>\n","protected":false},"excerpt":{"rendered":"<p>Ixtepec.- El Servicio Sismol\u00f3gico Nacional confirm\u00f3 que se registr\u00f3 un sismo de 6 grados de magnitud en Oaxaca. SISMO Magnitud 5.6 Loc 27 km al NOROESTE de CD IXTEPEC, OAX 05\/03\/22 21:29:20 Lat 16.74 Lon -95.27 Pf 88 km pic.twitter.com\/3wfEBLZ4hd &mdash; Sismologico Nacional (@SismologicoMX) March 6, 2022 El epicentro movimiento tel\u00farico se localiz\u00f3 a 27 kil\u00f3metros al noroeste de Ixtepec -Latitud 16.74, Longitud -95.27-, a 88 kil\u00f3metros de profundidad. Cabe se\u00f1alar que el temblor se alcanz\u00f3 a sentir en la Ciudad de M\u00e9xico.<\/p>\n","protected":false},"author":2,"featured_media":53316,"comment_status":"closed","ping_status":"closed","sticky":false,"template":"","format":"standard","meta":{"footnotes":""},"categories":[46],"tags":[],"class_list":["post-53314","post","type-post","status-publish","format-standard","has-post-thumbnail","hentry","category-nacional","post--single"],"yoast_head":"<!-- This site is optimized with the Yoast SEO plugin v27.4 - https:\/\/yoast.com\/product\/yoast-seo-wordpress\/ -->\n<title>Se registra sismo de 6 grados en Oaxaca - Canal 7 SLP - 2022<\/title>\n<meta name=\"robots\" content=\"index, follow, max-snippet:-1, max-image-preview:large, max-video-preview:-1\" \/>\n<link rel=\"canonical\" href=\"https:\/\/canal7slp.tv\/2022\/se-registra-sismo-de-6-grados-en-oaxaca\/\" \/>\n<meta property=\"og:locale\" content=\"es_ES\" \/>\n<meta property=\"og:type\" content=\"article\" \/>\n<meta property=\"og:title\" content=\"Se registra sismo de 6 grados en Oaxaca - Canal 7 SLP - 2022\" \/>\n<meta property=\"og:description\" content=\"Ixtepec.- El Servicio Sismol\u00f3gico Nacional confirm\u00f3 que se registr\u00f3 un sismo de 6 grados de magnitud en Oaxaca. SISMO Magnitud 5.6 Loc 27 km al NOROESTE de CD IXTEPEC, OAX 05\/03\/22 21:29:20 Lat 16.74 Lon -95.27 Pf 88 km pic.twitter.com\/3wfEBLZ4hd &mdash; Sismologico Nacional (@SismologicoMX) March 6, 2022 El epicentro movimiento tel\u00farico se localiz\u00f3 a 27 kil\u00f3metros al noroeste de Ixtepec -Latitud 16.74, Longitud -95.27-, a 88 kil\u00f3metros de profundidad. Cabe se\u00f1alar que el temblor se alcanz\u00f3 a sentir en la Ciudad de M\u00e9xico.\" \/>\n<meta property=\"og:url\" content=\"https:\/\/canal7slp.tv\/2022\/se-registra-sismo-de-6-grados-en-oaxaca\/\" \/>\n<meta property=\"og:site_name\" content=\"Canal 7 SLP - 2022\" \/>\n<meta property=\"article:publisher\" content=\"https:\/\/www.facebook.com\/noticieroscanalsiete\" \/>\n<meta property=\"article:published_time\" content=\"2022-03-06T04:13:57+00:00\" \/>\n<meta property=\"og:image\" content=\"https:\/\/canal7slp.tv\/2022\/wp-content\/uploads\/2022\/03\/08-1.png\" \/>\n\t<meta property=\"og:image:width\" content=\"833\" \/>\n\t<meta property=\"og:image:height\" content=\"500\" \/>\n\t<meta property=\"og:image:type\" content=\"image\/png\" \/>\n<meta name=\"author\" content=\"Edici\u00f3n Web\" \/>\n<meta name=\"twitter:card\" content=\"summary_large_image\" \/>\n<meta name=\"twitter:creator\" content=\"@NOTICIEROS7\" \/>\n<meta name=\"twitter:site\" content=\"@NOTICIEROS7\" \/>\n<meta name=\"twitter:label1\" content=\"Escrito por\" \/>\n\t<meta name=\"twitter:data1\" content=\"Edici\u00f3n Web\" \/>\n\t<meta name=\"twitter:label2\" content=\"Tiempo de lectura\" \/>\n\t<meta name=\"twitter:data2\" content=\"1 minuto\" \/>\n<script type=\"application\/ld+json\" class=\"yoast-schema-graph\">{\"@context\":\"https:\\\/\\\/schema.org\",\"@graph\":[{\"@type\":\"Article\",\"@id\":\"https:\\\/\\\/canal7slp.tv\\\/2022\\\/se-registra-sismo-de-6-grados-en-oaxaca\\\/#article\",\"isPartOf\":{\"@id\":\"https:\\\/\\\/canal7slp.tv\\\/2022\\\/se-registra-sismo-de-6-grados-en-oaxaca\\\/\"},\"author\":{\"name\":\"Edici\u00f3n Web\",\"@id\":\"https:\\\/\\\/canal7slp.tv\\\/2022\\\/#\\\/schema\\\/person\\\/429704152a21f5f856ce29aa69a238da\"},\"headline\":\"Se registra sismo de 6 grados en Oaxaca\",\"datePublished\":\"2022-03-06T04:13:57+00:00\",\"mainEntityOfPage\":{\"@id\":\"https:\\\/\\\/canal7slp.tv\\\/2022\\\/se-registra-sismo-de-6-grados-en-oaxaca\\\/\"},\"wordCount\":75,\"publisher\":{\"@id\":\"https:\\\/\\\/canal7slp.tv\\\/2022\\\/#organization\"},\"image\":{\"@id\":\"https:\\\/\\\/canal7slp.tv\\\/2022\\\/se-registra-sismo-de-6-grados-en-oaxaca\\\/#primaryimage\"},\"thumbnailUrl\":\"https:\\\/\\\/canal7slp.tv\\\/2022\\\/wp-content\\\/uploads\\\/2022\\\/03\\\/08-1.png\",\"articleSection\":[\"NACIONALES\"],\"inLanguage\":\"es\"},{\"@type\":\"WebPage\",\"@id\":\"https:\\\/\\\/canal7slp.tv\\\/2022\\\/se-registra-sismo-de-6-grados-en-oaxaca\\\/\",\"url\":\"https:\\\/\\\/canal7slp.tv\\\/2022\\\/se-registra-sismo-de-6-grados-en-oaxaca\\\/\",\"name\":\"Se registra sismo de 6 grados en Oaxaca - Canal 7 SLP - 2022\",\"isPartOf\":{\"@id\":\"https:\\\/\\\/canal7slp.tv\\\/2022\\\/#website\"},\"primaryImageOfPage\":{\"@id\":\"https:\\\/\\\/canal7slp.tv\\\/2022\\\/se-registra-sismo-de-6-grados-en-oaxaca\\\/#primaryimage\"},\"image\":{\"@id\":\"https:\\\/\\\/canal7slp.tv\\\/2022\\\/se-registra-sismo-de-6-grados-en-oaxaca\\\/#primaryimage\"},\"thumbnailUrl\":\"https:\\\/\\\/canal7slp.tv\\\/2022\\\/wp-content\\\/uploads\\\/2022\\\/03\\\/08-1.png\",\"datePublished\":\"2022-03-06T04:13:57+00:00\",\"breadcrumb\":{\"@id\":\"https:\\\/\\\/canal7slp.tv\\\/2022\\\/se-registra-sismo-de-6-grados-en-oaxaca\\\/#breadcrumb\"},\"inLanguage\":\"es\",\"potentialAction\":[{\"@type\":\"ReadAction\",\"target\":[\"https:\\\/\\\/canal7slp.tv\\\/2022\\\/se-registra-sismo-de-6-grados-en-oaxaca\\\/\"]}]},{\"@type\":\"ImageObject\",\"inLanguage\":\"es\",\"@id\":\"https:\\\/\\\/canal7slp.tv\\\/2022\\\/se-registra-sismo-de-6-grados-en-oaxaca\\\/#primaryimage\",\"url\":\"https:\\\/\\\/canal7slp.tv\\\/2022\\\/wp-content\\\/uploads\\\/2022\\\/03\\\/08-1.png\",\"contentUrl\":\"https:\\\/\\\/canal7slp.tv\\\/2022\\\/wp-content\\\/uploads\\\/2022\\\/03\\\/08-1.png\",\"width\":833,\"height\":500},{\"@type\":\"BreadcrumbList\",\"@id\":\"https:\\\/\\\/canal7slp.tv\\\/2022\\\/se-registra-sismo-de-6-grados-en-oaxaca\\\/#breadcrumb\",\"itemListElement\":[{\"@type\":\"ListItem\",\"position\":1,\"name\":\"Portada\",\"item\":\"https:\\\/\\\/canal7slp.tv\\\/2022\\\/\"},{\"@type\":\"ListItem\",\"position\":2,\"name\":\"Se registra sismo de 6 grados en Oaxaca\"}]},{\"@type\":\"WebSite\",\"@id\":\"https:\\\/\\\/canal7slp.tv\\\/2022\\\/#website\",\"url\":\"https:\\\/\\\/canal7slp.tv\\\/2022\\\/\",\"name\":\"N7 - Noticieros Canal 7\",\"description\":\"Somos Televisi\u00f3n\",\"publisher\":{\"@id\":\"https:\\\/\\\/canal7slp.tv\\\/2022\\\/#organization\"},\"potentialAction\":[{\"@type\":\"SearchAction\",\"target\":{\"@type\":\"EntryPoint\",\"urlTemplate\":\"https:\\\/\\\/canal7slp.tv\\\/2022\\\/?s={search_term_string}\"},\"query-input\":{\"@type\":\"PropertyValueSpecification\",\"valueRequired\":true,\"valueName\":\"search_term_string\"}}],\"inLanguage\":\"es\"},{\"@type\":\"Organization\",\"@id\":\"https:\\\/\\\/canal7slp.tv\\\/2022\\\/#organization\",\"name\":\"Noticieros Canal 7\",\"url\":\"https:\\\/\\\/canal7slp.tv\\\/2022\\\/\",\"logo\":{\"@type\":\"ImageObject\",\"inLanguage\":\"es\",\"@id\":\"https:\\\/\\\/canal7slp.tv\\\/2022\\\/#\\\/schema\\\/logo\\\/image\\\/\",\"url\":\"https:\\\/\\\/canal7slp.tv\\\/2022\\\/wp-content\\\/uploads\\\/2021\\\/01\\\/logo-noticieros@2x.png\",\"contentUrl\":\"https:\\\/\\\/canal7slp.tv\\\/2022\\\/wp-content\\\/uploads\\\/2021\\\/01\\\/logo-noticieros@2x.png\",\"width\":1017,\"height\":268,\"caption\":\"Noticieros Canal 7\"},\"image\":{\"@id\":\"https:\\\/\\\/canal7slp.tv\\\/2022\\\/#\\\/schema\\\/logo\\\/image\\\/\"},\"sameAs\":[\"https:\\\/\\\/www.facebook.com\\\/noticieroscanalsiete\",\"https:\\\/\\\/x.com\\\/NOTICIEROS7\",\"https:\\\/\\\/www.instagram.com\\\/canal7_slp\",\"https:\\\/\\\/www.youtube.com\\\/channel\\\/UCliiYs-gP3JfJeqdPrNdd5A\"]},{\"@type\":\"Person\",\"@id\":\"https:\\\/\\\/canal7slp.tv\\\/2022\\\/#\\\/schema\\\/person\\\/429704152a21f5f856ce29aa69a238da\",\"name\":\"Edici\u00f3n Web\",\"image\":{\"@type\":\"ImageObject\",\"inLanguage\":\"es\",\"@id\":\"https:\\\/\\\/secure.gravatar.com\\\/avatar\\\/eee448fc3f7164808013b816ba91ac7e43bbe82a70bebac296f8bc6f0addaa1a?s=96&d=mm&r=g\",\"url\":\"https:\\\/\\\/secure.gravatar.com\\\/avatar\\\/eee448fc3f7164808013b816ba91ac7e43bbe82a70bebac296f8bc6f0addaa1a?s=96&d=mm&r=g\",\"contentUrl\":\"https:\\\/\\\/secure.gravatar.com\\\/avatar\\\/eee448fc3f7164808013b816ba91ac7e43bbe82a70bebac296f8bc6f0addaa1a?s=96&d=mm&r=g\",\"caption\":\"Edici\u00f3n Web\"},\"url\":\"https:\\\/\\\/canal7slp.tv\\\/2022\\\/author\\\/edicionweb\\\/\"}]}<\/script>\n<!-- \/ Yoast SEO plugin. -->","yoast_head_json":{"title":"Se registra sismo de 6 grados en Oaxaca - Canal 7 SLP - 2022","robots":{"index":"index","follow":"follow","max-snippet":"max-snippet:-1","max-image-preview":"max-image-preview:large","max-video-preview":"max-video-preview:-1"},"canonical":"https:\/\/canal7slp.tv\/2022\/se-registra-sismo-de-6-grados-en-oaxaca\/","og_locale":"es_ES","og_type":"article","og_title":"Se registra sismo de 6 grados en Oaxaca - Canal 7 SLP - 2022","og_description":"Ixtepec.- El Servicio Sismol\u00f3gico Nacional confirm\u00f3 que se registr\u00f3 un sismo de 6 grados de magnitud en Oaxaca. SISMO Magnitud 5.6 Loc 27 km al NOROESTE de CD IXTEPEC, OAX 05\/03\/22 21:29:20 Lat 16.74 Lon -95.27 Pf 88 km pic.twitter.com\/3wfEBLZ4hd &mdash; Sismologico Nacional (@SismologicoMX) March 6, 2022 El epicentro movimiento tel\u00farico se localiz\u00f3 a 27 kil\u00f3metros al noroeste de Ixtepec -Latitud 16.74, Longitud -95.27-, a 88 kil\u00f3metros de profundidad. Cabe se\u00f1alar que el temblor se alcanz\u00f3 a sentir en la Ciudad de M\u00e9xico.","og_url":"https:\/\/canal7slp.tv\/2022\/se-registra-sismo-de-6-grados-en-oaxaca\/","og_site_name":"Canal 7 SLP - 2022","article_publisher":"https:\/\/www.facebook.com\/noticieroscanalsiete","article_published_time":"2022-03-06T04:13:57+00:00","og_image":[{"width":833,"height":500,"url":"https:\/\/canal7slp.tv\/2022\/wp-content\/uploads\/2022\/03\/08-1.png","type":"image\/png"}],"author":"Edici\u00f3n Web","twitter_card":"summary_large_image","twitter_creator":"@NOTICIEROS7","twitter_site":"@NOTICIEROS7","twitter_misc":{"Escrito por":"Edici\u00f3n Web","Tiempo de lectura":"1 minuto"},"schema":{"@context":"https:\/\/schema.org","@graph":[{"@type":"Article","@id":"https:\/\/canal7slp.tv\/2022\/se-registra-sismo-de-6-grados-en-oaxaca\/#article","isPartOf":{"@id":"https:\/\/canal7slp.tv\/2022\/se-registra-sismo-de-6-grados-en-oaxaca\/"},"author":{"name":"Edici\u00f3n Web","@id":"https:\/\/canal7slp.tv\/2022\/#\/schema\/person\/429704152a21f5f856ce29aa69a238da"},"headline":"Se registra sismo de 6 grados en Oaxaca","datePublished":"2022-03-06T04:13:57+00:00","mainEntityOfPage":{"@id":"https:\/\/canal7slp.tv\/2022\/se-registra-sismo-de-6-grados-en-oaxaca\/"},"wordCount":75,"publisher":{"@id":"https:\/\/canal7slp.tv\/2022\/#organization"},"image":{"@id":"https:\/\/canal7slp.tv\/2022\/se-registra-sismo-de-6-grados-en-oaxaca\/#primaryimage"},"thumbnailUrl":"https:\/\/canal7slp.tv\/2022\/wp-content\/uploads\/2022\/03\/08-1.png","articleSection":["NACIONALES"],"inLanguage":"es"},{"@type":"WebPage","@id":"https:\/\/canal7slp.tv\/2022\/se-registra-sismo-de-6-grados-en-oaxaca\/","url":"https:\/\/canal7slp.tv\/2022\/se-registra-sismo-de-6-grados-en-oaxaca\/","name":"Se registra sismo de 6 grados en Oaxaca - Canal 7 SLP - 2022","isPartOf":{"@id":"https:\/\/canal7slp.tv\/2022\/#website"},"primaryImageOfPage":{"@id":"https:\/\/canal7slp.tv\/2022\/se-registra-sismo-de-6-grados-en-oaxaca\/#primaryimage"},"image":{"@id":"https:\/\/canal7slp.tv\/2022\/se-registra-sismo-de-6-grados-en-oaxaca\/#primaryimage"},"thumbnailUrl":"https:\/\/canal7slp.tv\/2022\/wp-content\/uploads\/2022\/03\/08-1.png","datePublished":"2022-03-06T04:13:57+00:00","breadcrumb":{"@id":"https:\/\/canal7slp.tv\/2022\/se-registra-sismo-de-6-grados-en-oaxaca\/#breadcrumb"},"inLanguage":"es","potentialAction":[{"@type":"ReadAction","target":["https:\/\/canal7slp.tv\/2022\/se-registra-sismo-de-6-grados-en-oaxaca\/"]}]},{"@type":"ImageObject","inLanguage":"es","@id":"https:\/\/canal7slp.tv\/2022\/se-registra-sismo-de-6-grados-en-oaxaca\/#primaryimage","url":"https:\/\/canal7slp.tv\/2022\/wp-content\/uploads\/2022\/03\/08-1.png","contentUrl":"https:\/\/canal7slp.tv\/2022\/wp-content\/uploads\/2022\/03\/08-1.png","width":833,"height":500},{"@type":"BreadcrumbList","@id":"https:\/\/canal7slp.tv\/2022\/se-registra-sismo-de-6-grados-en-oaxaca\/#breadcrumb","itemListElement":[{"@type":"ListItem","position":1,"name":"Portada","item":"https:\/\/canal7slp.tv\/2022\/"},{"@type":"ListItem","position":2,"name":"Se registra sismo de 6 grados en Oaxaca"}]},{"@type":"WebSite","@id":"https:\/\/canal7slp.tv\/2022\/#website","url":"https:\/\/canal7slp.tv\/2022\/","name":"N7 - Noticieros Canal 7","description":"Somos Televisi\u00f3n","publisher":{"@id":"https:\/\/canal7slp.tv\/2022\/#organization"},"potentialAction":[{"@type":"SearchAction","target":{"@type":"EntryPoint","urlTemplate":"https:\/\/canal7slp.tv\/2022\/?s={search_term_string}"},"query-input":{"@type":"PropertyValueSpecification","valueRequired":true,"valueName":"search_term_string"}}],"inLanguage":"es"},{"@type":"Organization","@id":"https:\/\/canal7slp.tv\/2022\/#organization","name":"Noticieros Canal 7","url":"https:\/\/canal7slp.tv\/2022\/","logo":{"@type":"ImageObject","inLanguage":"es","@id":"https:\/\/canal7slp.tv\/2022\/#\/schema\/logo\/image\/","url":"https:\/\/canal7slp.tv\/2022\/wp-content\/uploads\/2021\/01\/logo-noticieros@2x.png","contentUrl":"https:\/\/canal7slp.tv\/2022\/wp-content\/uploads\/2021\/01\/logo-noticieros@2x.png","width":1017,"height":268,"caption":"Noticieros Canal 7"},"image":{"@id":"https:\/\/canal7slp.tv\/2022\/#\/schema\/logo\/image\/"},"sameAs":["https:\/\/www.facebook.com\/noticieroscanalsiete","https:\/\/x.com\/NOTICIEROS7","https:\/\/www.instagram.com\/canal7_slp","https:\/\/www.youtube.com\/channel\/UCliiYs-gP3JfJeqdPrNdd5A"]},{"@type":"Person","@id":"https:\/\/canal7slp.tv\/2022\/#\/schema\/person\/429704152a21f5f856ce29aa69a238da","name":"Edici\u00f3n Web","image":{"@type":"ImageObject","inLanguage":"es","@id":"https:\/\/secure.gravatar.com\/avatar\/eee448fc3f7164808013b816ba91ac7e43bbe82a70bebac296f8bc6f0addaa1a?s=96&d=mm&r=g","url":"https:\/\/secure.gravatar.com\/avatar\/eee448fc3f7164808013b816ba91ac7e43bbe82a70bebac296f8bc6f0addaa1a?s=96&d=mm&r=g","contentUrl":"https:\/\/secure.gravatar.com\/avatar\/eee448fc3f7164808013b816ba91ac7e43bbe82a70bebac296f8bc6f0addaa1a?s=96&d=mm&r=g","caption":"Edici\u00f3n Web"},"url":"https:\/\/canal7slp.tv\/2022\/author\/edicionweb\/"}]}},"amp_enabled":true,"_links":{"self":[{"href":"https:\/\/canal7slp.tv\/2022\/wp-json\/wp\/v2\/posts\/53314","targetHints":{"allow":["GET"]}}],"collection":[{"href":"https:\/\/canal7slp.tv\/2022\/wp-json\/wp\/v2\/posts"}],"about":[{"href":"https:\/\/canal7slp.tv\/2022\/wp-json\/wp\/v2\/types\/post"}],"author":[{"embeddable":true,"href":"https:\/\/canal7slp.tv\/2022\/wp-json\/wp\/v2\/users\/2"}],"replies":[{"embeddable":true,"href":"https:\/\/canal7slp.tv\/2022\/wp-json\/wp\/v2\/comments?post=53314"}],"version-history":[{"count":1,"href":"https:\/\/canal7slp.tv\/2022\/wp-json\/wp\/v2\/posts\/53314\/revisions"}],"predecessor-version":[{"id":53317,"href":"https:\/\/canal7slp.tv\/2022\/wp-json\/wp\/v2\/posts\/53314\/revisions\/53317"}],"wp:featuredmedia":[{"embeddable":true,"href":"https:\/\/canal7slp.tv\/2022\/wp-json\/wp\/v2\/media\/53316"}],"wp:attachment":[{"href":"https:\/\/canal7slp.tv\/2022\/wp-json\/wp\/v2\/media?parent=53314"}],"wp:term":[{"taxonomy":"category","embeddable":true,"href":"https:\/\/canal7slp.tv\/2022\/wp-json\/wp\/v2\/categories?post=53314"},{"taxonomy":"post_tag","embeddable":true,"href":"https:\/\/canal7slp.tv\/2022\/wp-json\/wp\/v2\/tags?post=53314"}],"curies":[{"name":"wp","href":"https:\/\/api.w.org\/{rel}","templated":true}]}}