{"id":53289,"date":"2022-03-05T20:20:45","date_gmt":"2022-03-06T02:20:45","guid":{"rendered":"https:\/\/canal7slp.tv\/2022\/?p=53289"},"modified":"2022-03-05T20:20:45","modified_gmt":"2022-03-06T02:20:45","slug":"eligen-a-edmundo-fuentes-mendoza-como-secretario-de-accion-juvenil-del-pan","status":"publish","type":"post","link":"https:\/\/canal7slp.tv\/2022\/eligen-a-edmundo-fuentes-mendoza-como-secretario-de-accion-juvenil-del-pan\/","title":{"rendered":"Eligen a Edmundo Fuentes Mendoza como Secretario de Acci\u00f3n Juvenil del PAN"},"content":{"rendered":"<p style=\"text-align: justify;\">SLP.- Edmundo Fuentes Mendoza fue electo como Secretario de Acci\u00f3n Juvenil para el per\u00edodo 2022-2024 en la D\u00e9cima Asamblea efectuada est\u00e9 s\u00e1bado en el Auditorio del Comit\u00e9 Directivo Estatal del PAN; quien dijo a los j\u00f3venes que deben entender que hay tiempos para compartir, para competir y para construir.<\/p>\n<p style=\"text-align: justify;\">Al tomar protesta como presidente de Acci\u00f3n Juvenil, Fuentes Mendoza, asegur\u00f3 que la pol\u00edtica subsiste gracias a la incursi\u00f3n de las y los j\u00f3venes, muchos de ellos inspirados en el deber ser.<\/p>\n<p style=\"text-align: justify;\">\u201cTenemos adentro del partido una lucha de opini\u00f3n, de ideas y debate, pero nunca una lucha de poder por el poder, la lucha verdadera ser\u00e1 la electoral que est\u00e9 afuera, para eso debemos estar unidos, si somos panistas demostremos nuestros colores en todas partes\u201d; subray\u00f3.<\/p>\n<p style=\"text-align: justify;\">La presidenta del PAN, Ver\u00f3nica Rodr\u00edguez Hern\u00e1ndez, destac\u00f3 el trabajo previo de los j\u00f3venes panistas para unirse entorno a una planilla de unidad que representa a todos los liderazgos de la juventud azul.<\/p>\n<p style=\"text-align: justify;\">\u201cLo que ustedes est\u00e1n haciendo hoy no es solo venir aqu\u00ed a la elecci\u00f3n del Secretario Estatal, hoy ustedes est\u00e1n marcando una nueva etapa para nuestro partido. Son ustedes la pr\u00f3xima generaci\u00f3n que estar\u00e1 aqu\u00ed al frente, quienes ser\u00e1n diputados, alcaldes, s\u00edndicos, regidores o funcionarios del Comit\u00e9 Estatal\u201d; les dijo.<\/p>\n<p style=\"text-align: justify;\">Al agradecer el per\u00edodo en el que estuvo al frente; Adri\u00e1n Mu\u00f1oz Moreno, se despidi\u00f3 satisfecho del trabajo que encabez\u00f3 en Acci\u00f3n Juvenil; \u201cVayamos al rescate de M\u00e9xico y de San Luis Potos\u00ed, somos la fuerza que necesita el PAN para dar la lucha por la democracia, por nuestras instituciones; aunque en ocasiones observamos cosas buenas y malas de algunos personajes pol\u00edticos; no nos desanimemos, esforc\u00e9monos m\u00e1s por construir el Estado que merecemos\u201d; indic\u00f3.<\/p>\n<p style=\"text-align: justify;\">La Delegada de la Secretar\u00eda Nacional de Acci\u00f3n Juvenil, Brenda Garc\u00eda, fue la encargada de tomar protesta a los integrantes de la nueva Secretar\u00eda de Acci\u00f3n Juvenil: Edmundo Fuentes Mendoza, Laila Yamile Dahud Rubio, Carolina Ivonne D\u00e1valos Reyes y Jos\u00e9 Gerardo Marino Miranda.<\/p>\n<p style=\"text-align: justify;\">Las y los j\u00f3venes de Acci\u00f3n Juvenil de las cuatro zonas del Estado, se registraron con antelaci\u00f3n para participar como delegados en la asamblea estatal de Acci\u00f3n Juvenil y votaron por unanimidad por la planilla \u00fanica, despu\u00e9s del consenso que realizaron los diversos liderazgos de j\u00f3venes panistas.<\/p>\n<p style=\"text-align: justify;\">En la Asamblea estuvieron presentes, la presidenta del Comit\u00e9 Directivo Estatal del PAN, Ver\u00f3nica Rodr\u00edguez Hern\u00e1ndez; el Secretario General, Franco Alejandro Coronado Guerra; el secretario de Acci\u00f3n Juvenil que concluye su periodo, Adri\u00e1n Mu\u00f1oz Morena, y la Delegada del CEN del PAN, Brenda Garc\u00eda.<\/p>\n<p><img loading=\"lazy\" decoding=\"async\" class=\"alignnone size-medium wp-image-53290\" src=\"https:\/\/canal7slp.tv\/2022\/wp-content\/uploads\/2022\/03\/PAN01a-300x200.jpg\" alt=\"\" width=\"300\" height=\"200\" srcset=\"https:\/\/canal7slp.tv\/2022\/wp-content\/uploads\/2022\/03\/PAN01a-300x200.jpg 300w, https:\/\/canal7slp.tv\/2022\/wp-content\/uploads\/2022\/03\/PAN01a-768x512.jpg 768w, https:\/\/canal7slp.tv\/2022\/wp-content\/uploads\/2022\/03\/PAN01a-800x534.jpg 800w, https:\/\/canal7slp.tv\/2022\/wp-content\/uploads\/2022\/03\/PAN01a.jpg 1024w\" sizes=\"auto, (max-width: 300px) 100vw, 300px\" \/> <img loading=\"lazy\" decoding=\"async\" class=\"alignnone size-medium wp-image-53291\" src=\"https:\/\/canal7slp.tv\/2022\/wp-content\/uploads\/2022\/03\/PAN01b-300x200.jpg\" alt=\"\" width=\"300\" height=\"200\" srcset=\"https:\/\/canal7slp.tv\/2022\/wp-content\/uploads\/2022\/03\/PAN01b-300x200.jpg 300w, https:\/\/canal7slp.tv\/2022\/wp-content\/uploads\/2022\/03\/PAN01b-768x512.jpg 768w, https:\/\/canal7slp.tv\/2022\/wp-content\/uploads\/2022\/03\/PAN01b-800x534.jpg 800w, https:\/\/canal7slp.tv\/2022\/wp-content\/uploads\/2022\/03\/PAN01b.jpg 1024w\" sizes=\"auto, (max-width: 300px) 100vw, 300px\" \/> <img loading=\"lazy\" decoding=\"async\" class=\"alignnone size-medium wp-image-53292\" src=\"https:\/\/canal7slp.tv\/2022\/wp-content\/uploads\/2022\/03\/PAN01c-300x200.jpg\" alt=\"\" width=\"300\" height=\"200\" srcset=\"https:\/\/canal7slp.tv\/2022\/wp-content\/uploads\/2022\/03\/PAN01c-300x200.jpg 300w, https:\/\/canal7slp.tv\/2022\/wp-content\/uploads\/2022\/03\/PAN01c-768x512.jpg 768w, https:\/\/canal7slp.tv\/2022\/wp-content\/uploads\/2022\/03\/PAN01c-800x534.jpg 800w, https:\/\/canal7slp.tv\/2022\/wp-content\/uploads\/2022\/03\/PAN01c.jpg 1024w\" sizes=\"auto, (max-width: 300px) 100vw, 300px\" \/><\/p>\n","protected":false},"excerpt":{"rendered":"<p>SLP.- Edmundo Fuentes Mendoza fue electo como Secretario de Acci\u00f3n Juvenil para el per\u00edodo 2022-2024 en la D\u00e9cima Asamblea efectuada est\u00e9 s\u00e1bado en el Auditorio del Comit\u00e9 Directivo Estatal del PAN; quien dijo a los j\u00f3venes que deben entender que hay tiempos para compartir, para competir y para construir. Al tomar protesta como presidente de Acci\u00f3n Juvenil, Fuentes Mendoza, asegur\u00f3 que la pol\u00edtica subsiste gracias a la incursi\u00f3n de las y los j\u00f3venes, muchos de ellos inspirados en el deber ser. \u201cTenemos adentro del partido una lucha de opini\u00f3n, de ideas y debate, pero nunca una lucha de poder por [&hellip;]<\/p>\n","protected":false},"author":2,"featured_media":53294,"comment_status":"closed","ping_status":"closed","sticky":false,"template":"","format":"gallery","meta":{"footnotes":""},"categories":[45],"tags":[],"class_list":["post-53289","post","type-post","status-publish","format-gallery","has-post-thumbnail","hentry","category-localesyregionales","post_format-post-format-gallery","post--single"],"yoast_head":"<!-- This site is optimized with the Yoast SEO plugin v27.4 - https:\/\/yoast.com\/product\/yoast-seo-wordpress\/ -->\n<title>Eligen a Edmundo Fuentes Mendoza como Secretario de Acci\u00f3n Juvenil del PAN - Canal 7 SLP - 2022<\/title>\n<meta name=\"robots\" content=\"index, follow, max-snippet:-1, max-image-preview:large, max-video-preview:-1\" \/>\n<link rel=\"canonical\" href=\"https:\/\/canal7slp.tv\/2022\/eligen-a-edmundo-fuentes-mendoza-como-secretario-de-accion-juvenil-del-pan\/\" \/>\n<meta property=\"og:locale\" content=\"es_ES\" \/>\n<meta property=\"og:type\" content=\"article\" \/>\n<meta property=\"og:title\" content=\"Eligen a Edmundo Fuentes Mendoza como Secretario de Acci\u00f3n Juvenil del PAN - Canal 7 SLP - 2022\" \/>\n<meta property=\"og:description\" content=\"SLP.- Edmundo Fuentes Mendoza fue electo como Secretario de Acci\u00f3n Juvenil para el per\u00edodo 2022-2024 en la D\u00e9cima Asamblea efectuada est\u00e9 s\u00e1bado en el Auditorio del Comit\u00e9 Directivo Estatal del PAN; quien dijo a los j\u00f3venes que deben entender que hay tiempos para compartir, para competir y para construir. Al tomar protesta como presidente de Acci\u00f3n Juvenil, Fuentes Mendoza, asegur\u00f3 que la pol\u00edtica subsiste gracias a la incursi\u00f3n de las y los j\u00f3venes, muchos de ellos inspirados en el deber ser. \u201cTenemos adentro del partido una lucha de opini\u00f3n, de ideas y debate, pero nunca una lucha de poder por [&hellip;]\" \/>\n<meta property=\"og:url\" content=\"https:\/\/canal7slp.tv\/2022\/eligen-a-edmundo-fuentes-mendoza-como-secretario-de-accion-juvenil-del-pan\/\" \/>\n<meta property=\"og:site_name\" content=\"Canal 7 SLP - 2022\" \/>\n<meta property=\"article:publisher\" content=\"https:\/\/www.facebook.com\/noticieroscanalsiete\" \/>\n<meta property=\"article:published_time\" content=\"2022-03-06T02:20:45+00:00\" \/>\n<meta property=\"og:image\" content=\"https:\/\/canal7slp.tv\/2022\/wp-content\/uploads\/2022\/03\/PAN01b-1.jpg\" \/>\n\t<meta property=\"og:image:width\" content=\"749\" \/>\n\t<meta property=\"og:image:height\" content=\"500\" \/>\n\t<meta property=\"og:image:type\" content=\"image\/jpeg\" \/>\n<meta name=\"author\" content=\"Edici\u00f3n Web\" \/>\n<meta name=\"twitter:card\" content=\"summary_large_image\" \/>\n<meta name=\"twitter:creator\" content=\"@NOTICIEROS7\" \/>\n<meta name=\"twitter:site\" content=\"@NOTICIEROS7\" \/>\n<meta name=\"twitter:label1\" content=\"Escrito por\" \/>\n\t<meta name=\"twitter:data1\" content=\"Edici\u00f3n Web\" \/>\n\t<meta name=\"twitter:label2\" content=\"Tiempo de lectura\" \/>\n\t<meta name=\"twitter:data2\" content=\"3 minutos\" \/>\n<script type=\"application\/ld+json\" class=\"yoast-schema-graph\">{\"@context\":\"https:\\\/\\\/schema.org\",\"@graph\":[{\"@type\":\"Article\",\"@id\":\"https:\\\/\\\/canal7slp.tv\\\/2022\\\/eligen-a-edmundo-fuentes-mendoza-como-secretario-de-accion-juvenil-del-pan\\\/#article\",\"isPartOf\":{\"@id\":\"https:\\\/\\\/canal7slp.tv\\\/2022\\\/eligen-a-edmundo-fuentes-mendoza-como-secretario-de-accion-juvenil-del-pan\\\/\"},\"author\":{\"name\":\"Edici\u00f3n Web\",\"@id\":\"https:\\\/\\\/canal7slp.tv\\\/2022\\\/#\\\/schema\\\/person\\\/429704152a21f5f856ce29aa69a238da\"},\"headline\":\"Eligen a Edmundo Fuentes Mendoza como Secretario de Acci\u00f3n Juvenil del PAN\",\"datePublished\":\"2022-03-06T02:20:45+00:00\",\"mainEntityOfPage\":{\"@id\":\"https:\\\/\\\/canal7slp.tv\\\/2022\\\/eligen-a-edmundo-fuentes-mendoza-como-secretario-de-accion-juvenil-del-pan\\\/\"},\"wordCount\":479,\"publisher\":{\"@id\":\"https:\\\/\\\/canal7slp.tv\\\/2022\\\/#organization\"},\"image\":{\"@id\":\"https:\\\/\\\/canal7slp.tv\\\/2022\\\/eligen-a-edmundo-fuentes-mendoza-como-secretario-de-accion-juvenil-del-pan\\\/#primaryimage\"},\"thumbnailUrl\":\"https:\\\/\\\/canal7slp.tv\\\/2022\\\/wp-content\\\/uploads\\\/2022\\\/03\\\/PAN01b-1.jpg\",\"articleSection\":[\"LOCALES Y REGIONALES\"],\"inLanguage\":\"es\"},{\"@type\":\"WebPage\",\"@id\":\"https:\\\/\\\/canal7slp.tv\\\/2022\\\/eligen-a-edmundo-fuentes-mendoza-como-secretario-de-accion-juvenil-del-pan\\\/\",\"url\":\"https:\\\/\\\/canal7slp.tv\\\/2022\\\/eligen-a-edmundo-fuentes-mendoza-como-secretario-de-accion-juvenil-del-pan\\\/\",\"name\":\"Eligen a Edmundo Fuentes Mendoza como Secretario de Acci\u00f3n Juvenil del PAN - Canal 7 SLP - 2022\",\"isPartOf\":{\"@id\":\"https:\\\/\\\/canal7slp.tv\\\/2022\\\/#website\"},\"primaryImageOfPage\":{\"@id\":\"https:\\\/\\\/canal7slp.tv\\\/2022\\\/eligen-a-edmundo-fuentes-mendoza-como-secretario-de-accion-juvenil-del-pan\\\/#primaryimage\"},\"image\":{\"@id\":\"https:\\\/\\\/canal7slp.tv\\\/2022\\\/eligen-a-edmundo-fuentes-mendoza-como-secretario-de-accion-juvenil-del-pan\\\/#primaryimage\"},\"thumbnailUrl\":\"https:\\\/\\\/canal7slp.tv\\\/2022\\\/wp-content\\\/uploads\\\/2022\\\/03\\\/PAN01b-1.jpg\",\"datePublished\":\"2022-03-06T02:20:45+00:00\",\"breadcrumb\":{\"@id\":\"https:\\\/\\\/canal7slp.tv\\\/2022\\\/eligen-a-edmundo-fuentes-mendoza-como-secretario-de-accion-juvenil-del-pan\\\/#breadcrumb\"},\"inLanguage\":\"es\",\"potentialAction\":[{\"@type\":\"ReadAction\",\"target\":[\"https:\\\/\\\/canal7slp.tv\\\/2022\\\/eligen-a-edmundo-fuentes-mendoza-como-secretario-de-accion-juvenil-del-pan\\\/\"]}]},{\"@type\":\"ImageObject\",\"inLanguage\":\"es\",\"@id\":\"https:\\\/\\\/canal7slp.tv\\\/2022\\\/eligen-a-edmundo-fuentes-mendoza-como-secretario-de-accion-juvenil-del-pan\\\/#primaryimage\",\"url\":\"https:\\\/\\\/canal7slp.tv\\\/2022\\\/wp-content\\\/uploads\\\/2022\\\/03\\\/PAN01b-1.jpg\",\"contentUrl\":\"https:\\\/\\\/canal7slp.tv\\\/2022\\\/wp-content\\\/uploads\\\/2022\\\/03\\\/PAN01b-1.jpg\",\"width\":749,\"height\":500},{\"@type\":\"BreadcrumbList\",\"@id\":\"https:\\\/\\\/canal7slp.tv\\\/2022\\\/eligen-a-edmundo-fuentes-mendoza-como-secretario-de-accion-juvenil-del-pan\\\/#breadcrumb\",\"itemListElement\":[{\"@type\":\"ListItem\",\"position\":1,\"name\":\"Portada\",\"item\":\"https:\\\/\\\/canal7slp.tv\\\/2022\\\/\"},{\"@type\":\"ListItem\",\"position\":2,\"name\":\"Eligen a Edmundo Fuentes Mendoza como Secretario de Acci\u00f3n Juvenil del PAN\"}]},{\"@type\":\"WebSite\",\"@id\":\"https:\\\/\\\/canal7slp.tv\\\/2022\\\/#website\",\"url\":\"https:\\\/\\\/canal7slp.tv\\\/2022\\\/\",\"name\":\"N7 - Noticieros Canal 7\",\"description\":\"Somos Televisi\u00f3n\",\"publisher\":{\"@id\":\"https:\\\/\\\/canal7slp.tv\\\/2022\\\/#organization\"},\"potentialAction\":[{\"@type\":\"SearchAction\",\"target\":{\"@type\":\"EntryPoint\",\"urlTemplate\":\"https:\\\/\\\/canal7slp.tv\\\/2022\\\/?s={search_term_string}\"},\"query-input\":{\"@type\":\"PropertyValueSpecification\",\"valueRequired\":true,\"valueName\":\"search_term_string\"}}],\"inLanguage\":\"es\"},{\"@type\":\"Organization\",\"@id\":\"https:\\\/\\\/canal7slp.tv\\\/2022\\\/#organization\",\"name\":\"Noticieros Canal 7\",\"url\":\"https:\\\/\\\/canal7slp.tv\\\/2022\\\/\",\"logo\":{\"@type\":\"ImageObject\",\"inLanguage\":\"es\",\"@id\":\"https:\\\/\\\/canal7slp.tv\\\/2022\\\/#\\\/schema\\\/logo\\\/image\\\/\",\"url\":\"https:\\\/\\\/canal7slp.tv\\\/2022\\\/wp-content\\\/uploads\\\/2021\\\/01\\\/logo-noticieros@2x.png\",\"contentUrl\":\"https:\\\/\\\/canal7slp.tv\\\/2022\\\/wp-content\\\/uploads\\\/2021\\\/01\\\/logo-noticieros@2x.png\",\"width\":1017,\"height\":268,\"caption\":\"Noticieros Canal 7\"},\"image\":{\"@id\":\"https:\\\/\\\/canal7slp.tv\\\/2022\\\/#\\\/schema\\\/logo\\\/image\\\/\"},\"sameAs\":[\"https:\\\/\\\/www.facebook.com\\\/noticieroscanalsiete\",\"https:\\\/\\\/x.com\\\/NOTICIEROS7\",\"https:\\\/\\\/www.instagram.com\\\/canal7_slp\",\"https:\\\/\\\/www.youtube.com\\\/channel\\\/UCliiYs-gP3JfJeqdPrNdd5A\"]},{\"@type\":\"Person\",\"@id\":\"https:\\\/\\\/canal7slp.tv\\\/2022\\\/#\\\/schema\\\/person\\\/429704152a21f5f856ce29aa69a238da\",\"name\":\"Edici\u00f3n Web\",\"image\":{\"@type\":\"ImageObject\",\"inLanguage\":\"es\",\"@id\":\"https:\\\/\\\/secure.gravatar.com\\\/avatar\\\/eee448fc3f7164808013b816ba91ac7e43bbe82a70bebac296f8bc6f0addaa1a?s=96&d=mm&r=g\",\"url\":\"https:\\\/\\\/secure.gravatar.com\\\/avatar\\\/eee448fc3f7164808013b816ba91ac7e43bbe82a70bebac296f8bc6f0addaa1a?s=96&d=mm&r=g\",\"contentUrl\":\"https:\\\/\\\/secure.gravatar.com\\\/avatar\\\/eee448fc3f7164808013b816ba91ac7e43bbe82a70bebac296f8bc6f0addaa1a?s=96&d=mm&r=g\",\"caption\":\"Edici\u00f3n Web\"},\"url\":\"https:\\\/\\\/canal7slp.tv\\\/2022\\\/author\\\/edicionweb\\\/\"}]}<\/script>\n<!-- \/ Yoast SEO plugin. -->","yoast_head_json":{"title":"Eligen a Edmundo Fuentes Mendoza como Secretario de Acci\u00f3n Juvenil del PAN - Canal 7 SLP - 2022","robots":{"index":"index","follow":"follow","max-snippet":"max-snippet:-1","max-image-preview":"max-image-preview:large","max-video-preview":"max-video-preview:-1"},"canonical":"https:\/\/canal7slp.tv\/2022\/eligen-a-edmundo-fuentes-mendoza-como-secretario-de-accion-juvenil-del-pan\/","og_locale":"es_ES","og_type":"article","og_title":"Eligen a Edmundo Fuentes Mendoza como Secretario de Acci\u00f3n Juvenil del PAN - Canal 7 SLP - 2022","og_description":"SLP.- Edmundo Fuentes Mendoza fue electo como Secretario de Acci\u00f3n Juvenil para el per\u00edodo 2022-2024 en la D\u00e9cima Asamblea efectuada est\u00e9 s\u00e1bado en el Auditorio del Comit\u00e9 Directivo Estatal del PAN; quien dijo a los j\u00f3venes que deben entender que hay tiempos para compartir, para competir y para construir. Al tomar protesta como presidente de Acci\u00f3n Juvenil, Fuentes Mendoza, asegur\u00f3 que la pol\u00edtica subsiste gracias a la incursi\u00f3n de las y los j\u00f3venes, muchos de ellos inspirados en el deber ser. \u201cTenemos adentro del partido una lucha de opini\u00f3n, de ideas y debate, pero nunca una lucha de poder por [&hellip;]","og_url":"https:\/\/canal7slp.tv\/2022\/eligen-a-edmundo-fuentes-mendoza-como-secretario-de-accion-juvenil-del-pan\/","og_site_name":"Canal 7 SLP - 2022","article_publisher":"https:\/\/www.facebook.com\/noticieroscanalsiete","article_published_time":"2022-03-06T02:20:45+00:00","og_image":[{"width":749,"height":500,"url":"https:\/\/canal7slp.tv\/2022\/wp-content\/uploads\/2022\/03\/PAN01b-1.jpg","type":"image\/jpeg"}],"author":"Edici\u00f3n Web","twitter_card":"summary_large_image","twitter_creator":"@NOTICIEROS7","twitter_site":"@NOTICIEROS7","twitter_misc":{"Escrito por":"Edici\u00f3n Web","Tiempo de lectura":"3 minutos"},"schema":{"@context":"https:\/\/schema.org","@graph":[{"@type":"Article","@id":"https:\/\/canal7slp.tv\/2022\/eligen-a-edmundo-fuentes-mendoza-como-secretario-de-accion-juvenil-del-pan\/#article","isPartOf":{"@id":"https:\/\/canal7slp.tv\/2022\/eligen-a-edmundo-fuentes-mendoza-como-secretario-de-accion-juvenil-del-pan\/"},"author":{"name":"Edici\u00f3n Web","@id":"https:\/\/canal7slp.tv\/2022\/#\/schema\/person\/429704152a21f5f856ce29aa69a238da"},"headline":"Eligen a Edmundo Fuentes Mendoza como Secretario de Acci\u00f3n Juvenil del PAN","datePublished":"2022-03-06T02:20:45+00:00","mainEntityOfPage":{"@id":"https:\/\/canal7slp.tv\/2022\/eligen-a-edmundo-fuentes-mendoza-como-secretario-de-accion-juvenil-del-pan\/"},"wordCount":479,"publisher":{"@id":"https:\/\/canal7slp.tv\/2022\/#organization"},"image":{"@id":"https:\/\/canal7slp.tv\/2022\/eligen-a-edmundo-fuentes-mendoza-como-secretario-de-accion-juvenil-del-pan\/#primaryimage"},"thumbnailUrl":"https:\/\/canal7slp.tv\/2022\/wp-content\/uploads\/2022\/03\/PAN01b-1.jpg","articleSection":["LOCALES Y REGIONALES"],"inLanguage":"es"},{"@type":"WebPage","@id":"https:\/\/canal7slp.tv\/2022\/eligen-a-edmundo-fuentes-mendoza-como-secretario-de-accion-juvenil-del-pan\/","url":"https:\/\/canal7slp.tv\/2022\/eligen-a-edmundo-fuentes-mendoza-como-secretario-de-accion-juvenil-del-pan\/","name":"Eligen a Edmundo Fuentes Mendoza como Secretario de Acci\u00f3n Juvenil del PAN - Canal 7 SLP - 2022","isPartOf":{"@id":"https:\/\/canal7slp.tv\/2022\/#website"},"primaryImageOfPage":{"@id":"https:\/\/canal7slp.tv\/2022\/eligen-a-edmundo-fuentes-mendoza-como-secretario-de-accion-juvenil-del-pan\/#primaryimage"},"image":{"@id":"https:\/\/canal7slp.tv\/2022\/eligen-a-edmundo-fuentes-mendoza-como-secretario-de-accion-juvenil-del-pan\/#primaryimage"},"thumbnailUrl":"https:\/\/canal7slp.tv\/2022\/wp-content\/uploads\/2022\/03\/PAN01b-1.jpg","datePublished":"2022-03-06T02:20:45+00:00","breadcrumb":{"@id":"https:\/\/canal7slp.tv\/2022\/eligen-a-edmundo-fuentes-mendoza-como-secretario-de-accion-juvenil-del-pan\/#breadcrumb"},"inLanguage":"es","potentialAction":[{"@type":"ReadAction","target":["https:\/\/canal7slp.tv\/2022\/eligen-a-edmundo-fuentes-mendoza-como-secretario-de-accion-juvenil-del-pan\/"]}]},{"@type":"ImageObject","inLanguage":"es","@id":"https:\/\/canal7slp.tv\/2022\/eligen-a-edmundo-fuentes-mendoza-como-secretario-de-accion-juvenil-del-pan\/#primaryimage","url":"https:\/\/canal7slp.tv\/2022\/wp-content\/uploads\/2022\/03\/PAN01b-1.jpg","contentUrl":"https:\/\/canal7slp.tv\/2022\/wp-content\/uploads\/2022\/03\/PAN01b-1.jpg","width":749,"height":500},{"@type":"BreadcrumbList","@id":"https:\/\/canal7slp.tv\/2022\/eligen-a-edmundo-fuentes-mendoza-como-secretario-de-accion-juvenil-del-pan\/#breadcrumb","itemListElement":[{"@type":"ListItem","position":1,"name":"Portada","item":"https:\/\/canal7slp.tv\/2022\/"},{"@type":"ListItem","position":2,"name":"Eligen a Edmundo Fuentes Mendoza como Secretario de Acci\u00f3n Juvenil del PAN"}]},{"@type":"WebSite","@id":"https:\/\/canal7slp.tv\/2022\/#website","url":"https:\/\/canal7slp.tv\/2022\/","name":"N7 - Noticieros Canal 7","description":"Somos Televisi\u00f3n","publisher":{"@id":"https:\/\/canal7slp.tv\/2022\/#organization"},"potentialAction":[{"@type":"SearchAction","target":{"@type":"EntryPoint","urlTemplate":"https:\/\/canal7slp.tv\/2022\/?s={search_term_string}"},"query-input":{"@type":"PropertyValueSpecification","valueRequired":true,"valueName":"search_term_string"}}],"inLanguage":"es"},{"@type":"Organization","@id":"https:\/\/canal7slp.tv\/2022\/#organization","name":"Noticieros Canal 7","url":"https:\/\/canal7slp.tv\/2022\/","logo":{"@type":"ImageObject","inLanguage":"es","@id":"https:\/\/canal7slp.tv\/2022\/#\/schema\/logo\/image\/","url":"https:\/\/canal7slp.tv\/2022\/wp-content\/uploads\/2021\/01\/logo-noticieros@2x.png","contentUrl":"https:\/\/canal7slp.tv\/2022\/wp-content\/uploads\/2021\/01\/logo-noticieros@2x.png","width":1017,"height":268,"caption":"Noticieros Canal 7"},"image":{"@id":"https:\/\/canal7slp.tv\/2022\/#\/schema\/logo\/image\/"},"sameAs":["https:\/\/www.facebook.com\/noticieroscanalsiete","https:\/\/x.com\/NOTICIEROS7","https:\/\/www.instagram.com\/canal7_slp","https:\/\/www.youtube.com\/channel\/UCliiYs-gP3JfJeqdPrNdd5A"]},{"@type":"Person","@id":"https:\/\/canal7slp.tv\/2022\/#\/schema\/person\/429704152a21f5f856ce29aa69a238da","name":"Edici\u00f3n Web","image":{"@type":"ImageObject","inLanguage":"es","@id":"https:\/\/secure.gravatar.com\/avatar\/eee448fc3f7164808013b816ba91ac7e43bbe82a70bebac296f8bc6f0addaa1a?s=96&d=mm&r=g","url":"https:\/\/secure.gravatar.com\/avatar\/eee448fc3f7164808013b816ba91ac7e43bbe82a70bebac296f8bc6f0addaa1a?s=96&d=mm&r=g","contentUrl":"https:\/\/secure.gravatar.com\/avatar\/eee448fc3f7164808013b816ba91ac7e43bbe82a70bebac296f8bc6f0addaa1a?s=96&d=mm&r=g","caption":"Edici\u00f3n Web"},"url":"https:\/\/canal7slp.tv\/2022\/author\/edicionweb\/"}]}},"amp_enabled":true,"_links":{"self":[{"href":"https:\/\/canal7slp.tv\/2022\/wp-json\/wp\/v2\/posts\/53289","targetHints":{"allow":["GET"]}}],"collection":[{"href":"https:\/\/canal7slp.tv\/2022\/wp-json\/wp\/v2\/posts"}],"about":[{"href":"https:\/\/canal7slp.tv\/2022\/wp-json\/wp\/v2\/types\/post"}],"author":[{"embeddable":true,"href":"https:\/\/canal7slp.tv\/2022\/wp-json\/wp\/v2\/users\/2"}],"replies":[{"embeddable":true,"href":"https:\/\/canal7slp.tv\/2022\/wp-json\/wp\/v2\/comments?post=53289"}],"version-history":[{"count":1,"href":"https:\/\/canal7slp.tv\/2022\/wp-json\/wp\/v2\/posts\/53289\/revisions"}],"predecessor-version":[{"id":53295,"href":"https:\/\/canal7slp.tv\/2022\/wp-json\/wp\/v2\/posts\/53289\/revisions\/53295"}],"wp:featuredmedia":[{"embeddable":true,"href":"https:\/\/canal7slp.tv\/2022\/wp-json\/wp\/v2\/media\/53294"}],"wp:attachment":[{"href":"https:\/\/canal7slp.tv\/2022\/wp-json\/wp\/v2\/media?parent=53289"}],"wp:term":[{"taxonomy":"category","embeddable":true,"href":"https:\/\/canal7slp.tv\/2022\/wp-json\/wp\/v2\/categories?post=53289"},{"taxonomy":"post_tag","embeddable":true,"href":"https:\/\/canal7slp.tv\/2022\/wp-json\/wp\/v2\/tags?post=53289"}],"curies":[{"name":"wp","href":"https:\/\/api.w.org\/{rel}","templated":true}]}}