{"id":53250,"date":"2022-03-05T19:57:23","date_gmt":"2022-03-06T01:57:23","guid":{"rendered":"https:\/\/canal7slp.tv\/2022\/?p=53250"},"modified":"2022-03-05T19:57:23","modified_gmt":"2022-03-06T01:57:23","slug":"legislador-buscara-dar-marcha-atras-a-la-eliminacion-de-las-escuelas-de-tiempo-completo","status":"publish","type":"post","link":"https:\/\/canal7slp.tv\/2022\/legislador-buscara-dar-marcha-atras-a-la-eliminacion-de-las-escuelas-de-tiempo-completo\/","title":{"rendered":"Legislador buscar\u00e1 dar marcha atr\u00e1s a la eliminaci\u00f3n de las Escuelas de Tiempo Completo."},"content":{"rendered":"<p style=\"text-align: justify;\">SLP.- Las escuelas de Tiempo Completo fueron pensadas como una estrategia educativa con el objetivo de ampliar las oportunidades de aprendizaje, y como una iniciativa que apoyaba con alimentaci\u00f3n y horas de clase suplementarias a mas de tres millones de ni\u00f1os en condiciones de pobreza.<\/p>\n<p style=\"text-align: justify;\">Sin embargo, el diputado independiente Mauricio Ram\u00edrez Konishi dijo estar totalmente en desacuerdo con el gobierno federal, de eliminar este modelo educativo argumentando razones de presupuesto.<\/p>\n<p style=\"text-align: justify;\">Cabe se\u00f1alar que el programa Escuela de Tiempo Completo inici\u00f3 en el sexenio de Felipe Calder\u00f3n, continu\u00f3 en la administraci\u00f3n de Enrique Pe\u00f1a Nieto y cada a\u00f1o tuvo incrementos presupuestales, pero desde el primer a\u00f1o de gobierno del presidente Andr\u00e9s Manuel L\u00f3pez Obrador comenz\u00f3 el recorte, primero de un 5 por ciento en 2019, luego del 50 por ciento en 2020 y para el presupuesto de egresos de 2021 y del presente a\u00f1o, el Ejecutivo no le asign\u00f3 m\u00e1s presupuesto.<\/p>\n<p style=\"text-align: justify;\">El diputado Ram\u00edrez Konishi calific\u00f3 de retr\u00f3grada esta medida al afirmar que desde el legislativo buscar\u00e1 dar marcha atr\u00e1s a esta decisi\u00f3n del gobierno federal.<\/p>\n<p style=\"text-align: justify;\">Por: Claudio Ibarra<\/p>\n","protected":false},"excerpt":{"rendered":"<p>SLP.- Las escuelas de Tiempo Completo fueron pensadas como una estrategia educativa con el objetivo de ampliar las oportunidades de aprendizaje, y como una iniciativa que apoyaba con alimentaci\u00f3n y horas de clase suplementarias a mas de tres millones de ni\u00f1os en condiciones de pobreza. Sin embargo, el diputado independiente Mauricio Ram\u00edrez Konishi dijo estar totalmente en desacuerdo con el gobierno federal, de eliminar este modelo educativo argumentando razones de presupuesto. Cabe se\u00f1alar que el programa Escuela de Tiempo Completo inici\u00f3 en el sexenio de Felipe Calder\u00f3n, continu\u00f3 en la administraci\u00f3n de Enrique Pe\u00f1a Nieto y cada a\u00f1o tuvo incrementos [&hellip;]<\/p>\n","protected":false},"author":2,"featured_media":53284,"comment_status":"closed","ping_status":"closed","sticky":false,"template":"","format":"video","meta":{"footnotes":""},"categories":[3,5,45],"tags":[],"class_list":["post-53250","post","type-post","status-publish","format-video","has-post-thumbnail","hentry","category-congreso","category-destacadas","category-localesyregionales","post_format-post-format-video","post--single"],"yoast_head":"<!-- This site is optimized with the Yoast SEO plugin v27.4 - https:\/\/yoast.com\/product\/yoast-seo-wordpress\/ -->\n<title>Legislador buscar\u00e1 dar marcha atr\u00e1s a la eliminaci\u00f3n de las Escuelas de Tiempo Completo. - Canal 7 SLP - 2022<\/title>\n<meta name=\"robots\" content=\"index, follow, max-snippet:-1, max-image-preview:large, max-video-preview:-1\" \/>\n<link rel=\"canonical\" href=\"https:\/\/canal7slp.tv\/2022\/legislador-buscara-dar-marcha-atras-a-la-eliminacion-de-las-escuelas-de-tiempo-completo\/\" \/>\n<meta property=\"og:locale\" content=\"es_ES\" \/>\n<meta property=\"og:type\" content=\"article\" \/>\n<meta property=\"og:title\" content=\"Legislador buscar\u00e1 dar marcha atr\u00e1s a la eliminaci\u00f3n de las Escuelas de Tiempo Completo. - Canal 7 SLP - 2022\" \/>\n<meta property=\"og:description\" content=\"SLP.- Las escuelas de Tiempo Completo fueron pensadas como una estrategia educativa con el objetivo de ampliar las oportunidades de aprendizaje, y como una iniciativa que apoyaba con alimentaci\u00f3n y horas de clase suplementarias a mas de tres millones de ni\u00f1os en condiciones de pobreza. Sin embargo, el diputado independiente Mauricio Ram\u00edrez Konishi dijo estar totalmente en desacuerdo con el gobierno federal, de eliminar este modelo educativo argumentando razones de presupuesto. Cabe se\u00f1alar que el programa Escuela de Tiempo Completo inici\u00f3 en el sexenio de Felipe Calder\u00f3n, continu\u00f3 en la administraci\u00f3n de Enrique Pe\u00f1a Nieto y cada a\u00f1o tuvo incrementos [&hellip;]\" \/>\n<meta property=\"og:url\" content=\"https:\/\/canal7slp.tv\/2022\/legislador-buscara-dar-marcha-atras-a-la-eliminacion-de-las-escuelas-de-tiempo-completo\/\" \/>\n<meta property=\"og:site_name\" content=\"Canal 7 SLP - 2022\" \/>\n<meta property=\"article:publisher\" content=\"https:\/\/www.facebook.com\/noticieroscanalsiete\" \/>\n<meta property=\"article:published_time\" content=\"2022-03-06T01:57:23+00:00\" \/>\n<meta property=\"og:image\" content=\"https:\/\/canal7slp.tv\/2022\/wp-content\/uploads\/2022\/03\/Claudio02TiempoCompleto.jpg\" \/>\n\t<meta property=\"og:image:width\" content=\"888\" \/>\n\t<meta property=\"og:image:height\" content=\"500\" \/>\n\t<meta property=\"og:image:type\" content=\"image\/jpeg\" \/>\n<meta name=\"author\" content=\"Edici\u00f3n Web\" \/>\n<meta name=\"twitter:card\" content=\"summary_large_image\" \/>\n<meta name=\"twitter:creator\" content=\"@NOTICIEROS7\" \/>\n<meta name=\"twitter:site\" content=\"@NOTICIEROS7\" \/>\n<meta name=\"twitter:label1\" content=\"Escrito por\" \/>\n\t<meta name=\"twitter:data1\" content=\"Edici\u00f3n Web\" \/>\n\t<meta name=\"twitter:label2\" content=\"Tiempo de lectura\" \/>\n\t<meta name=\"twitter:data2\" content=\"1 minuto\" \/>\n<script type=\"application\/ld+json\" class=\"yoast-schema-graph\">{\"@context\":\"https:\\\/\\\/schema.org\",\"@graph\":[{\"@type\":\"Article\",\"@id\":\"https:\\\/\\\/canal7slp.tv\\\/2022\\\/legislador-buscara-dar-marcha-atras-a-la-eliminacion-de-las-escuelas-de-tiempo-completo\\\/#article\",\"isPartOf\":{\"@id\":\"https:\\\/\\\/canal7slp.tv\\\/2022\\\/legislador-buscara-dar-marcha-atras-a-la-eliminacion-de-las-escuelas-de-tiempo-completo\\\/\"},\"author\":{\"name\":\"Edici\u00f3n Web\",\"@id\":\"https:\\\/\\\/canal7slp.tv\\\/2022\\\/#\\\/schema\\\/person\\\/429704152a21f5f856ce29aa69a238da\"},\"headline\":\"Legislador buscar\u00e1 dar marcha atr\u00e1s a la eliminaci\u00f3n de las Escuelas de Tiempo Completo.\",\"datePublished\":\"2022-03-06T01:57:23+00:00\",\"mainEntityOfPage\":{\"@id\":\"https:\\\/\\\/canal7slp.tv\\\/2022\\\/legislador-buscara-dar-marcha-atras-a-la-eliminacion-de-las-escuelas-de-tiempo-completo\\\/\"},\"wordCount\":208,\"publisher\":{\"@id\":\"https:\\\/\\\/canal7slp.tv\\\/2022\\\/#organization\"},\"image\":{\"@id\":\"https:\\\/\\\/canal7slp.tv\\\/2022\\\/legislador-buscara-dar-marcha-atras-a-la-eliminacion-de-las-escuelas-de-tiempo-completo\\\/#primaryimage\"},\"thumbnailUrl\":\"https:\\\/\\\/canal7slp.tv\\\/2022\\\/wp-content\\\/uploads\\\/2022\\\/03\\\/Claudio02TiempoCompleto.jpg\",\"articleSection\":[\"CONGRESO\",\"DESTACADAS\",\"LOCALES Y REGIONALES\"],\"inLanguage\":\"es\"},{\"@type\":\"WebPage\",\"@id\":\"https:\\\/\\\/canal7slp.tv\\\/2022\\\/legislador-buscara-dar-marcha-atras-a-la-eliminacion-de-las-escuelas-de-tiempo-completo\\\/\",\"url\":\"https:\\\/\\\/canal7slp.tv\\\/2022\\\/legislador-buscara-dar-marcha-atras-a-la-eliminacion-de-las-escuelas-de-tiempo-completo\\\/\",\"name\":\"Legislador buscar\u00e1 dar marcha atr\u00e1s a la eliminaci\u00f3n de las Escuelas de Tiempo Completo. - Canal 7 SLP - 2022\",\"isPartOf\":{\"@id\":\"https:\\\/\\\/canal7slp.tv\\\/2022\\\/#website\"},\"primaryImageOfPage\":{\"@id\":\"https:\\\/\\\/canal7slp.tv\\\/2022\\\/legislador-buscara-dar-marcha-atras-a-la-eliminacion-de-las-escuelas-de-tiempo-completo\\\/#primaryimage\"},\"image\":{\"@id\":\"https:\\\/\\\/canal7slp.tv\\\/2022\\\/legislador-buscara-dar-marcha-atras-a-la-eliminacion-de-las-escuelas-de-tiempo-completo\\\/#primaryimage\"},\"thumbnailUrl\":\"https:\\\/\\\/canal7slp.tv\\\/2022\\\/wp-content\\\/uploads\\\/2022\\\/03\\\/Claudio02TiempoCompleto.jpg\",\"datePublished\":\"2022-03-06T01:57:23+00:00\",\"breadcrumb\":{\"@id\":\"https:\\\/\\\/canal7slp.tv\\\/2022\\\/legislador-buscara-dar-marcha-atras-a-la-eliminacion-de-las-escuelas-de-tiempo-completo\\\/#breadcrumb\"},\"inLanguage\":\"es\",\"potentialAction\":[{\"@type\":\"ReadAction\",\"target\":[\"https:\\\/\\\/canal7slp.tv\\\/2022\\\/legislador-buscara-dar-marcha-atras-a-la-eliminacion-de-las-escuelas-de-tiempo-completo\\\/\"]}]},{\"@type\":\"ImageObject\",\"inLanguage\":\"es\",\"@id\":\"https:\\\/\\\/canal7slp.tv\\\/2022\\\/legislador-buscara-dar-marcha-atras-a-la-eliminacion-de-las-escuelas-de-tiempo-completo\\\/#primaryimage\",\"url\":\"https:\\\/\\\/canal7slp.tv\\\/2022\\\/wp-content\\\/uploads\\\/2022\\\/03\\\/Claudio02TiempoCompleto.jpg\",\"contentUrl\":\"https:\\\/\\\/canal7slp.tv\\\/2022\\\/wp-content\\\/uploads\\\/2022\\\/03\\\/Claudio02TiempoCompleto.jpg\",\"width\":888,\"height\":500},{\"@type\":\"BreadcrumbList\",\"@id\":\"https:\\\/\\\/canal7slp.tv\\\/2022\\\/legislador-buscara-dar-marcha-atras-a-la-eliminacion-de-las-escuelas-de-tiempo-completo\\\/#breadcrumb\",\"itemListElement\":[{\"@type\":\"ListItem\",\"position\":1,\"name\":\"Portada\",\"item\":\"https:\\\/\\\/canal7slp.tv\\\/2022\\\/\"},{\"@type\":\"ListItem\",\"position\":2,\"name\":\"Legislador buscar\u00e1 dar marcha atr\u00e1s a la eliminaci\u00f3n de las Escuelas de Tiempo Completo.\"}]},{\"@type\":\"WebSite\",\"@id\":\"https:\\\/\\\/canal7slp.tv\\\/2022\\\/#website\",\"url\":\"https:\\\/\\\/canal7slp.tv\\\/2022\\\/\",\"name\":\"N7 - Noticieros Canal 7\",\"description\":\"Somos Televisi\u00f3n\",\"publisher\":{\"@id\":\"https:\\\/\\\/canal7slp.tv\\\/2022\\\/#organization\"},\"potentialAction\":[{\"@type\":\"SearchAction\",\"target\":{\"@type\":\"EntryPoint\",\"urlTemplate\":\"https:\\\/\\\/canal7slp.tv\\\/2022\\\/?s={search_term_string}\"},\"query-input\":{\"@type\":\"PropertyValueSpecification\",\"valueRequired\":true,\"valueName\":\"search_term_string\"}}],\"inLanguage\":\"es\"},{\"@type\":\"Organization\",\"@id\":\"https:\\\/\\\/canal7slp.tv\\\/2022\\\/#organization\",\"name\":\"Noticieros Canal 7\",\"url\":\"https:\\\/\\\/canal7slp.tv\\\/2022\\\/\",\"logo\":{\"@type\":\"ImageObject\",\"inLanguage\":\"es\",\"@id\":\"https:\\\/\\\/canal7slp.tv\\\/2022\\\/#\\\/schema\\\/logo\\\/image\\\/\",\"url\":\"https:\\\/\\\/canal7slp.tv\\\/2022\\\/wp-content\\\/uploads\\\/2021\\\/01\\\/logo-noticieros@2x.png\",\"contentUrl\":\"https:\\\/\\\/canal7slp.tv\\\/2022\\\/wp-content\\\/uploads\\\/2021\\\/01\\\/logo-noticieros@2x.png\",\"width\":1017,\"height\":268,\"caption\":\"Noticieros Canal 7\"},\"image\":{\"@id\":\"https:\\\/\\\/canal7slp.tv\\\/2022\\\/#\\\/schema\\\/logo\\\/image\\\/\"},\"sameAs\":[\"https:\\\/\\\/www.facebook.com\\\/noticieroscanalsiete\",\"https:\\\/\\\/x.com\\\/NOTICIEROS7\",\"https:\\\/\\\/www.instagram.com\\\/canal7_slp\",\"https:\\\/\\\/www.youtube.com\\\/channel\\\/UCliiYs-gP3JfJeqdPrNdd5A\"]},{\"@type\":\"Person\",\"@id\":\"https:\\\/\\\/canal7slp.tv\\\/2022\\\/#\\\/schema\\\/person\\\/429704152a21f5f856ce29aa69a238da\",\"name\":\"Edici\u00f3n Web\",\"image\":{\"@type\":\"ImageObject\",\"inLanguage\":\"es\",\"@id\":\"https:\\\/\\\/secure.gravatar.com\\\/avatar\\\/eee448fc3f7164808013b816ba91ac7e43bbe82a70bebac296f8bc6f0addaa1a?s=96&d=mm&r=g\",\"url\":\"https:\\\/\\\/secure.gravatar.com\\\/avatar\\\/eee448fc3f7164808013b816ba91ac7e43bbe82a70bebac296f8bc6f0addaa1a?s=96&d=mm&r=g\",\"contentUrl\":\"https:\\\/\\\/secure.gravatar.com\\\/avatar\\\/eee448fc3f7164808013b816ba91ac7e43bbe82a70bebac296f8bc6f0addaa1a?s=96&d=mm&r=g\",\"caption\":\"Edici\u00f3n Web\"},\"url\":\"https:\\\/\\\/canal7slp.tv\\\/2022\\\/author\\\/edicionweb\\\/\"}]}<\/script>\n<!-- \/ Yoast SEO plugin. -->","yoast_head_json":{"title":"Legislador buscar\u00e1 dar marcha atr\u00e1s a la eliminaci\u00f3n de las Escuelas de Tiempo Completo. - Canal 7 SLP - 2022","robots":{"index":"index","follow":"follow","max-snippet":"max-snippet:-1","max-image-preview":"max-image-preview:large","max-video-preview":"max-video-preview:-1"},"canonical":"https:\/\/canal7slp.tv\/2022\/legislador-buscara-dar-marcha-atras-a-la-eliminacion-de-las-escuelas-de-tiempo-completo\/","og_locale":"es_ES","og_type":"article","og_title":"Legislador buscar\u00e1 dar marcha atr\u00e1s a la eliminaci\u00f3n de las Escuelas de Tiempo Completo. - Canal 7 SLP - 2022","og_description":"SLP.- Las escuelas de Tiempo Completo fueron pensadas como una estrategia educativa con el objetivo de ampliar las oportunidades de aprendizaje, y como una iniciativa que apoyaba con alimentaci\u00f3n y horas de clase suplementarias a mas de tres millones de ni\u00f1os en condiciones de pobreza. Sin embargo, el diputado independiente Mauricio Ram\u00edrez Konishi dijo estar totalmente en desacuerdo con el gobierno federal, de eliminar este modelo educativo argumentando razones de presupuesto. Cabe se\u00f1alar que el programa Escuela de Tiempo Completo inici\u00f3 en el sexenio de Felipe Calder\u00f3n, continu\u00f3 en la administraci\u00f3n de Enrique Pe\u00f1a Nieto y cada a\u00f1o tuvo incrementos [&hellip;]","og_url":"https:\/\/canal7slp.tv\/2022\/legislador-buscara-dar-marcha-atras-a-la-eliminacion-de-las-escuelas-de-tiempo-completo\/","og_site_name":"Canal 7 SLP - 2022","article_publisher":"https:\/\/www.facebook.com\/noticieroscanalsiete","article_published_time":"2022-03-06T01:57:23+00:00","og_image":[{"width":888,"height":500,"url":"https:\/\/canal7slp.tv\/2022\/wp-content\/uploads\/2022\/03\/Claudio02TiempoCompleto.jpg","type":"image\/jpeg"}],"author":"Edici\u00f3n Web","twitter_card":"summary_large_image","twitter_creator":"@NOTICIEROS7","twitter_site":"@NOTICIEROS7","twitter_misc":{"Escrito por":"Edici\u00f3n Web","Tiempo de lectura":"1 minuto"},"schema":{"@context":"https:\/\/schema.org","@graph":[{"@type":"Article","@id":"https:\/\/canal7slp.tv\/2022\/legislador-buscara-dar-marcha-atras-a-la-eliminacion-de-las-escuelas-de-tiempo-completo\/#article","isPartOf":{"@id":"https:\/\/canal7slp.tv\/2022\/legislador-buscara-dar-marcha-atras-a-la-eliminacion-de-las-escuelas-de-tiempo-completo\/"},"author":{"name":"Edici\u00f3n Web","@id":"https:\/\/canal7slp.tv\/2022\/#\/schema\/person\/429704152a21f5f856ce29aa69a238da"},"headline":"Legislador buscar\u00e1 dar marcha atr\u00e1s a la eliminaci\u00f3n de las Escuelas de Tiempo Completo.","datePublished":"2022-03-06T01:57:23+00:00","mainEntityOfPage":{"@id":"https:\/\/canal7slp.tv\/2022\/legislador-buscara-dar-marcha-atras-a-la-eliminacion-de-las-escuelas-de-tiempo-completo\/"},"wordCount":208,"publisher":{"@id":"https:\/\/canal7slp.tv\/2022\/#organization"},"image":{"@id":"https:\/\/canal7slp.tv\/2022\/legislador-buscara-dar-marcha-atras-a-la-eliminacion-de-las-escuelas-de-tiempo-completo\/#primaryimage"},"thumbnailUrl":"https:\/\/canal7slp.tv\/2022\/wp-content\/uploads\/2022\/03\/Claudio02TiempoCompleto.jpg","articleSection":["CONGRESO","DESTACADAS","LOCALES Y REGIONALES"],"inLanguage":"es"},{"@type":"WebPage","@id":"https:\/\/canal7slp.tv\/2022\/legislador-buscara-dar-marcha-atras-a-la-eliminacion-de-las-escuelas-de-tiempo-completo\/","url":"https:\/\/canal7slp.tv\/2022\/legislador-buscara-dar-marcha-atras-a-la-eliminacion-de-las-escuelas-de-tiempo-completo\/","name":"Legislador buscar\u00e1 dar marcha atr\u00e1s a la eliminaci\u00f3n de las Escuelas de Tiempo Completo. - Canal 7 SLP - 2022","isPartOf":{"@id":"https:\/\/canal7slp.tv\/2022\/#website"},"primaryImageOfPage":{"@id":"https:\/\/canal7slp.tv\/2022\/legislador-buscara-dar-marcha-atras-a-la-eliminacion-de-las-escuelas-de-tiempo-completo\/#primaryimage"},"image":{"@id":"https:\/\/canal7slp.tv\/2022\/legislador-buscara-dar-marcha-atras-a-la-eliminacion-de-las-escuelas-de-tiempo-completo\/#primaryimage"},"thumbnailUrl":"https:\/\/canal7slp.tv\/2022\/wp-content\/uploads\/2022\/03\/Claudio02TiempoCompleto.jpg","datePublished":"2022-03-06T01:57:23+00:00","breadcrumb":{"@id":"https:\/\/canal7slp.tv\/2022\/legislador-buscara-dar-marcha-atras-a-la-eliminacion-de-las-escuelas-de-tiempo-completo\/#breadcrumb"},"inLanguage":"es","potentialAction":[{"@type":"ReadAction","target":["https:\/\/canal7slp.tv\/2022\/legislador-buscara-dar-marcha-atras-a-la-eliminacion-de-las-escuelas-de-tiempo-completo\/"]}]},{"@type":"ImageObject","inLanguage":"es","@id":"https:\/\/canal7slp.tv\/2022\/legislador-buscara-dar-marcha-atras-a-la-eliminacion-de-las-escuelas-de-tiempo-completo\/#primaryimage","url":"https:\/\/canal7slp.tv\/2022\/wp-content\/uploads\/2022\/03\/Claudio02TiempoCompleto.jpg","contentUrl":"https:\/\/canal7slp.tv\/2022\/wp-content\/uploads\/2022\/03\/Claudio02TiempoCompleto.jpg","width":888,"height":500},{"@type":"BreadcrumbList","@id":"https:\/\/canal7slp.tv\/2022\/legislador-buscara-dar-marcha-atras-a-la-eliminacion-de-las-escuelas-de-tiempo-completo\/#breadcrumb","itemListElement":[{"@type":"ListItem","position":1,"name":"Portada","item":"https:\/\/canal7slp.tv\/2022\/"},{"@type":"ListItem","position":2,"name":"Legislador buscar\u00e1 dar marcha atr\u00e1s a la eliminaci\u00f3n de las Escuelas de Tiempo Completo."}]},{"@type":"WebSite","@id":"https:\/\/canal7slp.tv\/2022\/#website","url":"https:\/\/canal7slp.tv\/2022\/","name":"N7 - Noticieros Canal 7","description":"Somos Televisi\u00f3n","publisher":{"@id":"https:\/\/canal7slp.tv\/2022\/#organization"},"potentialAction":[{"@type":"SearchAction","target":{"@type":"EntryPoint","urlTemplate":"https:\/\/canal7slp.tv\/2022\/?s={search_term_string}"},"query-input":{"@type":"PropertyValueSpecification","valueRequired":true,"valueName":"search_term_string"}}],"inLanguage":"es"},{"@type":"Organization","@id":"https:\/\/canal7slp.tv\/2022\/#organization","name":"Noticieros Canal 7","url":"https:\/\/canal7slp.tv\/2022\/","logo":{"@type":"ImageObject","inLanguage":"es","@id":"https:\/\/canal7slp.tv\/2022\/#\/schema\/logo\/image\/","url":"https:\/\/canal7slp.tv\/2022\/wp-content\/uploads\/2021\/01\/logo-noticieros@2x.png","contentUrl":"https:\/\/canal7slp.tv\/2022\/wp-content\/uploads\/2021\/01\/logo-noticieros@2x.png","width":1017,"height":268,"caption":"Noticieros Canal 7"},"image":{"@id":"https:\/\/canal7slp.tv\/2022\/#\/schema\/logo\/image\/"},"sameAs":["https:\/\/www.facebook.com\/noticieroscanalsiete","https:\/\/x.com\/NOTICIEROS7","https:\/\/www.instagram.com\/canal7_slp","https:\/\/www.youtube.com\/channel\/UCliiYs-gP3JfJeqdPrNdd5A"]},{"@type":"Person","@id":"https:\/\/canal7slp.tv\/2022\/#\/schema\/person\/429704152a21f5f856ce29aa69a238da","name":"Edici\u00f3n Web","image":{"@type":"ImageObject","inLanguage":"es","@id":"https:\/\/secure.gravatar.com\/avatar\/eee448fc3f7164808013b816ba91ac7e43bbe82a70bebac296f8bc6f0addaa1a?s=96&d=mm&r=g","url":"https:\/\/secure.gravatar.com\/avatar\/eee448fc3f7164808013b816ba91ac7e43bbe82a70bebac296f8bc6f0addaa1a?s=96&d=mm&r=g","contentUrl":"https:\/\/secure.gravatar.com\/avatar\/eee448fc3f7164808013b816ba91ac7e43bbe82a70bebac296f8bc6f0addaa1a?s=96&d=mm&r=g","caption":"Edici\u00f3n Web"},"url":"https:\/\/canal7slp.tv\/2022\/author\/edicionweb\/"}]}},"amp_enabled":true,"_links":{"self":[{"href":"https:\/\/canal7slp.tv\/2022\/wp-json\/wp\/v2\/posts\/53250","targetHints":{"allow":["GET"]}}],"collection":[{"href":"https:\/\/canal7slp.tv\/2022\/wp-json\/wp\/v2\/posts"}],"about":[{"href":"https:\/\/canal7slp.tv\/2022\/wp-json\/wp\/v2\/types\/post"}],"author":[{"embeddable":true,"href":"https:\/\/canal7slp.tv\/2022\/wp-json\/wp\/v2\/users\/2"}],"replies":[{"embeddable":true,"href":"https:\/\/canal7slp.tv\/2022\/wp-json\/wp\/v2\/comments?post=53250"}],"version-history":[{"count":3,"href":"https:\/\/canal7slp.tv\/2022\/wp-json\/wp\/v2\/posts\/53250\/revisions"}],"predecessor-version":[{"id":53285,"href":"https:\/\/canal7slp.tv\/2022\/wp-json\/wp\/v2\/posts\/53250\/revisions\/53285"}],"wp:featuredmedia":[{"embeddable":true,"href":"https:\/\/canal7slp.tv\/2022\/wp-json\/wp\/v2\/media\/53284"}],"wp:attachment":[{"href":"https:\/\/canal7slp.tv\/2022\/wp-json\/wp\/v2\/media?parent=53250"}],"wp:term":[{"taxonomy":"category","embeddable":true,"href":"https:\/\/canal7slp.tv\/2022\/wp-json\/wp\/v2\/categories?post=53250"},{"taxonomy":"post_tag","embeddable":true,"href":"https:\/\/canal7slp.tv\/2022\/wp-json\/wp\/v2\/tags?post=53250"}],"curies":[{"name":"wp","href":"https:\/\/api.w.org\/{rel}","templated":true}]}}