{"id":53249,"date":"2022-03-05T19:53:22","date_gmt":"2022-03-06T01:53:22","guid":{"rendered":"https:\/\/canal7slp.tv\/2022\/?p=53249"},"modified":"2022-03-05T19:53:22","modified_gmt":"2022-03-06T01:53:22","slug":"en-breve-se-llevara-a-cabo-la-votacion-para-la-creacion-de-la-guardia-civil-estatal","status":"publish","type":"post","link":"https:\/\/canal7slp.tv\/2022\/en-breve-se-llevara-a-cabo-la-votacion-para-la-creacion-de-la-guardia-civil-estatal\/","title":{"rendered":"En breve se llevar\u00e1 a cabo la votaci\u00f3n para la creaci\u00f3n de la Guardia Civil Estatal."},"content":{"rendered":"<p style=\"text-align: justify;\">SLP.- Al decir que la iniciativa para la creaci\u00f3n de la Guardia Civil Estatal est\u00e1 en proceso de socializaci\u00f3n el diputado presidente de la Junta de Coordinaci\u00f3n Pol\u00edtica Jos\u00e9 Luis Fern\u00e1ndez Mart\u00ednez, coment\u00f3 que en los pr\u00f3ximos d\u00edas estar\u00eda ya vot\u00e1ndose en el Pleno, una vez que pase por comisiones.<\/p>\n<p style=\"text-align: justify;\">Adem\u00e1s el diputado del Partido Verde record\u00f3 que la iniciativa de la nueva ley del Sistema de Seguridad P\u00fablica incluyen la Secretar\u00eda de Seguridad Ciudadana y de la Guardia Civil Estatal.<\/p>\n<p style=\"text-align: justify;\">El diputado presidente de la JUCOPO se\u00f1al\u00f3 que la \u00faltima etapa en el proceso de consulta para esta iniciativa se realizaron mesas de trabajo, con diversos funcionarios y corporaciones de seguridad p\u00fablica.<\/p>\n<p style=\"text-align: justify;\">Asimismo, el diputado coordinador parlamentario del Partido Verde record\u00f3 que en esta iniciativa deber\u00e1n tener participaci\u00f3n activa los 58 municipios del estado, al decir que se requiere tambi\u00e9n de su aprobaci\u00f3n mayoritaria para la creaci\u00f3n de la Guardia Civil Estatal.<\/p>\n<p style=\"text-align: justify;\">Por \u00faltimo, el diputado Jos\u00e9 Luis Fern\u00e1ndez destac\u00f3 que con la creaci\u00f3n de la Guardia Civil Estatal habr\u00e1 una capacitaci\u00f3n permanente para los polic\u00edas de las corporaciones de seguridad p\u00fablica.<\/p>\n<p style=\"text-align: justify;\">Por: Claudio Ibarra<\/p>\n","protected":false},"excerpt":{"rendered":"<p>SLP.- Al decir que la iniciativa para la creaci\u00f3n de la Guardia Civil Estatal est\u00e1 en proceso de socializaci\u00f3n el diputado presidente de la Junta de Coordinaci\u00f3n Pol\u00edtica Jos\u00e9 Luis Fern\u00e1ndez Mart\u00ednez, coment\u00f3 que en los pr\u00f3ximos d\u00edas estar\u00eda ya vot\u00e1ndose en el Pleno, una vez que pase por comisiones. Adem\u00e1s el diputado del Partido Verde record\u00f3 que la iniciativa de la nueva ley del Sistema de Seguridad P\u00fablica incluyen la Secretar\u00eda de Seguridad Ciudadana y de la Guardia Civil Estatal. El diputado presidente de la JUCOPO se\u00f1al\u00f3 que la \u00faltima etapa en el proceso de consulta para esta iniciativa [&hellip;]<\/p>\n","protected":false},"author":2,"featured_media":53282,"comment_status":"closed","ping_status":"closed","sticky":false,"template":"","format":"video","meta":{"footnotes":""},"categories":[3,5,45],"tags":[],"class_list":["post-53249","post","type-post","status-publish","format-video","has-post-thumbnail","hentry","category-congreso","category-destacadas","category-localesyregionales","post_format-post-format-video","post--single"],"yoast_head":"<!-- This site is optimized with the Yoast SEO plugin v27.4 - https:\/\/yoast.com\/product\/yoast-seo-wordpress\/ -->\n<title>En breve se llevar\u00e1 a cabo la votaci\u00f3n para la creaci\u00f3n de la Guardia Civil Estatal. - Canal 7 SLP - 2022<\/title>\n<meta name=\"robots\" content=\"index, follow, max-snippet:-1, max-image-preview:large, max-video-preview:-1\" \/>\n<link rel=\"canonical\" href=\"https:\/\/canal7slp.tv\/2022\/en-breve-se-llevara-a-cabo-la-votacion-para-la-creacion-de-la-guardia-civil-estatal\/\" \/>\n<meta property=\"og:locale\" content=\"es_ES\" \/>\n<meta property=\"og:type\" content=\"article\" \/>\n<meta property=\"og:title\" content=\"En breve se llevar\u00e1 a cabo la votaci\u00f3n para la creaci\u00f3n de la Guardia Civil Estatal. - Canal 7 SLP - 2022\" \/>\n<meta property=\"og:description\" content=\"SLP.- Al decir que la iniciativa para la creaci\u00f3n de la Guardia Civil Estatal est\u00e1 en proceso de socializaci\u00f3n el diputado presidente de la Junta de Coordinaci\u00f3n Pol\u00edtica Jos\u00e9 Luis Fern\u00e1ndez Mart\u00ednez, coment\u00f3 que en los pr\u00f3ximos d\u00edas estar\u00eda ya vot\u00e1ndose en el Pleno, una vez que pase por comisiones. Adem\u00e1s el diputado del Partido Verde record\u00f3 que la iniciativa de la nueva ley del Sistema de Seguridad P\u00fablica incluyen la Secretar\u00eda de Seguridad Ciudadana y de la Guardia Civil Estatal. El diputado presidente de la JUCOPO se\u00f1al\u00f3 que la \u00faltima etapa en el proceso de consulta para esta iniciativa [&hellip;]\" \/>\n<meta property=\"og:url\" content=\"https:\/\/canal7slp.tv\/2022\/en-breve-se-llevara-a-cabo-la-votacion-para-la-creacion-de-la-guardia-civil-estatal\/\" \/>\n<meta property=\"og:site_name\" content=\"Canal 7 SLP - 2022\" \/>\n<meta property=\"article:publisher\" content=\"https:\/\/www.facebook.com\/noticieroscanalsiete\" \/>\n<meta property=\"article:published_time\" content=\"2022-03-06T01:53:22+00:00\" \/>\n<meta property=\"og:image\" content=\"https:\/\/canal7slp.tv\/2022\/wp-content\/uploads\/2022\/03\/Claudio01GCE.jpg\" \/>\n\t<meta property=\"og:image:width\" content=\"888\" \/>\n\t<meta property=\"og:image:height\" content=\"500\" \/>\n\t<meta property=\"og:image:type\" content=\"image\/jpeg\" \/>\n<meta name=\"author\" content=\"Edici\u00f3n Web\" \/>\n<meta name=\"twitter:card\" content=\"summary_large_image\" \/>\n<meta name=\"twitter:creator\" content=\"@NOTICIEROS7\" \/>\n<meta name=\"twitter:site\" content=\"@NOTICIEROS7\" \/>\n<meta name=\"twitter:label1\" content=\"Escrito por\" \/>\n\t<meta name=\"twitter:data1\" content=\"Edici\u00f3n Web\" \/>\n\t<meta name=\"twitter:label2\" content=\"Tiempo de lectura\" \/>\n\t<meta name=\"twitter:data2\" content=\"1 minuto\" \/>\n<script type=\"application\/ld+json\" class=\"yoast-schema-graph\">{\"@context\":\"https:\\\/\\\/schema.org\",\"@graph\":[{\"@type\":\"Article\",\"@id\":\"https:\\\/\\\/canal7slp.tv\\\/2022\\\/en-breve-se-llevara-a-cabo-la-votacion-para-la-creacion-de-la-guardia-civil-estatal\\\/#article\",\"isPartOf\":{\"@id\":\"https:\\\/\\\/canal7slp.tv\\\/2022\\\/en-breve-se-llevara-a-cabo-la-votacion-para-la-creacion-de-la-guardia-civil-estatal\\\/\"},\"author\":{\"name\":\"Edici\u00f3n Web\",\"@id\":\"https:\\\/\\\/canal7slp.tv\\\/2022\\\/#\\\/schema\\\/person\\\/429704152a21f5f856ce29aa69a238da\"},\"headline\":\"En breve se llevar\u00e1 a cabo la votaci\u00f3n para la creaci\u00f3n de la Guardia Civil Estatal.\",\"datePublished\":\"2022-03-06T01:53:22+00:00\",\"mainEntityOfPage\":{\"@id\":\"https:\\\/\\\/canal7slp.tv\\\/2022\\\/en-breve-se-llevara-a-cabo-la-votacion-para-la-creacion-de-la-guardia-civil-estatal\\\/\"},\"wordCount\":229,\"publisher\":{\"@id\":\"https:\\\/\\\/canal7slp.tv\\\/2022\\\/#organization\"},\"image\":{\"@id\":\"https:\\\/\\\/canal7slp.tv\\\/2022\\\/en-breve-se-llevara-a-cabo-la-votacion-para-la-creacion-de-la-guardia-civil-estatal\\\/#primaryimage\"},\"thumbnailUrl\":\"https:\\\/\\\/canal7slp.tv\\\/2022\\\/wp-content\\\/uploads\\\/2022\\\/03\\\/Claudio01GCE.jpg\",\"articleSection\":[\"CONGRESO\",\"DESTACADAS\",\"LOCALES Y REGIONALES\"],\"inLanguage\":\"es\"},{\"@type\":\"WebPage\",\"@id\":\"https:\\\/\\\/canal7slp.tv\\\/2022\\\/en-breve-se-llevara-a-cabo-la-votacion-para-la-creacion-de-la-guardia-civil-estatal\\\/\",\"url\":\"https:\\\/\\\/canal7slp.tv\\\/2022\\\/en-breve-se-llevara-a-cabo-la-votacion-para-la-creacion-de-la-guardia-civil-estatal\\\/\",\"name\":\"En breve se llevar\u00e1 a cabo la votaci\u00f3n para la creaci\u00f3n de la Guardia Civil Estatal. - Canal 7 SLP - 2022\",\"isPartOf\":{\"@id\":\"https:\\\/\\\/canal7slp.tv\\\/2022\\\/#website\"},\"primaryImageOfPage\":{\"@id\":\"https:\\\/\\\/canal7slp.tv\\\/2022\\\/en-breve-se-llevara-a-cabo-la-votacion-para-la-creacion-de-la-guardia-civil-estatal\\\/#primaryimage\"},\"image\":{\"@id\":\"https:\\\/\\\/canal7slp.tv\\\/2022\\\/en-breve-se-llevara-a-cabo-la-votacion-para-la-creacion-de-la-guardia-civil-estatal\\\/#primaryimage\"},\"thumbnailUrl\":\"https:\\\/\\\/canal7slp.tv\\\/2022\\\/wp-content\\\/uploads\\\/2022\\\/03\\\/Claudio01GCE.jpg\",\"datePublished\":\"2022-03-06T01:53:22+00:00\",\"breadcrumb\":{\"@id\":\"https:\\\/\\\/canal7slp.tv\\\/2022\\\/en-breve-se-llevara-a-cabo-la-votacion-para-la-creacion-de-la-guardia-civil-estatal\\\/#breadcrumb\"},\"inLanguage\":\"es\",\"potentialAction\":[{\"@type\":\"ReadAction\",\"target\":[\"https:\\\/\\\/canal7slp.tv\\\/2022\\\/en-breve-se-llevara-a-cabo-la-votacion-para-la-creacion-de-la-guardia-civil-estatal\\\/\"]}]},{\"@type\":\"ImageObject\",\"inLanguage\":\"es\",\"@id\":\"https:\\\/\\\/canal7slp.tv\\\/2022\\\/en-breve-se-llevara-a-cabo-la-votacion-para-la-creacion-de-la-guardia-civil-estatal\\\/#primaryimage\",\"url\":\"https:\\\/\\\/canal7slp.tv\\\/2022\\\/wp-content\\\/uploads\\\/2022\\\/03\\\/Claudio01GCE.jpg\",\"contentUrl\":\"https:\\\/\\\/canal7slp.tv\\\/2022\\\/wp-content\\\/uploads\\\/2022\\\/03\\\/Claudio01GCE.jpg\",\"width\":888,\"height\":500},{\"@type\":\"BreadcrumbList\",\"@id\":\"https:\\\/\\\/canal7slp.tv\\\/2022\\\/en-breve-se-llevara-a-cabo-la-votacion-para-la-creacion-de-la-guardia-civil-estatal\\\/#breadcrumb\",\"itemListElement\":[{\"@type\":\"ListItem\",\"position\":1,\"name\":\"Portada\",\"item\":\"https:\\\/\\\/canal7slp.tv\\\/2022\\\/\"},{\"@type\":\"ListItem\",\"position\":2,\"name\":\"En breve se llevar\u00e1 a cabo la votaci\u00f3n para la creaci\u00f3n de la Guardia Civil Estatal.\"}]},{\"@type\":\"WebSite\",\"@id\":\"https:\\\/\\\/canal7slp.tv\\\/2022\\\/#website\",\"url\":\"https:\\\/\\\/canal7slp.tv\\\/2022\\\/\",\"name\":\"N7 - Noticieros Canal 7\",\"description\":\"Somos Televisi\u00f3n\",\"publisher\":{\"@id\":\"https:\\\/\\\/canal7slp.tv\\\/2022\\\/#organization\"},\"potentialAction\":[{\"@type\":\"SearchAction\",\"target\":{\"@type\":\"EntryPoint\",\"urlTemplate\":\"https:\\\/\\\/canal7slp.tv\\\/2022\\\/?s={search_term_string}\"},\"query-input\":{\"@type\":\"PropertyValueSpecification\",\"valueRequired\":true,\"valueName\":\"search_term_string\"}}],\"inLanguage\":\"es\"},{\"@type\":\"Organization\",\"@id\":\"https:\\\/\\\/canal7slp.tv\\\/2022\\\/#organization\",\"name\":\"Noticieros Canal 7\",\"url\":\"https:\\\/\\\/canal7slp.tv\\\/2022\\\/\",\"logo\":{\"@type\":\"ImageObject\",\"inLanguage\":\"es\",\"@id\":\"https:\\\/\\\/canal7slp.tv\\\/2022\\\/#\\\/schema\\\/logo\\\/image\\\/\",\"url\":\"https:\\\/\\\/canal7slp.tv\\\/2022\\\/wp-content\\\/uploads\\\/2021\\\/01\\\/logo-noticieros@2x.png\",\"contentUrl\":\"https:\\\/\\\/canal7slp.tv\\\/2022\\\/wp-content\\\/uploads\\\/2021\\\/01\\\/logo-noticieros@2x.png\",\"width\":1017,\"height\":268,\"caption\":\"Noticieros Canal 7\"},\"image\":{\"@id\":\"https:\\\/\\\/canal7slp.tv\\\/2022\\\/#\\\/schema\\\/logo\\\/image\\\/\"},\"sameAs\":[\"https:\\\/\\\/www.facebook.com\\\/noticieroscanalsiete\",\"https:\\\/\\\/x.com\\\/NOTICIEROS7\",\"https:\\\/\\\/www.instagram.com\\\/canal7_slp\",\"https:\\\/\\\/www.youtube.com\\\/channel\\\/UCliiYs-gP3JfJeqdPrNdd5A\"]},{\"@type\":\"Person\",\"@id\":\"https:\\\/\\\/canal7slp.tv\\\/2022\\\/#\\\/schema\\\/person\\\/429704152a21f5f856ce29aa69a238da\",\"name\":\"Edici\u00f3n Web\",\"image\":{\"@type\":\"ImageObject\",\"inLanguage\":\"es\",\"@id\":\"https:\\\/\\\/secure.gravatar.com\\\/avatar\\\/eee448fc3f7164808013b816ba91ac7e43bbe82a70bebac296f8bc6f0addaa1a?s=96&d=mm&r=g\",\"url\":\"https:\\\/\\\/secure.gravatar.com\\\/avatar\\\/eee448fc3f7164808013b816ba91ac7e43bbe82a70bebac296f8bc6f0addaa1a?s=96&d=mm&r=g\",\"contentUrl\":\"https:\\\/\\\/secure.gravatar.com\\\/avatar\\\/eee448fc3f7164808013b816ba91ac7e43bbe82a70bebac296f8bc6f0addaa1a?s=96&d=mm&r=g\",\"caption\":\"Edici\u00f3n Web\"},\"url\":\"https:\\\/\\\/canal7slp.tv\\\/2022\\\/author\\\/edicionweb\\\/\"}]}<\/script>\n<!-- \/ Yoast SEO plugin. -->","yoast_head_json":{"title":"En breve se llevar\u00e1 a cabo la votaci\u00f3n para la creaci\u00f3n de la Guardia Civil Estatal. - Canal 7 SLP - 2022","robots":{"index":"index","follow":"follow","max-snippet":"max-snippet:-1","max-image-preview":"max-image-preview:large","max-video-preview":"max-video-preview:-1"},"canonical":"https:\/\/canal7slp.tv\/2022\/en-breve-se-llevara-a-cabo-la-votacion-para-la-creacion-de-la-guardia-civil-estatal\/","og_locale":"es_ES","og_type":"article","og_title":"En breve se llevar\u00e1 a cabo la votaci\u00f3n para la creaci\u00f3n de la Guardia Civil Estatal. - Canal 7 SLP - 2022","og_description":"SLP.- Al decir que la iniciativa para la creaci\u00f3n de la Guardia Civil Estatal est\u00e1 en proceso de socializaci\u00f3n el diputado presidente de la Junta de Coordinaci\u00f3n Pol\u00edtica Jos\u00e9 Luis Fern\u00e1ndez Mart\u00ednez, coment\u00f3 que en los pr\u00f3ximos d\u00edas estar\u00eda ya vot\u00e1ndose en el Pleno, una vez que pase por comisiones. Adem\u00e1s el diputado del Partido Verde record\u00f3 que la iniciativa de la nueva ley del Sistema de Seguridad P\u00fablica incluyen la Secretar\u00eda de Seguridad Ciudadana y de la Guardia Civil Estatal. El diputado presidente de la JUCOPO se\u00f1al\u00f3 que la \u00faltima etapa en el proceso de consulta para esta iniciativa [&hellip;]","og_url":"https:\/\/canal7slp.tv\/2022\/en-breve-se-llevara-a-cabo-la-votacion-para-la-creacion-de-la-guardia-civil-estatal\/","og_site_name":"Canal 7 SLP - 2022","article_publisher":"https:\/\/www.facebook.com\/noticieroscanalsiete","article_published_time":"2022-03-06T01:53:22+00:00","og_image":[{"width":888,"height":500,"url":"https:\/\/canal7slp.tv\/2022\/wp-content\/uploads\/2022\/03\/Claudio01GCE.jpg","type":"image\/jpeg"}],"author":"Edici\u00f3n Web","twitter_card":"summary_large_image","twitter_creator":"@NOTICIEROS7","twitter_site":"@NOTICIEROS7","twitter_misc":{"Escrito por":"Edici\u00f3n Web","Tiempo de lectura":"1 minuto"},"schema":{"@context":"https:\/\/schema.org","@graph":[{"@type":"Article","@id":"https:\/\/canal7slp.tv\/2022\/en-breve-se-llevara-a-cabo-la-votacion-para-la-creacion-de-la-guardia-civil-estatal\/#article","isPartOf":{"@id":"https:\/\/canal7slp.tv\/2022\/en-breve-se-llevara-a-cabo-la-votacion-para-la-creacion-de-la-guardia-civil-estatal\/"},"author":{"name":"Edici\u00f3n Web","@id":"https:\/\/canal7slp.tv\/2022\/#\/schema\/person\/429704152a21f5f856ce29aa69a238da"},"headline":"En breve se llevar\u00e1 a cabo la votaci\u00f3n para la creaci\u00f3n de la Guardia Civil Estatal.","datePublished":"2022-03-06T01:53:22+00:00","mainEntityOfPage":{"@id":"https:\/\/canal7slp.tv\/2022\/en-breve-se-llevara-a-cabo-la-votacion-para-la-creacion-de-la-guardia-civil-estatal\/"},"wordCount":229,"publisher":{"@id":"https:\/\/canal7slp.tv\/2022\/#organization"},"image":{"@id":"https:\/\/canal7slp.tv\/2022\/en-breve-se-llevara-a-cabo-la-votacion-para-la-creacion-de-la-guardia-civil-estatal\/#primaryimage"},"thumbnailUrl":"https:\/\/canal7slp.tv\/2022\/wp-content\/uploads\/2022\/03\/Claudio01GCE.jpg","articleSection":["CONGRESO","DESTACADAS","LOCALES Y REGIONALES"],"inLanguage":"es"},{"@type":"WebPage","@id":"https:\/\/canal7slp.tv\/2022\/en-breve-se-llevara-a-cabo-la-votacion-para-la-creacion-de-la-guardia-civil-estatal\/","url":"https:\/\/canal7slp.tv\/2022\/en-breve-se-llevara-a-cabo-la-votacion-para-la-creacion-de-la-guardia-civil-estatal\/","name":"En breve se llevar\u00e1 a cabo la votaci\u00f3n para la creaci\u00f3n de la Guardia Civil Estatal. - Canal 7 SLP - 2022","isPartOf":{"@id":"https:\/\/canal7slp.tv\/2022\/#website"},"primaryImageOfPage":{"@id":"https:\/\/canal7slp.tv\/2022\/en-breve-se-llevara-a-cabo-la-votacion-para-la-creacion-de-la-guardia-civil-estatal\/#primaryimage"},"image":{"@id":"https:\/\/canal7slp.tv\/2022\/en-breve-se-llevara-a-cabo-la-votacion-para-la-creacion-de-la-guardia-civil-estatal\/#primaryimage"},"thumbnailUrl":"https:\/\/canal7slp.tv\/2022\/wp-content\/uploads\/2022\/03\/Claudio01GCE.jpg","datePublished":"2022-03-06T01:53:22+00:00","breadcrumb":{"@id":"https:\/\/canal7slp.tv\/2022\/en-breve-se-llevara-a-cabo-la-votacion-para-la-creacion-de-la-guardia-civil-estatal\/#breadcrumb"},"inLanguage":"es","potentialAction":[{"@type":"ReadAction","target":["https:\/\/canal7slp.tv\/2022\/en-breve-se-llevara-a-cabo-la-votacion-para-la-creacion-de-la-guardia-civil-estatal\/"]}]},{"@type":"ImageObject","inLanguage":"es","@id":"https:\/\/canal7slp.tv\/2022\/en-breve-se-llevara-a-cabo-la-votacion-para-la-creacion-de-la-guardia-civil-estatal\/#primaryimage","url":"https:\/\/canal7slp.tv\/2022\/wp-content\/uploads\/2022\/03\/Claudio01GCE.jpg","contentUrl":"https:\/\/canal7slp.tv\/2022\/wp-content\/uploads\/2022\/03\/Claudio01GCE.jpg","width":888,"height":500},{"@type":"BreadcrumbList","@id":"https:\/\/canal7slp.tv\/2022\/en-breve-se-llevara-a-cabo-la-votacion-para-la-creacion-de-la-guardia-civil-estatal\/#breadcrumb","itemListElement":[{"@type":"ListItem","position":1,"name":"Portada","item":"https:\/\/canal7slp.tv\/2022\/"},{"@type":"ListItem","position":2,"name":"En breve se llevar\u00e1 a cabo la votaci\u00f3n para la creaci\u00f3n de la Guardia Civil Estatal."}]},{"@type":"WebSite","@id":"https:\/\/canal7slp.tv\/2022\/#website","url":"https:\/\/canal7slp.tv\/2022\/","name":"N7 - Noticieros Canal 7","description":"Somos Televisi\u00f3n","publisher":{"@id":"https:\/\/canal7slp.tv\/2022\/#organization"},"potentialAction":[{"@type":"SearchAction","target":{"@type":"EntryPoint","urlTemplate":"https:\/\/canal7slp.tv\/2022\/?s={search_term_string}"},"query-input":{"@type":"PropertyValueSpecification","valueRequired":true,"valueName":"search_term_string"}}],"inLanguage":"es"},{"@type":"Organization","@id":"https:\/\/canal7slp.tv\/2022\/#organization","name":"Noticieros Canal 7","url":"https:\/\/canal7slp.tv\/2022\/","logo":{"@type":"ImageObject","inLanguage":"es","@id":"https:\/\/canal7slp.tv\/2022\/#\/schema\/logo\/image\/","url":"https:\/\/canal7slp.tv\/2022\/wp-content\/uploads\/2021\/01\/logo-noticieros@2x.png","contentUrl":"https:\/\/canal7slp.tv\/2022\/wp-content\/uploads\/2021\/01\/logo-noticieros@2x.png","width":1017,"height":268,"caption":"Noticieros Canal 7"},"image":{"@id":"https:\/\/canal7slp.tv\/2022\/#\/schema\/logo\/image\/"},"sameAs":["https:\/\/www.facebook.com\/noticieroscanalsiete","https:\/\/x.com\/NOTICIEROS7","https:\/\/www.instagram.com\/canal7_slp","https:\/\/www.youtube.com\/channel\/UCliiYs-gP3JfJeqdPrNdd5A"]},{"@type":"Person","@id":"https:\/\/canal7slp.tv\/2022\/#\/schema\/person\/429704152a21f5f856ce29aa69a238da","name":"Edici\u00f3n Web","image":{"@type":"ImageObject","inLanguage":"es","@id":"https:\/\/secure.gravatar.com\/avatar\/eee448fc3f7164808013b816ba91ac7e43bbe82a70bebac296f8bc6f0addaa1a?s=96&d=mm&r=g","url":"https:\/\/secure.gravatar.com\/avatar\/eee448fc3f7164808013b816ba91ac7e43bbe82a70bebac296f8bc6f0addaa1a?s=96&d=mm&r=g","contentUrl":"https:\/\/secure.gravatar.com\/avatar\/eee448fc3f7164808013b816ba91ac7e43bbe82a70bebac296f8bc6f0addaa1a?s=96&d=mm&r=g","caption":"Edici\u00f3n Web"},"url":"https:\/\/canal7slp.tv\/2022\/author\/edicionweb\/"}]}},"amp_enabled":true,"_links":{"self":[{"href":"https:\/\/canal7slp.tv\/2022\/wp-json\/wp\/v2\/posts\/53249","targetHints":{"allow":["GET"]}}],"collection":[{"href":"https:\/\/canal7slp.tv\/2022\/wp-json\/wp\/v2\/posts"}],"about":[{"href":"https:\/\/canal7slp.tv\/2022\/wp-json\/wp\/v2\/types\/post"}],"author":[{"embeddable":true,"href":"https:\/\/canal7slp.tv\/2022\/wp-json\/wp\/v2\/users\/2"}],"replies":[{"embeddable":true,"href":"https:\/\/canal7slp.tv\/2022\/wp-json\/wp\/v2\/comments?post=53249"}],"version-history":[{"count":3,"href":"https:\/\/canal7slp.tv\/2022\/wp-json\/wp\/v2\/posts\/53249\/revisions"}],"predecessor-version":[{"id":53283,"href":"https:\/\/canal7slp.tv\/2022\/wp-json\/wp\/v2\/posts\/53249\/revisions\/53283"}],"wp:featuredmedia":[{"embeddable":true,"href":"https:\/\/canal7slp.tv\/2022\/wp-json\/wp\/v2\/media\/53282"}],"wp:attachment":[{"href":"https:\/\/canal7slp.tv\/2022\/wp-json\/wp\/v2\/media?parent=53249"}],"wp:term":[{"taxonomy":"category","embeddable":true,"href":"https:\/\/canal7slp.tv\/2022\/wp-json\/wp\/v2\/categories?post=53249"},{"taxonomy":"post_tag","embeddable":true,"href":"https:\/\/canal7slp.tv\/2022\/wp-json\/wp\/v2\/tags?post=53249"}],"curies":[{"name":"wp","href":"https:\/\/api.w.org\/{rel}","templated":true}]}}