{"id":53248,"date":"2022-03-05T19:48:37","date_gmt":"2022-03-06T01:48:37","guid":{"rendered":"https:\/\/canal7slp.tv\/2022\/?p=53248"},"modified":"2022-03-05T19:48:37","modified_gmt":"2022-03-06T01:48:37","slug":"escuelas-de-tiempo-completo-desaparecieron-desde-2020-senala-sege","status":"publish","type":"post","link":"https:\/\/canal7slp.tv\/2022\/escuelas-de-tiempo-completo-desaparecieron-desde-2020-senala-sege\/","title":{"rendered":"Escuelas de Tiempo Completo desaparecieron desde 2020, se\u00f1ala SEGE."},"content":{"rendered":"<p style=\"text-align: justify;\">SLP.- El titular de la Secretar\u00eda de Educaci\u00f3n de Gobierno del Estado (SEGE), Juan Carlos Torres Cedillo, se\u00f1al\u00f3 que las instituciones educativas que operaban bajo el esquema de tiempo completo desaparecieron desde el a\u00f1o 2020 en San Luis Potos\u00ed.<\/p>\n<p style=\"text-align: justify;\">Detall\u00f3 que la entidad potosina contaba con cerca de 686 planteles de educaci\u00f3n b\u00e1sica que actualmente ya laboran con un horario regular.<\/p>\n<p style=\"text-align: justify;\">\u00abA nivel nacional vimos esa nota donde la maestra Delfina habla del cierre de las escuelas de tiempo completo, sin embargo, en San Luis Potos\u00ed ten\u00edamos alrededor 686 instituciones entre primarias y telesecundarias, cu\u00e1ndo entra el nuevo presidente empiezan hacer recortes y todas las escuelas que ten\u00edamos en San Luis Potos\u00ed se quedaron sin presupuesto a partir de 2020\u00bb, explic\u00f3<\/p>\n<p style=\"text-align: justify;\">El funcionario estatal record\u00f3 que la modificaci\u00f3n realizada por la Federaci\u00f3n a la Escuela es Nuestra (LEEN) en el Diario Oficial de la Naci\u00f3n, pone pausa a las escuelas de tiempo completo, con el fin de mejorar las condiciones actuales de aquellos planteles que se han deteriorado tras las suspensiones de actividades escolares por la pandemia de covid-19.<\/p>\n<p style=\"text-align: justify;\">\u00abNosotros no tenemos escuelas en esas condiciones, s\u00ed era un programa muy bueno que en todo caso ver\u00edamos en qu\u00e9 manera y c\u00f3mo lo van a sustituir para nosotros pedir el apoyo, pero de momento afortunadamente no estar\u00edamos afectando a nadie\u00bb, reiter\u00f3.<\/p>\n<p style=\"text-align: justify;\">Torres Cedillo concluy\u00f3 la entrevista al mencionar que a los docentes en escuelas de tiempo completo se les pagaba solamente una cantidad de entre mil 800 y 2 mil 600 pesos.<\/p>\n<p style=\"text-align: justify;\">Por: Jos\u00e9 Luis V\u00e1zquez<\/p>\n","protected":false},"excerpt":{"rendered":"<p>SLP.- El titular de la Secretar\u00eda de Educaci\u00f3n de Gobierno del Estado (SEGE), Juan Carlos Torres Cedillo, se\u00f1al\u00f3 que las instituciones educativas que operaban bajo el esquema de tiempo completo desaparecieron desde el a\u00f1o 2020 en San Luis Potos\u00ed. Detall\u00f3 que la entidad potosina contaba con cerca de 686 planteles de educaci\u00f3n b\u00e1sica que actualmente ya laboran con un horario regular. \u00abA nivel nacional vimos esa nota donde la maestra Delfina habla del cierre de las escuelas de tiempo completo, sin embargo, en San Luis Potos\u00ed ten\u00edamos alrededor 686 instituciones entre primarias y telesecundarias, cu\u00e1ndo entra el nuevo presidente empiezan [&hellip;]<\/p>\n","protected":false},"author":2,"featured_media":53280,"comment_status":"closed","ping_status":"closed","sticky":false,"template":"","format":"video","meta":{"footnotes":""},"categories":[5,510,45],"tags":[],"class_list":["post-53248","post","type-post","status-publish","format-video","has-post-thumbnail","hentry","category-destacadas","category-gobedoslp","category-localesyregionales","post_format-post-format-video","post--single"],"yoast_head":"<!-- This site is optimized with the Yoast SEO plugin v27.4 - https:\/\/yoast.com\/product\/yoast-seo-wordpress\/ -->\n<title>Escuelas de Tiempo Completo desaparecieron desde 2020, se\u00f1ala SEGE. - Canal 7 SLP - 2022<\/title>\n<meta name=\"robots\" content=\"index, follow, max-snippet:-1, max-image-preview:large, max-video-preview:-1\" \/>\n<link rel=\"canonical\" href=\"https:\/\/canal7slp.tv\/2022\/escuelas-de-tiempo-completo-desaparecieron-desde-2020-senala-sege\/\" \/>\n<meta property=\"og:locale\" content=\"es_ES\" \/>\n<meta property=\"og:type\" content=\"article\" \/>\n<meta property=\"og:title\" content=\"Escuelas de Tiempo Completo desaparecieron desde 2020, se\u00f1ala SEGE. - Canal 7 SLP - 2022\" \/>\n<meta property=\"og:description\" content=\"SLP.- El titular de la Secretar\u00eda de Educaci\u00f3n de Gobierno del Estado (SEGE), Juan Carlos Torres Cedillo, se\u00f1al\u00f3 que las instituciones educativas que operaban bajo el esquema de tiempo completo desaparecieron desde el a\u00f1o 2020 en San Luis Potos\u00ed. Detall\u00f3 que la entidad potosina contaba con cerca de 686 planteles de educaci\u00f3n b\u00e1sica que actualmente ya laboran con un horario regular. \u00abA nivel nacional vimos esa nota donde la maestra Delfina habla del cierre de las escuelas de tiempo completo, sin embargo, en San Luis Potos\u00ed ten\u00edamos alrededor 686 instituciones entre primarias y telesecundarias, cu\u00e1ndo entra el nuevo presidente empiezan [&hellip;]\" \/>\n<meta property=\"og:url\" content=\"https:\/\/canal7slp.tv\/2022\/escuelas-de-tiempo-completo-desaparecieron-desde-2020-senala-sege\/\" \/>\n<meta property=\"og:site_name\" content=\"Canal 7 SLP - 2022\" \/>\n<meta property=\"article:publisher\" content=\"https:\/\/www.facebook.com\/noticieroscanalsiete\" \/>\n<meta property=\"article:published_time\" content=\"2022-03-06T01:48:37+00:00\" \/>\n<meta property=\"og:image\" content=\"https:\/\/canal7slp.tv\/2022\/wp-content\/uploads\/2022\/03\/Vazquez03SEGEEscuelas.jpg\" \/>\n\t<meta property=\"og:image:width\" content=\"888\" \/>\n\t<meta property=\"og:image:height\" content=\"500\" \/>\n\t<meta property=\"og:image:type\" content=\"image\/jpeg\" \/>\n<meta name=\"author\" content=\"Edici\u00f3n Web\" \/>\n<meta name=\"twitter:card\" content=\"summary_large_image\" \/>\n<meta name=\"twitter:creator\" content=\"@NOTICIEROS7\" \/>\n<meta name=\"twitter:site\" content=\"@NOTICIEROS7\" \/>\n<meta name=\"twitter:label1\" content=\"Escrito por\" \/>\n\t<meta name=\"twitter:data1\" content=\"Edici\u00f3n Web\" \/>\n\t<meta name=\"twitter:label2\" content=\"Tiempo de lectura\" \/>\n\t<meta name=\"twitter:data2\" content=\"2 minutos\" \/>\n<script type=\"application\/ld+json\" class=\"yoast-schema-graph\">{\"@context\":\"https:\\\/\\\/schema.org\",\"@graph\":[{\"@type\":\"Article\",\"@id\":\"https:\\\/\\\/canal7slp.tv\\\/2022\\\/escuelas-de-tiempo-completo-desaparecieron-desde-2020-senala-sege\\\/#article\",\"isPartOf\":{\"@id\":\"https:\\\/\\\/canal7slp.tv\\\/2022\\\/escuelas-de-tiempo-completo-desaparecieron-desde-2020-senala-sege\\\/\"},\"author\":{\"name\":\"Edici\u00f3n Web\",\"@id\":\"https:\\\/\\\/canal7slp.tv\\\/2022\\\/#\\\/schema\\\/person\\\/429704152a21f5f856ce29aa69a238da\"},\"headline\":\"Escuelas de Tiempo Completo desaparecieron desde 2020, se\u00f1ala SEGE.\",\"datePublished\":\"2022-03-06T01:48:37+00:00\",\"mainEntityOfPage\":{\"@id\":\"https:\\\/\\\/canal7slp.tv\\\/2022\\\/escuelas-de-tiempo-completo-desaparecieron-desde-2020-senala-sege\\\/\"},\"wordCount\":275,\"publisher\":{\"@id\":\"https:\\\/\\\/canal7slp.tv\\\/2022\\\/#organization\"},\"image\":{\"@id\":\"https:\\\/\\\/canal7slp.tv\\\/2022\\\/escuelas-de-tiempo-completo-desaparecieron-desde-2020-senala-sege\\\/#primaryimage\"},\"thumbnailUrl\":\"https:\\\/\\\/canal7slp.tv\\\/2022\\\/wp-content\\\/uploads\\\/2022\\\/03\\\/Vazquez03SEGEEscuelas.jpg\",\"articleSection\":[\"DESTACADAS\",\"GOBEDOSLP\",\"LOCALES Y REGIONALES\"],\"inLanguage\":\"es\"},{\"@type\":\"WebPage\",\"@id\":\"https:\\\/\\\/canal7slp.tv\\\/2022\\\/escuelas-de-tiempo-completo-desaparecieron-desde-2020-senala-sege\\\/\",\"url\":\"https:\\\/\\\/canal7slp.tv\\\/2022\\\/escuelas-de-tiempo-completo-desaparecieron-desde-2020-senala-sege\\\/\",\"name\":\"Escuelas de Tiempo Completo desaparecieron desde 2020, se\u00f1ala SEGE. - Canal 7 SLP - 2022\",\"isPartOf\":{\"@id\":\"https:\\\/\\\/canal7slp.tv\\\/2022\\\/#website\"},\"primaryImageOfPage\":{\"@id\":\"https:\\\/\\\/canal7slp.tv\\\/2022\\\/escuelas-de-tiempo-completo-desaparecieron-desde-2020-senala-sege\\\/#primaryimage\"},\"image\":{\"@id\":\"https:\\\/\\\/canal7slp.tv\\\/2022\\\/escuelas-de-tiempo-completo-desaparecieron-desde-2020-senala-sege\\\/#primaryimage\"},\"thumbnailUrl\":\"https:\\\/\\\/canal7slp.tv\\\/2022\\\/wp-content\\\/uploads\\\/2022\\\/03\\\/Vazquez03SEGEEscuelas.jpg\",\"datePublished\":\"2022-03-06T01:48:37+00:00\",\"breadcrumb\":{\"@id\":\"https:\\\/\\\/canal7slp.tv\\\/2022\\\/escuelas-de-tiempo-completo-desaparecieron-desde-2020-senala-sege\\\/#breadcrumb\"},\"inLanguage\":\"es\",\"potentialAction\":[{\"@type\":\"ReadAction\",\"target\":[\"https:\\\/\\\/canal7slp.tv\\\/2022\\\/escuelas-de-tiempo-completo-desaparecieron-desde-2020-senala-sege\\\/\"]}]},{\"@type\":\"ImageObject\",\"inLanguage\":\"es\",\"@id\":\"https:\\\/\\\/canal7slp.tv\\\/2022\\\/escuelas-de-tiempo-completo-desaparecieron-desde-2020-senala-sege\\\/#primaryimage\",\"url\":\"https:\\\/\\\/canal7slp.tv\\\/2022\\\/wp-content\\\/uploads\\\/2022\\\/03\\\/Vazquez03SEGEEscuelas.jpg\",\"contentUrl\":\"https:\\\/\\\/canal7slp.tv\\\/2022\\\/wp-content\\\/uploads\\\/2022\\\/03\\\/Vazquez03SEGEEscuelas.jpg\",\"width\":888,\"height\":500},{\"@type\":\"BreadcrumbList\",\"@id\":\"https:\\\/\\\/canal7slp.tv\\\/2022\\\/escuelas-de-tiempo-completo-desaparecieron-desde-2020-senala-sege\\\/#breadcrumb\",\"itemListElement\":[{\"@type\":\"ListItem\",\"position\":1,\"name\":\"Portada\",\"item\":\"https:\\\/\\\/canal7slp.tv\\\/2022\\\/\"},{\"@type\":\"ListItem\",\"position\":2,\"name\":\"Escuelas de Tiempo Completo desaparecieron desde 2020, se\u00f1ala SEGE.\"}]},{\"@type\":\"WebSite\",\"@id\":\"https:\\\/\\\/canal7slp.tv\\\/2022\\\/#website\",\"url\":\"https:\\\/\\\/canal7slp.tv\\\/2022\\\/\",\"name\":\"N7 - Noticieros Canal 7\",\"description\":\"Somos Televisi\u00f3n\",\"publisher\":{\"@id\":\"https:\\\/\\\/canal7slp.tv\\\/2022\\\/#organization\"},\"potentialAction\":[{\"@type\":\"SearchAction\",\"target\":{\"@type\":\"EntryPoint\",\"urlTemplate\":\"https:\\\/\\\/canal7slp.tv\\\/2022\\\/?s={search_term_string}\"},\"query-input\":{\"@type\":\"PropertyValueSpecification\",\"valueRequired\":true,\"valueName\":\"search_term_string\"}}],\"inLanguage\":\"es\"},{\"@type\":\"Organization\",\"@id\":\"https:\\\/\\\/canal7slp.tv\\\/2022\\\/#organization\",\"name\":\"Noticieros Canal 7\",\"url\":\"https:\\\/\\\/canal7slp.tv\\\/2022\\\/\",\"logo\":{\"@type\":\"ImageObject\",\"inLanguage\":\"es\",\"@id\":\"https:\\\/\\\/canal7slp.tv\\\/2022\\\/#\\\/schema\\\/logo\\\/image\\\/\",\"url\":\"https:\\\/\\\/canal7slp.tv\\\/2022\\\/wp-content\\\/uploads\\\/2021\\\/01\\\/logo-noticieros@2x.png\",\"contentUrl\":\"https:\\\/\\\/canal7slp.tv\\\/2022\\\/wp-content\\\/uploads\\\/2021\\\/01\\\/logo-noticieros@2x.png\",\"width\":1017,\"height\":268,\"caption\":\"Noticieros Canal 7\"},\"image\":{\"@id\":\"https:\\\/\\\/canal7slp.tv\\\/2022\\\/#\\\/schema\\\/logo\\\/image\\\/\"},\"sameAs\":[\"https:\\\/\\\/www.facebook.com\\\/noticieroscanalsiete\",\"https:\\\/\\\/x.com\\\/NOTICIEROS7\",\"https:\\\/\\\/www.instagram.com\\\/canal7_slp\",\"https:\\\/\\\/www.youtube.com\\\/channel\\\/UCliiYs-gP3JfJeqdPrNdd5A\"]},{\"@type\":\"Person\",\"@id\":\"https:\\\/\\\/canal7slp.tv\\\/2022\\\/#\\\/schema\\\/person\\\/429704152a21f5f856ce29aa69a238da\",\"name\":\"Edici\u00f3n Web\",\"image\":{\"@type\":\"ImageObject\",\"inLanguage\":\"es\",\"@id\":\"https:\\\/\\\/secure.gravatar.com\\\/avatar\\\/eee448fc3f7164808013b816ba91ac7e43bbe82a70bebac296f8bc6f0addaa1a?s=96&d=mm&r=g\",\"url\":\"https:\\\/\\\/secure.gravatar.com\\\/avatar\\\/eee448fc3f7164808013b816ba91ac7e43bbe82a70bebac296f8bc6f0addaa1a?s=96&d=mm&r=g\",\"contentUrl\":\"https:\\\/\\\/secure.gravatar.com\\\/avatar\\\/eee448fc3f7164808013b816ba91ac7e43bbe82a70bebac296f8bc6f0addaa1a?s=96&d=mm&r=g\",\"caption\":\"Edici\u00f3n Web\"},\"url\":\"https:\\\/\\\/canal7slp.tv\\\/2022\\\/author\\\/edicionweb\\\/\"}]}<\/script>\n<!-- \/ Yoast SEO plugin. -->","yoast_head_json":{"title":"Escuelas de Tiempo Completo desaparecieron desde 2020, se\u00f1ala SEGE. - Canal 7 SLP - 2022","robots":{"index":"index","follow":"follow","max-snippet":"max-snippet:-1","max-image-preview":"max-image-preview:large","max-video-preview":"max-video-preview:-1"},"canonical":"https:\/\/canal7slp.tv\/2022\/escuelas-de-tiempo-completo-desaparecieron-desde-2020-senala-sege\/","og_locale":"es_ES","og_type":"article","og_title":"Escuelas de Tiempo Completo desaparecieron desde 2020, se\u00f1ala SEGE. - Canal 7 SLP - 2022","og_description":"SLP.- El titular de la Secretar\u00eda de Educaci\u00f3n de Gobierno del Estado (SEGE), Juan Carlos Torres Cedillo, se\u00f1al\u00f3 que las instituciones educativas que operaban bajo el esquema de tiempo completo desaparecieron desde el a\u00f1o 2020 en San Luis Potos\u00ed. Detall\u00f3 que la entidad potosina contaba con cerca de 686 planteles de educaci\u00f3n b\u00e1sica que actualmente ya laboran con un horario regular. \u00abA nivel nacional vimos esa nota donde la maestra Delfina habla del cierre de las escuelas de tiempo completo, sin embargo, en San Luis Potos\u00ed ten\u00edamos alrededor 686 instituciones entre primarias y telesecundarias, cu\u00e1ndo entra el nuevo presidente empiezan [&hellip;]","og_url":"https:\/\/canal7slp.tv\/2022\/escuelas-de-tiempo-completo-desaparecieron-desde-2020-senala-sege\/","og_site_name":"Canal 7 SLP - 2022","article_publisher":"https:\/\/www.facebook.com\/noticieroscanalsiete","article_published_time":"2022-03-06T01:48:37+00:00","og_image":[{"width":888,"height":500,"url":"https:\/\/canal7slp.tv\/2022\/wp-content\/uploads\/2022\/03\/Vazquez03SEGEEscuelas.jpg","type":"image\/jpeg"}],"author":"Edici\u00f3n Web","twitter_card":"summary_large_image","twitter_creator":"@NOTICIEROS7","twitter_site":"@NOTICIEROS7","twitter_misc":{"Escrito por":"Edici\u00f3n Web","Tiempo de lectura":"2 minutos"},"schema":{"@context":"https:\/\/schema.org","@graph":[{"@type":"Article","@id":"https:\/\/canal7slp.tv\/2022\/escuelas-de-tiempo-completo-desaparecieron-desde-2020-senala-sege\/#article","isPartOf":{"@id":"https:\/\/canal7slp.tv\/2022\/escuelas-de-tiempo-completo-desaparecieron-desde-2020-senala-sege\/"},"author":{"name":"Edici\u00f3n Web","@id":"https:\/\/canal7slp.tv\/2022\/#\/schema\/person\/429704152a21f5f856ce29aa69a238da"},"headline":"Escuelas de Tiempo Completo desaparecieron desde 2020, se\u00f1ala SEGE.","datePublished":"2022-03-06T01:48:37+00:00","mainEntityOfPage":{"@id":"https:\/\/canal7slp.tv\/2022\/escuelas-de-tiempo-completo-desaparecieron-desde-2020-senala-sege\/"},"wordCount":275,"publisher":{"@id":"https:\/\/canal7slp.tv\/2022\/#organization"},"image":{"@id":"https:\/\/canal7slp.tv\/2022\/escuelas-de-tiempo-completo-desaparecieron-desde-2020-senala-sege\/#primaryimage"},"thumbnailUrl":"https:\/\/canal7slp.tv\/2022\/wp-content\/uploads\/2022\/03\/Vazquez03SEGEEscuelas.jpg","articleSection":["DESTACADAS","GOBEDOSLP","LOCALES Y REGIONALES"],"inLanguage":"es"},{"@type":"WebPage","@id":"https:\/\/canal7slp.tv\/2022\/escuelas-de-tiempo-completo-desaparecieron-desde-2020-senala-sege\/","url":"https:\/\/canal7slp.tv\/2022\/escuelas-de-tiempo-completo-desaparecieron-desde-2020-senala-sege\/","name":"Escuelas de Tiempo Completo desaparecieron desde 2020, se\u00f1ala SEGE. - Canal 7 SLP - 2022","isPartOf":{"@id":"https:\/\/canal7slp.tv\/2022\/#website"},"primaryImageOfPage":{"@id":"https:\/\/canal7slp.tv\/2022\/escuelas-de-tiempo-completo-desaparecieron-desde-2020-senala-sege\/#primaryimage"},"image":{"@id":"https:\/\/canal7slp.tv\/2022\/escuelas-de-tiempo-completo-desaparecieron-desde-2020-senala-sege\/#primaryimage"},"thumbnailUrl":"https:\/\/canal7slp.tv\/2022\/wp-content\/uploads\/2022\/03\/Vazquez03SEGEEscuelas.jpg","datePublished":"2022-03-06T01:48:37+00:00","breadcrumb":{"@id":"https:\/\/canal7slp.tv\/2022\/escuelas-de-tiempo-completo-desaparecieron-desde-2020-senala-sege\/#breadcrumb"},"inLanguage":"es","potentialAction":[{"@type":"ReadAction","target":["https:\/\/canal7slp.tv\/2022\/escuelas-de-tiempo-completo-desaparecieron-desde-2020-senala-sege\/"]}]},{"@type":"ImageObject","inLanguage":"es","@id":"https:\/\/canal7slp.tv\/2022\/escuelas-de-tiempo-completo-desaparecieron-desde-2020-senala-sege\/#primaryimage","url":"https:\/\/canal7slp.tv\/2022\/wp-content\/uploads\/2022\/03\/Vazquez03SEGEEscuelas.jpg","contentUrl":"https:\/\/canal7slp.tv\/2022\/wp-content\/uploads\/2022\/03\/Vazquez03SEGEEscuelas.jpg","width":888,"height":500},{"@type":"BreadcrumbList","@id":"https:\/\/canal7slp.tv\/2022\/escuelas-de-tiempo-completo-desaparecieron-desde-2020-senala-sege\/#breadcrumb","itemListElement":[{"@type":"ListItem","position":1,"name":"Portada","item":"https:\/\/canal7slp.tv\/2022\/"},{"@type":"ListItem","position":2,"name":"Escuelas de Tiempo Completo desaparecieron desde 2020, se\u00f1ala SEGE."}]},{"@type":"WebSite","@id":"https:\/\/canal7slp.tv\/2022\/#website","url":"https:\/\/canal7slp.tv\/2022\/","name":"N7 - Noticieros Canal 7","description":"Somos Televisi\u00f3n","publisher":{"@id":"https:\/\/canal7slp.tv\/2022\/#organization"},"potentialAction":[{"@type":"SearchAction","target":{"@type":"EntryPoint","urlTemplate":"https:\/\/canal7slp.tv\/2022\/?s={search_term_string}"},"query-input":{"@type":"PropertyValueSpecification","valueRequired":true,"valueName":"search_term_string"}}],"inLanguage":"es"},{"@type":"Organization","@id":"https:\/\/canal7slp.tv\/2022\/#organization","name":"Noticieros Canal 7","url":"https:\/\/canal7slp.tv\/2022\/","logo":{"@type":"ImageObject","inLanguage":"es","@id":"https:\/\/canal7slp.tv\/2022\/#\/schema\/logo\/image\/","url":"https:\/\/canal7slp.tv\/2022\/wp-content\/uploads\/2021\/01\/logo-noticieros@2x.png","contentUrl":"https:\/\/canal7slp.tv\/2022\/wp-content\/uploads\/2021\/01\/logo-noticieros@2x.png","width":1017,"height":268,"caption":"Noticieros Canal 7"},"image":{"@id":"https:\/\/canal7slp.tv\/2022\/#\/schema\/logo\/image\/"},"sameAs":["https:\/\/www.facebook.com\/noticieroscanalsiete","https:\/\/x.com\/NOTICIEROS7","https:\/\/www.instagram.com\/canal7_slp","https:\/\/www.youtube.com\/channel\/UCliiYs-gP3JfJeqdPrNdd5A"]},{"@type":"Person","@id":"https:\/\/canal7slp.tv\/2022\/#\/schema\/person\/429704152a21f5f856ce29aa69a238da","name":"Edici\u00f3n Web","image":{"@type":"ImageObject","inLanguage":"es","@id":"https:\/\/secure.gravatar.com\/avatar\/eee448fc3f7164808013b816ba91ac7e43bbe82a70bebac296f8bc6f0addaa1a?s=96&d=mm&r=g","url":"https:\/\/secure.gravatar.com\/avatar\/eee448fc3f7164808013b816ba91ac7e43bbe82a70bebac296f8bc6f0addaa1a?s=96&d=mm&r=g","contentUrl":"https:\/\/secure.gravatar.com\/avatar\/eee448fc3f7164808013b816ba91ac7e43bbe82a70bebac296f8bc6f0addaa1a?s=96&d=mm&r=g","caption":"Edici\u00f3n Web"},"url":"https:\/\/canal7slp.tv\/2022\/author\/edicionweb\/"}]}},"amp_enabled":true,"_links":{"self":[{"href":"https:\/\/canal7slp.tv\/2022\/wp-json\/wp\/v2\/posts\/53248","targetHints":{"allow":["GET"]}}],"collection":[{"href":"https:\/\/canal7slp.tv\/2022\/wp-json\/wp\/v2\/posts"}],"about":[{"href":"https:\/\/canal7slp.tv\/2022\/wp-json\/wp\/v2\/types\/post"}],"author":[{"embeddable":true,"href":"https:\/\/canal7slp.tv\/2022\/wp-json\/wp\/v2\/users\/2"}],"replies":[{"embeddable":true,"href":"https:\/\/canal7slp.tv\/2022\/wp-json\/wp\/v2\/comments?post=53248"}],"version-history":[{"count":3,"href":"https:\/\/canal7slp.tv\/2022\/wp-json\/wp\/v2\/posts\/53248\/revisions"}],"predecessor-version":[{"id":53281,"href":"https:\/\/canal7slp.tv\/2022\/wp-json\/wp\/v2\/posts\/53248\/revisions\/53281"}],"wp:featuredmedia":[{"embeddable":true,"href":"https:\/\/canal7slp.tv\/2022\/wp-json\/wp\/v2\/media\/53280"}],"wp:attachment":[{"href":"https:\/\/canal7slp.tv\/2022\/wp-json\/wp\/v2\/media?parent=53248"}],"wp:term":[{"taxonomy":"category","embeddable":true,"href":"https:\/\/canal7slp.tv\/2022\/wp-json\/wp\/v2\/categories?post=53248"},{"taxonomy":"post_tag","embeddable":true,"href":"https:\/\/canal7slp.tv\/2022\/wp-json\/wp\/v2\/tags?post=53248"}],"curies":[{"name":"wp","href":"https:\/\/api.w.org\/{rel}","templated":true}]}}