{"id":53247,"date":"2022-03-05T19:45:29","date_gmt":"2022-03-06T01:45:29","guid":{"rendered":"https:\/\/canal7slp.tv\/2022\/?p=53247"},"modified":"2022-03-05T19:45:29","modified_gmt":"2022-03-06T01:45:29","slug":"gobierno-reitera-que-no-firmara-convenio-del-proyecto-monterrey-vi","status":"publish","type":"post","link":"https:\/\/canal7slp.tv\/2022\/gobierno-reitera-que-no-firmara-convenio-del-proyecto-monterrey-vi\/","title":{"rendered":"Gobierno reitera que no firmar\u00e1 convenio del proyecto Monterrey VI."},"content":{"rendered":"<p style=\"text-align: justify;\">SLP.- En entrevista, el gobernador del estado, Jos\u00e9 Ricardo Gallardo Cardona, sostuvo que no se firmar\u00e1 acuerdo alguno que est\u00e9 relacionado con el proyecto Monterrey VI que busca abastecer de agua a la Zona Metropolitana de Nuevo Le\u00f3n.<\/p>\n<p style=\"text-align: justify;\">En ese sentido, se\u00f1al\u00f3 que en caso de haber alg\u00fan acuerdo por parte de administraciones pasadas, este ya no tiene ninguna validez; dichas declaraciones surgen luego de que el estado de Tamaulipas emitiera un oficio donde tambi\u00e9n se niega a ceder sus aguas.<\/p>\n<p style=\"text-align: justify;\">\u201cNosotros ya estamos m\u00e1s que avanzados, al contrario, nosotros ni siquiera tenemos que mandar un oficio, porque el convenio ya feneci\u00f3, ya no tienen ninguna validez, cualquier acuerdo que hubieran tenido anterior, con el gobierno pasado, que me imagino fue el de Toranzo; nosotros no vamos a firmar ning\u00fan otro nuevo convenio, si no hay firma de convenio, no tenemos ni porque avisarles\u201d, dijo.<\/p>\n<p style=\"text-align: justify;\">El mandatario estatal declar\u00f3 que ya ha tenido di\u00e1logos con su hom\u00f3logo de Nuevo Le\u00f3n, sin embargo, insisti\u00f3 que no permitir\u00e1n ecocidios en ninguna parte de San Luis Potos\u00ed, en este caso en la de Huasteca.<\/p>\n<p style=\"text-align: justify;\">\u201cEl presidente tambi\u00e9n est\u00e1 de acuerdo en su declaraci\u00f3n en la ma\u00f1ana, donde no debe de hacerse ecocidios de este tipo de lugares, como la Huasteca, no es la soluci\u00f3n, (\u2026) San Luis Potos\u00ed la va defender, vamos a seguir en la postura de defender el agua, no va haber movimientos de agua\u201d, apunt\u00f3.<\/p>\n<p style=\"text-align: justify;\">Por otra parte, tambi\u00e9n se pronunci\u00f3 al respecto de un supuesto trasfondo del proyecto Monterrey VI que buscar hacer fracking en las mencionadas zonas.<\/p>\n<p style=\"text-align: justify;\">\u201cSea lo que sea, no va a caminar, esperemos no llegar a un pleito legal con ninguna instancia federal, que se dicen ser due\u00f1os del agua, estamos de acuerdo qu\u00e9 el agua es de la naci\u00f3n, pero en esta entidad, no vamos a permitir ning\u00fan ecocidio\u201d, reiter\u00f3.<\/p>\n<p style=\"text-align: justify;\">Por: Jos\u00e9 Luis V\u00e1zquez<\/p>\n","protected":false},"excerpt":{"rendered":"<p>SLP.- En entrevista, el gobernador del estado, Jos\u00e9 Ricardo Gallardo Cardona, sostuvo que no se firmar\u00e1 acuerdo alguno que est\u00e9 relacionado con el proyecto Monterrey VI que busca abastecer de agua a la Zona Metropolitana de Nuevo Le\u00f3n. En ese sentido, se\u00f1al\u00f3 que en caso de haber alg\u00fan acuerdo por parte de administraciones pasadas, este ya no tiene ninguna validez; dichas declaraciones surgen luego de que el estado de Tamaulipas emitiera un oficio donde tambi\u00e9n se niega a ceder sus aguas. \u201cNosotros ya estamos m\u00e1s que avanzados, al contrario, nosotros ni siquiera tenemos que mandar un oficio, porque el convenio [&hellip;]<\/p>\n","protected":false},"author":2,"featured_media":53278,"comment_status":"closed","ping_status":"closed","sticky":false,"template":"","format":"video","meta":{"footnotes":""},"categories":[5,510,45],"tags":[],"class_list":["post-53247","post","type-post","status-publish","format-video","has-post-thumbnail","hentry","category-destacadas","category-gobedoslp","category-localesyregionales","post_format-post-format-video","post--single"],"yoast_head":"<!-- This site is optimized with the Yoast SEO plugin v27.4 - https:\/\/yoast.com\/product\/yoast-seo-wordpress\/ -->\n<title>Gobierno reitera que no firmar\u00e1 convenio del proyecto Monterrey VI. - Canal 7 SLP - 2022<\/title>\n<meta name=\"robots\" content=\"index, follow, max-snippet:-1, max-image-preview:large, max-video-preview:-1\" \/>\n<link rel=\"canonical\" href=\"https:\/\/canal7slp.tv\/2022\/gobierno-reitera-que-no-firmara-convenio-del-proyecto-monterrey-vi\/\" \/>\n<meta property=\"og:locale\" content=\"es_ES\" \/>\n<meta property=\"og:type\" content=\"article\" \/>\n<meta property=\"og:title\" content=\"Gobierno reitera que no firmar\u00e1 convenio del proyecto Monterrey VI. - Canal 7 SLP - 2022\" \/>\n<meta property=\"og:description\" content=\"SLP.- En entrevista, el gobernador del estado, Jos\u00e9 Ricardo Gallardo Cardona, sostuvo que no se firmar\u00e1 acuerdo alguno que est\u00e9 relacionado con el proyecto Monterrey VI que busca abastecer de agua a la Zona Metropolitana de Nuevo Le\u00f3n. En ese sentido, se\u00f1al\u00f3 que en caso de haber alg\u00fan acuerdo por parte de administraciones pasadas, este ya no tiene ninguna validez; dichas declaraciones surgen luego de que el estado de Tamaulipas emitiera un oficio donde tambi\u00e9n se niega a ceder sus aguas. \u201cNosotros ya estamos m\u00e1s que avanzados, al contrario, nosotros ni siquiera tenemos que mandar un oficio, porque el convenio [&hellip;]\" \/>\n<meta property=\"og:url\" content=\"https:\/\/canal7slp.tv\/2022\/gobierno-reitera-que-no-firmara-convenio-del-proyecto-monterrey-vi\/\" \/>\n<meta property=\"og:site_name\" content=\"Canal 7 SLP - 2022\" \/>\n<meta property=\"article:publisher\" content=\"https:\/\/www.facebook.com\/noticieroscanalsiete\" \/>\n<meta property=\"article:published_time\" content=\"2022-03-06T01:45:29+00:00\" \/>\n<meta property=\"og:image\" content=\"https:\/\/canal7slp.tv\/2022\/wp-content\/uploads\/2022\/03\/Vazquez02GoberAgua.jpg\" \/>\n\t<meta property=\"og:image:width\" content=\"888\" \/>\n\t<meta property=\"og:image:height\" content=\"500\" \/>\n\t<meta property=\"og:image:type\" content=\"image\/jpeg\" \/>\n<meta name=\"author\" content=\"Edici\u00f3n Web\" \/>\n<meta name=\"twitter:card\" content=\"summary_large_image\" \/>\n<meta name=\"twitter:creator\" content=\"@NOTICIEROS7\" \/>\n<meta name=\"twitter:site\" content=\"@NOTICIEROS7\" \/>\n<meta name=\"twitter:label1\" content=\"Escrito por\" \/>\n\t<meta name=\"twitter:data1\" content=\"Edici\u00f3n Web\" \/>\n\t<meta name=\"twitter:label2\" content=\"Tiempo de lectura\" \/>\n\t<meta name=\"twitter:data2\" content=\"2 minutos\" \/>\n<script type=\"application\/ld+json\" class=\"yoast-schema-graph\">{\"@context\":\"https:\\\/\\\/schema.org\",\"@graph\":[{\"@type\":\"Article\",\"@id\":\"https:\\\/\\\/canal7slp.tv\\\/2022\\\/gobierno-reitera-que-no-firmara-convenio-del-proyecto-monterrey-vi\\\/#article\",\"isPartOf\":{\"@id\":\"https:\\\/\\\/canal7slp.tv\\\/2022\\\/gobierno-reitera-que-no-firmara-convenio-del-proyecto-monterrey-vi\\\/\"},\"author\":{\"name\":\"Edici\u00f3n Web\",\"@id\":\"https:\\\/\\\/canal7slp.tv\\\/2022\\\/#\\\/schema\\\/person\\\/429704152a21f5f856ce29aa69a238da\"},\"headline\":\"Gobierno reitera que no firmar\u00e1 convenio del proyecto Monterrey VI.\",\"datePublished\":\"2022-03-06T01:45:29+00:00\",\"mainEntityOfPage\":{\"@id\":\"https:\\\/\\\/canal7slp.tv\\\/2022\\\/gobierno-reitera-que-no-firmara-convenio-del-proyecto-monterrey-vi\\\/\"},\"wordCount\":339,\"publisher\":{\"@id\":\"https:\\\/\\\/canal7slp.tv\\\/2022\\\/#organization\"},\"image\":{\"@id\":\"https:\\\/\\\/canal7slp.tv\\\/2022\\\/gobierno-reitera-que-no-firmara-convenio-del-proyecto-monterrey-vi\\\/#primaryimage\"},\"thumbnailUrl\":\"https:\\\/\\\/canal7slp.tv\\\/2022\\\/wp-content\\\/uploads\\\/2022\\\/03\\\/Vazquez02GoberAgua.jpg\",\"articleSection\":[\"DESTACADAS\",\"GOBEDOSLP\",\"LOCALES Y REGIONALES\"],\"inLanguage\":\"es\"},{\"@type\":\"WebPage\",\"@id\":\"https:\\\/\\\/canal7slp.tv\\\/2022\\\/gobierno-reitera-que-no-firmara-convenio-del-proyecto-monterrey-vi\\\/\",\"url\":\"https:\\\/\\\/canal7slp.tv\\\/2022\\\/gobierno-reitera-que-no-firmara-convenio-del-proyecto-monterrey-vi\\\/\",\"name\":\"Gobierno reitera que no firmar\u00e1 convenio del proyecto Monterrey VI. - Canal 7 SLP - 2022\",\"isPartOf\":{\"@id\":\"https:\\\/\\\/canal7slp.tv\\\/2022\\\/#website\"},\"primaryImageOfPage\":{\"@id\":\"https:\\\/\\\/canal7slp.tv\\\/2022\\\/gobierno-reitera-que-no-firmara-convenio-del-proyecto-monterrey-vi\\\/#primaryimage\"},\"image\":{\"@id\":\"https:\\\/\\\/canal7slp.tv\\\/2022\\\/gobierno-reitera-que-no-firmara-convenio-del-proyecto-monterrey-vi\\\/#primaryimage\"},\"thumbnailUrl\":\"https:\\\/\\\/canal7slp.tv\\\/2022\\\/wp-content\\\/uploads\\\/2022\\\/03\\\/Vazquez02GoberAgua.jpg\",\"datePublished\":\"2022-03-06T01:45:29+00:00\",\"breadcrumb\":{\"@id\":\"https:\\\/\\\/canal7slp.tv\\\/2022\\\/gobierno-reitera-que-no-firmara-convenio-del-proyecto-monterrey-vi\\\/#breadcrumb\"},\"inLanguage\":\"es\",\"potentialAction\":[{\"@type\":\"ReadAction\",\"target\":[\"https:\\\/\\\/canal7slp.tv\\\/2022\\\/gobierno-reitera-que-no-firmara-convenio-del-proyecto-monterrey-vi\\\/\"]}]},{\"@type\":\"ImageObject\",\"inLanguage\":\"es\",\"@id\":\"https:\\\/\\\/canal7slp.tv\\\/2022\\\/gobierno-reitera-que-no-firmara-convenio-del-proyecto-monterrey-vi\\\/#primaryimage\",\"url\":\"https:\\\/\\\/canal7slp.tv\\\/2022\\\/wp-content\\\/uploads\\\/2022\\\/03\\\/Vazquez02GoberAgua.jpg\",\"contentUrl\":\"https:\\\/\\\/canal7slp.tv\\\/2022\\\/wp-content\\\/uploads\\\/2022\\\/03\\\/Vazquez02GoberAgua.jpg\",\"width\":888,\"height\":500},{\"@type\":\"BreadcrumbList\",\"@id\":\"https:\\\/\\\/canal7slp.tv\\\/2022\\\/gobierno-reitera-que-no-firmara-convenio-del-proyecto-monterrey-vi\\\/#breadcrumb\",\"itemListElement\":[{\"@type\":\"ListItem\",\"position\":1,\"name\":\"Portada\",\"item\":\"https:\\\/\\\/canal7slp.tv\\\/2022\\\/\"},{\"@type\":\"ListItem\",\"position\":2,\"name\":\"Gobierno reitera que no firmar\u00e1 convenio del proyecto Monterrey VI.\"}]},{\"@type\":\"WebSite\",\"@id\":\"https:\\\/\\\/canal7slp.tv\\\/2022\\\/#website\",\"url\":\"https:\\\/\\\/canal7slp.tv\\\/2022\\\/\",\"name\":\"N7 - Noticieros Canal 7\",\"description\":\"Somos Televisi\u00f3n\",\"publisher\":{\"@id\":\"https:\\\/\\\/canal7slp.tv\\\/2022\\\/#organization\"},\"potentialAction\":[{\"@type\":\"SearchAction\",\"target\":{\"@type\":\"EntryPoint\",\"urlTemplate\":\"https:\\\/\\\/canal7slp.tv\\\/2022\\\/?s={search_term_string}\"},\"query-input\":{\"@type\":\"PropertyValueSpecification\",\"valueRequired\":true,\"valueName\":\"search_term_string\"}}],\"inLanguage\":\"es\"},{\"@type\":\"Organization\",\"@id\":\"https:\\\/\\\/canal7slp.tv\\\/2022\\\/#organization\",\"name\":\"Noticieros Canal 7\",\"url\":\"https:\\\/\\\/canal7slp.tv\\\/2022\\\/\",\"logo\":{\"@type\":\"ImageObject\",\"inLanguage\":\"es\",\"@id\":\"https:\\\/\\\/canal7slp.tv\\\/2022\\\/#\\\/schema\\\/logo\\\/image\\\/\",\"url\":\"https:\\\/\\\/canal7slp.tv\\\/2022\\\/wp-content\\\/uploads\\\/2021\\\/01\\\/logo-noticieros@2x.png\",\"contentUrl\":\"https:\\\/\\\/canal7slp.tv\\\/2022\\\/wp-content\\\/uploads\\\/2021\\\/01\\\/logo-noticieros@2x.png\",\"width\":1017,\"height\":268,\"caption\":\"Noticieros Canal 7\"},\"image\":{\"@id\":\"https:\\\/\\\/canal7slp.tv\\\/2022\\\/#\\\/schema\\\/logo\\\/image\\\/\"},\"sameAs\":[\"https:\\\/\\\/www.facebook.com\\\/noticieroscanalsiete\",\"https:\\\/\\\/x.com\\\/NOTICIEROS7\",\"https:\\\/\\\/www.instagram.com\\\/canal7_slp\",\"https:\\\/\\\/www.youtube.com\\\/channel\\\/UCliiYs-gP3JfJeqdPrNdd5A\"]},{\"@type\":\"Person\",\"@id\":\"https:\\\/\\\/canal7slp.tv\\\/2022\\\/#\\\/schema\\\/person\\\/429704152a21f5f856ce29aa69a238da\",\"name\":\"Edici\u00f3n Web\",\"image\":{\"@type\":\"ImageObject\",\"inLanguage\":\"es\",\"@id\":\"https:\\\/\\\/secure.gravatar.com\\\/avatar\\\/eee448fc3f7164808013b816ba91ac7e43bbe82a70bebac296f8bc6f0addaa1a?s=96&d=mm&r=g\",\"url\":\"https:\\\/\\\/secure.gravatar.com\\\/avatar\\\/eee448fc3f7164808013b816ba91ac7e43bbe82a70bebac296f8bc6f0addaa1a?s=96&d=mm&r=g\",\"contentUrl\":\"https:\\\/\\\/secure.gravatar.com\\\/avatar\\\/eee448fc3f7164808013b816ba91ac7e43bbe82a70bebac296f8bc6f0addaa1a?s=96&d=mm&r=g\",\"caption\":\"Edici\u00f3n Web\"},\"url\":\"https:\\\/\\\/canal7slp.tv\\\/2022\\\/author\\\/edicionweb\\\/\"}]}<\/script>\n<!-- \/ Yoast SEO plugin. -->","yoast_head_json":{"title":"Gobierno reitera que no firmar\u00e1 convenio del proyecto Monterrey VI. - Canal 7 SLP - 2022","robots":{"index":"index","follow":"follow","max-snippet":"max-snippet:-1","max-image-preview":"max-image-preview:large","max-video-preview":"max-video-preview:-1"},"canonical":"https:\/\/canal7slp.tv\/2022\/gobierno-reitera-que-no-firmara-convenio-del-proyecto-monterrey-vi\/","og_locale":"es_ES","og_type":"article","og_title":"Gobierno reitera que no firmar\u00e1 convenio del proyecto Monterrey VI. - Canal 7 SLP - 2022","og_description":"SLP.- En entrevista, el gobernador del estado, Jos\u00e9 Ricardo Gallardo Cardona, sostuvo que no se firmar\u00e1 acuerdo alguno que est\u00e9 relacionado con el proyecto Monterrey VI que busca abastecer de agua a la Zona Metropolitana de Nuevo Le\u00f3n. En ese sentido, se\u00f1al\u00f3 que en caso de haber alg\u00fan acuerdo por parte de administraciones pasadas, este ya no tiene ninguna validez; dichas declaraciones surgen luego de que el estado de Tamaulipas emitiera un oficio donde tambi\u00e9n se niega a ceder sus aguas. \u201cNosotros ya estamos m\u00e1s que avanzados, al contrario, nosotros ni siquiera tenemos que mandar un oficio, porque el convenio [&hellip;]","og_url":"https:\/\/canal7slp.tv\/2022\/gobierno-reitera-que-no-firmara-convenio-del-proyecto-monterrey-vi\/","og_site_name":"Canal 7 SLP - 2022","article_publisher":"https:\/\/www.facebook.com\/noticieroscanalsiete","article_published_time":"2022-03-06T01:45:29+00:00","og_image":[{"width":888,"height":500,"url":"https:\/\/canal7slp.tv\/2022\/wp-content\/uploads\/2022\/03\/Vazquez02GoberAgua.jpg","type":"image\/jpeg"}],"author":"Edici\u00f3n Web","twitter_card":"summary_large_image","twitter_creator":"@NOTICIEROS7","twitter_site":"@NOTICIEROS7","twitter_misc":{"Escrito por":"Edici\u00f3n Web","Tiempo de lectura":"2 minutos"},"schema":{"@context":"https:\/\/schema.org","@graph":[{"@type":"Article","@id":"https:\/\/canal7slp.tv\/2022\/gobierno-reitera-que-no-firmara-convenio-del-proyecto-monterrey-vi\/#article","isPartOf":{"@id":"https:\/\/canal7slp.tv\/2022\/gobierno-reitera-que-no-firmara-convenio-del-proyecto-monterrey-vi\/"},"author":{"name":"Edici\u00f3n Web","@id":"https:\/\/canal7slp.tv\/2022\/#\/schema\/person\/429704152a21f5f856ce29aa69a238da"},"headline":"Gobierno reitera que no firmar\u00e1 convenio del proyecto Monterrey VI.","datePublished":"2022-03-06T01:45:29+00:00","mainEntityOfPage":{"@id":"https:\/\/canal7slp.tv\/2022\/gobierno-reitera-que-no-firmara-convenio-del-proyecto-monterrey-vi\/"},"wordCount":339,"publisher":{"@id":"https:\/\/canal7slp.tv\/2022\/#organization"},"image":{"@id":"https:\/\/canal7slp.tv\/2022\/gobierno-reitera-que-no-firmara-convenio-del-proyecto-monterrey-vi\/#primaryimage"},"thumbnailUrl":"https:\/\/canal7slp.tv\/2022\/wp-content\/uploads\/2022\/03\/Vazquez02GoberAgua.jpg","articleSection":["DESTACADAS","GOBEDOSLP","LOCALES Y REGIONALES"],"inLanguage":"es"},{"@type":"WebPage","@id":"https:\/\/canal7slp.tv\/2022\/gobierno-reitera-que-no-firmara-convenio-del-proyecto-monterrey-vi\/","url":"https:\/\/canal7slp.tv\/2022\/gobierno-reitera-que-no-firmara-convenio-del-proyecto-monterrey-vi\/","name":"Gobierno reitera que no firmar\u00e1 convenio del proyecto Monterrey VI. - Canal 7 SLP - 2022","isPartOf":{"@id":"https:\/\/canal7slp.tv\/2022\/#website"},"primaryImageOfPage":{"@id":"https:\/\/canal7slp.tv\/2022\/gobierno-reitera-que-no-firmara-convenio-del-proyecto-monterrey-vi\/#primaryimage"},"image":{"@id":"https:\/\/canal7slp.tv\/2022\/gobierno-reitera-que-no-firmara-convenio-del-proyecto-monterrey-vi\/#primaryimage"},"thumbnailUrl":"https:\/\/canal7slp.tv\/2022\/wp-content\/uploads\/2022\/03\/Vazquez02GoberAgua.jpg","datePublished":"2022-03-06T01:45:29+00:00","breadcrumb":{"@id":"https:\/\/canal7slp.tv\/2022\/gobierno-reitera-que-no-firmara-convenio-del-proyecto-monterrey-vi\/#breadcrumb"},"inLanguage":"es","potentialAction":[{"@type":"ReadAction","target":["https:\/\/canal7slp.tv\/2022\/gobierno-reitera-que-no-firmara-convenio-del-proyecto-monterrey-vi\/"]}]},{"@type":"ImageObject","inLanguage":"es","@id":"https:\/\/canal7slp.tv\/2022\/gobierno-reitera-que-no-firmara-convenio-del-proyecto-monterrey-vi\/#primaryimage","url":"https:\/\/canal7slp.tv\/2022\/wp-content\/uploads\/2022\/03\/Vazquez02GoberAgua.jpg","contentUrl":"https:\/\/canal7slp.tv\/2022\/wp-content\/uploads\/2022\/03\/Vazquez02GoberAgua.jpg","width":888,"height":500},{"@type":"BreadcrumbList","@id":"https:\/\/canal7slp.tv\/2022\/gobierno-reitera-que-no-firmara-convenio-del-proyecto-monterrey-vi\/#breadcrumb","itemListElement":[{"@type":"ListItem","position":1,"name":"Portada","item":"https:\/\/canal7slp.tv\/2022\/"},{"@type":"ListItem","position":2,"name":"Gobierno reitera que no firmar\u00e1 convenio del proyecto Monterrey VI."}]},{"@type":"WebSite","@id":"https:\/\/canal7slp.tv\/2022\/#website","url":"https:\/\/canal7slp.tv\/2022\/","name":"N7 - Noticieros Canal 7","description":"Somos Televisi\u00f3n","publisher":{"@id":"https:\/\/canal7slp.tv\/2022\/#organization"},"potentialAction":[{"@type":"SearchAction","target":{"@type":"EntryPoint","urlTemplate":"https:\/\/canal7slp.tv\/2022\/?s={search_term_string}"},"query-input":{"@type":"PropertyValueSpecification","valueRequired":true,"valueName":"search_term_string"}}],"inLanguage":"es"},{"@type":"Organization","@id":"https:\/\/canal7slp.tv\/2022\/#organization","name":"Noticieros Canal 7","url":"https:\/\/canal7slp.tv\/2022\/","logo":{"@type":"ImageObject","inLanguage":"es","@id":"https:\/\/canal7slp.tv\/2022\/#\/schema\/logo\/image\/","url":"https:\/\/canal7slp.tv\/2022\/wp-content\/uploads\/2021\/01\/logo-noticieros@2x.png","contentUrl":"https:\/\/canal7slp.tv\/2022\/wp-content\/uploads\/2021\/01\/logo-noticieros@2x.png","width":1017,"height":268,"caption":"Noticieros Canal 7"},"image":{"@id":"https:\/\/canal7slp.tv\/2022\/#\/schema\/logo\/image\/"},"sameAs":["https:\/\/www.facebook.com\/noticieroscanalsiete","https:\/\/x.com\/NOTICIEROS7","https:\/\/www.instagram.com\/canal7_slp","https:\/\/www.youtube.com\/channel\/UCliiYs-gP3JfJeqdPrNdd5A"]},{"@type":"Person","@id":"https:\/\/canal7slp.tv\/2022\/#\/schema\/person\/429704152a21f5f856ce29aa69a238da","name":"Edici\u00f3n Web","image":{"@type":"ImageObject","inLanguage":"es","@id":"https:\/\/secure.gravatar.com\/avatar\/eee448fc3f7164808013b816ba91ac7e43bbe82a70bebac296f8bc6f0addaa1a?s=96&d=mm&r=g","url":"https:\/\/secure.gravatar.com\/avatar\/eee448fc3f7164808013b816ba91ac7e43bbe82a70bebac296f8bc6f0addaa1a?s=96&d=mm&r=g","contentUrl":"https:\/\/secure.gravatar.com\/avatar\/eee448fc3f7164808013b816ba91ac7e43bbe82a70bebac296f8bc6f0addaa1a?s=96&d=mm&r=g","caption":"Edici\u00f3n Web"},"url":"https:\/\/canal7slp.tv\/2022\/author\/edicionweb\/"}]}},"amp_enabled":true,"_links":{"self":[{"href":"https:\/\/canal7slp.tv\/2022\/wp-json\/wp\/v2\/posts\/53247","targetHints":{"allow":["GET"]}}],"collection":[{"href":"https:\/\/canal7slp.tv\/2022\/wp-json\/wp\/v2\/posts"}],"about":[{"href":"https:\/\/canal7slp.tv\/2022\/wp-json\/wp\/v2\/types\/post"}],"author":[{"embeddable":true,"href":"https:\/\/canal7slp.tv\/2022\/wp-json\/wp\/v2\/users\/2"}],"replies":[{"embeddable":true,"href":"https:\/\/canal7slp.tv\/2022\/wp-json\/wp\/v2\/comments?post=53247"}],"version-history":[{"count":3,"href":"https:\/\/canal7slp.tv\/2022\/wp-json\/wp\/v2\/posts\/53247\/revisions"}],"predecessor-version":[{"id":53279,"href":"https:\/\/canal7slp.tv\/2022\/wp-json\/wp\/v2\/posts\/53247\/revisions\/53279"}],"wp:featuredmedia":[{"embeddable":true,"href":"https:\/\/canal7slp.tv\/2022\/wp-json\/wp\/v2\/media\/53278"}],"wp:attachment":[{"href":"https:\/\/canal7slp.tv\/2022\/wp-json\/wp\/v2\/media?parent=53247"}],"wp:term":[{"taxonomy":"category","embeddable":true,"href":"https:\/\/canal7slp.tv\/2022\/wp-json\/wp\/v2\/categories?post=53247"},{"taxonomy":"post_tag","embeddable":true,"href":"https:\/\/canal7slp.tv\/2022\/wp-json\/wp\/v2\/tags?post=53247"}],"curies":[{"name":"wp","href":"https:\/\/api.w.org\/{rel}","templated":true}]}}