{"id":53230,"date":"2022-03-05T19:27:08","date_gmt":"2022-03-06T01:27:08","guid":{"rendered":"https:\/\/canal7slp.tv\/2022\/?p=53230"},"modified":"2022-03-05T19:27:08","modified_gmt":"2022-03-06T01:27:08","slug":"suspenden-los-primeros-corredores-humanitarios-en-ucrania","status":"publish","type":"post","link":"https:\/\/canal7slp.tv\/2022\/suspenden-los-primeros-corredores-humanitarios-en-ucrania\/","title":{"rendered":"Suspenden los primeros corredores humanitarios en Ucrania"},"content":{"rendered":"<p style=\"text-align: justify;\">Kiev.- La prevista apertura este 5 de marzo de dos corredores humanitarios en Mari\u00fapol y Volnovaja para evacuar a la poblaci\u00f3n civil, anunciada por Rusia, qued\u00f3 suspendida por operaciones militares de las que ambas partes se acusaron mutuamente.<\/p>\n<p style=\"text-align: justify;\">Rusia acus\u00f3 a los batallones nacionalistas ucranianos de impedir la evacuaci\u00f3n de la poblaci\u00f3n civil de estas dos ciudades y asegur\u00f3 que de las 215 mil personas a las que se iba a permitir la salida de estas ciudades \u00abnadie lleg\u00f3 a los corredores humanitarios abiertos\u00bb.<\/p>\n<p style=\"text-align: justify;\">Mikhail Mizintsev, jefe del Centro Nacional para el Control de la Defensa (NTsUO) de Rusia, indic\u00f3 que Mosc\u00fa cumpli\u00f3 todas las condiciones de la parte ucraniana, tanto en t\u00e9rminos de las horas, como la ruta y la seguridad.<\/p>\n<p style=\"text-align: justify;\">De acuerdo con declaraciones del Ministerio de Defensa de Rusia, tanto los nacionalistas como las Fuerzas Armadas de Ucrania aprovecharon la tregua humanitaria para reagrupar sus unidades en posiciones defensiva y en Mari\u00fapol.<\/p>\n","protected":false},"excerpt":{"rendered":"<p>Kiev.- La prevista apertura este 5 de marzo de dos corredores humanitarios en Mari\u00fapol y Volnovaja para evacuar a la poblaci\u00f3n civil, anunciada por Rusia, qued\u00f3 suspendida por operaciones militares de las que ambas partes se acusaron mutuamente. Rusia acus\u00f3 a los batallones nacionalistas ucranianos de impedir la evacuaci\u00f3n de la poblaci\u00f3n civil de estas dos ciudades y asegur\u00f3 que de las 215 mil personas a las que se iba a permitir la salida de estas ciudades \u00abnadie lleg\u00f3 a los corredores humanitarios abiertos\u00bb. Mikhail Mizintsev, jefe del Centro Nacional para el Control de la Defensa (NTsUO) de Rusia, indic\u00f3 [&hellip;]<\/p>\n","protected":false},"author":2,"featured_media":53268,"comment_status":"closed","ping_status":"closed","sticky":false,"template":"","format":"standard","meta":{"footnotes":""},"categories":[44],"tags":[],"class_list":["post-53230","post","type-post","status-publish","format-standard","has-post-thumbnail","hentry","category-internacional","post--single"],"yoast_head":"<!-- This site is optimized with the Yoast SEO plugin v27.4 - https:\/\/yoast.com\/product\/yoast-seo-wordpress\/ -->\n<title>Suspenden los primeros corredores humanitarios en Ucrania - Canal 7 SLP - 2022<\/title>\n<meta name=\"robots\" content=\"index, follow, max-snippet:-1, max-image-preview:large, max-video-preview:-1\" \/>\n<link rel=\"canonical\" href=\"https:\/\/canal7slp.tv\/2022\/suspenden-los-primeros-corredores-humanitarios-en-ucrania\/\" \/>\n<meta property=\"og:locale\" content=\"es_ES\" \/>\n<meta property=\"og:type\" content=\"article\" \/>\n<meta property=\"og:title\" content=\"Suspenden los primeros corredores humanitarios en Ucrania - Canal 7 SLP - 2022\" \/>\n<meta property=\"og:description\" content=\"Kiev.- La prevista apertura este 5 de marzo de dos corredores humanitarios en Mari\u00fapol y Volnovaja para evacuar a la poblaci\u00f3n civil, anunciada por Rusia, qued\u00f3 suspendida por operaciones militares de las que ambas partes se acusaron mutuamente. Rusia acus\u00f3 a los batallones nacionalistas ucranianos de impedir la evacuaci\u00f3n de la poblaci\u00f3n civil de estas dos ciudades y asegur\u00f3 que de las 215 mil personas a las que se iba a permitir la salida de estas ciudades \u00abnadie lleg\u00f3 a los corredores humanitarios abiertos\u00bb. Mikhail Mizintsev, jefe del Centro Nacional para el Control de la Defensa (NTsUO) de Rusia, indic\u00f3 [&hellip;]\" \/>\n<meta property=\"og:url\" content=\"https:\/\/canal7slp.tv\/2022\/suspenden-los-primeros-corredores-humanitarios-en-ucrania\/\" \/>\n<meta property=\"og:site_name\" content=\"Canal 7 SLP - 2022\" \/>\n<meta property=\"article:publisher\" content=\"https:\/\/www.facebook.com\/noticieroscanalsiete\" \/>\n<meta property=\"article:published_time\" content=\"2022-03-06T01:27:08+00:00\" \/>\n<meta property=\"og:image\" content=\"https:\/\/canal7slp.tv\/2022\/wp-content\/uploads\/2022\/03\/07-1.jpg\" \/>\n\t<meta property=\"og:image:width\" content=\"640\" \/>\n\t<meta property=\"og:image:height\" content=\"386\" \/>\n\t<meta property=\"og:image:type\" content=\"image\/jpeg\" \/>\n<meta name=\"author\" content=\"Edici\u00f3n Web\" \/>\n<meta name=\"twitter:card\" content=\"summary_large_image\" \/>\n<meta name=\"twitter:creator\" content=\"@NOTICIEROS7\" \/>\n<meta name=\"twitter:site\" content=\"@NOTICIEROS7\" \/>\n<meta name=\"twitter:label1\" content=\"Escrito por\" \/>\n\t<meta name=\"twitter:data1\" content=\"Edici\u00f3n Web\" \/>\n\t<meta name=\"twitter:label2\" content=\"Tiempo de lectura\" \/>\n\t<meta name=\"twitter:data2\" content=\"1 minuto\" \/>\n<script type=\"application\/ld+json\" class=\"yoast-schema-graph\">{\"@context\":\"https:\\\/\\\/schema.org\",\"@graph\":[{\"@type\":\"Article\",\"@id\":\"https:\\\/\\\/canal7slp.tv\\\/2022\\\/suspenden-los-primeros-corredores-humanitarios-en-ucrania\\\/#article\",\"isPartOf\":{\"@id\":\"https:\\\/\\\/canal7slp.tv\\\/2022\\\/suspenden-los-primeros-corredores-humanitarios-en-ucrania\\\/\"},\"author\":{\"name\":\"Edici\u00f3n Web\",\"@id\":\"https:\\\/\\\/canal7slp.tv\\\/2022\\\/#\\\/schema\\\/person\\\/429704152a21f5f856ce29aa69a238da\"},\"headline\":\"Suspenden los primeros corredores humanitarios en Ucrania\",\"datePublished\":\"2022-03-06T01:27:08+00:00\",\"mainEntityOfPage\":{\"@id\":\"https:\\\/\\\/canal7slp.tv\\\/2022\\\/suspenden-los-primeros-corredores-humanitarios-en-ucrania\\\/\"},\"wordCount\":167,\"publisher\":{\"@id\":\"https:\\\/\\\/canal7slp.tv\\\/2022\\\/#organization\"},\"image\":{\"@id\":\"https:\\\/\\\/canal7slp.tv\\\/2022\\\/suspenden-los-primeros-corredores-humanitarios-en-ucrania\\\/#primaryimage\"},\"thumbnailUrl\":\"https:\\\/\\\/canal7slp.tv\\\/2022\\\/wp-content\\\/uploads\\\/2022\\\/03\\\/07-1.jpg\",\"articleSection\":[\"INTERNACIONALES\"],\"inLanguage\":\"es\"},{\"@type\":\"WebPage\",\"@id\":\"https:\\\/\\\/canal7slp.tv\\\/2022\\\/suspenden-los-primeros-corredores-humanitarios-en-ucrania\\\/\",\"url\":\"https:\\\/\\\/canal7slp.tv\\\/2022\\\/suspenden-los-primeros-corredores-humanitarios-en-ucrania\\\/\",\"name\":\"Suspenden los primeros corredores humanitarios en Ucrania - Canal 7 SLP - 2022\",\"isPartOf\":{\"@id\":\"https:\\\/\\\/canal7slp.tv\\\/2022\\\/#website\"},\"primaryImageOfPage\":{\"@id\":\"https:\\\/\\\/canal7slp.tv\\\/2022\\\/suspenden-los-primeros-corredores-humanitarios-en-ucrania\\\/#primaryimage\"},\"image\":{\"@id\":\"https:\\\/\\\/canal7slp.tv\\\/2022\\\/suspenden-los-primeros-corredores-humanitarios-en-ucrania\\\/#primaryimage\"},\"thumbnailUrl\":\"https:\\\/\\\/canal7slp.tv\\\/2022\\\/wp-content\\\/uploads\\\/2022\\\/03\\\/07-1.jpg\",\"datePublished\":\"2022-03-06T01:27:08+00:00\",\"breadcrumb\":{\"@id\":\"https:\\\/\\\/canal7slp.tv\\\/2022\\\/suspenden-los-primeros-corredores-humanitarios-en-ucrania\\\/#breadcrumb\"},\"inLanguage\":\"es\",\"potentialAction\":[{\"@type\":\"ReadAction\",\"target\":[\"https:\\\/\\\/canal7slp.tv\\\/2022\\\/suspenden-los-primeros-corredores-humanitarios-en-ucrania\\\/\"]}]},{\"@type\":\"ImageObject\",\"inLanguage\":\"es\",\"@id\":\"https:\\\/\\\/canal7slp.tv\\\/2022\\\/suspenden-los-primeros-corredores-humanitarios-en-ucrania\\\/#primaryimage\",\"url\":\"https:\\\/\\\/canal7slp.tv\\\/2022\\\/wp-content\\\/uploads\\\/2022\\\/03\\\/07-1.jpg\",\"contentUrl\":\"https:\\\/\\\/canal7slp.tv\\\/2022\\\/wp-content\\\/uploads\\\/2022\\\/03\\\/07-1.jpg\",\"width\":640,\"height\":386},{\"@type\":\"BreadcrumbList\",\"@id\":\"https:\\\/\\\/canal7slp.tv\\\/2022\\\/suspenden-los-primeros-corredores-humanitarios-en-ucrania\\\/#breadcrumb\",\"itemListElement\":[{\"@type\":\"ListItem\",\"position\":1,\"name\":\"Portada\",\"item\":\"https:\\\/\\\/canal7slp.tv\\\/2022\\\/\"},{\"@type\":\"ListItem\",\"position\":2,\"name\":\"Suspenden los primeros corredores humanitarios en Ucrania\"}]},{\"@type\":\"WebSite\",\"@id\":\"https:\\\/\\\/canal7slp.tv\\\/2022\\\/#website\",\"url\":\"https:\\\/\\\/canal7slp.tv\\\/2022\\\/\",\"name\":\"N7 - Noticieros Canal 7\",\"description\":\"Somos Televisi\u00f3n\",\"publisher\":{\"@id\":\"https:\\\/\\\/canal7slp.tv\\\/2022\\\/#organization\"},\"potentialAction\":[{\"@type\":\"SearchAction\",\"target\":{\"@type\":\"EntryPoint\",\"urlTemplate\":\"https:\\\/\\\/canal7slp.tv\\\/2022\\\/?s={search_term_string}\"},\"query-input\":{\"@type\":\"PropertyValueSpecification\",\"valueRequired\":true,\"valueName\":\"search_term_string\"}}],\"inLanguage\":\"es\"},{\"@type\":\"Organization\",\"@id\":\"https:\\\/\\\/canal7slp.tv\\\/2022\\\/#organization\",\"name\":\"Noticieros Canal 7\",\"url\":\"https:\\\/\\\/canal7slp.tv\\\/2022\\\/\",\"logo\":{\"@type\":\"ImageObject\",\"inLanguage\":\"es\",\"@id\":\"https:\\\/\\\/canal7slp.tv\\\/2022\\\/#\\\/schema\\\/logo\\\/image\\\/\",\"url\":\"https:\\\/\\\/canal7slp.tv\\\/2022\\\/wp-content\\\/uploads\\\/2021\\\/01\\\/logo-noticieros@2x.png\",\"contentUrl\":\"https:\\\/\\\/canal7slp.tv\\\/2022\\\/wp-content\\\/uploads\\\/2021\\\/01\\\/logo-noticieros@2x.png\",\"width\":1017,\"height\":268,\"caption\":\"Noticieros Canal 7\"},\"image\":{\"@id\":\"https:\\\/\\\/canal7slp.tv\\\/2022\\\/#\\\/schema\\\/logo\\\/image\\\/\"},\"sameAs\":[\"https:\\\/\\\/www.facebook.com\\\/noticieroscanalsiete\",\"https:\\\/\\\/x.com\\\/NOTICIEROS7\",\"https:\\\/\\\/www.instagram.com\\\/canal7_slp\",\"https:\\\/\\\/www.youtube.com\\\/channel\\\/UCliiYs-gP3JfJeqdPrNdd5A\"]},{\"@type\":\"Person\",\"@id\":\"https:\\\/\\\/canal7slp.tv\\\/2022\\\/#\\\/schema\\\/person\\\/429704152a21f5f856ce29aa69a238da\",\"name\":\"Edici\u00f3n Web\",\"image\":{\"@type\":\"ImageObject\",\"inLanguage\":\"es\",\"@id\":\"https:\\\/\\\/secure.gravatar.com\\\/avatar\\\/eee448fc3f7164808013b816ba91ac7e43bbe82a70bebac296f8bc6f0addaa1a?s=96&d=mm&r=g\",\"url\":\"https:\\\/\\\/secure.gravatar.com\\\/avatar\\\/eee448fc3f7164808013b816ba91ac7e43bbe82a70bebac296f8bc6f0addaa1a?s=96&d=mm&r=g\",\"contentUrl\":\"https:\\\/\\\/secure.gravatar.com\\\/avatar\\\/eee448fc3f7164808013b816ba91ac7e43bbe82a70bebac296f8bc6f0addaa1a?s=96&d=mm&r=g\",\"caption\":\"Edici\u00f3n Web\"},\"url\":\"https:\\\/\\\/canal7slp.tv\\\/2022\\\/author\\\/edicionweb\\\/\"}]}<\/script>\n<!-- \/ Yoast SEO plugin. -->","yoast_head_json":{"title":"Suspenden los primeros corredores humanitarios en Ucrania - Canal 7 SLP - 2022","robots":{"index":"index","follow":"follow","max-snippet":"max-snippet:-1","max-image-preview":"max-image-preview:large","max-video-preview":"max-video-preview:-1"},"canonical":"https:\/\/canal7slp.tv\/2022\/suspenden-los-primeros-corredores-humanitarios-en-ucrania\/","og_locale":"es_ES","og_type":"article","og_title":"Suspenden los primeros corredores humanitarios en Ucrania - Canal 7 SLP - 2022","og_description":"Kiev.- La prevista apertura este 5 de marzo de dos corredores humanitarios en Mari\u00fapol y Volnovaja para evacuar a la poblaci\u00f3n civil, anunciada por Rusia, qued\u00f3 suspendida por operaciones militares de las que ambas partes se acusaron mutuamente. Rusia acus\u00f3 a los batallones nacionalistas ucranianos de impedir la evacuaci\u00f3n de la poblaci\u00f3n civil de estas dos ciudades y asegur\u00f3 que de las 215 mil personas a las que se iba a permitir la salida de estas ciudades \u00abnadie lleg\u00f3 a los corredores humanitarios abiertos\u00bb. Mikhail Mizintsev, jefe del Centro Nacional para el Control de la Defensa (NTsUO) de Rusia, indic\u00f3 [&hellip;]","og_url":"https:\/\/canal7slp.tv\/2022\/suspenden-los-primeros-corredores-humanitarios-en-ucrania\/","og_site_name":"Canal 7 SLP - 2022","article_publisher":"https:\/\/www.facebook.com\/noticieroscanalsiete","article_published_time":"2022-03-06T01:27:08+00:00","og_image":[{"width":640,"height":386,"url":"https:\/\/canal7slp.tv\/2022\/wp-content\/uploads\/2022\/03\/07-1.jpg","type":"image\/jpeg"}],"author":"Edici\u00f3n Web","twitter_card":"summary_large_image","twitter_creator":"@NOTICIEROS7","twitter_site":"@NOTICIEROS7","twitter_misc":{"Escrito por":"Edici\u00f3n Web","Tiempo de lectura":"1 minuto"},"schema":{"@context":"https:\/\/schema.org","@graph":[{"@type":"Article","@id":"https:\/\/canal7slp.tv\/2022\/suspenden-los-primeros-corredores-humanitarios-en-ucrania\/#article","isPartOf":{"@id":"https:\/\/canal7slp.tv\/2022\/suspenden-los-primeros-corredores-humanitarios-en-ucrania\/"},"author":{"name":"Edici\u00f3n Web","@id":"https:\/\/canal7slp.tv\/2022\/#\/schema\/person\/429704152a21f5f856ce29aa69a238da"},"headline":"Suspenden los primeros corredores humanitarios en Ucrania","datePublished":"2022-03-06T01:27:08+00:00","mainEntityOfPage":{"@id":"https:\/\/canal7slp.tv\/2022\/suspenden-los-primeros-corredores-humanitarios-en-ucrania\/"},"wordCount":167,"publisher":{"@id":"https:\/\/canal7slp.tv\/2022\/#organization"},"image":{"@id":"https:\/\/canal7slp.tv\/2022\/suspenden-los-primeros-corredores-humanitarios-en-ucrania\/#primaryimage"},"thumbnailUrl":"https:\/\/canal7slp.tv\/2022\/wp-content\/uploads\/2022\/03\/07-1.jpg","articleSection":["INTERNACIONALES"],"inLanguage":"es"},{"@type":"WebPage","@id":"https:\/\/canal7slp.tv\/2022\/suspenden-los-primeros-corredores-humanitarios-en-ucrania\/","url":"https:\/\/canal7slp.tv\/2022\/suspenden-los-primeros-corredores-humanitarios-en-ucrania\/","name":"Suspenden los primeros corredores humanitarios en Ucrania - Canal 7 SLP - 2022","isPartOf":{"@id":"https:\/\/canal7slp.tv\/2022\/#website"},"primaryImageOfPage":{"@id":"https:\/\/canal7slp.tv\/2022\/suspenden-los-primeros-corredores-humanitarios-en-ucrania\/#primaryimage"},"image":{"@id":"https:\/\/canal7slp.tv\/2022\/suspenden-los-primeros-corredores-humanitarios-en-ucrania\/#primaryimage"},"thumbnailUrl":"https:\/\/canal7slp.tv\/2022\/wp-content\/uploads\/2022\/03\/07-1.jpg","datePublished":"2022-03-06T01:27:08+00:00","breadcrumb":{"@id":"https:\/\/canal7slp.tv\/2022\/suspenden-los-primeros-corredores-humanitarios-en-ucrania\/#breadcrumb"},"inLanguage":"es","potentialAction":[{"@type":"ReadAction","target":["https:\/\/canal7slp.tv\/2022\/suspenden-los-primeros-corredores-humanitarios-en-ucrania\/"]}]},{"@type":"ImageObject","inLanguage":"es","@id":"https:\/\/canal7slp.tv\/2022\/suspenden-los-primeros-corredores-humanitarios-en-ucrania\/#primaryimage","url":"https:\/\/canal7slp.tv\/2022\/wp-content\/uploads\/2022\/03\/07-1.jpg","contentUrl":"https:\/\/canal7slp.tv\/2022\/wp-content\/uploads\/2022\/03\/07-1.jpg","width":640,"height":386},{"@type":"BreadcrumbList","@id":"https:\/\/canal7slp.tv\/2022\/suspenden-los-primeros-corredores-humanitarios-en-ucrania\/#breadcrumb","itemListElement":[{"@type":"ListItem","position":1,"name":"Portada","item":"https:\/\/canal7slp.tv\/2022\/"},{"@type":"ListItem","position":2,"name":"Suspenden los primeros corredores humanitarios en Ucrania"}]},{"@type":"WebSite","@id":"https:\/\/canal7slp.tv\/2022\/#website","url":"https:\/\/canal7slp.tv\/2022\/","name":"N7 - Noticieros Canal 7","description":"Somos Televisi\u00f3n","publisher":{"@id":"https:\/\/canal7slp.tv\/2022\/#organization"},"potentialAction":[{"@type":"SearchAction","target":{"@type":"EntryPoint","urlTemplate":"https:\/\/canal7slp.tv\/2022\/?s={search_term_string}"},"query-input":{"@type":"PropertyValueSpecification","valueRequired":true,"valueName":"search_term_string"}}],"inLanguage":"es"},{"@type":"Organization","@id":"https:\/\/canal7slp.tv\/2022\/#organization","name":"Noticieros Canal 7","url":"https:\/\/canal7slp.tv\/2022\/","logo":{"@type":"ImageObject","inLanguage":"es","@id":"https:\/\/canal7slp.tv\/2022\/#\/schema\/logo\/image\/","url":"https:\/\/canal7slp.tv\/2022\/wp-content\/uploads\/2021\/01\/logo-noticieros@2x.png","contentUrl":"https:\/\/canal7slp.tv\/2022\/wp-content\/uploads\/2021\/01\/logo-noticieros@2x.png","width":1017,"height":268,"caption":"Noticieros Canal 7"},"image":{"@id":"https:\/\/canal7slp.tv\/2022\/#\/schema\/logo\/image\/"},"sameAs":["https:\/\/www.facebook.com\/noticieroscanalsiete","https:\/\/x.com\/NOTICIEROS7","https:\/\/www.instagram.com\/canal7_slp","https:\/\/www.youtube.com\/channel\/UCliiYs-gP3JfJeqdPrNdd5A"]},{"@type":"Person","@id":"https:\/\/canal7slp.tv\/2022\/#\/schema\/person\/429704152a21f5f856ce29aa69a238da","name":"Edici\u00f3n Web","image":{"@type":"ImageObject","inLanguage":"es","@id":"https:\/\/secure.gravatar.com\/avatar\/eee448fc3f7164808013b816ba91ac7e43bbe82a70bebac296f8bc6f0addaa1a?s=96&d=mm&r=g","url":"https:\/\/secure.gravatar.com\/avatar\/eee448fc3f7164808013b816ba91ac7e43bbe82a70bebac296f8bc6f0addaa1a?s=96&d=mm&r=g","contentUrl":"https:\/\/secure.gravatar.com\/avatar\/eee448fc3f7164808013b816ba91ac7e43bbe82a70bebac296f8bc6f0addaa1a?s=96&d=mm&r=g","caption":"Edici\u00f3n Web"},"url":"https:\/\/canal7slp.tv\/2022\/author\/edicionweb\/"}]}},"amp_enabled":true,"_links":{"self":[{"href":"https:\/\/canal7slp.tv\/2022\/wp-json\/wp\/v2\/posts\/53230","targetHints":{"allow":["GET"]}}],"collection":[{"href":"https:\/\/canal7slp.tv\/2022\/wp-json\/wp\/v2\/posts"}],"about":[{"href":"https:\/\/canal7slp.tv\/2022\/wp-json\/wp\/v2\/types\/post"}],"author":[{"embeddable":true,"href":"https:\/\/canal7slp.tv\/2022\/wp-json\/wp\/v2\/users\/2"}],"replies":[{"embeddable":true,"href":"https:\/\/canal7slp.tv\/2022\/wp-json\/wp\/v2\/comments?post=53230"}],"version-history":[{"count":2,"href":"https:\/\/canal7slp.tv\/2022\/wp-json\/wp\/v2\/posts\/53230\/revisions"}],"predecessor-version":[{"id":53269,"href":"https:\/\/canal7slp.tv\/2022\/wp-json\/wp\/v2\/posts\/53230\/revisions\/53269"}],"wp:featuredmedia":[{"embeddable":true,"href":"https:\/\/canal7slp.tv\/2022\/wp-json\/wp\/v2\/media\/53268"}],"wp:attachment":[{"href":"https:\/\/canal7slp.tv\/2022\/wp-json\/wp\/v2\/media?parent=53230"}],"wp:term":[{"taxonomy":"category","embeddable":true,"href":"https:\/\/canal7slp.tv\/2022\/wp-json\/wp\/v2\/categories?post=53230"},{"taxonomy":"post_tag","embeddable":true,"href":"https:\/\/canal7slp.tv\/2022\/wp-json\/wp\/v2\/tags?post=53230"}],"curies":[{"name":"wp","href":"https:\/\/api.w.org\/{rel}","templated":true}]}}