{"id":53219,"date":"2022-03-05T06:44:25","date_gmt":"2022-03-05T12:44:25","guid":{"rendered":"https:\/\/canal7slp.tv\/2022\/?p=53219"},"modified":"2022-03-05T06:44:25","modified_gmt":"2022-03-05T12:44:25","slug":"se-multiplican-ataques-contra-la-prensa","status":"publish","type":"post","link":"https:\/\/canal7slp.tv\/2022\/se-multiplican-ataques-contra-la-prensa\/","title":{"rendered":"Se multiplican ataques contra la prensa"},"content":{"rendered":"<p style=\"text-align: justify;\">Hasta cuando tiembla violentan a las y los periodistas.<\/p>\n<p style=\"text-align: justify;\">Se han cumplido las advertencias. El instrumento de propaganda pol\u00edtica de las ma\u00f1anas se ha convertido en el principal detonante de agresiones contra el periodismo en M\u00e9xico.<\/p>\n<p style=\"text-align: justify;\">Los oficialistas, desesperados por congraciarse con el poder, imitan actitudes y las multiplican en aras de obtener favores personales a costa de la libertad de expresi\u00f3n y de investigaci\u00f3n.<\/p>\n<p style=\"text-align: justify;\">Insultos, rega\u00f1os, amenazas e intimidaciones es lo que reciben fuentes period\u00edsticas no solo por parte del crimen, sino sobre todo de servidores p\u00fablicos que buscan acallar las voces de la cr\u00edtica, de la transparencia y del escrutinio.<\/p>\n<p style=\"text-align: justify;\">A pesar de la violencia que sufre el gremio, la estrategia gubernamental basada en denostar y amedrentar a los reporteros no se ha movido un \u00e1pice, al contrario, cada d\u00eda incurren en mayores abusos y vejaciones en contra de quienes son los ojos, los o\u00eddos y la boca de la sociedad.<\/p>\n<p style=\"text-align: justify;\">La democracia mexicana vive los momentos m\u00e1s oscuros de su historia ante un gobierno que desde diferentes pistas pretende dinamitarla, provocando graves consecuencias entre la poblaci\u00f3n.<\/p>\n<p style=\"text-align: justify;\">Nuestro pa\u00eds no solo sufre los estragos de una pandemia de salud nefastamente atendida, sino una sindemia de violencia, muerte y atraso que nos han regresado 20 a\u00f1os en materia de desarrollo y crecimiento.<\/p>\n<p style=\"text-align: justify;\">Ante esta negra realidad, el Partido Revolucionario Institucional (PRI) propone estipular en nuestra Constituci\u00f3n que el periodismo es una actividad de inter\u00e9s p\u00fablico para el Estado Mexicano y por ello, se debe contar con todas las garant\u00edas para su pleno desarrollo.<\/p>\n<p style=\"text-align: justify;\">En caso de amenaza, las y los periodistas deben contar con el derecho inmediato de solicitar la protecci\u00f3n de su persona, de su familia y de ser necesario, del medio de comunicaci\u00f3n en el que laboran.<\/p>\n<p style=\"text-align: justify;\">Si un periodista llegase a ser v\u00edctima de un atentado o accidente derivado de su profesi\u00f3n, debe ser atendido de forma inmediata por los sistemas p\u00fablicos de salud.<\/p>\n<p style=\"text-align: justify;\">Se debe garantizar constitucionalmente el derecho al secreto profesional de las y los periodistas.<\/p>\n<p style=\"text-align: justify;\">Proponemos que las amenazas, intimidaciones, agresiones y privaci\u00f3n de la vida de periodistas sean considerados delitos graves del fuero federal, causa de prisi\u00f3n preventiva oficiosa.<\/p>\n<p style=\"text-align: justify;\">Asimismo, en cada una de las c\u00e1maras que integran el Congreso de la Uni\u00f3n el PRI impulsar\u00e1 la creaci\u00f3n de la comisi\u00f3n ordinaria de Atenci\u00f3n a Delitos contra Periodistas.<\/p>\n<p style=\"text-align: justify;\">Ante la amenaza del gobierno contra la prensa, todas y todos debemos cerrar filas con las y los periodistas de M\u00e9xico y decir a Palacio Nacional: \u00a1Ya Basta!<\/p>\n<p style=\"text-align: right;\"><em>Alejandro Moreno<\/em>, Presidente Nacional del PRI<\/p>\n","protected":false},"excerpt":{"rendered":"<p>Hasta cuando tiembla violentan a las y los periodistas. Se han cumplido las advertencias. El instrumento de propaganda pol\u00edtica de las ma\u00f1anas se ha convertido en el principal detonante de agresiones contra el periodismo en M\u00e9xico. Los oficialistas, desesperados por congraciarse con el poder, imitan actitudes y las multiplican en aras de obtener favores personales a costa de la libertad de expresi\u00f3n y de investigaci\u00f3n. Insultos, rega\u00f1os, amenazas e intimidaciones es lo que reciben fuentes period\u00edsticas no solo por parte del crimen, sino sobre todo de servidores p\u00fablicos que buscan acallar las voces de la cr\u00edtica, de la transparencia y [&hellip;]<\/p>\n","protected":false},"author":2,"featured_media":0,"comment_status":"closed","ping_status":"closed","sticky":false,"template":"","format":"standard","meta":{"footnotes":""},"categories":[46],"tags":[],"class_list":["post-53219","post","type-post","status-publish","format-standard","hentry","category-nacional","post--single"],"yoast_head":"<!-- This site is optimized with the Yoast SEO plugin v27.4 - https:\/\/yoast.com\/product\/yoast-seo-wordpress\/ -->\n<title>Se multiplican ataques contra la prensa - Canal 7 SLP - 2022<\/title>\n<meta name=\"robots\" content=\"index, follow, max-snippet:-1, max-image-preview:large, max-video-preview:-1\" \/>\n<link rel=\"canonical\" href=\"https:\/\/canal7slp.tv\/2022\/se-multiplican-ataques-contra-la-prensa\/\" \/>\n<meta property=\"og:locale\" content=\"es_ES\" \/>\n<meta property=\"og:type\" content=\"article\" \/>\n<meta property=\"og:title\" content=\"Se multiplican ataques contra la prensa - Canal 7 SLP - 2022\" \/>\n<meta property=\"og:description\" content=\"Hasta cuando tiembla violentan a las y los periodistas. Se han cumplido las advertencias. El instrumento de propaganda pol\u00edtica de las ma\u00f1anas se ha convertido en el principal detonante de agresiones contra el periodismo en M\u00e9xico. Los oficialistas, desesperados por congraciarse con el poder, imitan actitudes y las multiplican en aras de obtener favores personales a costa de la libertad de expresi\u00f3n y de investigaci\u00f3n. Insultos, rega\u00f1os, amenazas e intimidaciones es lo que reciben fuentes period\u00edsticas no solo por parte del crimen, sino sobre todo de servidores p\u00fablicos que buscan acallar las voces de la cr\u00edtica, de la transparencia y [&hellip;]\" \/>\n<meta property=\"og:url\" content=\"https:\/\/canal7slp.tv\/2022\/se-multiplican-ataques-contra-la-prensa\/\" \/>\n<meta property=\"og:site_name\" content=\"Canal 7 SLP - 2022\" \/>\n<meta property=\"article:publisher\" content=\"https:\/\/www.facebook.com\/noticieroscanalsiete\" \/>\n<meta property=\"article:published_time\" content=\"2022-03-05T12:44:25+00:00\" \/>\n<meta property=\"og:image\" content=\"https:\/\/canal7slp.tv\/2022\/wp-content\/uploads\/2021\/02\/Alito.jpg\" \/>\n\t<meta property=\"og:image:width\" content=\"656\" \/>\n\t<meta property=\"og:image:height\" content=\"500\" \/>\n\t<meta property=\"og:image:type\" content=\"image\/jpeg\" \/>\n<meta name=\"author\" content=\"Edici\u00f3n Web\" \/>\n<meta name=\"twitter:card\" content=\"summary_large_image\" \/>\n<meta name=\"twitter:creator\" content=\"@NOTICIEROS7\" \/>\n<meta name=\"twitter:site\" content=\"@NOTICIEROS7\" \/>\n<meta name=\"twitter:label1\" content=\"Escrito por\" \/>\n\t<meta name=\"twitter:data1\" content=\"Edici\u00f3n Web\" \/>\n\t<meta name=\"twitter:label2\" content=\"Tiempo de lectura\" \/>\n\t<meta name=\"twitter:data2\" content=\"2 minutos\" \/>\n<script type=\"application\/ld+json\" class=\"yoast-schema-graph\">{\"@context\":\"https:\\\/\\\/schema.org\",\"@graph\":[{\"@type\":\"Article\",\"@id\":\"https:\\\/\\\/canal7slp.tv\\\/2022\\\/se-multiplican-ataques-contra-la-prensa\\\/#article\",\"isPartOf\":{\"@id\":\"https:\\\/\\\/canal7slp.tv\\\/2022\\\/se-multiplican-ataques-contra-la-prensa\\\/\"},\"author\":{\"name\":\"Edici\u00f3n Web\",\"@id\":\"https:\\\/\\\/canal7slp.tv\\\/2022\\\/#\\\/schema\\\/person\\\/429704152a21f5f856ce29aa69a238da\"},\"headline\":\"Se multiplican ataques contra la prensa\",\"datePublished\":\"2022-03-05T12:44:25+00:00\",\"mainEntityOfPage\":{\"@id\":\"https:\\\/\\\/canal7slp.tv\\\/2022\\\/se-multiplican-ataques-contra-la-prensa\\\/\"},\"wordCount\":457,\"publisher\":{\"@id\":\"https:\\\/\\\/canal7slp.tv\\\/2022\\\/#organization\"},\"articleSection\":[\"NACIONALES\"],\"inLanguage\":\"es\"},{\"@type\":\"WebPage\",\"@id\":\"https:\\\/\\\/canal7slp.tv\\\/2022\\\/se-multiplican-ataques-contra-la-prensa\\\/\",\"url\":\"https:\\\/\\\/canal7slp.tv\\\/2022\\\/se-multiplican-ataques-contra-la-prensa\\\/\",\"name\":\"Se multiplican ataques contra la prensa - Canal 7 SLP - 2022\",\"isPartOf\":{\"@id\":\"https:\\\/\\\/canal7slp.tv\\\/2022\\\/#website\"},\"datePublished\":\"2022-03-05T12:44:25+00:00\",\"breadcrumb\":{\"@id\":\"https:\\\/\\\/canal7slp.tv\\\/2022\\\/se-multiplican-ataques-contra-la-prensa\\\/#breadcrumb\"},\"inLanguage\":\"es\",\"potentialAction\":[{\"@type\":\"ReadAction\",\"target\":[\"https:\\\/\\\/canal7slp.tv\\\/2022\\\/se-multiplican-ataques-contra-la-prensa\\\/\"]}]},{\"@type\":\"BreadcrumbList\",\"@id\":\"https:\\\/\\\/canal7slp.tv\\\/2022\\\/se-multiplican-ataques-contra-la-prensa\\\/#breadcrumb\",\"itemListElement\":[{\"@type\":\"ListItem\",\"position\":1,\"name\":\"Portada\",\"item\":\"https:\\\/\\\/canal7slp.tv\\\/2022\\\/\"},{\"@type\":\"ListItem\",\"position\":2,\"name\":\"Se multiplican ataques contra la prensa\"}]},{\"@type\":\"WebSite\",\"@id\":\"https:\\\/\\\/canal7slp.tv\\\/2022\\\/#website\",\"url\":\"https:\\\/\\\/canal7slp.tv\\\/2022\\\/\",\"name\":\"N7 - Noticieros Canal 7\",\"description\":\"Somos Televisi\u00f3n\",\"publisher\":{\"@id\":\"https:\\\/\\\/canal7slp.tv\\\/2022\\\/#organization\"},\"potentialAction\":[{\"@type\":\"SearchAction\",\"target\":{\"@type\":\"EntryPoint\",\"urlTemplate\":\"https:\\\/\\\/canal7slp.tv\\\/2022\\\/?s={search_term_string}\"},\"query-input\":{\"@type\":\"PropertyValueSpecification\",\"valueRequired\":true,\"valueName\":\"search_term_string\"}}],\"inLanguage\":\"es\"},{\"@type\":\"Organization\",\"@id\":\"https:\\\/\\\/canal7slp.tv\\\/2022\\\/#organization\",\"name\":\"Noticieros Canal 7\",\"url\":\"https:\\\/\\\/canal7slp.tv\\\/2022\\\/\",\"logo\":{\"@type\":\"ImageObject\",\"inLanguage\":\"es\",\"@id\":\"https:\\\/\\\/canal7slp.tv\\\/2022\\\/#\\\/schema\\\/logo\\\/image\\\/\",\"url\":\"https:\\\/\\\/canal7slp.tv\\\/2022\\\/wp-content\\\/uploads\\\/2021\\\/01\\\/logo-noticieros@2x.png\",\"contentUrl\":\"https:\\\/\\\/canal7slp.tv\\\/2022\\\/wp-content\\\/uploads\\\/2021\\\/01\\\/logo-noticieros@2x.png\",\"width\":1017,\"height\":268,\"caption\":\"Noticieros Canal 7\"},\"image\":{\"@id\":\"https:\\\/\\\/canal7slp.tv\\\/2022\\\/#\\\/schema\\\/logo\\\/image\\\/\"},\"sameAs\":[\"https:\\\/\\\/www.facebook.com\\\/noticieroscanalsiete\",\"https:\\\/\\\/x.com\\\/NOTICIEROS7\",\"https:\\\/\\\/www.instagram.com\\\/canal7_slp\",\"https:\\\/\\\/www.youtube.com\\\/channel\\\/UCliiYs-gP3JfJeqdPrNdd5A\"]},{\"@type\":\"Person\",\"@id\":\"https:\\\/\\\/canal7slp.tv\\\/2022\\\/#\\\/schema\\\/person\\\/429704152a21f5f856ce29aa69a238da\",\"name\":\"Edici\u00f3n Web\",\"image\":{\"@type\":\"ImageObject\",\"inLanguage\":\"es\",\"@id\":\"https:\\\/\\\/secure.gravatar.com\\\/avatar\\\/eee448fc3f7164808013b816ba91ac7e43bbe82a70bebac296f8bc6f0addaa1a?s=96&d=mm&r=g\",\"url\":\"https:\\\/\\\/secure.gravatar.com\\\/avatar\\\/eee448fc3f7164808013b816ba91ac7e43bbe82a70bebac296f8bc6f0addaa1a?s=96&d=mm&r=g\",\"contentUrl\":\"https:\\\/\\\/secure.gravatar.com\\\/avatar\\\/eee448fc3f7164808013b816ba91ac7e43bbe82a70bebac296f8bc6f0addaa1a?s=96&d=mm&r=g\",\"caption\":\"Edici\u00f3n Web\"},\"url\":\"https:\\\/\\\/canal7slp.tv\\\/2022\\\/author\\\/edicionweb\\\/\"}]}<\/script>\n<!-- \/ Yoast SEO plugin. -->","yoast_head_json":{"title":"Se multiplican ataques contra la prensa - Canal 7 SLP - 2022","robots":{"index":"index","follow":"follow","max-snippet":"max-snippet:-1","max-image-preview":"max-image-preview:large","max-video-preview":"max-video-preview:-1"},"canonical":"https:\/\/canal7slp.tv\/2022\/se-multiplican-ataques-contra-la-prensa\/","og_locale":"es_ES","og_type":"article","og_title":"Se multiplican ataques contra la prensa - Canal 7 SLP - 2022","og_description":"Hasta cuando tiembla violentan a las y los periodistas. Se han cumplido las advertencias. El instrumento de propaganda pol\u00edtica de las ma\u00f1anas se ha convertido en el principal detonante de agresiones contra el periodismo en M\u00e9xico. Los oficialistas, desesperados por congraciarse con el poder, imitan actitudes y las multiplican en aras de obtener favores personales a costa de la libertad de expresi\u00f3n y de investigaci\u00f3n. Insultos, rega\u00f1os, amenazas e intimidaciones es lo que reciben fuentes period\u00edsticas no solo por parte del crimen, sino sobre todo de servidores p\u00fablicos que buscan acallar las voces de la cr\u00edtica, de la transparencia y [&hellip;]","og_url":"https:\/\/canal7slp.tv\/2022\/se-multiplican-ataques-contra-la-prensa\/","og_site_name":"Canal 7 SLP - 2022","article_publisher":"https:\/\/www.facebook.com\/noticieroscanalsiete","article_published_time":"2022-03-05T12:44:25+00:00","og_image":[{"width":656,"height":500,"url":"https:\/\/canal7slp.tv\/2022\/wp-content\/uploads\/2021\/02\/Alito.jpg","type":"image\/jpeg"}],"author":"Edici\u00f3n Web","twitter_card":"summary_large_image","twitter_creator":"@NOTICIEROS7","twitter_site":"@NOTICIEROS7","twitter_misc":{"Escrito por":"Edici\u00f3n Web","Tiempo de lectura":"2 minutos"},"schema":{"@context":"https:\/\/schema.org","@graph":[{"@type":"Article","@id":"https:\/\/canal7slp.tv\/2022\/se-multiplican-ataques-contra-la-prensa\/#article","isPartOf":{"@id":"https:\/\/canal7slp.tv\/2022\/se-multiplican-ataques-contra-la-prensa\/"},"author":{"name":"Edici\u00f3n Web","@id":"https:\/\/canal7slp.tv\/2022\/#\/schema\/person\/429704152a21f5f856ce29aa69a238da"},"headline":"Se multiplican ataques contra la prensa","datePublished":"2022-03-05T12:44:25+00:00","mainEntityOfPage":{"@id":"https:\/\/canal7slp.tv\/2022\/se-multiplican-ataques-contra-la-prensa\/"},"wordCount":457,"publisher":{"@id":"https:\/\/canal7slp.tv\/2022\/#organization"},"articleSection":["NACIONALES"],"inLanguage":"es"},{"@type":"WebPage","@id":"https:\/\/canal7slp.tv\/2022\/se-multiplican-ataques-contra-la-prensa\/","url":"https:\/\/canal7slp.tv\/2022\/se-multiplican-ataques-contra-la-prensa\/","name":"Se multiplican ataques contra la prensa - Canal 7 SLP - 2022","isPartOf":{"@id":"https:\/\/canal7slp.tv\/2022\/#website"},"datePublished":"2022-03-05T12:44:25+00:00","breadcrumb":{"@id":"https:\/\/canal7slp.tv\/2022\/se-multiplican-ataques-contra-la-prensa\/#breadcrumb"},"inLanguage":"es","potentialAction":[{"@type":"ReadAction","target":["https:\/\/canal7slp.tv\/2022\/se-multiplican-ataques-contra-la-prensa\/"]}]},{"@type":"BreadcrumbList","@id":"https:\/\/canal7slp.tv\/2022\/se-multiplican-ataques-contra-la-prensa\/#breadcrumb","itemListElement":[{"@type":"ListItem","position":1,"name":"Portada","item":"https:\/\/canal7slp.tv\/2022\/"},{"@type":"ListItem","position":2,"name":"Se multiplican ataques contra la prensa"}]},{"@type":"WebSite","@id":"https:\/\/canal7slp.tv\/2022\/#website","url":"https:\/\/canal7slp.tv\/2022\/","name":"N7 - Noticieros Canal 7","description":"Somos Televisi\u00f3n","publisher":{"@id":"https:\/\/canal7slp.tv\/2022\/#organization"},"potentialAction":[{"@type":"SearchAction","target":{"@type":"EntryPoint","urlTemplate":"https:\/\/canal7slp.tv\/2022\/?s={search_term_string}"},"query-input":{"@type":"PropertyValueSpecification","valueRequired":true,"valueName":"search_term_string"}}],"inLanguage":"es"},{"@type":"Organization","@id":"https:\/\/canal7slp.tv\/2022\/#organization","name":"Noticieros Canal 7","url":"https:\/\/canal7slp.tv\/2022\/","logo":{"@type":"ImageObject","inLanguage":"es","@id":"https:\/\/canal7slp.tv\/2022\/#\/schema\/logo\/image\/","url":"https:\/\/canal7slp.tv\/2022\/wp-content\/uploads\/2021\/01\/logo-noticieros@2x.png","contentUrl":"https:\/\/canal7slp.tv\/2022\/wp-content\/uploads\/2021\/01\/logo-noticieros@2x.png","width":1017,"height":268,"caption":"Noticieros Canal 7"},"image":{"@id":"https:\/\/canal7slp.tv\/2022\/#\/schema\/logo\/image\/"},"sameAs":["https:\/\/www.facebook.com\/noticieroscanalsiete","https:\/\/x.com\/NOTICIEROS7","https:\/\/www.instagram.com\/canal7_slp","https:\/\/www.youtube.com\/channel\/UCliiYs-gP3JfJeqdPrNdd5A"]},{"@type":"Person","@id":"https:\/\/canal7slp.tv\/2022\/#\/schema\/person\/429704152a21f5f856ce29aa69a238da","name":"Edici\u00f3n Web","image":{"@type":"ImageObject","inLanguage":"es","@id":"https:\/\/secure.gravatar.com\/avatar\/eee448fc3f7164808013b816ba91ac7e43bbe82a70bebac296f8bc6f0addaa1a?s=96&d=mm&r=g","url":"https:\/\/secure.gravatar.com\/avatar\/eee448fc3f7164808013b816ba91ac7e43bbe82a70bebac296f8bc6f0addaa1a?s=96&d=mm&r=g","contentUrl":"https:\/\/secure.gravatar.com\/avatar\/eee448fc3f7164808013b816ba91ac7e43bbe82a70bebac296f8bc6f0addaa1a?s=96&d=mm&r=g","caption":"Edici\u00f3n Web"},"url":"https:\/\/canal7slp.tv\/2022\/author\/edicionweb\/"}]}},"amp_enabled":true,"_links":{"self":[{"href":"https:\/\/canal7slp.tv\/2022\/wp-json\/wp\/v2\/posts\/53219","targetHints":{"allow":["GET"]}}],"collection":[{"href":"https:\/\/canal7slp.tv\/2022\/wp-json\/wp\/v2\/posts"}],"about":[{"href":"https:\/\/canal7slp.tv\/2022\/wp-json\/wp\/v2\/types\/post"}],"author":[{"embeddable":true,"href":"https:\/\/canal7slp.tv\/2022\/wp-json\/wp\/v2\/users\/2"}],"replies":[{"embeddable":true,"href":"https:\/\/canal7slp.tv\/2022\/wp-json\/wp\/v2\/comments?post=53219"}],"version-history":[{"count":2,"href":"https:\/\/canal7slp.tv\/2022\/wp-json\/wp\/v2\/posts\/53219\/revisions"}],"predecessor-version":[{"id":53221,"href":"https:\/\/canal7slp.tv\/2022\/wp-json\/wp\/v2\/posts\/53219\/revisions\/53221"}],"wp:attachment":[{"href":"https:\/\/canal7slp.tv\/2022\/wp-json\/wp\/v2\/media?parent=53219"}],"wp:term":[{"taxonomy":"category","embeddable":true,"href":"https:\/\/canal7slp.tv\/2022\/wp-json\/wp\/v2\/categories?post=53219"},{"taxonomy":"post_tag","embeddable":true,"href":"https:\/\/canal7slp.tv\/2022\/wp-json\/wp\/v2\/tags?post=53219"}],"curies":[{"name":"wp","href":"https:\/\/api.w.org\/{rel}","templated":true}]}}