{"id":53204,"date":"2022-03-04T23:34:59","date_gmt":"2022-03-05T05:34:59","guid":{"rendered":"https:\/\/canal7slp.tv\/2022\/?p=53204"},"modified":"2022-03-04T23:34:59","modified_gmt":"2022-03-05T05:34:59","slug":"se-deslinda-ayuntamiento-por-corte-de-arbol-para-colocar-anuncio-publicitario","status":"publish","type":"post","link":"https:\/\/canal7slp.tv\/2022\/se-deslinda-ayuntamiento-por-corte-de-arbol-para-colocar-anuncio-publicitario\/","title":{"rendered":"Se deslinda Ayuntamiento por corte de \u00e1rbol para colocar anuncio publicitario."},"content":{"rendered":"<p style=\"text-align: justify;\">Matehuala.- Un \u00e1rbol ubicado en el Boulevard Tur\u00edstico de Matehuala fue cortado para colocar un anuncio publicitario, tal acto fue desconocido por las autoridades municipales, as\u00ed lo refiri\u00f3 la regidora de ecolog\u00eda, Flor Eugenia Torres.<\/p>\n<p style=\"text-align: justify;\">\u201cMe preguntaron del conocimiento que ten\u00eda yo acerca del \u00e1rbol, del susodicho, igual que todos ustedes, lo desconoc\u00eda totalmente, enseguida le marco al director (de ecolog\u00eda) On\u00e9simo (Gonz\u00e1lez Costilla), para preguntarle qui\u00e9n hab\u00eda dado la orden del derribo de \u00e1rbol y me dice que \u00e9l no ten\u00eda idea, ecolog\u00eda se deslinda de tal acto\u201d, dijo.<\/p>\n<p style=\"text-align: justify;\">Por su parte el empresario matehualense Gabriel Medell\u00edn quien previamente hab\u00eda denunciado el corte del \u00e1rbol v\u00eda redes sociales, coment\u00f3 al respecto, \u201cme parece un absurdo y me parece una acci\u00f3n grotesca por parte de este Ayuntamiento que destruyan para construir una algo que no es ni siquiera una obra de beneficio para nadie, es un tema de publicidad hacia adentro del municipio por la similitud que tiene con el otro que est\u00e1 all\u00e1 en el pante\u00f3n, deduje que era municipal, siempre hubo quien me dijo que es otra cosa, pero se nota la mano inmediatamente\u201d, coment\u00f3.<\/p>\n<p style=\"text-align: justify;\">El \u00e1rbol era utilizado por una familia de escasos recursos como sombra mientras se dedican a pedir dinero en el sem\u00e1foro, \u201cmi pap\u00e1 est\u00e1 enfermo, tiene az\u00facar y su coraz\u00f3n ya no funciona, no camina y pues necesito para los medicamentos, yo me lo traigo aqu\u00ed, lo pon\u00eda abajo del arbolito y yo me iba a los carros a pedir\u201d, se\u00f1al\u00f3 Irasema Rodr\u00edguez.<\/p>\n<p style=\"text-align: justify;\">Finalmente, el Ayuntamiento de Matehuala a trav\u00e9s del departamento de Ecolog\u00eda, repuso el \u00e1rbol y limpiaron la zona.<\/p>\n<p>Por: Jes\u00fas Valencia<\/p>\n","protected":false},"excerpt":{"rendered":"<p>Matehuala.- Un \u00e1rbol ubicado en el Boulevard Tur\u00edstico de Matehuala fue cortado para colocar un anuncio publicitario, tal acto fue desconocido por las autoridades municipales, as\u00ed lo refiri\u00f3 la regidora de ecolog\u00eda, Flor Eugenia Torres. \u201cMe preguntaron del conocimiento que ten\u00eda yo acerca del \u00e1rbol, del susodicho, igual que todos ustedes, lo desconoc\u00eda totalmente, enseguida le marco al director (de ecolog\u00eda) On\u00e9simo (Gonz\u00e1lez Costilla), para preguntarle qui\u00e9n hab\u00eda dado la orden del derribo de \u00e1rbol y me dice que \u00e9l no ten\u00eda idea, ecolog\u00eda se deslinda de tal acto\u201d, dijo. Por su parte el empresario matehualense Gabriel Medell\u00edn quien previamente [&hellip;]<\/p>\n","protected":false},"author":2,"featured_media":53207,"comment_status":"closed","ping_status":"closed","sticky":false,"template":"","format":"video","meta":{"footnotes":""},"categories":[5,43],"tags":[],"class_list":["post-53204","post","type-post","status-publish","format-video","has-post-thumbnail","hentry","category-destacadas","category-interior","post_format-post-format-video","post--single"],"yoast_head":"<!-- This site is optimized with the Yoast SEO plugin v27.4 - https:\/\/yoast.com\/product\/yoast-seo-wordpress\/ -->\n<title>Se deslinda Ayuntamiento por corte de \u00e1rbol para colocar anuncio publicitario. - Canal 7 SLP - 2022<\/title>\n<meta name=\"robots\" content=\"index, follow, max-snippet:-1, max-image-preview:large, max-video-preview:-1\" \/>\n<link rel=\"canonical\" href=\"https:\/\/canal7slp.tv\/2022\/se-deslinda-ayuntamiento-por-corte-de-arbol-para-colocar-anuncio-publicitario\/\" \/>\n<meta property=\"og:locale\" content=\"es_ES\" \/>\n<meta property=\"og:type\" content=\"article\" \/>\n<meta property=\"og:title\" content=\"Se deslinda Ayuntamiento por corte de \u00e1rbol para colocar anuncio publicitario. - Canal 7 SLP - 2022\" \/>\n<meta property=\"og:description\" content=\"Matehuala.- Un \u00e1rbol ubicado en el Boulevard Tur\u00edstico de Matehuala fue cortado para colocar un anuncio publicitario, tal acto fue desconocido por las autoridades municipales, as\u00ed lo refiri\u00f3 la regidora de ecolog\u00eda, Flor Eugenia Torres. \u201cMe preguntaron del conocimiento que ten\u00eda yo acerca del \u00e1rbol, del susodicho, igual que todos ustedes, lo desconoc\u00eda totalmente, enseguida le marco al director (de ecolog\u00eda) On\u00e9simo (Gonz\u00e1lez Costilla), para preguntarle qui\u00e9n hab\u00eda dado la orden del derribo de \u00e1rbol y me dice que \u00e9l no ten\u00eda idea, ecolog\u00eda se deslinda de tal acto\u201d, dijo. Por su parte el empresario matehualense Gabriel Medell\u00edn quien previamente [&hellip;]\" \/>\n<meta property=\"og:url\" content=\"https:\/\/canal7slp.tv\/2022\/se-deslinda-ayuntamiento-por-corte-de-arbol-para-colocar-anuncio-publicitario\/\" \/>\n<meta property=\"og:site_name\" content=\"Canal 7 SLP - 2022\" \/>\n<meta property=\"article:publisher\" content=\"https:\/\/www.facebook.com\/noticieroscanalsiete\" \/>\n<meta property=\"article:published_time\" content=\"2022-03-05T05:34:59+00:00\" \/>\n<meta property=\"og:image\" content=\"https:\/\/canal7slp.tv\/2022\/wp-content\/uploads\/2022\/03\/Valencia02Arbol.jpg\" \/>\n\t<meta property=\"og:image:width\" content=\"909\" \/>\n\t<meta property=\"og:image:height\" content=\"500\" \/>\n\t<meta property=\"og:image:type\" content=\"image\/jpeg\" \/>\n<meta name=\"author\" content=\"Edici\u00f3n Web\" \/>\n<meta name=\"twitter:card\" content=\"summary_large_image\" \/>\n<meta name=\"twitter:creator\" content=\"@NOTICIEROS7\" \/>\n<meta name=\"twitter:site\" content=\"@NOTICIEROS7\" \/>\n<meta name=\"twitter:label1\" content=\"Escrito por\" \/>\n\t<meta name=\"twitter:data1\" content=\"Edici\u00f3n Web\" \/>\n\t<meta name=\"twitter:label2\" content=\"Tiempo de lectura\" \/>\n\t<meta name=\"twitter:data2\" content=\"2 minutos\" \/>\n<script type=\"application\/ld+json\" class=\"yoast-schema-graph\">{\"@context\":\"https:\\\/\\\/schema.org\",\"@graph\":[{\"@type\":\"Article\",\"@id\":\"https:\\\/\\\/canal7slp.tv\\\/2022\\\/se-deslinda-ayuntamiento-por-corte-de-arbol-para-colocar-anuncio-publicitario\\\/#article\",\"isPartOf\":{\"@id\":\"https:\\\/\\\/canal7slp.tv\\\/2022\\\/se-deslinda-ayuntamiento-por-corte-de-arbol-para-colocar-anuncio-publicitario\\\/\"},\"author\":{\"name\":\"Edici\u00f3n Web\",\"@id\":\"https:\\\/\\\/canal7slp.tv\\\/2022\\\/#\\\/schema\\\/person\\\/429704152a21f5f856ce29aa69a238da\"},\"headline\":\"Se deslinda Ayuntamiento por corte de \u00e1rbol para colocar anuncio publicitario.\",\"datePublished\":\"2022-03-05T05:34:59+00:00\",\"mainEntityOfPage\":{\"@id\":\"https:\\\/\\\/canal7slp.tv\\\/2022\\\/se-deslinda-ayuntamiento-por-corte-de-arbol-para-colocar-anuncio-publicitario\\\/\"},\"wordCount\":308,\"publisher\":{\"@id\":\"https:\\\/\\\/canal7slp.tv\\\/2022\\\/#organization\"},\"image\":{\"@id\":\"https:\\\/\\\/canal7slp.tv\\\/2022\\\/se-deslinda-ayuntamiento-por-corte-de-arbol-para-colocar-anuncio-publicitario\\\/#primaryimage\"},\"thumbnailUrl\":\"https:\\\/\\\/canal7slp.tv\\\/2022\\\/wp-content\\\/uploads\\\/2022\\\/03\\\/Valencia02Arbol.jpg\",\"articleSection\":[\"DESTACADAS\",\"INTERIOR DEL ESTADO\"],\"inLanguage\":\"es\"},{\"@type\":\"WebPage\",\"@id\":\"https:\\\/\\\/canal7slp.tv\\\/2022\\\/se-deslinda-ayuntamiento-por-corte-de-arbol-para-colocar-anuncio-publicitario\\\/\",\"url\":\"https:\\\/\\\/canal7slp.tv\\\/2022\\\/se-deslinda-ayuntamiento-por-corte-de-arbol-para-colocar-anuncio-publicitario\\\/\",\"name\":\"Se deslinda Ayuntamiento por corte de \u00e1rbol para colocar anuncio publicitario. - Canal 7 SLP - 2022\",\"isPartOf\":{\"@id\":\"https:\\\/\\\/canal7slp.tv\\\/2022\\\/#website\"},\"primaryImageOfPage\":{\"@id\":\"https:\\\/\\\/canal7slp.tv\\\/2022\\\/se-deslinda-ayuntamiento-por-corte-de-arbol-para-colocar-anuncio-publicitario\\\/#primaryimage\"},\"image\":{\"@id\":\"https:\\\/\\\/canal7slp.tv\\\/2022\\\/se-deslinda-ayuntamiento-por-corte-de-arbol-para-colocar-anuncio-publicitario\\\/#primaryimage\"},\"thumbnailUrl\":\"https:\\\/\\\/canal7slp.tv\\\/2022\\\/wp-content\\\/uploads\\\/2022\\\/03\\\/Valencia02Arbol.jpg\",\"datePublished\":\"2022-03-05T05:34:59+00:00\",\"breadcrumb\":{\"@id\":\"https:\\\/\\\/canal7slp.tv\\\/2022\\\/se-deslinda-ayuntamiento-por-corte-de-arbol-para-colocar-anuncio-publicitario\\\/#breadcrumb\"},\"inLanguage\":\"es\",\"potentialAction\":[{\"@type\":\"ReadAction\",\"target\":[\"https:\\\/\\\/canal7slp.tv\\\/2022\\\/se-deslinda-ayuntamiento-por-corte-de-arbol-para-colocar-anuncio-publicitario\\\/\"]}]},{\"@type\":\"ImageObject\",\"inLanguage\":\"es\",\"@id\":\"https:\\\/\\\/canal7slp.tv\\\/2022\\\/se-deslinda-ayuntamiento-por-corte-de-arbol-para-colocar-anuncio-publicitario\\\/#primaryimage\",\"url\":\"https:\\\/\\\/canal7slp.tv\\\/2022\\\/wp-content\\\/uploads\\\/2022\\\/03\\\/Valencia02Arbol.jpg\",\"contentUrl\":\"https:\\\/\\\/canal7slp.tv\\\/2022\\\/wp-content\\\/uploads\\\/2022\\\/03\\\/Valencia02Arbol.jpg\",\"width\":909,\"height\":500},{\"@type\":\"BreadcrumbList\",\"@id\":\"https:\\\/\\\/canal7slp.tv\\\/2022\\\/se-deslinda-ayuntamiento-por-corte-de-arbol-para-colocar-anuncio-publicitario\\\/#breadcrumb\",\"itemListElement\":[{\"@type\":\"ListItem\",\"position\":1,\"name\":\"Portada\",\"item\":\"https:\\\/\\\/canal7slp.tv\\\/2022\\\/\"},{\"@type\":\"ListItem\",\"position\":2,\"name\":\"Se deslinda Ayuntamiento por corte de \u00e1rbol para colocar anuncio publicitario.\"}]},{\"@type\":\"WebSite\",\"@id\":\"https:\\\/\\\/canal7slp.tv\\\/2022\\\/#website\",\"url\":\"https:\\\/\\\/canal7slp.tv\\\/2022\\\/\",\"name\":\"N7 - Noticieros Canal 7\",\"description\":\"Somos Televisi\u00f3n\",\"publisher\":{\"@id\":\"https:\\\/\\\/canal7slp.tv\\\/2022\\\/#organization\"},\"potentialAction\":[{\"@type\":\"SearchAction\",\"target\":{\"@type\":\"EntryPoint\",\"urlTemplate\":\"https:\\\/\\\/canal7slp.tv\\\/2022\\\/?s={search_term_string}\"},\"query-input\":{\"@type\":\"PropertyValueSpecification\",\"valueRequired\":true,\"valueName\":\"search_term_string\"}}],\"inLanguage\":\"es\"},{\"@type\":\"Organization\",\"@id\":\"https:\\\/\\\/canal7slp.tv\\\/2022\\\/#organization\",\"name\":\"Noticieros Canal 7\",\"url\":\"https:\\\/\\\/canal7slp.tv\\\/2022\\\/\",\"logo\":{\"@type\":\"ImageObject\",\"inLanguage\":\"es\",\"@id\":\"https:\\\/\\\/canal7slp.tv\\\/2022\\\/#\\\/schema\\\/logo\\\/image\\\/\",\"url\":\"https:\\\/\\\/canal7slp.tv\\\/2022\\\/wp-content\\\/uploads\\\/2021\\\/01\\\/logo-noticieros@2x.png\",\"contentUrl\":\"https:\\\/\\\/canal7slp.tv\\\/2022\\\/wp-content\\\/uploads\\\/2021\\\/01\\\/logo-noticieros@2x.png\",\"width\":1017,\"height\":268,\"caption\":\"Noticieros Canal 7\"},\"image\":{\"@id\":\"https:\\\/\\\/canal7slp.tv\\\/2022\\\/#\\\/schema\\\/logo\\\/image\\\/\"},\"sameAs\":[\"https:\\\/\\\/www.facebook.com\\\/noticieroscanalsiete\",\"https:\\\/\\\/x.com\\\/NOTICIEROS7\",\"https:\\\/\\\/www.instagram.com\\\/canal7_slp\",\"https:\\\/\\\/www.youtube.com\\\/channel\\\/UCliiYs-gP3JfJeqdPrNdd5A\"]},{\"@type\":\"Person\",\"@id\":\"https:\\\/\\\/canal7slp.tv\\\/2022\\\/#\\\/schema\\\/person\\\/429704152a21f5f856ce29aa69a238da\",\"name\":\"Edici\u00f3n Web\",\"image\":{\"@type\":\"ImageObject\",\"inLanguage\":\"es\",\"@id\":\"https:\\\/\\\/secure.gravatar.com\\\/avatar\\\/eee448fc3f7164808013b816ba91ac7e43bbe82a70bebac296f8bc6f0addaa1a?s=96&d=mm&r=g\",\"url\":\"https:\\\/\\\/secure.gravatar.com\\\/avatar\\\/eee448fc3f7164808013b816ba91ac7e43bbe82a70bebac296f8bc6f0addaa1a?s=96&d=mm&r=g\",\"contentUrl\":\"https:\\\/\\\/secure.gravatar.com\\\/avatar\\\/eee448fc3f7164808013b816ba91ac7e43bbe82a70bebac296f8bc6f0addaa1a?s=96&d=mm&r=g\",\"caption\":\"Edici\u00f3n Web\"},\"url\":\"https:\\\/\\\/canal7slp.tv\\\/2022\\\/author\\\/edicionweb\\\/\"}]}<\/script>\n<!-- \/ Yoast SEO plugin. -->","yoast_head_json":{"title":"Se deslinda Ayuntamiento por corte de \u00e1rbol para colocar anuncio publicitario. - Canal 7 SLP - 2022","robots":{"index":"index","follow":"follow","max-snippet":"max-snippet:-1","max-image-preview":"max-image-preview:large","max-video-preview":"max-video-preview:-1"},"canonical":"https:\/\/canal7slp.tv\/2022\/se-deslinda-ayuntamiento-por-corte-de-arbol-para-colocar-anuncio-publicitario\/","og_locale":"es_ES","og_type":"article","og_title":"Se deslinda Ayuntamiento por corte de \u00e1rbol para colocar anuncio publicitario. - Canal 7 SLP - 2022","og_description":"Matehuala.- Un \u00e1rbol ubicado en el Boulevard Tur\u00edstico de Matehuala fue cortado para colocar un anuncio publicitario, tal acto fue desconocido por las autoridades municipales, as\u00ed lo refiri\u00f3 la regidora de ecolog\u00eda, Flor Eugenia Torres. \u201cMe preguntaron del conocimiento que ten\u00eda yo acerca del \u00e1rbol, del susodicho, igual que todos ustedes, lo desconoc\u00eda totalmente, enseguida le marco al director (de ecolog\u00eda) On\u00e9simo (Gonz\u00e1lez Costilla), para preguntarle qui\u00e9n hab\u00eda dado la orden del derribo de \u00e1rbol y me dice que \u00e9l no ten\u00eda idea, ecolog\u00eda se deslinda de tal acto\u201d, dijo. Por su parte el empresario matehualense Gabriel Medell\u00edn quien previamente [&hellip;]","og_url":"https:\/\/canal7slp.tv\/2022\/se-deslinda-ayuntamiento-por-corte-de-arbol-para-colocar-anuncio-publicitario\/","og_site_name":"Canal 7 SLP - 2022","article_publisher":"https:\/\/www.facebook.com\/noticieroscanalsiete","article_published_time":"2022-03-05T05:34:59+00:00","og_image":[{"width":909,"height":500,"url":"https:\/\/canal7slp.tv\/2022\/wp-content\/uploads\/2022\/03\/Valencia02Arbol.jpg","type":"image\/jpeg"}],"author":"Edici\u00f3n Web","twitter_card":"summary_large_image","twitter_creator":"@NOTICIEROS7","twitter_site":"@NOTICIEROS7","twitter_misc":{"Escrito por":"Edici\u00f3n Web","Tiempo de lectura":"2 minutos"},"schema":{"@context":"https:\/\/schema.org","@graph":[{"@type":"Article","@id":"https:\/\/canal7slp.tv\/2022\/se-deslinda-ayuntamiento-por-corte-de-arbol-para-colocar-anuncio-publicitario\/#article","isPartOf":{"@id":"https:\/\/canal7slp.tv\/2022\/se-deslinda-ayuntamiento-por-corte-de-arbol-para-colocar-anuncio-publicitario\/"},"author":{"name":"Edici\u00f3n Web","@id":"https:\/\/canal7slp.tv\/2022\/#\/schema\/person\/429704152a21f5f856ce29aa69a238da"},"headline":"Se deslinda Ayuntamiento por corte de \u00e1rbol para colocar anuncio publicitario.","datePublished":"2022-03-05T05:34:59+00:00","mainEntityOfPage":{"@id":"https:\/\/canal7slp.tv\/2022\/se-deslinda-ayuntamiento-por-corte-de-arbol-para-colocar-anuncio-publicitario\/"},"wordCount":308,"publisher":{"@id":"https:\/\/canal7slp.tv\/2022\/#organization"},"image":{"@id":"https:\/\/canal7slp.tv\/2022\/se-deslinda-ayuntamiento-por-corte-de-arbol-para-colocar-anuncio-publicitario\/#primaryimage"},"thumbnailUrl":"https:\/\/canal7slp.tv\/2022\/wp-content\/uploads\/2022\/03\/Valencia02Arbol.jpg","articleSection":["DESTACADAS","INTERIOR DEL ESTADO"],"inLanguage":"es"},{"@type":"WebPage","@id":"https:\/\/canal7slp.tv\/2022\/se-deslinda-ayuntamiento-por-corte-de-arbol-para-colocar-anuncio-publicitario\/","url":"https:\/\/canal7slp.tv\/2022\/se-deslinda-ayuntamiento-por-corte-de-arbol-para-colocar-anuncio-publicitario\/","name":"Se deslinda Ayuntamiento por corte de \u00e1rbol para colocar anuncio publicitario. - Canal 7 SLP - 2022","isPartOf":{"@id":"https:\/\/canal7slp.tv\/2022\/#website"},"primaryImageOfPage":{"@id":"https:\/\/canal7slp.tv\/2022\/se-deslinda-ayuntamiento-por-corte-de-arbol-para-colocar-anuncio-publicitario\/#primaryimage"},"image":{"@id":"https:\/\/canal7slp.tv\/2022\/se-deslinda-ayuntamiento-por-corte-de-arbol-para-colocar-anuncio-publicitario\/#primaryimage"},"thumbnailUrl":"https:\/\/canal7slp.tv\/2022\/wp-content\/uploads\/2022\/03\/Valencia02Arbol.jpg","datePublished":"2022-03-05T05:34:59+00:00","breadcrumb":{"@id":"https:\/\/canal7slp.tv\/2022\/se-deslinda-ayuntamiento-por-corte-de-arbol-para-colocar-anuncio-publicitario\/#breadcrumb"},"inLanguage":"es","potentialAction":[{"@type":"ReadAction","target":["https:\/\/canal7slp.tv\/2022\/se-deslinda-ayuntamiento-por-corte-de-arbol-para-colocar-anuncio-publicitario\/"]}]},{"@type":"ImageObject","inLanguage":"es","@id":"https:\/\/canal7slp.tv\/2022\/se-deslinda-ayuntamiento-por-corte-de-arbol-para-colocar-anuncio-publicitario\/#primaryimage","url":"https:\/\/canal7slp.tv\/2022\/wp-content\/uploads\/2022\/03\/Valencia02Arbol.jpg","contentUrl":"https:\/\/canal7slp.tv\/2022\/wp-content\/uploads\/2022\/03\/Valencia02Arbol.jpg","width":909,"height":500},{"@type":"BreadcrumbList","@id":"https:\/\/canal7slp.tv\/2022\/se-deslinda-ayuntamiento-por-corte-de-arbol-para-colocar-anuncio-publicitario\/#breadcrumb","itemListElement":[{"@type":"ListItem","position":1,"name":"Portada","item":"https:\/\/canal7slp.tv\/2022\/"},{"@type":"ListItem","position":2,"name":"Se deslinda Ayuntamiento por corte de \u00e1rbol para colocar anuncio publicitario."}]},{"@type":"WebSite","@id":"https:\/\/canal7slp.tv\/2022\/#website","url":"https:\/\/canal7slp.tv\/2022\/","name":"N7 - Noticieros Canal 7","description":"Somos Televisi\u00f3n","publisher":{"@id":"https:\/\/canal7slp.tv\/2022\/#organization"},"potentialAction":[{"@type":"SearchAction","target":{"@type":"EntryPoint","urlTemplate":"https:\/\/canal7slp.tv\/2022\/?s={search_term_string}"},"query-input":{"@type":"PropertyValueSpecification","valueRequired":true,"valueName":"search_term_string"}}],"inLanguage":"es"},{"@type":"Organization","@id":"https:\/\/canal7slp.tv\/2022\/#organization","name":"Noticieros Canal 7","url":"https:\/\/canal7slp.tv\/2022\/","logo":{"@type":"ImageObject","inLanguage":"es","@id":"https:\/\/canal7slp.tv\/2022\/#\/schema\/logo\/image\/","url":"https:\/\/canal7slp.tv\/2022\/wp-content\/uploads\/2021\/01\/logo-noticieros@2x.png","contentUrl":"https:\/\/canal7slp.tv\/2022\/wp-content\/uploads\/2021\/01\/logo-noticieros@2x.png","width":1017,"height":268,"caption":"Noticieros Canal 7"},"image":{"@id":"https:\/\/canal7slp.tv\/2022\/#\/schema\/logo\/image\/"},"sameAs":["https:\/\/www.facebook.com\/noticieroscanalsiete","https:\/\/x.com\/NOTICIEROS7","https:\/\/www.instagram.com\/canal7_slp","https:\/\/www.youtube.com\/channel\/UCliiYs-gP3JfJeqdPrNdd5A"]},{"@type":"Person","@id":"https:\/\/canal7slp.tv\/2022\/#\/schema\/person\/429704152a21f5f856ce29aa69a238da","name":"Edici\u00f3n Web","image":{"@type":"ImageObject","inLanguage":"es","@id":"https:\/\/secure.gravatar.com\/avatar\/eee448fc3f7164808013b816ba91ac7e43bbe82a70bebac296f8bc6f0addaa1a?s=96&d=mm&r=g","url":"https:\/\/secure.gravatar.com\/avatar\/eee448fc3f7164808013b816ba91ac7e43bbe82a70bebac296f8bc6f0addaa1a?s=96&d=mm&r=g","contentUrl":"https:\/\/secure.gravatar.com\/avatar\/eee448fc3f7164808013b816ba91ac7e43bbe82a70bebac296f8bc6f0addaa1a?s=96&d=mm&r=g","caption":"Edici\u00f3n Web"},"url":"https:\/\/canal7slp.tv\/2022\/author\/edicionweb\/"}]}},"amp_enabled":true,"_links":{"self":[{"href":"https:\/\/canal7slp.tv\/2022\/wp-json\/wp\/v2\/posts\/53204","targetHints":{"allow":["GET"]}}],"collection":[{"href":"https:\/\/canal7slp.tv\/2022\/wp-json\/wp\/v2\/posts"}],"about":[{"href":"https:\/\/canal7slp.tv\/2022\/wp-json\/wp\/v2\/types\/post"}],"author":[{"embeddable":true,"href":"https:\/\/canal7slp.tv\/2022\/wp-json\/wp\/v2\/users\/2"}],"replies":[{"embeddable":true,"href":"https:\/\/canal7slp.tv\/2022\/wp-json\/wp\/v2\/comments?post=53204"}],"version-history":[{"count":1,"href":"https:\/\/canal7slp.tv\/2022\/wp-json\/wp\/v2\/posts\/53204\/revisions"}],"predecessor-version":[{"id":53208,"href":"https:\/\/canal7slp.tv\/2022\/wp-json\/wp\/v2\/posts\/53204\/revisions\/53208"}],"wp:featuredmedia":[{"embeddable":true,"href":"https:\/\/canal7slp.tv\/2022\/wp-json\/wp\/v2\/media\/53207"}],"wp:attachment":[{"href":"https:\/\/canal7slp.tv\/2022\/wp-json\/wp\/v2\/media?parent=53204"}],"wp:term":[{"taxonomy":"category","embeddable":true,"href":"https:\/\/canal7slp.tv\/2022\/wp-json\/wp\/v2\/categories?post=53204"},{"taxonomy":"post_tag","embeddable":true,"href":"https:\/\/canal7slp.tv\/2022\/wp-json\/wp\/v2\/tags?post=53204"}],"curies":[{"name":"wp","href":"https:\/\/api.w.org\/{rel}","templated":true}]}}