{"id":53193,"date":"2022-03-04T19:00:53","date_gmt":"2022-03-05T01:00:53","guid":{"rendered":"https:\/\/canal7slp.tv\/2022\/?p=53193"},"modified":"2022-03-04T19:00:53","modified_gmt":"2022-03-05T01:00:53","slug":"slp-permanecera-en-verde-otras-dos-semanas","status":"publish","type":"post","link":"https:\/\/canal7slp.tv\/2022\/slp-permanecera-en-verde-otras-dos-semanas\/","title":{"rendered":"SLP permanecer\u00e1 en verde otras dos semanas"},"content":{"rendered":"<ul>\n<li style=\"text-align: justify;\">El tono del sem\u00e1foro epid\u00e9mico fue difundido este cierre de semana y entrar\u00eda en vigor el lunes siete.<\/li>\n<\/ul>\n<div style=\"text-align: justify;\">SLP.-\u00a0San Luis Potos\u00ed permanecer\u00e1 con el tono verde en el sem\u00e1foro de riesgo epid\u00e9mico, del siete al 20 de marzo.<\/div>\n<div style=\"text-align: justify;\"><\/div>\n<div style=\"text-align: justify;\">La tarde de este viernes desde Gobierno Federal se difundi\u00f3 el mapa de la Rep\u00fablica Mexicana y solamente una entidad contin\u00faa en tono amarillo, con un riesgo medio.<\/div>\n<div style=\"text-align: justify;\"><\/div>\n<div style=\"text-align: justify;\">El resto se encuentran en tono verde. Es decir, al momento en ning\u00fan estado se registra rojo ni naranja.<\/div>\n","protected":false},"excerpt":{"rendered":"<p>El tono del sem\u00e1foro epid\u00e9mico fue difundido este cierre de semana y entrar\u00eda en vigor el lunes siete. SLP.-\u00a0San Luis Potos\u00ed permanecer\u00e1 con el tono verde en el sem\u00e1foro de riesgo epid\u00e9mico, del siete al 20 de marzo. La tarde de este viernes desde Gobierno Federal se difundi\u00f3 el mapa de la Rep\u00fablica Mexicana y solamente una entidad contin\u00faa en tono amarillo, con un riesgo medio. El resto se encuentran en tono verde. Es decir, al momento en ning\u00fan estado se registra rojo ni naranja.<\/p>\n","protected":false},"author":2,"featured_media":53194,"comment_status":"closed","ping_status":"closed","sticky":false,"template":"","format":"standard","meta":{"footnotes":""},"categories":[45],"tags":[],"class_list":["post-53193","post","type-post","status-publish","format-standard","has-post-thumbnail","hentry","category-localesyregionales","post--single"],"yoast_head":"<!-- This site is optimized with the Yoast SEO plugin v27.4 - https:\/\/yoast.com\/product\/yoast-seo-wordpress\/ -->\n<title>SLP permanecer\u00e1 en verde otras dos semanas - Canal 7 SLP - 2022<\/title>\n<meta name=\"robots\" content=\"index, follow, max-snippet:-1, max-image-preview:large, max-video-preview:-1\" \/>\n<link rel=\"canonical\" href=\"https:\/\/canal7slp.tv\/2022\/slp-permanecera-en-verde-otras-dos-semanas\/\" \/>\n<meta property=\"og:locale\" content=\"es_ES\" \/>\n<meta property=\"og:type\" content=\"article\" \/>\n<meta property=\"og:title\" content=\"SLP permanecer\u00e1 en verde otras dos semanas - Canal 7 SLP - 2022\" \/>\n<meta property=\"og:description\" content=\"El tono del sem\u00e1foro epid\u00e9mico fue difundido este cierre de semana y entrar\u00eda en vigor el lunes siete. SLP.-\u00a0San Luis Potos\u00ed permanecer\u00e1 con el tono verde en el sem\u00e1foro de riesgo epid\u00e9mico, del siete al 20 de marzo. La tarde de este viernes desde Gobierno Federal se difundi\u00f3 el mapa de la Rep\u00fablica Mexicana y solamente una entidad contin\u00faa en tono amarillo, con un riesgo medio. El resto se encuentran en tono verde. Es decir, al momento en ning\u00fan estado se registra rojo ni naranja.\" \/>\n<meta property=\"og:url\" content=\"https:\/\/canal7slp.tv\/2022\/slp-permanecera-en-verde-otras-dos-semanas\/\" \/>\n<meta property=\"og:site_name\" content=\"Canal 7 SLP - 2022\" \/>\n<meta property=\"article:publisher\" content=\"https:\/\/www.facebook.com\/noticieroscanalsiete\" \/>\n<meta property=\"article:published_time\" content=\"2022-03-05T01:00:53+00:00\" \/>\n<meta property=\"og:image\" content=\"https:\/\/canal7slp.tv\/2022\/wp-content\/uploads\/2022\/03\/Verde.jpg\" \/>\n\t<meta property=\"og:image:width\" content=\"530\" \/>\n\t<meta property=\"og:image:height\" content=\"354\" \/>\n\t<meta property=\"og:image:type\" content=\"image\/jpeg\" \/>\n<meta name=\"author\" content=\"Edici\u00f3n Web\" \/>\n<meta name=\"twitter:card\" content=\"summary_large_image\" \/>\n<meta name=\"twitter:creator\" content=\"@NOTICIEROS7\" \/>\n<meta name=\"twitter:site\" content=\"@NOTICIEROS7\" \/>\n<meta name=\"twitter:label1\" content=\"Escrito por\" \/>\n\t<meta name=\"twitter:data1\" content=\"Edici\u00f3n Web\" \/>\n<script type=\"application\/ld+json\" class=\"yoast-schema-graph\">{\"@context\":\"https:\\\/\\\/schema.org\",\"@graph\":[{\"@type\":\"Article\",\"@id\":\"https:\\\/\\\/canal7slp.tv\\\/2022\\\/slp-permanecera-en-verde-otras-dos-semanas\\\/#article\",\"isPartOf\":{\"@id\":\"https:\\\/\\\/canal7slp.tv\\\/2022\\\/slp-permanecera-en-verde-otras-dos-semanas\\\/\"},\"author\":{\"name\":\"Edici\u00f3n Web\",\"@id\":\"https:\\\/\\\/canal7slp.tv\\\/2022\\\/#\\\/schema\\\/person\\\/429704152a21f5f856ce29aa69a238da\"},\"headline\":\"SLP permanecer\u00e1 en verde otras dos semanas\",\"datePublished\":\"2022-03-05T01:00:53+00:00\",\"mainEntityOfPage\":{\"@id\":\"https:\\\/\\\/canal7slp.tv\\\/2022\\\/slp-permanecera-en-verde-otras-dos-semanas\\\/\"},\"wordCount\":101,\"publisher\":{\"@id\":\"https:\\\/\\\/canal7slp.tv\\\/2022\\\/#organization\"},\"image\":{\"@id\":\"https:\\\/\\\/canal7slp.tv\\\/2022\\\/slp-permanecera-en-verde-otras-dos-semanas\\\/#primaryimage\"},\"thumbnailUrl\":\"https:\\\/\\\/canal7slp.tv\\\/2022\\\/wp-content\\\/uploads\\\/2022\\\/03\\\/Verde.jpg\",\"articleSection\":[\"LOCALES Y REGIONALES\"],\"inLanguage\":\"es\"},{\"@type\":\"WebPage\",\"@id\":\"https:\\\/\\\/canal7slp.tv\\\/2022\\\/slp-permanecera-en-verde-otras-dos-semanas\\\/\",\"url\":\"https:\\\/\\\/canal7slp.tv\\\/2022\\\/slp-permanecera-en-verde-otras-dos-semanas\\\/\",\"name\":\"SLP permanecer\u00e1 en verde otras dos semanas - Canal 7 SLP - 2022\",\"isPartOf\":{\"@id\":\"https:\\\/\\\/canal7slp.tv\\\/2022\\\/#website\"},\"primaryImageOfPage\":{\"@id\":\"https:\\\/\\\/canal7slp.tv\\\/2022\\\/slp-permanecera-en-verde-otras-dos-semanas\\\/#primaryimage\"},\"image\":{\"@id\":\"https:\\\/\\\/canal7slp.tv\\\/2022\\\/slp-permanecera-en-verde-otras-dos-semanas\\\/#primaryimage\"},\"thumbnailUrl\":\"https:\\\/\\\/canal7slp.tv\\\/2022\\\/wp-content\\\/uploads\\\/2022\\\/03\\\/Verde.jpg\",\"datePublished\":\"2022-03-05T01:00:53+00:00\",\"breadcrumb\":{\"@id\":\"https:\\\/\\\/canal7slp.tv\\\/2022\\\/slp-permanecera-en-verde-otras-dos-semanas\\\/#breadcrumb\"},\"inLanguage\":\"es\",\"potentialAction\":[{\"@type\":\"ReadAction\",\"target\":[\"https:\\\/\\\/canal7slp.tv\\\/2022\\\/slp-permanecera-en-verde-otras-dos-semanas\\\/\"]}]},{\"@type\":\"ImageObject\",\"inLanguage\":\"es\",\"@id\":\"https:\\\/\\\/canal7slp.tv\\\/2022\\\/slp-permanecera-en-verde-otras-dos-semanas\\\/#primaryimage\",\"url\":\"https:\\\/\\\/canal7slp.tv\\\/2022\\\/wp-content\\\/uploads\\\/2022\\\/03\\\/Verde.jpg\",\"contentUrl\":\"https:\\\/\\\/canal7slp.tv\\\/2022\\\/wp-content\\\/uploads\\\/2022\\\/03\\\/Verde.jpg\",\"width\":530,\"height\":354},{\"@type\":\"BreadcrumbList\",\"@id\":\"https:\\\/\\\/canal7slp.tv\\\/2022\\\/slp-permanecera-en-verde-otras-dos-semanas\\\/#breadcrumb\",\"itemListElement\":[{\"@type\":\"ListItem\",\"position\":1,\"name\":\"Portada\",\"item\":\"https:\\\/\\\/canal7slp.tv\\\/2022\\\/\"},{\"@type\":\"ListItem\",\"position\":2,\"name\":\"SLP permanecer\u00e1 en verde otras dos semanas\"}]},{\"@type\":\"WebSite\",\"@id\":\"https:\\\/\\\/canal7slp.tv\\\/2022\\\/#website\",\"url\":\"https:\\\/\\\/canal7slp.tv\\\/2022\\\/\",\"name\":\"N7 - Noticieros Canal 7\",\"description\":\"Somos Televisi\u00f3n\",\"publisher\":{\"@id\":\"https:\\\/\\\/canal7slp.tv\\\/2022\\\/#organization\"},\"potentialAction\":[{\"@type\":\"SearchAction\",\"target\":{\"@type\":\"EntryPoint\",\"urlTemplate\":\"https:\\\/\\\/canal7slp.tv\\\/2022\\\/?s={search_term_string}\"},\"query-input\":{\"@type\":\"PropertyValueSpecification\",\"valueRequired\":true,\"valueName\":\"search_term_string\"}}],\"inLanguage\":\"es\"},{\"@type\":\"Organization\",\"@id\":\"https:\\\/\\\/canal7slp.tv\\\/2022\\\/#organization\",\"name\":\"Noticieros Canal 7\",\"url\":\"https:\\\/\\\/canal7slp.tv\\\/2022\\\/\",\"logo\":{\"@type\":\"ImageObject\",\"inLanguage\":\"es\",\"@id\":\"https:\\\/\\\/canal7slp.tv\\\/2022\\\/#\\\/schema\\\/logo\\\/image\\\/\",\"url\":\"https:\\\/\\\/canal7slp.tv\\\/2022\\\/wp-content\\\/uploads\\\/2021\\\/01\\\/logo-noticieros@2x.png\",\"contentUrl\":\"https:\\\/\\\/canal7slp.tv\\\/2022\\\/wp-content\\\/uploads\\\/2021\\\/01\\\/logo-noticieros@2x.png\",\"width\":1017,\"height\":268,\"caption\":\"Noticieros Canal 7\"},\"image\":{\"@id\":\"https:\\\/\\\/canal7slp.tv\\\/2022\\\/#\\\/schema\\\/logo\\\/image\\\/\"},\"sameAs\":[\"https:\\\/\\\/www.facebook.com\\\/noticieroscanalsiete\",\"https:\\\/\\\/x.com\\\/NOTICIEROS7\",\"https:\\\/\\\/www.instagram.com\\\/canal7_slp\",\"https:\\\/\\\/www.youtube.com\\\/channel\\\/UCliiYs-gP3JfJeqdPrNdd5A\"]},{\"@type\":\"Person\",\"@id\":\"https:\\\/\\\/canal7slp.tv\\\/2022\\\/#\\\/schema\\\/person\\\/429704152a21f5f856ce29aa69a238da\",\"name\":\"Edici\u00f3n Web\",\"image\":{\"@type\":\"ImageObject\",\"inLanguage\":\"es\",\"@id\":\"https:\\\/\\\/secure.gravatar.com\\\/avatar\\\/eee448fc3f7164808013b816ba91ac7e43bbe82a70bebac296f8bc6f0addaa1a?s=96&d=mm&r=g\",\"url\":\"https:\\\/\\\/secure.gravatar.com\\\/avatar\\\/eee448fc3f7164808013b816ba91ac7e43bbe82a70bebac296f8bc6f0addaa1a?s=96&d=mm&r=g\",\"contentUrl\":\"https:\\\/\\\/secure.gravatar.com\\\/avatar\\\/eee448fc3f7164808013b816ba91ac7e43bbe82a70bebac296f8bc6f0addaa1a?s=96&d=mm&r=g\",\"caption\":\"Edici\u00f3n Web\"},\"url\":\"https:\\\/\\\/canal7slp.tv\\\/2022\\\/author\\\/edicionweb\\\/\"}]}<\/script>\n<!-- \/ Yoast SEO plugin. -->","yoast_head_json":{"title":"SLP permanecer\u00e1 en verde otras dos semanas - Canal 7 SLP - 2022","robots":{"index":"index","follow":"follow","max-snippet":"max-snippet:-1","max-image-preview":"max-image-preview:large","max-video-preview":"max-video-preview:-1"},"canonical":"https:\/\/canal7slp.tv\/2022\/slp-permanecera-en-verde-otras-dos-semanas\/","og_locale":"es_ES","og_type":"article","og_title":"SLP permanecer\u00e1 en verde otras dos semanas - Canal 7 SLP - 2022","og_description":"El tono del sem\u00e1foro epid\u00e9mico fue difundido este cierre de semana y entrar\u00eda en vigor el lunes siete. SLP.-\u00a0San Luis Potos\u00ed permanecer\u00e1 con el tono verde en el sem\u00e1foro de riesgo epid\u00e9mico, del siete al 20 de marzo. La tarde de este viernes desde Gobierno Federal se difundi\u00f3 el mapa de la Rep\u00fablica Mexicana y solamente una entidad contin\u00faa en tono amarillo, con un riesgo medio. El resto se encuentran en tono verde. Es decir, al momento en ning\u00fan estado se registra rojo ni naranja.","og_url":"https:\/\/canal7slp.tv\/2022\/slp-permanecera-en-verde-otras-dos-semanas\/","og_site_name":"Canal 7 SLP - 2022","article_publisher":"https:\/\/www.facebook.com\/noticieroscanalsiete","article_published_time":"2022-03-05T01:00:53+00:00","og_image":[{"width":530,"height":354,"url":"https:\/\/canal7slp.tv\/2022\/wp-content\/uploads\/2022\/03\/Verde.jpg","type":"image\/jpeg"}],"author":"Edici\u00f3n Web","twitter_card":"summary_large_image","twitter_creator":"@NOTICIEROS7","twitter_site":"@NOTICIEROS7","twitter_misc":{"Escrito por":"Edici\u00f3n Web"},"schema":{"@context":"https:\/\/schema.org","@graph":[{"@type":"Article","@id":"https:\/\/canal7slp.tv\/2022\/slp-permanecera-en-verde-otras-dos-semanas\/#article","isPartOf":{"@id":"https:\/\/canal7slp.tv\/2022\/slp-permanecera-en-verde-otras-dos-semanas\/"},"author":{"name":"Edici\u00f3n Web","@id":"https:\/\/canal7slp.tv\/2022\/#\/schema\/person\/429704152a21f5f856ce29aa69a238da"},"headline":"SLP permanecer\u00e1 en verde otras dos semanas","datePublished":"2022-03-05T01:00:53+00:00","mainEntityOfPage":{"@id":"https:\/\/canal7slp.tv\/2022\/slp-permanecera-en-verde-otras-dos-semanas\/"},"wordCount":101,"publisher":{"@id":"https:\/\/canal7slp.tv\/2022\/#organization"},"image":{"@id":"https:\/\/canal7slp.tv\/2022\/slp-permanecera-en-verde-otras-dos-semanas\/#primaryimage"},"thumbnailUrl":"https:\/\/canal7slp.tv\/2022\/wp-content\/uploads\/2022\/03\/Verde.jpg","articleSection":["LOCALES Y REGIONALES"],"inLanguage":"es"},{"@type":"WebPage","@id":"https:\/\/canal7slp.tv\/2022\/slp-permanecera-en-verde-otras-dos-semanas\/","url":"https:\/\/canal7slp.tv\/2022\/slp-permanecera-en-verde-otras-dos-semanas\/","name":"SLP permanecer\u00e1 en verde otras dos semanas - Canal 7 SLP - 2022","isPartOf":{"@id":"https:\/\/canal7slp.tv\/2022\/#website"},"primaryImageOfPage":{"@id":"https:\/\/canal7slp.tv\/2022\/slp-permanecera-en-verde-otras-dos-semanas\/#primaryimage"},"image":{"@id":"https:\/\/canal7slp.tv\/2022\/slp-permanecera-en-verde-otras-dos-semanas\/#primaryimage"},"thumbnailUrl":"https:\/\/canal7slp.tv\/2022\/wp-content\/uploads\/2022\/03\/Verde.jpg","datePublished":"2022-03-05T01:00:53+00:00","breadcrumb":{"@id":"https:\/\/canal7slp.tv\/2022\/slp-permanecera-en-verde-otras-dos-semanas\/#breadcrumb"},"inLanguage":"es","potentialAction":[{"@type":"ReadAction","target":["https:\/\/canal7slp.tv\/2022\/slp-permanecera-en-verde-otras-dos-semanas\/"]}]},{"@type":"ImageObject","inLanguage":"es","@id":"https:\/\/canal7slp.tv\/2022\/slp-permanecera-en-verde-otras-dos-semanas\/#primaryimage","url":"https:\/\/canal7slp.tv\/2022\/wp-content\/uploads\/2022\/03\/Verde.jpg","contentUrl":"https:\/\/canal7slp.tv\/2022\/wp-content\/uploads\/2022\/03\/Verde.jpg","width":530,"height":354},{"@type":"BreadcrumbList","@id":"https:\/\/canal7slp.tv\/2022\/slp-permanecera-en-verde-otras-dos-semanas\/#breadcrumb","itemListElement":[{"@type":"ListItem","position":1,"name":"Portada","item":"https:\/\/canal7slp.tv\/2022\/"},{"@type":"ListItem","position":2,"name":"SLP permanecer\u00e1 en verde otras dos semanas"}]},{"@type":"WebSite","@id":"https:\/\/canal7slp.tv\/2022\/#website","url":"https:\/\/canal7slp.tv\/2022\/","name":"N7 - Noticieros Canal 7","description":"Somos Televisi\u00f3n","publisher":{"@id":"https:\/\/canal7slp.tv\/2022\/#organization"},"potentialAction":[{"@type":"SearchAction","target":{"@type":"EntryPoint","urlTemplate":"https:\/\/canal7slp.tv\/2022\/?s={search_term_string}"},"query-input":{"@type":"PropertyValueSpecification","valueRequired":true,"valueName":"search_term_string"}}],"inLanguage":"es"},{"@type":"Organization","@id":"https:\/\/canal7slp.tv\/2022\/#organization","name":"Noticieros Canal 7","url":"https:\/\/canal7slp.tv\/2022\/","logo":{"@type":"ImageObject","inLanguage":"es","@id":"https:\/\/canal7slp.tv\/2022\/#\/schema\/logo\/image\/","url":"https:\/\/canal7slp.tv\/2022\/wp-content\/uploads\/2021\/01\/logo-noticieros@2x.png","contentUrl":"https:\/\/canal7slp.tv\/2022\/wp-content\/uploads\/2021\/01\/logo-noticieros@2x.png","width":1017,"height":268,"caption":"Noticieros Canal 7"},"image":{"@id":"https:\/\/canal7slp.tv\/2022\/#\/schema\/logo\/image\/"},"sameAs":["https:\/\/www.facebook.com\/noticieroscanalsiete","https:\/\/x.com\/NOTICIEROS7","https:\/\/www.instagram.com\/canal7_slp","https:\/\/www.youtube.com\/channel\/UCliiYs-gP3JfJeqdPrNdd5A"]},{"@type":"Person","@id":"https:\/\/canal7slp.tv\/2022\/#\/schema\/person\/429704152a21f5f856ce29aa69a238da","name":"Edici\u00f3n Web","image":{"@type":"ImageObject","inLanguage":"es","@id":"https:\/\/secure.gravatar.com\/avatar\/eee448fc3f7164808013b816ba91ac7e43bbe82a70bebac296f8bc6f0addaa1a?s=96&d=mm&r=g","url":"https:\/\/secure.gravatar.com\/avatar\/eee448fc3f7164808013b816ba91ac7e43bbe82a70bebac296f8bc6f0addaa1a?s=96&d=mm&r=g","contentUrl":"https:\/\/secure.gravatar.com\/avatar\/eee448fc3f7164808013b816ba91ac7e43bbe82a70bebac296f8bc6f0addaa1a?s=96&d=mm&r=g","caption":"Edici\u00f3n Web"},"url":"https:\/\/canal7slp.tv\/2022\/author\/edicionweb\/"}]}},"amp_enabled":true,"_links":{"self":[{"href":"https:\/\/canal7slp.tv\/2022\/wp-json\/wp\/v2\/posts\/53193","targetHints":{"allow":["GET"]}}],"collection":[{"href":"https:\/\/canal7slp.tv\/2022\/wp-json\/wp\/v2\/posts"}],"about":[{"href":"https:\/\/canal7slp.tv\/2022\/wp-json\/wp\/v2\/types\/post"}],"author":[{"embeddable":true,"href":"https:\/\/canal7slp.tv\/2022\/wp-json\/wp\/v2\/users\/2"}],"replies":[{"embeddable":true,"href":"https:\/\/canal7slp.tv\/2022\/wp-json\/wp\/v2\/comments?post=53193"}],"version-history":[{"count":1,"href":"https:\/\/canal7slp.tv\/2022\/wp-json\/wp\/v2\/posts\/53193\/revisions"}],"predecessor-version":[{"id":53195,"href":"https:\/\/canal7slp.tv\/2022\/wp-json\/wp\/v2\/posts\/53193\/revisions\/53195"}],"wp:featuredmedia":[{"embeddable":true,"href":"https:\/\/canal7slp.tv\/2022\/wp-json\/wp\/v2\/media\/53194"}],"wp:attachment":[{"href":"https:\/\/canal7slp.tv\/2022\/wp-json\/wp\/v2\/media?parent=53193"}],"wp:term":[{"taxonomy":"category","embeddable":true,"href":"https:\/\/canal7slp.tv\/2022\/wp-json\/wp\/v2\/categories?post=53193"},{"taxonomy":"post_tag","embeddable":true,"href":"https:\/\/canal7slp.tv\/2022\/wp-json\/wp\/v2\/tags?post=53193"}],"curies":[{"name":"wp","href":"https:\/\/api.w.org\/{rel}","templated":true}]}}