{"id":53183,"date":"2022-03-04T17:43:13","date_gmt":"2022-03-04T23:43:13","guid":{"rendered":"https:\/\/canal7slp.tv\/2022\/?p=53183"},"modified":"2022-03-04T23:10:50","modified_gmt":"2022-03-05T05:10:50","slug":"concluyen-foros-de-consulta-para-la-reforma-politico-electoral-de-slp","status":"publish","type":"post","link":"https:\/\/canal7slp.tv\/2022\/concluyen-foros-de-consulta-para-la-reforma-politico-electoral-de-slp\/","title":{"rendered":"Concluyen foros de consulta para la Reforma Pol\u00edtico-Electoral de SLP."},"content":{"rendered":"<p style=\"text-align: justify;\">SLP.- Luego de cinco d\u00edas de jornadas este viernes concluyeron los foros de Consulta para la Reforma Pol\u00edtico-Electoral y en la que se recibieron propuestas de la ciudadan\u00eda, para sustentar la nueva ley en la materia.<\/p>\n<p style=\"text-align: justify;\">Estos foros de consulta se realizaron en los municipios de Rioverde, Ciudad Valles, Matehuala, Tamazunchale y el \u00faltimo este viernes, en el Centro Estatal de las Artes.<\/p>\n<p style=\"text-align: justify;\">Entre los participantes estuvo el presidente de la organizaci\u00f3n \u201cCiudadanos Observando\u201d Jos\u00e9 Guadalupe Gonz\u00e1lez quien al hacer uso del micr\u00f3fono, dijo estar de acuerdo en estas mesas de consulta aunque no opin\u00f3 lo mismo de los diputados ah\u00ed presentes.<\/p>\n<p style=\"text-align: justify;\">Asimismo, Lupillo Gonz\u00e1lez plante\u00f3 algunas propuestas entre las que destacan la desaparici\u00f3n de las alianzas electorales a las que calific\u00f3 de perversas, as\u00ed como la desaparici\u00f3n de las diputaciones plurinominales de las que dijo, \u201clas detentan los dirigentes de los partidos pol\u00edticos para el lucro personal\u201d.<\/p>\n<p style=\"text-align: justify;\">El presidente de \u201cCiudadanos Observando\u201d dijo confiar en que verdaderamente sean tomadas en cuentas las propuestas hechas por los ciudadanos en esta consulta, que se les de seguimiento \u201cy que este ejercicio no sea una farsa\u201d.<\/p>\n<p style=\"text-align: justify;\">Otras propuestas que se presentaron a lo largo de estos foros de consulta para la Reforma Pol\u00edtico Electoral fueron fortalecer las candidaturas ciudadanas, la desaparici\u00f3n de la figura de alianza partidaria y de coaliciones, sanciones contra delitos electorales como compra de votos, incrementar requisitos para la creaci\u00f3n de partidos pol\u00edticos estatales, legislar sobre la segunda vuelta electoral en elecci\u00f3n a gobernador, fiscalizaci\u00f3n de recursos utilizados para campa\u00f1as pol\u00edticas y que los candidatos a cargos de elecci\u00f3n popular, est\u00e9n obligados a presentar su declaraci\u00f3n anual de ingresos y carta de no antecedentes penales para su registro.<\/p>\n<p style=\"text-align: justify;\">Asimismo, se propuso la inclusi\u00f3n de personas de la comunidad LGTBI* para acceder a candidaturas a cargos de elecci\u00f3n popular, y una amplia participaci\u00f3n en espacios pol\u00edticos.<\/p>\n<p style=\"text-align: justify;\">En este \u00faltimo foro, tambi\u00e9n se recibieron propuestas para reformar planes de estudio en educaci\u00f3n b\u00e1sica para que la Ley Electoral del Estado, forme parte de los contenidos educativos.<\/p>\n<p style=\"text-align: justify;\">La diputada presidenta de esta Comisi\u00f3n Especial para la Reforma Pol\u00edtico-Electoral Cinthia Ver\u00f3nica Segovia Colunga se\u00f1al\u00f3 que una vez concluidos estos foros, se corren plazos para que en un tiempo establecido salga la nueva Ley Electoral para el estado de San Luis Potos\u00ed.<\/p>\n<p style=\"text-align: justify;\">Por: Claudio Ibarra<\/p>\n","protected":false},"excerpt":{"rendered":"<p>SLP.- Luego de cinco d\u00edas de jornadas este viernes concluyeron los foros de Consulta para la Reforma Pol\u00edtico-Electoral y en la que se recibieron propuestas de la ciudadan\u00eda, para sustentar la nueva ley en la materia. Estos foros de consulta se realizaron en los municipios de Rioverde, Ciudad Valles, Matehuala, Tamazunchale y el \u00faltimo este viernes, en el Centro Estatal de las Artes. Entre los participantes estuvo el presidente de la organizaci\u00f3n \u201cCiudadanos Observando\u201d Jos\u00e9 Guadalupe Gonz\u00e1lez quien al hacer uso del micr\u00f3fono, dijo estar de acuerdo en estas mesas de consulta aunque no opin\u00f3 lo mismo de los diputados [&hellip;]<\/p>\n","protected":false},"author":2,"featured_media":53196,"comment_status":"closed","ping_status":"closed","sticky":false,"template":"","format":"video","meta":{"footnotes":""},"categories":[3,5,45],"tags":[],"class_list":["post-53183","post","type-post","status-publish","format-video","has-post-thumbnail","hentry","category-congreso","category-destacadas","category-localesyregionales","post_format-post-format-video","post--single"],"yoast_head":"<!-- This site is optimized with the Yoast SEO plugin v27.4 - https:\/\/yoast.com\/product\/yoast-seo-wordpress\/ -->\n<title>Concluyen foros de consulta para la Reforma Pol\u00edtico-Electoral de SLP. - Canal 7 SLP - 2022<\/title>\n<meta name=\"robots\" content=\"index, follow, max-snippet:-1, max-image-preview:large, max-video-preview:-1\" \/>\n<link rel=\"canonical\" href=\"https:\/\/canal7slp.tv\/2022\/concluyen-foros-de-consulta-para-la-reforma-politico-electoral-de-slp\/\" \/>\n<meta property=\"og:locale\" content=\"es_ES\" \/>\n<meta property=\"og:type\" content=\"article\" \/>\n<meta property=\"og:title\" content=\"Concluyen foros de consulta para la Reforma Pol\u00edtico-Electoral de SLP. - Canal 7 SLP - 2022\" \/>\n<meta property=\"og:description\" content=\"SLP.- Luego de cinco d\u00edas de jornadas este viernes concluyeron los foros de Consulta para la Reforma Pol\u00edtico-Electoral y en la que se recibieron propuestas de la ciudadan\u00eda, para sustentar la nueva ley en la materia. Estos foros de consulta se realizaron en los municipios de Rioverde, Ciudad Valles, Matehuala, Tamazunchale y el \u00faltimo este viernes, en el Centro Estatal de las Artes. Entre los participantes estuvo el presidente de la organizaci\u00f3n \u201cCiudadanos Observando\u201d Jos\u00e9 Guadalupe Gonz\u00e1lez quien al hacer uso del micr\u00f3fono, dijo estar de acuerdo en estas mesas de consulta aunque no opin\u00f3 lo mismo de los diputados [&hellip;]\" \/>\n<meta property=\"og:url\" content=\"https:\/\/canal7slp.tv\/2022\/concluyen-foros-de-consulta-para-la-reforma-politico-electoral-de-slp\/\" \/>\n<meta property=\"og:site_name\" content=\"Canal 7 SLP - 2022\" \/>\n<meta property=\"article:publisher\" content=\"https:\/\/www.facebook.com\/noticieroscanalsiete\" \/>\n<meta property=\"article:published_time\" content=\"2022-03-04T23:43:13+00:00\" \/>\n<meta property=\"article:modified_time\" content=\"2022-03-05T05:10:50+00:00\" \/>\n<meta property=\"og:image\" content=\"https:\/\/canal7slp.tv\/2022\/wp-content\/uploads\/2022\/03\/Claudio01Politico.jpg\" \/>\n\t<meta property=\"og:image:width\" content=\"888\" \/>\n\t<meta property=\"og:image:height\" content=\"500\" \/>\n\t<meta property=\"og:image:type\" content=\"image\/jpeg\" \/>\n<meta name=\"author\" content=\"Edici\u00f3n Web\" \/>\n<meta name=\"twitter:card\" content=\"summary_large_image\" \/>\n<meta name=\"twitter:creator\" content=\"@NOTICIEROS7\" \/>\n<meta name=\"twitter:site\" content=\"@NOTICIEROS7\" \/>\n<meta name=\"twitter:label1\" content=\"Escrito por\" \/>\n\t<meta name=\"twitter:data1\" content=\"Edici\u00f3n Web\" \/>\n\t<meta name=\"twitter:label2\" content=\"Tiempo de lectura\" \/>\n\t<meta name=\"twitter:data2\" content=\"2 minutos\" \/>\n<script type=\"application\/ld+json\" class=\"yoast-schema-graph\">{\"@context\":\"https:\\\/\\\/schema.org\",\"@graph\":[{\"@type\":\"Article\",\"@id\":\"https:\\\/\\\/canal7slp.tv\\\/2022\\\/concluyen-foros-de-consulta-para-la-reforma-politico-electoral-de-slp\\\/#article\",\"isPartOf\":{\"@id\":\"https:\\\/\\\/canal7slp.tv\\\/2022\\\/concluyen-foros-de-consulta-para-la-reforma-politico-electoral-de-slp\\\/\"},\"author\":{\"name\":\"Edici\u00f3n Web\",\"@id\":\"https:\\\/\\\/canal7slp.tv\\\/2022\\\/#\\\/schema\\\/person\\\/429704152a21f5f856ce29aa69a238da\"},\"headline\":\"Concluyen foros de consulta para la Reforma Pol\u00edtico-Electoral de SLP.\",\"datePublished\":\"2022-03-04T23:43:13+00:00\",\"dateModified\":\"2022-03-05T05:10:50+00:00\",\"mainEntityOfPage\":{\"@id\":\"https:\\\/\\\/canal7slp.tv\\\/2022\\\/concluyen-foros-de-consulta-para-la-reforma-politico-electoral-de-slp\\\/\"},\"wordCount\":425,\"publisher\":{\"@id\":\"https:\\\/\\\/canal7slp.tv\\\/2022\\\/#organization\"},\"image\":{\"@id\":\"https:\\\/\\\/canal7slp.tv\\\/2022\\\/concluyen-foros-de-consulta-para-la-reforma-politico-electoral-de-slp\\\/#primaryimage\"},\"thumbnailUrl\":\"https:\\\/\\\/canal7slp.tv\\\/2022\\\/wp-content\\\/uploads\\\/2022\\\/03\\\/Claudio01Politico.jpg\",\"articleSection\":[\"CONGRESO\",\"DESTACADAS\",\"LOCALES Y REGIONALES\"],\"inLanguage\":\"es\"},{\"@type\":\"WebPage\",\"@id\":\"https:\\\/\\\/canal7slp.tv\\\/2022\\\/concluyen-foros-de-consulta-para-la-reforma-politico-electoral-de-slp\\\/\",\"url\":\"https:\\\/\\\/canal7slp.tv\\\/2022\\\/concluyen-foros-de-consulta-para-la-reforma-politico-electoral-de-slp\\\/\",\"name\":\"Concluyen foros de consulta para la Reforma Pol\u00edtico-Electoral de SLP. - Canal 7 SLP - 2022\",\"isPartOf\":{\"@id\":\"https:\\\/\\\/canal7slp.tv\\\/2022\\\/#website\"},\"primaryImageOfPage\":{\"@id\":\"https:\\\/\\\/canal7slp.tv\\\/2022\\\/concluyen-foros-de-consulta-para-la-reforma-politico-electoral-de-slp\\\/#primaryimage\"},\"image\":{\"@id\":\"https:\\\/\\\/canal7slp.tv\\\/2022\\\/concluyen-foros-de-consulta-para-la-reforma-politico-electoral-de-slp\\\/#primaryimage\"},\"thumbnailUrl\":\"https:\\\/\\\/canal7slp.tv\\\/2022\\\/wp-content\\\/uploads\\\/2022\\\/03\\\/Claudio01Politico.jpg\",\"datePublished\":\"2022-03-04T23:43:13+00:00\",\"dateModified\":\"2022-03-05T05:10:50+00:00\",\"breadcrumb\":{\"@id\":\"https:\\\/\\\/canal7slp.tv\\\/2022\\\/concluyen-foros-de-consulta-para-la-reforma-politico-electoral-de-slp\\\/#breadcrumb\"},\"inLanguage\":\"es\",\"potentialAction\":[{\"@type\":\"ReadAction\",\"target\":[\"https:\\\/\\\/canal7slp.tv\\\/2022\\\/concluyen-foros-de-consulta-para-la-reforma-politico-electoral-de-slp\\\/\"]}]},{\"@type\":\"ImageObject\",\"inLanguage\":\"es\",\"@id\":\"https:\\\/\\\/canal7slp.tv\\\/2022\\\/concluyen-foros-de-consulta-para-la-reforma-politico-electoral-de-slp\\\/#primaryimage\",\"url\":\"https:\\\/\\\/canal7slp.tv\\\/2022\\\/wp-content\\\/uploads\\\/2022\\\/03\\\/Claudio01Politico.jpg\",\"contentUrl\":\"https:\\\/\\\/canal7slp.tv\\\/2022\\\/wp-content\\\/uploads\\\/2022\\\/03\\\/Claudio01Politico.jpg\",\"width\":888,\"height\":500},{\"@type\":\"BreadcrumbList\",\"@id\":\"https:\\\/\\\/canal7slp.tv\\\/2022\\\/concluyen-foros-de-consulta-para-la-reforma-politico-electoral-de-slp\\\/#breadcrumb\",\"itemListElement\":[{\"@type\":\"ListItem\",\"position\":1,\"name\":\"Portada\",\"item\":\"https:\\\/\\\/canal7slp.tv\\\/2022\\\/\"},{\"@type\":\"ListItem\",\"position\":2,\"name\":\"Concluyen foros de consulta para la Reforma Pol\u00edtico-Electoral de SLP.\"}]},{\"@type\":\"WebSite\",\"@id\":\"https:\\\/\\\/canal7slp.tv\\\/2022\\\/#website\",\"url\":\"https:\\\/\\\/canal7slp.tv\\\/2022\\\/\",\"name\":\"N7 - Noticieros Canal 7\",\"description\":\"Somos Televisi\u00f3n\",\"publisher\":{\"@id\":\"https:\\\/\\\/canal7slp.tv\\\/2022\\\/#organization\"},\"potentialAction\":[{\"@type\":\"SearchAction\",\"target\":{\"@type\":\"EntryPoint\",\"urlTemplate\":\"https:\\\/\\\/canal7slp.tv\\\/2022\\\/?s={search_term_string}\"},\"query-input\":{\"@type\":\"PropertyValueSpecification\",\"valueRequired\":true,\"valueName\":\"search_term_string\"}}],\"inLanguage\":\"es\"},{\"@type\":\"Organization\",\"@id\":\"https:\\\/\\\/canal7slp.tv\\\/2022\\\/#organization\",\"name\":\"Noticieros Canal 7\",\"url\":\"https:\\\/\\\/canal7slp.tv\\\/2022\\\/\",\"logo\":{\"@type\":\"ImageObject\",\"inLanguage\":\"es\",\"@id\":\"https:\\\/\\\/canal7slp.tv\\\/2022\\\/#\\\/schema\\\/logo\\\/image\\\/\",\"url\":\"https:\\\/\\\/canal7slp.tv\\\/2022\\\/wp-content\\\/uploads\\\/2021\\\/01\\\/logo-noticieros@2x.png\",\"contentUrl\":\"https:\\\/\\\/canal7slp.tv\\\/2022\\\/wp-content\\\/uploads\\\/2021\\\/01\\\/logo-noticieros@2x.png\",\"width\":1017,\"height\":268,\"caption\":\"Noticieros Canal 7\"},\"image\":{\"@id\":\"https:\\\/\\\/canal7slp.tv\\\/2022\\\/#\\\/schema\\\/logo\\\/image\\\/\"},\"sameAs\":[\"https:\\\/\\\/www.facebook.com\\\/noticieroscanalsiete\",\"https:\\\/\\\/x.com\\\/NOTICIEROS7\",\"https:\\\/\\\/www.instagram.com\\\/canal7_slp\",\"https:\\\/\\\/www.youtube.com\\\/channel\\\/UCliiYs-gP3JfJeqdPrNdd5A\"]},{\"@type\":\"Person\",\"@id\":\"https:\\\/\\\/canal7slp.tv\\\/2022\\\/#\\\/schema\\\/person\\\/429704152a21f5f856ce29aa69a238da\",\"name\":\"Edici\u00f3n Web\",\"image\":{\"@type\":\"ImageObject\",\"inLanguage\":\"es\",\"@id\":\"https:\\\/\\\/secure.gravatar.com\\\/avatar\\\/eee448fc3f7164808013b816ba91ac7e43bbe82a70bebac296f8bc6f0addaa1a?s=96&d=mm&r=g\",\"url\":\"https:\\\/\\\/secure.gravatar.com\\\/avatar\\\/eee448fc3f7164808013b816ba91ac7e43bbe82a70bebac296f8bc6f0addaa1a?s=96&d=mm&r=g\",\"contentUrl\":\"https:\\\/\\\/secure.gravatar.com\\\/avatar\\\/eee448fc3f7164808013b816ba91ac7e43bbe82a70bebac296f8bc6f0addaa1a?s=96&d=mm&r=g\",\"caption\":\"Edici\u00f3n Web\"},\"url\":\"https:\\\/\\\/canal7slp.tv\\\/2022\\\/author\\\/edicionweb\\\/\"}]}<\/script>\n<!-- \/ Yoast SEO plugin. -->","yoast_head_json":{"title":"Concluyen foros de consulta para la Reforma Pol\u00edtico-Electoral de SLP. - Canal 7 SLP - 2022","robots":{"index":"index","follow":"follow","max-snippet":"max-snippet:-1","max-image-preview":"max-image-preview:large","max-video-preview":"max-video-preview:-1"},"canonical":"https:\/\/canal7slp.tv\/2022\/concluyen-foros-de-consulta-para-la-reforma-politico-electoral-de-slp\/","og_locale":"es_ES","og_type":"article","og_title":"Concluyen foros de consulta para la Reforma Pol\u00edtico-Electoral de SLP. - Canal 7 SLP - 2022","og_description":"SLP.- Luego de cinco d\u00edas de jornadas este viernes concluyeron los foros de Consulta para la Reforma Pol\u00edtico-Electoral y en la que se recibieron propuestas de la ciudadan\u00eda, para sustentar la nueva ley en la materia. Estos foros de consulta se realizaron en los municipios de Rioverde, Ciudad Valles, Matehuala, Tamazunchale y el \u00faltimo este viernes, en el Centro Estatal de las Artes. Entre los participantes estuvo el presidente de la organizaci\u00f3n \u201cCiudadanos Observando\u201d Jos\u00e9 Guadalupe Gonz\u00e1lez quien al hacer uso del micr\u00f3fono, dijo estar de acuerdo en estas mesas de consulta aunque no opin\u00f3 lo mismo de los diputados [&hellip;]","og_url":"https:\/\/canal7slp.tv\/2022\/concluyen-foros-de-consulta-para-la-reforma-politico-electoral-de-slp\/","og_site_name":"Canal 7 SLP - 2022","article_publisher":"https:\/\/www.facebook.com\/noticieroscanalsiete","article_published_time":"2022-03-04T23:43:13+00:00","article_modified_time":"2022-03-05T05:10:50+00:00","og_image":[{"width":888,"height":500,"url":"https:\/\/canal7slp.tv\/2022\/wp-content\/uploads\/2022\/03\/Claudio01Politico.jpg","type":"image\/jpeg"}],"author":"Edici\u00f3n Web","twitter_card":"summary_large_image","twitter_creator":"@NOTICIEROS7","twitter_site":"@NOTICIEROS7","twitter_misc":{"Escrito por":"Edici\u00f3n Web","Tiempo de lectura":"2 minutos"},"schema":{"@context":"https:\/\/schema.org","@graph":[{"@type":"Article","@id":"https:\/\/canal7slp.tv\/2022\/concluyen-foros-de-consulta-para-la-reforma-politico-electoral-de-slp\/#article","isPartOf":{"@id":"https:\/\/canal7slp.tv\/2022\/concluyen-foros-de-consulta-para-la-reforma-politico-electoral-de-slp\/"},"author":{"name":"Edici\u00f3n Web","@id":"https:\/\/canal7slp.tv\/2022\/#\/schema\/person\/429704152a21f5f856ce29aa69a238da"},"headline":"Concluyen foros de consulta para la Reforma Pol\u00edtico-Electoral de SLP.","datePublished":"2022-03-04T23:43:13+00:00","dateModified":"2022-03-05T05:10:50+00:00","mainEntityOfPage":{"@id":"https:\/\/canal7slp.tv\/2022\/concluyen-foros-de-consulta-para-la-reforma-politico-electoral-de-slp\/"},"wordCount":425,"publisher":{"@id":"https:\/\/canal7slp.tv\/2022\/#organization"},"image":{"@id":"https:\/\/canal7slp.tv\/2022\/concluyen-foros-de-consulta-para-la-reforma-politico-electoral-de-slp\/#primaryimage"},"thumbnailUrl":"https:\/\/canal7slp.tv\/2022\/wp-content\/uploads\/2022\/03\/Claudio01Politico.jpg","articleSection":["CONGRESO","DESTACADAS","LOCALES Y REGIONALES"],"inLanguage":"es"},{"@type":"WebPage","@id":"https:\/\/canal7slp.tv\/2022\/concluyen-foros-de-consulta-para-la-reforma-politico-electoral-de-slp\/","url":"https:\/\/canal7slp.tv\/2022\/concluyen-foros-de-consulta-para-la-reforma-politico-electoral-de-slp\/","name":"Concluyen foros de consulta para la Reforma Pol\u00edtico-Electoral de SLP. - Canal 7 SLP - 2022","isPartOf":{"@id":"https:\/\/canal7slp.tv\/2022\/#website"},"primaryImageOfPage":{"@id":"https:\/\/canal7slp.tv\/2022\/concluyen-foros-de-consulta-para-la-reforma-politico-electoral-de-slp\/#primaryimage"},"image":{"@id":"https:\/\/canal7slp.tv\/2022\/concluyen-foros-de-consulta-para-la-reforma-politico-electoral-de-slp\/#primaryimage"},"thumbnailUrl":"https:\/\/canal7slp.tv\/2022\/wp-content\/uploads\/2022\/03\/Claudio01Politico.jpg","datePublished":"2022-03-04T23:43:13+00:00","dateModified":"2022-03-05T05:10:50+00:00","breadcrumb":{"@id":"https:\/\/canal7slp.tv\/2022\/concluyen-foros-de-consulta-para-la-reforma-politico-electoral-de-slp\/#breadcrumb"},"inLanguage":"es","potentialAction":[{"@type":"ReadAction","target":["https:\/\/canal7slp.tv\/2022\/concluyen-foros-de-consulta-para-la-reforma-politico-electoral-de-slp\/"]}]},{"@type":"ImageObject","inLanguage":"es","@id":"https:\/\/canal7slp.tv\/2022\/concluyen-foros-de-consulta-para-la-reforma-politico-electoral-de-slp\/#primaryimage","url":"https:\/\/canal7slp.tv\/2022\/wp-content\/uploads\/2022\/03\/Claudio01Politico.jpg","contentUrl":"https:\/\/canal7slp.tv\/2022\/wp-content\/uploads\/2022\/03\/Claudio01Politico.jpg","width":888,"height":500},{"@type":"BreadcrumbList","@id":"https:\/\/canal7slp.tv\/2022\/concluyen-foros-de-consulta-para-la-reforma-politico-electoral-de-slp\/#breadcrumb","itemListElement":[{"@type":"ListItem","position":1,"name":"Portada","item":"https:\/\/canal7slp.tv\/2022\/"},{"@type":"ListItem","position":2,"name":"Concluyen foros de consulta para la Reforma Pol\u00edtico-Electoral de SLP."}]},{"@type":"WebSite","@id":"https:\/\/canal7slp.tv\/2022\/#website","url":"https:\/\/canal7slp.tv\/2022\/","name":"N7 - Noticieros Canal 7","description":"Somos Televisi\u00f3n","publisher":{"@id":"https:\/\/canal7slp.tv\/2022\/#organization"},"potentialAction":[{"@type":"SearchAction","target":{"@type":"EntryPoint","urlTemplate":"https:\/\/canal7slp.tv\/2022\/?s={search_term_string}"},"query-input":{"@type":"PropertyValueSpecification","valueRequired":true,"valueName":"search_term_string"}}],"inLanguage":"es"},{"@type":"Organization","@id":"https:\/\/canal7slp.tv\/2022\/#organization","name":"Noticieros Canal 7","url":"https:\/\/canal7slp.tv\/2022\/","logo":{"@type":"ImageObject","inLanguage":"es","@id":"https:\/\/canal7slp.tv\/2022\/#\/schema\/logo\/image\/","url":"https:\/\/canal7slp.tv\/2022\/wp-content\/uploads\/2021\/01\/logo-noticieros@2x.png","contentUrl":"https:\/\/canal7slp.tv\/2022\/wp-content\/uploads\/2021\/01\/logo-noticieros@2x.png","width":1017,"height":268,"caption":"Noticieros Canal 7"},"image":{"@id":"https:\/\/canal7slp.tv\/2022\/#\/schema\/logo\/image\/"},"sameAs":["https:\/\/www.facebook.com\/noticieroscanalsiete","https:\/\/x.com\/NOTICIEROS7","https:\/\/www.instagram.com\/canal7_slp","https:\/\/www.youtube.com\/channel\/UCliiYs-gP3JfJeqdPrNdd5A"]},{"@type":"Person","@id":"https:\/\/canal7slp.tv\/2022\/#\/schema\/person\/429704152a21f5f856ce29aa69a238da","name":"Edici\u00f3n Web","image":{"@type":"ImageObject","inLanguage":"es","@id":"https:\/\/secure.gravatar.com\/avatar\/eee448fc3f7164808013b816ba91ac7e43bbe82a70bebac296f8bc6f0addaa1a?s=96&d=mm&r=g","url":"https:\/\/secure.gravatar.com\/avatar\/eee448fc3f7164808013b816ba91ac7e43bbe82a70bebac296f8bc6f0addaa1a?s=96&d=mm&r=g","contentUrl":"https:\/\/secure.gravatar.com\/avatar\/eee448fc3f7164808013b816ba91ac7e43bbe82a70bebac296f8bc6f0addaa1a?s=96&d=mm&r=g","caption":"Edici\u00f3n Web"},"url":"https:\/\/canal7slp.tv\/2022\/author\/edicionweb\/"}]}},"amp_enabled":true,"_links":{"self":[{"href":"https:\/\/canal7slp.tv\/2022\/wp-json\/wp\/v2\/posts\/53183","targetHints":{"allow":["GET"]}}],"collection":[{"href":"https:\/\/canal7slp.tv\/2022\/wp-json\/wp\/v2\/posts"}],"about":[{"href":"https:\/\/canal7slp.tv\/2022\/wp-json\/wp\/v2\/types\/post"}],"author":[{"embeddable":true,"href":"https:\/\/canal7slp.tv\/2022\/wp-json\/wp\/v2\/users\/2"}],"replies":[{"embeddable":true,"href":"https:\/\/canal7slp.tv\/2022\/wp-json\/wp\/v2\/comments?post=53183"}],"version-history":[{"count":2,"href":"https:\/\/canal7slp.tv\/2022\/wp-json\/wp\/v2\/posts\/53183\/revisions"}],"predecessor-version":[{"id":53197,"href":"https:\/\/canal7slp.tv\/2022\/wp-json\/wp\/v2\/posts\/53183\/revisions\/53197"}],"wp:featuredmedia":[{"embeddable":true,"href":"https:\/\/canal7slp.tv\/2022\/wp-json\/wp\/v2\/media\/53196"}],"wp:attachment":[{"href":"https:\/\/canal7slp.tv\/2022\/wp-json\/wp\/v2\/media?parent=53183"}],"wp:term":[{"taxonomy":"category","embeddable":true,"href":"https:\/\/canal7slp.tv\/2022\/wp-json\/wp\/v2\/categories?post=53183"},{"taxonomy":"post_tag","embeddable":true,"href":"https:\/\/canal7slp.tv\/2022\/wp-json\/wp\/v2\/tags?post=53183"}],"curies":[{"name":"wp","href":"https:\/\/api.w.org\/{rel}","templated":true}]}}