{"id":53142,"date":"2022-03-04T15:59:26","date_gmt":"2022-03-04T21:59:26","guid":{"rendered":"https:\/\/canal7slp.tv\/2022\/?p=53142"},"modified":"2022-03-04T15:59:26","modified_gmt":"2022-03-04T21:59:26","slug":"en-veracruz-explosion-de-polvorin-cobra-la-vida-de-cuatro-personas","status":"publish","type":"post","link":"https:\/\/canal7slp.tv\/2022\/en-veracruz-explosion-de-polvorin-cobra-la-vida-de-cuatro-personas\/","title":{"rendered":"En Veracruz, explosi\u00f3n de polvor\u00edn cobra la vida de cuatro personas"},"content":{"rendered":"<p style=\"text-align: justify;\">Alpatlahuac.- En el municipio de Alpatlahuac, Veracruz, la explosi\u00f3n de un polvor\u00edn dejo un saldo de cuatro personas muertas y dos m\u00e1s desaparecidas.<\/p>\n<p style=\"text-align: justify;\">De acuerdo con las primeras pesquisas, el incidente ocurri\u00f3 durante la ma\u00f1ana de este 4 de marzo, sin que aun se conozca la causa real de la detonaci\u00f3n.<\/p>\n<p style=\"text-align: justify;\">Cabe se\u00f1alar que el polvor\u00edn operaba de manera ilegal en la colonia Nueva Chicola.<\/p>\n<p style=\"text-align: justify;\">Al lugar arribaron elementos del Cuerpo de Bomberos y de Fuerza Civil de Veracruz.<\/p>\n","protected":false},"excerpt":{"rendered":"<p>Alpatlahuac.- En el municipio de Alpatlahuac, Veracruz, la explosi\u00f3n de un polvor\u00edn dejo un saldo de cuatro personas muertas y dos m\u00e1s desaparecidas. De acuerdo con las primeras pesquisas, el incidente ocurri\u00f3 durante la ma\u00f1ana de este 4 de marzo, sin que aun se conozca la causa real de la detonaci\u00f3n. Cabe se\u00f1alar que el polvor\u00edn operaba de manera ilegal en la colonia Nueva Chicola. Al lugar arribaron elementos del Cuerpo de Bomberos y de Fuerza Civil de Veracruz.<\/p>\n","protected":false},"author":2,"featured_media":53154,"comment_status":"closed","ping_status":"closed","sticky":false,"template":"","format":"standard","meta":{"footnotes":""},"categories":[46],"tags":[],"class_list":["post-53142","post","type-post","status-publish","format-standard","has-post-thumbnail","hentry","category-nacional","post--single"],"yoast_head":"<!-- This site is optimized with the Yoast SEO plugin v27.4 - https:\/\/yoast.com\/product\/yoast-seo-wordpress\/ -->\n<title>En Veracruz, explosi\u00f3n de polvor\u00edn cobra la vida de cuatro personas - Canal 7 SLP - 2022<\/title>\n<meta name=\"robots\" content=\"index, follow, max-snippet:-1, max-image-preview:large, max-video-preview:-1\" \/>\n<link rel=\"canonical\" href=\"https:\/\/canal7slp.tv\/2022\/en-veracruz-explosion-de-polvorin-cobra-la-vida-de-cuatro-personas\/\" \/>\n<meta property=\"og:locale\" content=\"es_ES\" \/>\n<meta property=\"og:type\" content=\"article\" \/>\n<meta property=\"og:title\" content=\"En Veracruz, explosi\u00f3n de polvor\u00edn cobra la vida de cuatro personas - Canal 7 SLP - 2022\" \/>\n<meta property=\"og:description\" content=\"Alpatlahuac.- En el municipio de Alpatlahuac, Veracruz, la explosi\u00f3n de un polvor\u00edn dejo un saldo de cuatro personas muertas y dos m\u00e1s desaparecidas. De acuerdo con las primeras pesquisas, el incidente ocurri\u00f3 durante la ma\u00f1ana de este 4 de marzo, sin que aun se conozca la causa real de la detonaci\u00f3n. Cabe se\u00f1alar que el polvor\u00edn operaba de manera ilegal en la colonia Nueva Chicola. Al lugar arribaron elementos del Cuerpo de Bomberos y de Fuerza Civil de Veracruz.\" \/>\n<meta property=\"og:url\" content=\"https:\/\/canal7slp.tv\/2022\/en-veracruz-explosion-de-polvorin-cobra-la-vida-de-cuatro-personas\/\" \/>\n<meta property=\"og:site_name\" content=\"Canal 7 SLP - 2022\" \/>\n<meta property=\"article:publisher\" content=\"https:\/\/www.facebook.com\/noticieroscanalsiete\" \/>\n<meta property=\"article:published_time\" content=\"2022-03-04T21:59:26+00:00\" \/>\n<meta property=\"og:image\" content=\"https:\/\/canal7slp.tv\/2022\/wp-content\/uploads\/2022\/03\/01-2.jpg\" \/>\n\t<meta property=\"og:image:width\" content=\"690\" \/>\n\t<meta property=\"og:image:height\" content=\"460\" \/>\n\t<meta property=\"og:image:type\" content=\"image\/jpeg\" \/>\n<meta name=\"author\" content=\"Edici\u00f3n Web\" \/>\n<meta name=\"twitter:card\" content=\"summary_large_image\" \/>\n<meta name=\"twitter:creator\" content=\"@NOTICIEROS7\" \/>\n<meta name=\"twitter:site\" content=\"@NOTICIEROS7\" \/>\n<meta name=\"twitter:label1\" content=\"Escrito por\" \/>\n\t<meta name=\"twitter:data1\" content=\"Edici\u00f3n Web\" \/>\n\t<meta name=\"twitter:label2\" content=\"Tiempo de lectura\" \/>\n\t<meta name=\"twitter:data2\" content=\"1 minuto\" \/>\n<script type=\"application\/ld+json\" class=\"yoast-schema-graph\">{\"@context\":\"https:\\\/\\\/schema.org\",\"@graph\":[{\"@type\":\"Article\",\"@id\":\"https:\\\/\\\/canal7slp.tv\\\/2022\\\/en-veracruz-explosion-de-polvorin-cobra-la-vida-de-cuatro-personas\\\/#article\",\"isPartOf\":{\"@id\":\"https:\\\/\\\/canal7slp.tv\\\/2022\\\/en-veracruz-explosion-de-polvorin-cobra-la-vida-de-cuatro-personas\\\/\"},\"author\":{\"name\":\"Edici\u00f3n Web\",\"@id\":\"https:\\\/\\\/canal7slp.tv\\\/2022\\\/#\\\/schema\\\/person\\\/429704152a21f5f856ce29aa69a238da\"},\"headline\":\"En Veracruz, explosi\u00f3n de polvor\u00edn cobra la vida de cuatro personas\",\"datePublished\":\"2022-03-04T21:59:26+00:00\",\"mainEntityOfPage\":{\"@id\":\"https:\\\/\\\/canal7slp.tv\\\/2022\\\/en-veracruz-explosion-de-polvorin-cobra-la-vida-de-cuatro-personas\\\/\"},\"wordCount\":99,\"publisher\":{\"@id\":\"https:\\\/\\\/canal7slp.tv\\\/2022\\\/#organization\"},\"image\":{\"@id\":\"https:\\\/\\\/canal7slp.tv\\\/2022\\\/en-veracruz-explosion-de-polvorin-cobra-la-vida-de-cuatro-personas\\\/#primaryimage\"},\"thumbnailUrl\":\"https:\\\/\\\/canal7slp.tv\\\/2022\\\/wp-content\\\/uploads\\\/2022\\\/03\\\/01-2.jpg\",\"articleSection\":[\"NACIONALES\"],\"inLanguage\":\"es\"},{\"@type\":\"WebPage\",\"@id\":\"https:\\\/\\\/canal7slp.tv\\\/2022\\\/en-veracruz-explosion-de-polvorin-cobra-la-vida-de-cuatro-personas\\\/\",\"url\":\"https:\\\/\\\/canal7slp.tv\\\/2022\\\/en-veracruz-explosion-de-polvorin-cobra-la-vida-de-cuatro-personas\\\/\",\"name\":\"En Veracruz, explosi\u00f3n de polvor\u00edn cobra la vida de cuatro personas - Canal 7 SLP - 2022\",\"isPartOf\":{\"@id\":\"https:\\\/\\\/canal7slp.tv\\\/2022\\\/#website\"},\"primaryImageOfPage\":{\"@id\":\"https:\\\/\\\/canal7slp.tv\\\/2022\\\/en-veracruz-explosion-de-polvorin-cobra-la-vida-de-cuatro-personas\\\/#primaryimage\"},\"image\":{\"@id\":\"https:\\\/\\\/canal7slp.tv\\\/2022\\\/en-veracruz-explosion-de-polvorin-cobra-la-vida-de-cuatro-personas\\\/#primaryimage\"},\"thumbnailUrl\":\"https:\\\/\\\/canal7slp.tv\\\/2022\\\/wp-content\\\/uploads\\\/2022\\\/03\\\/01-2.jpg\",\"datePublished\":\"2022-03-04T21:59:26+00:00\",\"breadcrumb\":{\"@id\":\"https:\\\/\\\/canal7slp.tv\\\/2022\\\/en-veracruz-explosion-de-polvorin-cobra-la-vida-de-cuatro-personas\\\/#breadcrumb\"},\"inLanguage\":\"es\",\"potentialAction\":[{\"@type\":\"ReadAction\",\"target\":[\"https:\\\/\\\/canal7slp.tv\\\/2022\\\/en-veracruz-explosion-de-polvorin-cobra-la-vida-de-cuatro-personas\\\/\"]}]},{\"@type\":\"ImageObject\",\"inLanguage\":\"es\",\"@id\":\"https:\\\/\\\/canal7slp.tv\\\/2022\\\/en-veracruz-explosion-de-polvorin-cobra-la-vida-de-cuatro-personas\\\/#primaryimage\",\"url\":\"https:\\\/\\\/canal7slp.tv\\\/2022\\\/wp-content\\\/uploads\\\/2022\\\/03\\\/01-2.jpg\",\"contentUrl\":\"https:\\\/\\\/canal7slp.tv\\\/2022\\\/wp-content\\\/uploads\\\/2022\\\/03\\\/01-2.jpg\",\"width\":690,\"height\":460},{\"@type\":\"BreadcrumbList\",\"@id\":\"https:\\\/\\\/canal7slp.tv\\\/2022\\\/en-veracruz-explosion-de-polvorin-cobra-la-vida-de-cuatro-personas\\\/#breadcrumb\",\"itemListElement\":[{\"@type\":\"ListItem\",\"position\":1,\"name\":\"Portada\",\"item\":\"https:\\\/\\\/canal7slp.tv\\\/2022\\\/\"},{\"@type\":\"ListItem\",\"position\":2,\"name\":\"En Veracruz, explosi\u00f3n de polvor\u00edn cobra la vida de cuatro personas\"}]},{\"@type\":\"WebSite\",\"@id\":\"https:\\\/\\\/canal7slp.tv\\\/2022\\\/#website\",\"url\":\"https:\\\/\\\/canal7slp.tv\\\/2022\\\/\",\"name\":\"N7 - Noticieros Canal 7\",\"description\":\"Somos Televisi\u00f3n\",\"publisher\":{\"@id\":\"https:\\\/\\\/canal7slp.tv\\\/2022\\\/#organization\"},\"potentialAction\":[{\"@type\":\"SearchAction\",\"target\":{\"@type\":\"EntryPoint\",\"urlTemplate\":\"https:\\\/\\\/canal7slp.tv\\\/2022\\\/?s={search_term_string}\"},\"query-input\":{\"@type\":\"PropertyValueSpecification\",\"valueRequired\":true,\"valueName\":\"search_term_string\"}}],\"inLanguage\":\"es\"},{\"@type\":\"Organization\",\"@id\":\"https:\\\/\\\/canal7slp.tv\\\/2022\\\/#organization\",\"name\":\"Noticieros Canal 7\",\"url\":\"https:\\\/\\\/canal7slp.tv\\\/2022\\\/\",\"logo\":{\"@type\":\"ImageObject\",\"inLanguage\":\"es\",\"@id\":\"https:\\\/\\\/canal7slp.tv\\\/2022\\\/#\\\/schema\\\/logo\\\/image\\\/\",\"url\":\"https:\\\/\\\/canal7slp.tv\\\/2022\\\/wp-content\\\/uploads\\\/2021\\\/01\\\/logo-noticieros@2x.png\",\"contentUrl\":\"https:\\\/\\\/canal7slp.tv\\\/2022\\\/wp-content\\\/uploads\\\/2021\\\/01\\\/logo-noticieros@2x.png\",\"width\":1017,\"height\":268,\"caption\":\"Noticieros Canal 7\"},\"image\":{\"@id\":\"https:\\\/\\\/canal7slp.tv\\\/2022\\\/#\\\/schema\\\/logo\\\/image\\\/\"},\"sameAs\":[\"https:\\\/\\\/www.facebook.com\\\/noticieroscanalsiete\",\"https:\\\/\\\/x.com\\\/NOTICIEROS7\",\"https:\\\/\\\/www.instagram.com\\\/canal7_slp\",\"https:\\\/\\\/www.youtube.com\\\/channel\\\/UCliiYs-gP3JfJeqdPrNdd5A\"]},{\"@type\":\"Person\",\"@id\":\"https:\\\/\\\/canal7slp.tv\\\/2022\\\/#\\\/schema\\\/person\\\/429704152a21f5f856ce29aa69a238da\",\"name\":\"Edici\u00f3n Web\",\"image\":{\"@type\":\"ImageObject\",\"inLanguage\":\"es\",\"@id\":\"https:\\\/\\\/secure.gravatar.com\\\/avatar\\\/eee448fc3f7164808013b816ba91ac7e43bbe82a70bebac296f8bc6f0addaa1a?s=96&d=mm&r=g\",\"url\":\"https:\\\/\\\/secure.gravatar.com\\\/avatar\\\/eee448fc3f7164808013b816ba91ac7e43bbe82a70bebac296f8bc6f0addaa1a?s=96&d=mm&r=g\",\"contentUrl\":\"https:\\\/\\\/secure.gravatar.com\\\/avatar\\\/eee448fc3f7164808013b816ba91ac7e43bbe82a70bebac296f8bc6f0addaa1a?s=96&d=mm&r=g\",\"caption\":\"Edici\u00f3n Web\"},\"url\":\"https:\\\/\\\/canal7slp.tv\\\/2022\\\/author\\\/edicionweb\\\/\"}]}<\/script>\n<!-- \/ Yoast SEO plugin. -->","yoast_head_json":{"title":"En Veracruz, explosi\u00f3n de polvor\u00edn cobra la vida de cuatro personas - Canal 7 SLP - 2022","robots":{"index":"index","follow":"follow","max-snippet":"max-snippet:-1","max-image-preview":"max-image-preview:large","max-video-preview":"max-video-preview:-1"},"canonical":"https:\/\/canal7slp.tv\/2022\/en-veracruz-explosion-de-polvorin-cobra-la-vida-de-cuatro-personas\/","og_locale":"es_ES","og_type":"article","og_title":"En Veracruz, explosi\u00f3n de polvor\u00edn cobra la vida de cuatro personas - Canal 7 SLP - 2022","og_description":"Alpatlahuac.- En el municipio de Alpatlahuac, Veracruz, la explosi\u00f3n de un polvor\u00edn dejo un saldo de cuatro personas muertas y dos m\u00e1s desaparecidas. De acuerdo con las primeras pesquisas, el incidente ocurri\u00f3 durante la ma\u00f1ana de este 4 de marzo, sin que aun se conozca la causa real de la detonaci\u00f3n. Cabe se\u00f1alar que el polvor\u00edn operaba de manera ilegal en la colonia Nueva Chicola. Al lugar arribaron elementos del Cuerpo de Bomberos y de Fuerza Civil de Veracruz.","og_url":"https:\/\/canal7slp.tv\/2022\/en-veracruz-explosion-de-polvorin-cobra-la-vida-de-cuatro-personas\/","og_site_name":"Canal 7 SLP - 2022","article_publisher":"https:\/\/www.facebook.com\/noticieroscanalsiete","article_published_time":"2022-03-04T21:59:26+00:00","og_image":[{"width":690,"height":460,"url":"https:\/\/canal7slp.tv\/2022\/wp-content\/uploads\/2022\/03\/01-2.jpg","type":"image\/jpeg"}],"author":"Edici\u00f3n Web","twitter_card":"summary_large_image","twitter_creator":"@NOTICIEROS7","twitter_site":"@NOTICIEROS7","twitter_misc":{"Escrito por":"Edici\u00f3n Web","Tiempo de lectura":"1 minuto"},"schema":{"@context":"https:\/\/schema.org","@graph":[{"@type":"Article","@id":"https:\/\/canal7slp.tv\/2022\/en-veracruz-explosion-de-polvorin-cobra-la-vida-de-cuatro-personas\/#article","isPartOf":{"@id":"https:\/\/canal7slp.tv\/2022\/en-veracruz-explosion-de-polvorin-cobra-la-vida-de-cuatro-personas\/"},"author":{"name":"Edici\u00f3n Web","@id":"https:\/\/canal7slp.tv\/2022\/#\/schema\/person\/429704152a21f5f856ce29aa69a238da"},"headline":"En Veracruz, explosi\u00f3n de polvor\u00edn cobra la vida de cuatro personas","datePublished":"2022-03-04T21:59:26+00:00","mainEntityOfPage":{"@id":"https:\/\/canal7slp.tv\/2022\/en-veracruz-explosion-de-polvorin-cobra-la-vida-de-cuatro-personas\/"},"wordCount":99,"publisher":{"@id":"https:\/\/canal7slp.tv\/2022\/#organization"},"image":{"@id":"https:\/\/canal7slp.tv\/2022\/en-veracruz-explosion-de-polvorin-cobra-la-vida-de-cuatro-personas\/#primaryimage"},"thumbnailUrl":"https:\/\/canal7slp.tv\/2022\/wp-content\/uploads\/2022\/03\/01-2.jpg","articleSection":["NACIONALES"],"inLanguage":"es"},{"@type":"WebPage","@id":"https:\/\/canal7slp.tv\/2022\/en-veracruz-explosion-de-polvorin-cobra-la-vida-de-cuatro-personas\/","url":"https:\/\/canal7slp.tv\/2022\/en-veracruz-explosion-de-polvorin-cobra-la-vida-de-cuatro-personas\/","name":"En Veracruz, explosi\u00f3n de polvor\u00edn cobra la vida de cuatro personas - Canal 7 SLP - 2022","isPartOf":{"@id":"https:\/\/canal7slp.tv\/2022\/#website"},"primaryImageOfPage":{"@id":"https:\/\/canal7slp.tv\/2022\/en-veracruz-explosion-de-polvorin-cobra-la-vida-de-cuatro-personas\/#primaryimage"},"image":{"@id":"https:\/\/canal7slp.tv\/2022\/en-veracruz-explosion-de-polvorin-cobra-la-vida-de-cuatro-personas\/#primaryimage"},"thumbnailUrl":"https:\/\/canal7slp.tv\/2022\/wp-content\/uploads\/2022\/03\/01-2.jpg","datePublished":"2022-03-04T21:59:26+00:00","breadcrumb":{"@id":"https:\/\/canal7slp.tv\/2022\/en-veracruz-explosion-de-polvorin-cobra-la-vida-de-cuatro-personas\/#breadcrumb"},"inLanguage":"es","potentialAction":[{"@type":"ReadAction","target":["https:\/\/canal7slp.tv\/2022\/en-veracruz-explosion-de-polvorin-cobra-la-vida-de-cuatro-personas\/"]}]},{"@type":"ImageObject","inLanguage":"es","@id":"https:\/\/canal7slp.tv\/2022\/en-veracruz-explosion-de-polvorin-cobra-la-vida-de-cuatro-personas\/#primaryimage","url":"https:\/\/canal7slp.tv\/2022\/wp-content\/uploads\/2022\/03\/01-2.jpg","contentUrl":"https:\/\/canal7slp.tv\/2022\/wp-content\/uploads\/2022\/03\/01-2.jpg","width":690,"height":460},{"@type":"BreadcrumbList","@id":"https:\/\/canal7slp.tv\/2022\/en-veracruz-explosion-de-polvorin-cobra-la-vida-de-cuatro-personas\/#breadcrumb","itemListElement":[{"@type":"ListItem","position":1,"name":"Portada","item":"https:\/\/canal7slp.tv\/2022\/"},{"@type":"ListItem","position":2,"name":"En Veracruz, explosi\u00f3n de polvor\u00edn cobra la vida de cuatro personas"}]},{"@type":"WebSite","@id":"https:\/\/canal7slp.tv\/2022\/#website","url":"https:\/\/canal7slp.tv\/2022\/","name":"N7 - Noticieros Canal 7","description":"Somos Televisi\u00f3n","publisher":{"@id":"https:\/\/canal7slp.tv\/2022\/#organization"},"potentialAction":[{"@type":"SearchAction","target":{"@type":"EntryPoint","urlTemplate":"https:\/\/canal7slp.tv\/2022\/?s={search_term_string}"},"query-input":{"@type":"PropertyValueSpecification","valueRequired":true,"valueName":"search_term_string"}}],"inLanguage":"es"},{"@type":"Organization","@id":"https:\/\/canal7slp.tv\/2022\/#organization","name":"Noticieros Canal 7","url":"https:\/\/canal7slp.tv\/2022\/","logo":{"@type":"ImageObject","inLanguage":"es","@id":"https:\/\/canal7slp.tv\/2022\/#\/schema\/logo\/image\/","url":"https:\/\/canal7slp.tv\/2022\/wp-content\/uploads\/2021\/01\/logo-noticieros@2x.png","contentUrl":"https:\/\/canal7slp.tv\/2022\/wp-content\/uploads\/2021\/01\/logo-noticieros@2x.png","width":1017,"height":268,"caption":"Noticieros Canal 7"},"image":{"@id":"https:\/\/canal7slp.tv\/2022\/#\/schema\/logo\/image\/"},"sameAs":["https:\/\/www.facebook.com\/noticieroscanalsiete","https:\/\/x.com\/NOTICIEROS7","https:\/\/www.instagram.com\/canal7_slp","https:\/\/www.youtube.com\/channel\/UCliiYs-gP3JfJeqdPrNdd5A"]},{"@type":"Person","@id":"https:\/\/canal7slp.tv\/2022\/#\/schema\/person\/429704152a21f5f856ce29aa69a238da","name":"Edici\u00f3n Web","image":{"@type":"ImageObject","inLanguage":"es","@id":"https:\/\/secure.gravatar.com\/avatar\/eee448fc3f7164808013b816ba91ac7e43bbe82a70bebac296f8bc6f0addaa1a?s=96&d=mm&r=g","url":"https:\/\/secure.gravatar.com\/avatar\/eee448fc3f7164808013b816ba91ac7e43bbe82a70bebac296f8bc6f0addaa1a?s=96&d=mm&r=g","contentUrl":"https:\/\/secure.gravatar.com\/avatar\/eee448fc3f7164808013b816ba91ac7e43bbe82a70bebac296f8bc6f0addaa1a?s=96&d=mm&r=g","caption":"Edici\u00f3n Web"},"url":"https:\/\/canal7slp.tv\/2022\/author\/edicionweb\/"}]}},"amp_enabled":true,"_links":{"self":[{"href":"https:\/\/canal7slp.tv\/2022\/wp-json\/wp\/v2\/posts\/53142","targetHints":{"allow":["GET"]}}],"collection":[{"href":"https:\/\/canal7slp.tv\/2022\/wp-json\/wp\/v2\/posts"}],"about":[{"href":"https:\/\/canal7slp.tv\/2022\/wp-json\/wp\/v2\/types\/post"}],"author":[{"embeddable":true,"href":"https:\/\/canal7slp.tv\/2022\/wp-json\/wp\/v2\/users\/2"}],"replies":[{"embeddable":true,"href":"https:\/\/canal7slp.tv\/2022\/wp-json\/wp\/v2\/comments?post=53142"}],"version-history":[{"count":2,"href":"https:\/\/canal7slp.tv\/2022\/wp-json\/wp\/v2\/posts\/53142\/revisions"}],"predecessor-version":[{"id":53165,"href":"https:\/\/canal7slp.tv\/2022\/wp-json\/wp\/v2\/posts\/53142\/revisions\/53165"}],"wp:featuredmedia":[{"embeddable":true,"href":"https:\/\/canal7slp.tv\/2022\/wp-json\/wp\/v2\/media\/53154"}],"wp:attachment":[{"href":"https:\/\/canal7slp.tv\/2022\/wp-json\/wp\/v2\/media?parent=53142"}],"wp:term":[{"taxonomy":"category","embeddable":true,"href":"https:\/\/canal7slp.tv\/2022\/wp-json\/wp\/v2\/categories?post=53142"},{"taxonomy":"post_tag","embeddable":true,"href":"https:\/\/canal7slp.tv\/2022\/wp-json\/wp\/v2\/tags?post=53142"}],"curies":[{"name":"wp","href":"https:\/\/api.w.org\/{rel}","templated":true}]}}