{"id":53138,"date":"2022-03-04T12:25:56","date_gmt":"2022-03-04T18:25:56","guid":{"rendered":"https:\/\/canal7slp.tv\/2022\/?p=53138"},"modified":"2022-03-04T12:26:40","modified_gmt":"2022-03-04T18:26:40","slug":"estudiantes-de-san-luis-potosi-se-manifiestan-ante-inseguridad-a-las-afueras-de-las-instituciones-educativas","status":"publish","type":"post","link":"https:\/\/canal7slp.tv\/2022\/estudiantes-de-san-luis-potosi-se-manifiestan-ante-inseguridad-a-las-afueras-de-las-instituciones-educativas\/","title":{"rendered":"Estudiantes de San Luis Potos\u00ed se manifiestan ante inseguridad a las afueras de las instituciones educativas"},"content":{"rendered":"<p style=\"text-align: justify;\">SLP.-\u00a0Estudiantes de la Universidad Aut\u00f3noma de San Luis Potos\u00ed (UASLP) se manifestaron en las calles del centro de la ciudad ante la inseguridad y hechos violentos que se han registrado a las afueras de varias facultades de la instituci\u00f3n.<\/p>\n<p style=\"text-align: justify;\">El \u00faltimo de ellos se registr\u00f3 el pasado primero de marzo, cuando el consejero alumno de la Facultad de Contadur\u00eda y Administraci\u00f3n, Abraham V\u00e1zquez, fue agredido fisicamete sobre la calle de Madero.<\/p>\n<p style=\"text-align: justify;\">\u00abDesconozco la situaci\u00f3n de porque me hicieron lo que pas\u00f3, el acontecimiento es imperdonable, yo iba caminando haciendo mis actividades normales y en eso me tocan el hombro y recibo un par de golpes, no me pude defender hasta tal punto de que me ahorcaron; era nada m\u00e1s una persona que al parecer ten\u00eda adiestramiento en artes marciales mixtas\u00bb, detall\u00f3.<\/p>\n<p style=\"text-align: justify;\">Aunque el presidente de la Federaci\u00f3n Universitaria Potosina se\u00f1al\u00f3 que podr\u00eda tratarse de un ataque directo, la v\u00edctima dijo desconocer si esto fue as\u00ed, pero pidi\u00f3 que las autoridades tomen cartas en el asunto.<\/p>\n<p style=\"text-align: justify;\">\u00abLa verdad desconozco no tengo sospechas, no tengo ninguna hip\u00f3tesis sobre este caso, simplemente s\u00e9 que es un caso que no s\u00e9 permitir\u00eda con ning\u00fan estudiante&#8230; Pedimos seguridad en todos los campos, pedimos seguridad en todas las universidades y claro que tengo miedo, pero s\u00e9 que no estoy solo, s\u00e9 que tenemos el apoyo de todos los alumnos, de todos los estudiantes y que seguiremos luchando por esto, por una justicia, paz y la seguridad de todas y todos\u00bb, sentenci\u00f3.<\/p>\n<p style=\"text-align: justify;\">Reconoci\u00f3 la respuesta de las autoridades potosinas posterior al ataque, sin embargo, hizo un llamado a rector\u00eda a quien acus\u00f3 de no implementar acciones que combatan esta situaci\u00f3n.<\/p>\n<p style=\"text-align: justify;\">\u00abAgradecer tambi\u00e9n a los servicios de primeros auxilios de la Facultad de contadur\u00eda administraci\u00f3n que fueron los primeros que estuvieron auxiliandome, por parte del secretario general de la universidad tambi\u00e9n, Much\u00edsimas gracias; en el caso de la rector\u00eda hemos visto un nulo apoyo\u00bb, agreg\u00f3.<\/p>\n<p style=\"text-align: justify;\">El alumno agredido se\u00f1al\u00f3 que hay mas casos de estudiantes que han sido atacados de distintas formas, por lo que tambi\u00e9n inst\u00f3 a intevenir a las autoridades municipales.<\/p>\n<p style=\"text-align: justify;\">\u00abEstamos pidiendo la protecci\u00f3n, ya avanzamos con las debidas demandas&#8230; Claro que hay m\u00e1s casos de estudiantes Pero la verdad ya queremos que se tome las cartas debidas, ya hablamos con las autoridades y al parecer no nos han hecho mucho caso, sin embargo queremos que esto ya se realice\u00bb, culmin\u00f3.<\/p>\n","protected":false},"excerpt":{"rendered":"<p>SLP.-\u00a0Estudiantes de la Universidad Aut\u00f3noma de San Luis Potos\u00ed (UASLP) se manifestaron en las calles del centro de la ciudad ante la inseguridad y hechos violentos que se han registrado a las afueras de varias facultades de la instituci\u00f3n. El \u00faltimo de ellos se registr\u00f3 el pasado primero de marzo, cuando el consejero alumno de la Facultad de Contadur\u00eda y Administraci\u00f3n, Abraham V\u00e1zquez, fue agredido fisicamete sobre la calle de Madero. \u00abDesconozco la situaci\u00f3n de porque me hicieron lo que pas\u00f3, el acontecimiento es imperdonable, yo iba caminando haciendo mis actividades normales y en eso me tocan el hombro y [&hellip;]<\/p>\n","protected":false},"author":2,"featured_media":53139,"comment_status":"closed","ping_status":"closed","sticky":false,"template":"","format":"standard","meta":{"footnotes":""},"categories":[45],"tags":[],"class_list":["post-53138","post","type-post","status-publish","format-standard","has-post-thumbnail","hentry","category-localesyregionales","post--single"],"yoast_head":"<!-- This site is optimized with the Yoast SEO plugin v27.4 - https:\/\/yoast.com\/product\/yoast-seo-wordpress\/ -->\n<title>Estudiantes de San Luis Potos\u00ed se manifiestan ante inseguridad a las afueras de las instituciones educativas - Canal 7 SLP - 2022<\/title>\n<meta name=\"robots\" content=\"index, follow, max-snippet:-1, max-image-preview:large, max-video-preview:-1\" \/>\n<link rel=\"canonical\" href=\"https:\/\/canal7slp.tv\/2022\/estudiantes-de-san-luis-potosi-se-manifiestan-ante-inseguridad-a-las-afueras-de-las-instituciones-educativas\/\" \/>\n<meta property=\"og:locale\" content=\"es_ES\" \/>\n<meta property=\"og:type\" content=\"article\" \/>\n<meta property=\"og:title\" content=\"Estudiantes de San Luis Potos\u00ed se manifiestan ante inseguridad a las afueras de las instituciones educativas - Canal 7 SLP - 2022\" \/>\n<meta property=\"og:description\" content=\"SLP.-\u00a0Estudiantes de la Universidad Aut\u00f3noma de San Luis Potos\u00ed (UASLP) se manifestaron en las calles del centro de la ciudad ante la inseguridad y hechos violentos que se han registrado a las afueras de varias facultades de la instituci\u00f3n. El \u00faltimo de ellos se registr\u00f3 el pasado primero de marzo, cuando el consejero alumno de la Facultad de Contadur\u00eda y Administraci\u00f3n, Abraham V\u00e1zquez, fue agredido fisicamete sobre la calle de Madero. \u00abDesconozco la situaci\u00f3n de porque me hicieron lo que pas\u00f3, el acontecimiento es imperdonable, yo iba caminando haciendo mis actividades normales y en eso me tocan el hombro y [&hellip;]\" \/>\n<meta property=\"og:url\" content=\"https:\/\/canal7slp.tv\/2022\/estudiantes-de-san-luis-potosi-se-manifiestan-ante-inseguridad-a-las-afueras-de-las-instituciones-educativas\/\" \/>\n<meta property=\"og:site_name\" content=\"Canal 7 SLP - 2022\" \/>\n<meta property=\"article:publisher\" content=\"https:\/\/www.facebook.com\/noticieroscanalsiete\" \/>\n<meta property=\"article:published_time\" content=\"2022-03-04T18:25:56+00:00\" \/>\n<meta property=\"article:modified_time\" content=\"2022-03-04T18:26:40+00:00\" \/>\n<meta property=\"og:image\" content=\"https:\/\/canal7slp.tv\/2022\/wp-content\/uploads\/2022\/03\/estudiantes.jpg\" \/>\n\t<meta property=\"og:image:width\" content=\"1280\" \/>\n\t<meta property=\"og:image:height\" content=\"684\" \/>\n\t<meta property=\"og:image:type\" content=\"image\/jpeg\" \/>\n<meta name=\"author\" content=\"Edici\u00f3n Web\" \/>\n<meta name=\"twitter:card\" content=\"summary_large_image\" \/>\n<meta name=\"twitter:creator\" content=\"@NOTICIEROS7\" \/>\n<meta name=\"twitter:site\" content=\"@NOTICIEROS7\" \/>\n<meta name=\"twitter:label1\" content=\"Escrito por\" \/>\n\t<meta name=\"twitter:data1\" content=\"Edici\u00f3n Web\" \/>\n\t<meta name=\"twitter:label2\" content=\"Tiempo de lectura\" \/>\n\t<meta name=\"twitter:data2\" content=\"2 minutos\" \/>\n<script type=\"application\/ld+json\" class=\"yoast-schema-graph\">{\"@context\":\"https:\\\/\\\/schema.org\",\"@graph\":[{\"@type\":\"Article\",\"@id\":\"https:\\\/\\\/canal7slp.tv\\\/2022\\\/estudiantes-de-san-luis-potosi-se-manifiestan-ante-inseguridad-a-las-afueras-de-las-instituciones-educativas\\\/#article\",\"isPartOf\":{\"@id\":\"https:\\\/\\\/canal7slp.tv\\\/2022\\\/estudiantes-de-san-luis-potosi-se-manifiestan-ante-inseguridad-a-las-afueras-de-las-instituciones-educativas\\\/\"},\"author\":{\"name\":\"Edici\u00f3n Web\",\"@id\":\"https:\\\/\\\/canal7slp.tv\\\/2022\\\/#\\\/schema\\\/person\\\/429704152a21f5f856ce29aa69a238da\"},\"headline\":\"Estudiantes de San Luis Potos\u00ed se manifiestan ante inseguridad a las afueras de las instituciones educativas\",\"datePublished\":\"2022-03-04T18:25:56+00:00\",\"dateModified\":\"2022-03-04T18:26:40+00:00\",\"mainEntityOfPage\":{\"@id\":\"https:\\\/\\\/canal7slp.tv\\\/2022\\\/estudiantes-de-san-luis-potosi-se-manifiestan-ante-inseguridad-a-las-afueras-de-las-instituciones-educativas\\\/\"},\"wordCount\":441,\"publisher\":{\"@id\":\"https:\\\/\\\/canal7slp.tv\\\/2022\\\/#organization\"},\"image\":{\"@id\":\"https:\\\/\\\/canal7slp.tv\\\/2022\\\/estudiantes-de-san-luis-potosi-se-manifiestan-ante-inseguridad-a-las-afueras-de-las-instituciones-educativas\\\/#primaryimage\"},\"thumbnailUrl\":\"https:\\\/\\\/canal7slp.tv\\\/2022\\\/wp-content\\\/uploads\\\/2022\\\/03\\\/estudiantes.jpg\",\"articleSection\":[\"LOCALES Y REGIONALES\"],\"inLanguage\":\"es\"},{\"@type\":\"WebPage\",\"@id\":\"https:\\\/\\\/canal7slp.tv\\\/2022\\\/estudiantes-de-san-luis-potosi-se-manifiestan-ante-inseguridad-a-las-afueras-de-las-instituciones-educativas\\\/\",\"url\":\"https:\\\/\\\/canal7slp.tv\\\/2022\\\/estudiantes-de-san-luis-potosi-se-manifiestan-ante-inseguridad-a-las-afueras-de-las-instituciones-educativas\\\/\",\"name\":\"Estudiantes de San Luis Potos\u00ed se manifiestan ante inseguridad a las afueras de las instituciones educativas - Canal 7 SLP - 2022\",\"isPartOf\":{\"@id\":\"https:\\\/\\\/canal7slp.tv\\\/2022\\\/#website\"},\"primaryImageOfPage\":{\"@id\":\"https:\\\/\\\/canal7slp.tv\\\/2022\\\/estudiantes-de-san-luis-potosi-se-manifiestan-ante-inseguridad-a-las-afueras-de-las-instituciones-educativas\\\/#primaryimage\"},\"image\":{\"@id\":\"https:\\\/\\\/canal7slp.tv\\\/2022\\\/estudiantes-de-san-luis-potosi-se-manifiestan-ante-inseguridad-a-las-afueras-de-las-instituciones-educativas\\\/#primaryimage\"},\"thumbnailUrl\":\"https:\\\/\\\/canal7slp.tv\\\/2022\\\/wp-content\\\/uploads\\\/2022\\\/03\\\/estudiantes.jpg\",\"datePublished\":\"2022-03-04T18:25:56+00:00\",\"dateModified\":\"2022-03-04T18:26:40+00:00\",\"breadcrumb\":{\"@id\":\"https:\\\/\\\/canal7slp.tv\\\/2022\\\/estudiantes-de-san-luis-potosi-se-manifiestan-ante-inseguridad-a-las-afueras-de-las-instituciones-educativas\\\/#breadcrumb\"},\"inLanguage\":\"es\",\"potentialAction\":[{\"@type\":\"ReadAction\",\"target\":[\"https:\\\/\\\/canal7slp.tv\\\/2022\\\/estudiantes-de-san-luis-potosi-se-manifiestan-ante-inseguridad-a-las-afueras-de-las-instituciones-educativas\\\/\"]}]},{\"@type\":\"ImageObject\",\"inLanguage\":\"es\",\"@id\":\"https:\\\/\\\/canal7slp.tv\\\/2022\\\/estudiantes-de-san-luis-potosi-se-manifiestan-ante-inseguridad-a-las-afueras-de-las-instituciones-educativas\\\/#primaryimage\",\"url\":\"https:\\\/\\\/canal7slp.tv\\\/2022\\\/wp-content\\\/uploads\\\/2022\\\/03\\\/estudiantes.jpg\",\"contentUrl\":\"https:\\\/\\\/canal7slp.tv\\\/2022\\\/wp-content\\\/uploads\\\/2022\\\/03\\\/estudiantes.jpg\",\"width\":1280,\"height\":684},{\"@type\":\"BreadcrumbList\",\"@id\":\"https:\\\/\\\/canal7slp.tv\\\/2022\\\/estudiantes-de-san-luis-potosi-se-manifiestan-ante-inseguridad-a-las-afueras-de-las-instituciones-educativas\\\/#breadcrumb\",\"itemListElement\":[{\"@type\":\"ListItem\",\"position\":1,\"name\":\"Portada\",\"item\":\"https:\\\/\\\/canal7slp.tv\\\/2022\\\/\"},{\"@type\":\"ListItem\",\"position\":2,\"name\":\"Estudiantes de San Luis Potos\u00ed se manifiestan ante inseguridad a las afueras de las instituciones educativas\"}]},{\"@type\":\"WebSite\",\"@id\":\"https:\\\/\\\/canal7slp.tv\\\/2022\\\/#website\",\"url\":\"https:\\\/\\\/canal7slp.tv\\\/2022\\\/\",\"name\":\"N7 - Noticieros Canal 7\",\"description\":\"Somos Televisi\u00f3n\",\"publisher\":{\"@id\":\"https:\\\/\\\/canal7slp.tv\\\/2022\\\/#organization\"},\"potentialAction\":[{\"@type\":\"SearchAction\",\"target\":{\"@type\":\"EntryPoint\",\"urlTemplate\":\"https:\\\/\\\/canal7slp.tv\\\/2022\\\/?s={search_term_string}\"},\"query-input\":{\"@type\":\"PropertyValueSpecification\",\"valueRequired\":true,\"valueName\":\"search_term_string\"}}],\"inLanguage\":\"es\"},{\"@type\":\"Organization\",\"@id\":\"https:\\\/\\\/canal7slp.tv\\\/2022\\\/#organization\",\"name\":\"Noticieros Canal 7\",\"url\":\"https:\\\/\\\/canal7slp.tv\\\/2022\\\/\",\"logo\":{\"@type\":\"ImageObject\",\"inLanguage\":\"es\",\"@id\":\"https:\\\/\\\/canal7slp.tv\\\/2022\\\/#\\\/schema\\\/logo\\\/image\\\/\",\"url\":\"https:\\\/\\\/canal7slp.tv\\\/2022\\\/wp-content\\\/uploads\\\/2021\\\/01\\\/logo-noticieros@2x.png\",\"contentUrl\":\"https:\\\/\\\/canal7slp.tv\\\/2022\\\/wp-content\\\/uploads\\\/2021\\\/01\\\/logo-noticieros@2x.png\",\"width\":1017,\"height\":268,\"caption\":\"Noticieros Canal 7\"},\"image\":{\"@id\":\"https:\\\/\\\/canal7slp.tv\\\/2022\\\/#\\\/schema\\\/logo\\\/image\\\/\"},\"sameAs\":[\"https:\\\/\\\/www.facebook.com\\\/noticieroscanalsiete\",\"https:\\\/\\\/x.com\\\/NOTICIEROS7\",\"https:\\\/\\\/www.instagram.com\\\/canal7_slp\",\"https:\\\/\\\/www.youtube.com\\\/channel\\\/UCliiYs-gP3JfJeqdPrNdd5A\"]},{\"@type\":\"Person\",\"@id\":\"https:\\\/\\\/canal7slp.tv\\\/2022\\\/#\\\/schema\\\/person\\\/429704152a21f5f856ce29aa69a238da\",\"name\":\"Edici\u00f3n Web\",\"image\":{\"@type\":\"ImageObject\",\"inLanguage\":\"es\",\"@id\":\"https:\\\/\\\/secure.gravatar.com\\\/avatar\\\/eee448fc3f7164808013b816ba91ac7e43bbe82a70bebac296f8bc6f0addaa1a?s=96&d=mm&r=g\",\"url\":\"https:\\\/\\\/secure.gravatar.com\\\/avatar\\\/eee448fc3f7164808013b816ba91ac7e43bbe82a70bebac296f8bc6f0addaa1a?s=96&d=mm&r=g\",\"contentUrl\":\"https:\\\/\\\/secure.gravatar.com\\\/avatar\\\/eee448fc3f7164808013b816ba91ac7e43bbe82a70bebac296f8bc6f0addaa1a?s=96&d=mm&r=g\",\"caption\":\"Edici\u00f3n Web\"},\"url\":\"https:\\\/\\\/canal7slp.tv\\\/2022\\\/author\\\/edicionweb\\\/\"}]}<\/script>\n<!-- \/ Yoast SEO plugin. -->","yoast_head_json":{"title":"Estudiantes de San Luis Potos\u00ed se manifiestan ante inseguridad a las afueras de las instituciones educativas - Canal 7 SLP - 2022","robots":{"index":"index","follow":"follow","max-snippet":"max-snippet:-1","max-image-preview":"max-image-preview:large","max-video-preview":"max-video-preview:-1"},"canonical":"https:\/\/canal7slp.tv\/2022\/estudiantes-de-san-luis-potosi-se-manifiestan-ante-inseguridad-a-las-afueras-de-las-instituciones-educativas\/","og_locale":"es_ES","og_type":"article","og_title":"Estudiantes de San Luis Potos\u00ed se manifiestan ante inseguridad a las afueras de las instituciones educativas - Canal 7 SLP - 2022","og_description":"SLP.-\u00a0Estudiantes de la Universidad Aut\u00f3noma de San Luis Potos\u00ed (UASLP) se manifestaron en las calles del centro de la ciudad ante la inseguridad y hechos violentos que se han registrado a las afueras de varias facultades de la instituci\u00f3n. El \u00faltimo de ellos se registr\u00f3 el pasado primero de marzo, cuando el consejero alumno de la Facultad de Contadur\u00eda y Administraci\u00f3n, Abraham V\u00e1zquez, fue agredido fisicamete sobre la calle de Madero. \u00abDesconozco la situaci\u00f3n de porque me hicieron lo que pas\u00f3, el acontecimiento es imperdonable, yo iba caminando haciendo mis actividades normales y en eso me tocan el hombro y [&hellip;]","og_url":"https:\/\/canal7slp.tv\/2022\/estudiantes-de-san-luis-potosi-se-manifiestan-ante-inseguridad-a-las-afueras-de-las-instituciones-educativas\/","og_site_name":"Canal 7 SLP - 2022","article_publisher":"https:\/\/www.facebook.com\/noticieroscanalsiete","article_published_time":"2022-03-04T18:25:56+00:00","article_modified_time":"2022-03-04T18:26:40+00:00","og_image":[{"width":1280,"height":684,"url":"https:\/\/canal7slp.tv\/2022\/wp-content\/uploads\/2022\/03\/estudiantes.jpg","type":"image\/jpeg"}],"author":"Edici\u00f3n Web","twitter_card":"summary_large_image","twitter_creator":"@NOTICIEROS7","twitter_site":"@NOTICIEROS7","twitter_misc":{"Escrito por":"Edici\u00f3n Web","Tiempo de lectura":"2 minutos"},"schema":{"@context":"https:\/\/schema.org","@graph":[{"@type":"Article","@id":"https:\/\/canal7slp.tv\/2022\/estudiantes-de-san-luis-potosi-se-manifiestan-ante-inseguridad-a-las-afueras-de-las-instituciones-educativas\/#article","isPartOf":{"@id":"https:\/\/canal7slp.tv\/2022\/estudiantes-de-san-luis-potosi-se-manifiestan-ante-inseguridad-a-las-afueras-de-las-instituciones-educativas\/"},"author":{"name":"Edici\u00f3n Web","@id":"https:\/\/canal7slp.tv\/2022\/#\/schema\/person\/429704152a21f5f856ce29aa69a238da"},"headline":"Estudiantes de San Luis Potos\u00ed se manifiestan ante inseguridad a las afueras de las instituciones educativas","datePublished":"2022-03-04T18:25:56+00:00","dateModified":"2022-03-04T18:26:40+00:00","mainEntityOfPage":{"@id":"https:\/\/canal7slp.tv\/2022\/estudiantes-de-san-luis-potosi-se-manifiestan-ante-inseguridad-a-las-afueras-de-las-instituciones-educativas\/"},"wordCount":441,"publisher":{"@id":"https:\/\/canal7slp.tv\/2022\/#organization"},"image":{"@id":"https:\/\/canal7slp.tv\/2022\/estudiantes-de-san-luis-potosi-se-manifiestan-ante-inseguridad-a-las-afueras-de-las-instituciones-educativas\/#primaryimage"},"thumbnailUrl":"https:\/\/canal7slp.tv\/2022\/wp-content\/uploads\/2022\/03\/estudiantes.jpg","articleSection":["LOCALES Y REGIONALES"],"inLanguage":"es"},{"@type":"WebPage","@id":"https:\/\/canal7slp.tv\/2022\/estudiantes-de-san-luis-potosi-se-manifiestan-ante-inseguridad-a-las-afueras-de-las-instituciones-educativas\/","url":"https:\/\/canal7slp.tv\/2022\/estudiantes-de-san-luis-potosi-se-manifiestan-ante-inseguridad-a-las-afueras-de-las-instituciones-educativas\/","name":"Estudiantes de San Luis Potos\u00ed se manifiestan ante inseguridad a las afueras de las instituciones educativas - Canal 7 SLP - 2022","isPartOf":{"@id":"https:\/\/canal7slp.tv\/2022\/#website"},"primaryImageOfPage":{"@id":"https:\/\/canal7slp.tv\/2022\/estudiantes-de-san-luis-potosi-se-manifiestan-ante-inseguridad-a-las-afueras-de-las-instituciones-educativas\/#primaryimage"},"image":{"@id":"https:\/\/canal7slp.tv\/2022\/estudiantes-de-san-luis-potosi-se-manifiestan-ante-inseguridad-a-las-afueras-de-las-instituciones-educativas\/#primaryimage"},"thumbnailUrl":"https:\/\/canal7slp.tv\/2022\/wp-content\/uploads\/2022\/03\/estudiantes.jpg","datePublished":"2022-03-04T18:25:56+00:00","dateModified":"2022-03-04T18:26:40+00:00","breadcrumb":{"@id":"https:\/\/canal7slp.tv\/2022\/estudiantes-de-san-luis-potosi-se-manifiestan-ante-inseguridad-a-las-afueras-de-las-instituciones-educativas\/#breadcrumb"},"inLanguage":"es","potentialAction":[{"@type":"ReadAction","target":["https:\/\/canal7slp.tv\/2022\/estudiantes-de-san-luis-potosi-se-manifiestan-ante-inseguridad-a-las-afueras-de-las-instituciones-educativas\/"]}]},{"@type":"ImageObject","inLanguage":"es","@id":"https:\/\/canal7slp.tv\/2022\/estudiantes-de-san-luis-potosi-se-manifiestan-ante-inseguridad-a-las-afueras-de-las-instituciones-educativas\/#primaryimage","url":"https:\/\/canal7slp.tv\/2022\/wp-content\/uploads\/2022\/03\/estudiantes.jpg","contentUrl":"https:\/\/canal7slp.tv\/2022\/wp-content\/uploads\/2022\/03\/estudiantes.jpg","width":1280,"height":684},{"@type":"BreadcrumbList","@id":"https:\/\/canal7slp.tv\/2022\/estudiantes-de-san-luis-potosi-se-manifiestan-ante-inseguridad-a-las-afueras-de-las-instituciones-educativas\/#breadcrumb","itemListElement":[{"@type":"ListItem","position":1,"name":"Portada","item":"https:\/\/canal7slp.tv\/2022\/"},{"@type":"ListItem","position":2,"name":"Estudiantes de San Luis Potos\u00ed se manifiestan ante inseguridad a las afueras de las instituciones educativas"}]},{"@type":"WebSite","@id":"https:\/\/canal7slp.tv\/2022\/#website","url":"https:\/\/canal7slp.tv\/2022\/","name":"N7 - Noticieros Canal 7","description":"Somos Televisi\u00f3n","publisher":{"@id":"https:\/\/canal7slp.tv\/2022\/#organization"},"potentialAction":[{"@type":"SearchAction","target":{"@type":"EntryPoint","urlTemplate":"https:\/\/canal7slp.tv\/2022\/?s={search_term_string}"},"query-input":{"@type":"PropertyValueSpecification","valueRequired":true,"valueName":"search_term_string"}}],"inLanguage":"es"},{"@type":"Organization","@id":"https:\/\/canal7slp.tv\/2022\/#organization","name":"Noticieros Canal 7","url":"https:\/\/canal7slp.tv\/2022\/","logo":{"@type":"ImageObject","inLanguage":"es","@id":"https:\/\/canal7slp.tv\/2022\/#\/schema\/logo\/image\/","url":"https:\/\/canal7slp.tv\/2022\/wp-content\/uploads\/2021\/01\/logo-noticieros@2x.png","contentUrl":"https:\/\/canal7slp.tv\/2022\/wp-content\/uploads\/2021\/01\/logo-noticieros@2x.png","width":1017,"height":268,"caption":"Noticieros Canal 7"},"image":{"@id":"https:\/\/canal7slp.tv\/2022\/#\/schema\/logo\/image\/"},"sameAs":["https:\/\/www.facebook.com\/noticieroscanalsiete","https:\/\/x.com\/NOTICIEROS7","https:\/\/www.instagram.com\/canal7_slp","https:\/\/www.youtube.com\/channel\/UCliiYs-gP3JfJeqdPrNdd5A"]},{"@type":"Person","@id":"https:\/\/canal7slp.tv\/2022\/#\/schema\/person\/429704152a21f5f856ce29aa69a238da","name":"Edici\u00f3n Web","image":{"@type":"ImageObject","inLanguage":"es","@id":"https:\/\/secure.gravatar.com\/avatar\/eee448fc3f7164808013b816ba91ac7e43bbe82a70bebac296f8bc6f0addaa1a?s=96&d=mm&r=g","url":"https:\/\/secure.gravatar.com\/avatar\/eee448fc3f7164808013b816ba91ac7e43bbe82a70bebac296f8bc6f0addaa1a?s=96&d=mm&r=g","contentUrl":"https:\/\/secure.gravatar.com\/avatar\/eee448fc3f7164808013b816ba91ac7e43bbe82a70bebac296f8bc6f0addaa1a?s=96&d=mm&r=g","caption":"Edici\u00f3n Web"},"url":"https:\/\/canal7slp.tv\/2022\/author\/edicionweb\/"}]}},"amp_enabled":true,"_links":{"self":[{"href":"https:\/\/canal7slp.tv\/2022\/wp-json\/wp\/v2\/posts\/53138","targetHints":{"allow":["GET"]}}],"collection":[{"href":"https:\/\/canal7slp.tv\/2022\/wp-json\/wp\/v2\/posts"}],"about":[{"href":"https:\/\/canal7slp.tv\/2022\/wp-json\/wp\/v2\/types\/post"}],"author":[{"embeddable":true,"href":"https:\/\/canal7slp.tv\/2022\/wp-json\/wp\/v2\/users\/2"}],"replies":[{"embeddable":true,"href":"https:\/\/canal7slp.tv\/2022\/wp-json\/wp\/v2\/comments?post=53138"}],"version-history":[{"count":2,"href":"https:\/\/canal7slp.tv\/2022\/wp-json\/wp\/v2\/posts\/53138\/revisions"}],"predecessor-version":[{"id":53141,"href":"https:\/\/canal7slp.tv\/2022\/wp-json\/wp\/v2\/posts\/53138\/revisions\/53141"}],"wp:featuredmedia":[{"embeddable":true,"href":"https:\/\/canal7slp.tv\/2022\/wp-json\/wp\/v2\/media\/53139"}],"wp:attachment":[{"href":"https:\/\/canal7slp.tv\/2022\/wp-json\/wp\/v2\/media?parent=53138"}],"wp:term":[{"taxonomy":"category","embeddable":true,"href":"https:\/\/canal7slp.tv\/2022\/wp-json\/wp\/v2\/categories?post=53138"},{"taxonomy":"post_tag","embeddable":true,"href":"https:\/\/canal7slp.tv\/2022\/wp-json\/wp\/v2\/tags?post=53138"}],"curies":[{"name":"wp","href":"https:\/\/api.w.org\/{rel}","templated":true}]}}