{"id":53125,"date":"2022-03-04T04:46:21","date_gmt":"2022-03-04T10:46:21","guid":{"rendered":"https:\/\/canal7slp.tv\/2022\/?p=53125"},"modified":"2022-03-04T04:48:16","modified_gmt":"2022-03-04T10:48:16","slug":"concluyo-operaciones-la-unidad-monitora-auxiliar-para-covid-19-del-dif-municipal-2","status":"publish","type":"post","link":"https:\/\/canal7slp.tv\/2022\/concluyo-operaciones-la-unidad-monitora-auxiliar-para-covid-19-del-dif-municipal-2\/","title":{"rendered":"Concluy\u00f3 operaciones la Unidad Monitora Auxiliar para COVID-19 del DIF Municipal."},"content":{"rendered":"<p style=\"text-align: justify;\">SLP.- Bajo el argumento de descenso de peticiones de pruebas en el Centro de Desarrollo Comunitario de la colonia Progreso.<\/p>\n<p style=\"text-align: justify;\">En su lugar se abrir\u00e1 un centro de salud del DIF Municipal, donde se dar\u00e1 atenci\u00f3n m\u00e9dica, de enfermer\u00eda, dental y nutrici\u00f3n.<\/p>\n<p style=\"text-align: justify;\">En el per\u00edodo del cinco de octubre de 2021 al 24 de febrero de 2022, la Unidad Monitora Auxiliar realiz\u00f3 mil 948 pruebas diagn\u00f3stico en personas que acudieron con problemas respiratorios y s\u00edntomas de esta enfermedad.<\/p>\n<p style=\"text-align: justify;\">De ese total, mil 285 pruebas se aplicaron a adultos mayores de 18 a\u00f1os, 172 en menores de 18 a\u00f1os y 491 a trabajadores del Ayuntamiento.<\/p>\n<p style=\"text-align: justify;\">En la \u00faltima semana de febrero autoridades indicaron que se registr\u00f3 disminuci\u00f3n de las personas que acudieron a esta unidad de diagn\u00f3stico<\/p>\n<p style=\"text-align: justify;\">Por: Paulina Rodr\u00edguez<\/p>\n","protected":false},"excerpt":{"rendered":"<p>SLP.- Bajo el argumento de descenso de peticiones de pruebas en el Centro de Desarrollo Comunitario de la colonia Progreso. En su lugar se abrir\u00e1 un centro de salud del DIF Municipal, donde se dar\u00e1 atenci\u00f3n m\u00e9dica, de enfermer\u00eda, dental y nutrici\u00f3n. En el per\u00edodo del cinco de octubre de 2021 al 24 de febrero de 2022, la Unidad Monitora Auxiliar realiz\u00f3 mil 948 pruebas diagn\u00f3stico en personas que acudieron con problemas respiratorios y s\u00edntomas de esta enfermedad. De ese total, mil 285 pruebas se aplicaron a adultos mayores de 18 a\u00f1os, 172 en menores de 18 a\u00f1os y 491 [&hellip;]<\/p>\n","protected":false},"author":2,"featured_media":53126,"comment_status":"closed","ping_status":"closed","sticky":false,"template":"","format":"video","meta":{"footnotes":""},"categories":[66,4,5,45],"tags":[],"class_list":["post-53125","post","type-post","status-publish","format-video","has-post-thumbnail","hentry","category-ayoslp","category-covid-19","category-destacadas","category-localesyregionales","post_format-post-format-video","post--single"],"yoast_head":"<!-- This site is optimized with the Yoast SEO plugin v27.4 - https:\/\/yoast.com\/product\/yoast-seo-wordpress\/ -->\n<title>Concluy\u00f3 operaciones la Unidad Monitora Auxiliar para COVID-19 del DIF Municipal. - Canal 7 SLP - 2022<\/title>\n<meta name=\"robots\" content=\"index, follow, max-snippet:-1, max-image-preview:large, max-video-preview:-1\" \/>\n<link rel=\"canonical\" href=\"https:\/\/canal7slp.tv\/2022\/concluyo-operaciones-la-unidad-monitora-auxiliar-para-covid-19-del-dif-municipal-2\/\" \/>\n<meta property=\"og:locale\" content=\"es_ES\" \/>\n<meta property=\"og:type\" content=\"article\" \/>\n<meta property=\"og:title\" content=\"Concluy\u00f3 operaciones la Unidad Monitora Auxiliar para COVID-19 del DIF Municipal. - Canal 7 SLP - 2022\" \/>\n<meta property=\"og:description\" content=\"SLP.- Bajo el argumento de descenso de peticiones de pruebas en el Centro de Desarrollo Comunitario de la colonia Progreso. En su lugar se abrir\u00e1 un centro de salud del DIF Municipal, donde se dar\u00e1 atenci\u00f3n m\u00e9dica, de enfermer\u00eda, dental y nutrici\u00f3n. En el per\u00edodo del cinco de octubre de 2021 al 24 de febrero de 2022, la Unidad Monitora Auxiliar realiz\u00f3 mil 948 pruebas diagn\u00f3stico en personas que acudieron con problemas respiratorios y s\u00edntomas de esta enfermedad. De ese total, mil 285 pruebas se aplicaron a adultos mayores de 18 a\u00f1os, 172 en menores de 18 a\u00f1os y 491 [&hellip;]\" \/>\n<meta property=\"og:url\" content=\"https:\/\/canal7slp.tv\/2022\/concluyo-operaciones-la-unidad-monitora-auxiliar-para-covid-19-del-dif-municipal-2\/\" \/>\n<meta property=\"og:site_name\" content=\"Canal 7 SLP - 2022\" \/>\n<meta property=\"article:publisher\" content=\"https:\/\/www.facebook.com\/noticieroscanalsiete\" \/>\n<meta property=\"article:published_time\" content=\"2022-03-04T10:46:21+00:00\" \/>\n<meta property=\"article:modified_time\" content=\"2022-03-04T10:48:16+00:00\" \/>\n<meta property=\"og:image\" content=\"https:\/\/canal7slp.tv\/2022\/wp-content\/uploads\/2022\/03\/Pau0UnidadMonitora.jpg\" \/>\n\t<meta property=\"og:image:width\" content=\"888\" \/>\n\t<meta property=\"og:image:height\" content=\"500\" \/>\n\t<meta property=\"og:image:type\" content=\"image\/jpeg\" \/>\n<meta name=\"author\" content=\"Edici\u00f3n Web\" \/>\n<meta name=\"twitter:card\" content=\"summary_large_image\" \/>\n<meta name=\"twitter:creator\" content=\"@NOTICIEROS7\" \/>\n<meta name=\"twitter:site\" content=\"@NOTICIEROS7\" \/>\n<meta name=\"twitter:label1\" content=\"Escrito por\" \/>\n\t<meta name=\"twitter:data1\" content=\"Edici\u00f3n Web\" \/>\n\t<meta name=\"twitter:label2\" content=\"Tiempo de lectura\" \/>\n\t<meta name=\"twitter:data2\" content=\"1 minuto\" \/>\n<script type=\"application\/ld+json\" class=\"yoast-schema-graph\">{\"@context\":\"https:\\\/\\\/schema.org\",\"@graph\":[{\"@type\":\"Article\",\"@id\":\"https:\\\/\\\/canal7slp.tv\\\/2022\\\/concluyo-operaciones-la-unidad-monitora-auxiliar-para-covid-19-del-dif-municipal-2\\\/#article\",\"isPartOf\":{\"@id\":\"https:\\\/\\\/canal7slp.tv\\\/2022\\\/concluyo-operaciones-la-unidad-monitora-auxiliar-para-covid-19-del-dif-municipal-2\\\/\"},\"author\":{\"name\":\"Edici\u00f3n Web\",\"@id\":\"https:\\\/\\\/canal7slp.tv\\\/2022\\\/#\\\/schema\\\/person\\\/429704152a21f5f856ce29aa69a238da\"},\"headline\":\"Concluy\u00f3 operaciones la Unidad Monitora Auxiliar para COVID-19 del DIF Municipal.\",\"datePublished\":\"2022-03-04T10:46:21+00:00\",\"dateModified\":\"2022-03-04T10:48:16+00:00\",\"mainEntityOfPage\":{\"@id\":\"https:\\\/\\\/canal7slp.tv\\\/2022\\\/concluyo-operaciones-la-unidad-monitora-auxiliar-para-covid-19-del-dif-municipal-2\\\/\"},\"wordCount\":144,\"publisher\":{\"@id\":\"https:\\\/\\\/canal7slp.tv\\\/2022\\\/#organization\"},\"image\":{\"@id\":\"https:\\\/\\\/canal7slp.tv\\\/2022\\\/concluyo-operaciones-la-unidad-monitora-auxiliar-para-covid-19-del-dif-municipal-2\\\/#primaryimage\"},\"thumbnailUrl\":\"https:\\\/\\\/canal7slp.tv\\\/2022\\\/wp-content\\\/uploads\\\/2022\\\/03\\\/Pau0UnidadMonitora.jpg\",\"articleSection\":[\"AYOSLP\",\"COVID-19\",\"DESTACADAS\",\"LOCALES Y REGIONALES\"],\"inLanguage\":\"es\"},{\"@type\":\"WebPage\",\"@id\":\"https:\\\/\\\/canal7slp.tv\\\/2022\\\/concluyo-operaciones-la-unidad-monitora-auxiliar-para-covid-19-del-dif-municipal-2\\\/\",\"url\":\"https:\\\/\\\/canal7slp.tv\\\/2022\\\/concluyo-operaciones-la-unidad-monitora-auxiliar-para-covid-19-del-dif-municipal-2\\\/\",\"name\":\"Concluy\u00f3 operaciones la Unidad Monitora Auxiliar para COVID-19 del DIF Municipal. - Canal 7 SLP - 2022\",\"isPartOf\":{\"@id\":\"https:\\\/\\\/canal7slp.tv\\\/2022\\\/#website\"},\"primaryImageOfPage\":{\"@id\":\"https:\\\/\\\/canal7slp.tv\\\/2022\\\/concluyo-operaciones-la-unidad-monitora-auxiliar-para-covid-19-del-dif-municipal-2\\\/#primaryimage\"},\"image\":{\"@id\":\"https:\\\/\\\/canal7slp.tv\\\/2022\\\/concluyo-operaciones-la-unidad-monitora-auxiliar-para-covid-19-del-dif-municipal-2\\\/#primaryimage\"},\"thumbnailUrl\":\"https:\\\/\\\/canal7slp.tv\\\/2022\\\/wp-content\\\/uploads\\\/2022\\\/03\\\/Pau0UnidadMonitora.jpg\",\"datePublished\":\"2022-03-04T10:46:21+00:00\",\"dateModified\":\"2022-03-04T10:48:16+00:00\",\"breadcrumb\":{\"@id\":\"https:\\\/\\\/canal7slp.tv\\\/2022\\\/concluyo-operaciones-la-unidad-monitora-auxiliar-para-covid-19-del-dif-municipal-2\\\/#breadcrumb\"},\"inLanguage\":\"es\",\"potentialAction\":[{\"@type\":\"ReadAction\",\"target\":[\"https:\\\/\\\/canal7slp.tv\\\/2022\\\/concluyo-operaciones-la-unidad-monitora-auxiliar-para-covid-19-del-dif-municipal-2\\\/\"]}]},{\"@type\":\"ImageObject\",\"inLanguage\":\"es\",\"@id\":\"https:\\\/\\\/canal7slp.tv\\\/2022\\\/concluyo-operaciones-la-unidad-monitora-auxiliar-para-covid-19-del-dif-municipal-2\\\/#primaryimage\",\"url\":\"https:\\\/\\\/canal7slp.tv\\\/2022\\\/wp-content\\\/uploads\\\/2022\\\/03\\\/Pau0UnidadMonitora.jpg\",\"contentUrl\":\"https:\\\/\\\/canal7slp.tv\\\/2022\\\/wp-content\\\/uploads\\\/2022\\\/03\\\/Pau0UnidadMonitora.jpg\",\"width\":888,\"height\":500},{\"@type\":\"BreadcrumbList\",\"@id\":\"https:\\\/\\\/canal7slp.tv\\\/2022\\\/concluyo-operaciones-la-unidad-monitora-auxiliar-para-covid-19-del-dif-municipal-2\\\/#breadcrumb\",\"itemListElement\":[{\"@type\":\"ListItem\",\"position\":1,\"name\":\"Portada\",\"item\":\"https:\\\/\\\/canal7slp.tv\\\/2022\\\/\"},{\"@type\":\"ListItem\",\"position\":2,\"name\":\"Concluy\u00f3 operaciones la Unidad Monitora Auxiliar para COVID-19 del DIF Municipal.\"}]},{\"@type\":\"WebSite\",\"@id\":\"https:\\\/\\\/canal7slp.tv\\\/2022\\\/#website\",\"url\":\"https:\\\/\\\/canal7slp.tv\\\/2022\\\/\",\"name\":\"N7 - Noticieros Canal 7\",\"description\":\"Somos Televisi\u00f3n\",\"publisher\":{\"@id\":\"https:\\\/\\\/canal7slp.tv\\\/2022\\\/#organization\"},\"potentialAction\":[{\"@type\":\"SearchAction\",\"target\":{\"@type\":\"EntryPoint\",\"urlTemplate\":\"https:\\\/\\\/canal7slp.tv\\\/2022\\\/?s={search_term_string}\"},\"query-input\":{\"@type\":\"PropertyValueSpecification\",\"valueRequired\":true,\"valueName\":\"search_term_string\"}}],\"inLanguage\":\"es\"},{\"@type\":\"Organization\",\"@id\":\"https:\\\/\\\/canal7slp.tv\\\/2022\\\/#organization\",\"name\":\"Noticieros Canal 7\",\"url\":\"https:\\\/\\\/canal7slp.tv\\\/2022\\\/\",\"logo\":{\"@type\":\"ImageObject\",\"inLanguage\":\"es\",\"@id\":\"https:\\\/\\\/canal7slp.tv\\\/2022\\\/#\\\/schema\\\/logo\\\/image\\\/\",\"url\":\"https:\\\/\\\/canal7slp.tv\\\/2022\\\/wp-content\\\/uploads\\\/2021\\\/01\\\/logo-noticieros@2x.png\",\"contentUrl\":\"https:\\\/\\\/canal7slp.tv\\\/2022\\\/wp-content\\\/uploads\\\/2021\\\/01\\\/logo-noticieros@2x.png\",\"width\":1017,\"height\":268,\"caption\":\"Noticieros Canal 7\"},\"image\":{\"@id\":\"https:\\\/\\\/canal7slp.tv\\\/2022\\\/#\\\/schema\\\/logo\\\/image\\\/\"},\"sameAs\":[\"https:\\\/\\\/www.facebook.com\\\/noticieroscanalsiete\",\"https:\\\/\\\/x.com\\\/NOTICIEROS7\",\"https:\\\/\\\/www.instagram.com\\\/canal7_slp\",\"https:\\\/\\\/www.youtube.com\\\/channel\\\/UCliiYs-gP3JfJeqdPrNdd5A\"]},{\"@type\":\"Person\",\"@id\":\"https:\\\/\\\/canal7slp.tv\\\/2022\\\/#\\\/schema\\\/person\\\/429704152a21f5f856ce29aa69a238da\",\"name\":\"Edici\u00f3n Web\",\"image\":{\"@type\":\"ImageObject\",\"inLanguage\":\"es\",\"@id\":\"https:\\\/\\\/secure.gravatar.com\\\/avatar\\\/eee448fc3f7164808013b816ba91ac7e43bbe82a70bebac296f8bc6f0addaa1a?s=96&d=mm&r=g\",\"url\":\"https:\\\/\\\/secure.gravatar.com\\\/avatar\\\/eee448fc3f7164808013b816ba91ac7e43bbe82a70bebac296f8bc6f0addaa1a?s=96&d=mm&r=g\",\"contentUrl\":\"https:\\\/\\\/secure.gravatar.com\\\/avatar\\\/eee448fc3f7164808013b816ba91ac7e43bbe82a70bebac296f8bc6f0addaa1a?s=96&d=mm&r=g\",\"caption\":\"Edici\u00f3n Web\"},\"url\":\"https:\\\/\\\/canal7slp.tv\\\/2022\\\/author\\\/edicionweb\\\/\"}]}<\/script>\n<!-- \/ Yoast SEO plugin. -->","yoast_head_json":{"title":"Concluy\u00f3 operaciones la Unidad Monitora Auxiliar para COVID-19 del DIF Municipal. - Canal 7 SLP - 2022","robots":{"index":"index","follow":"follow","max-snippet":"max-snippet:-1","max-image-preview":"max-image-preview:large","max-video-preview":"max-video-preview:-1"},"canonical":"https:\/\/canal7slp.tv\/2022\/concluyo-operaciones-la-unidad-monitora-auxiliar-para-covid-19-del-dif-municipal-2\/","og_locale":"es_ES","og_type":"article","og_title":"Concluy\u00f3 operaciones la Unidad Monitora Auxiliar para COVID-19 del DIF Municipal. - Canal 7 SLP - 2022","og_description":"SLP.- Bajo el argumento de descenso de peticiones de pruebas en el Centro de Desarrollo Comunitario de la colonia Progreso. En su lugar se abrir\u00e1 un centro de salud del DIF Municipal, donde se dar\u00e1 atenci\u00f3n m\u00e9dica, de enfermer\u00eda, dental y nutrici\u00f3n. En el per\u00edodo del cinco de octubre de 2021 al 24 de febrero de 2022, la Unidad Monitora Auxiliar realiz\u00f3 mil 948 pruebas diagn\u00f3stico en personas que acudieron con problemas respiratorios y s\u00edntomas de esta enfermedad. De ese total, mil 285 pruebas se aplicaron a adultos mayores de 18 a\u00f1os, 172 en menores de 18 a\u00f1os y 491 [&hellip;]","og_url":"https:\/\/canal7slp.tv\/2022\/concluyo-operaciones-la-unidad-monitora-auxiliar-para-covid-19-del-dif-municipal-2\/","og_site_name":"Canal 7 SLP - 2022","article_publisher":"https:\/\/www.facebook.com\/noticieroscanalsiete","article_published_time":"2022-03-04T10:46:21+00:00","article_modified_time":"2022-03-04T10:48:16+00:00","og_image":[{"width":888,"height":500,"url":"https:\/\/canal7slp.tv\/2022\/wp-content\/uploads\/2022\/03\/Pau0UnidadMonitora.jpg","type":"image\/jpeg"}],"author":"Edici\u00f3n Web","twitter_card":"summary_large_image","twitter_creator":"@NOTICIEROS7","twitter_site":"@NOTICIEROS7","twitter_misc":{"Escrito por":"Edici\u00f3n Web","Tiempo de lectura":"1 minuto"},"schema":{"@context":"https:\/\/schema.org","@graph":[{"@type":"Article","@id":"https:\/\/canal7slp.tv\/2022\/concluyo-operaciones-la-unidad-monitora-auxiliar-para-covid-19-del-dif-municipal-2\/#article","isPartOf":{"@id":"https:\/\/canal7slp.tv\/2022\/concluyo-operaciones-la-unidad-monitora-auxiliar-para-covid-19-del-dif-municipal-2\/"},"author":{"name":"Edici\u00f3n Web","@id":"https:\/\/canal7slp.tv\/2022\/#\/schema\/person\/429704152a21f5f856ce29aa69a238da"},"headline":"Concluy\u00f3 operaciones la Unidad Monitora Auxiliar para COVID-19 del DIF Municipal.","datePublished":"2022-03-04T10:46:21+00:00","dateModified":"2022-03-04T10:48:16+00:00","mainEntityOfPage":{"@id":"https:\/\/canal7slp.tv\/2022\/concluyo-operaciones-la-unidad-monitora-auxiliar-para-covid-19-del-dif-municipal-2\/"},"wordCount":144,"publisher":{"@id":"https:\/\/canal7slp.tv\/2022\/#organization"},"image":{"@id":"https:\/\/canal7slp.tv\/2022\/concluyo-operaciones-la-unidad-monitora-auxiliar-para-covid-19-del-dif-municipal-2\/#primaryimage"},"thumbnailUrl":"https:\/\/canal7slp.tv\/2022\/wp-content\/uploads\/2022\/03\/Pau0UnidadMonitora.jpg","articleSection":["AYOSLP","COVID-19","DESTACADAS","LOCALES Y REGIONALES"],"inLanguage":"es"},{"@type":"WebPage","@id":"https:\/\/canal7slp.tv\/2022\/concluyo-operaciones-la-unidad-monitora-auxiliar-para-covid-19-del-dif-municipal-2\/","url":"https:\/\/canal7slp.tv\/2022\/concluyo-operaciones-la-unidad-monitora-auxiliar-para-covid-19-del-dif-municipal-2\/","name":"Concluy\u00f3 operaciones la Unidad Monitora Auxiliar para COVID-19 del DIF Municipal. - Canal 7 SLP - 2022","isPartOf":{"@id":"https:\/\/canal7slp.tv\/2022\/#website"},"primaryImageOfPage":{"@id":"https:\/\/canal7slp.tv\/2022\/concluyo-operaciones-la-unidad-monitora-auxiliar-para-covid-19-del-dif-municipal-2\/#primaryimage"},"image":{"@id":"https:\/\/canal7slp.tv\/2022\/concluyo-operaciones-la-unidad-monitora-auxiliar-para-covid-19-del-dif-municipal-2\/#primaryimage"},"thumbnailUrl":"https:\/\/canal7slp.tv\/2022\/wp-content\/uploads\/2022\/03\/Pau0UnidadMonitora.jpg","datePublished":"2022-03-04T10:46:21+00:00","dateModified":"2022-03-04T10:48:16+00:00","breadcrumb":{"@id":"https:\/\/canal7slp.tv\/2022\/concluyo-operaciones-la-unidad-monitora-auxiliar-para-covid-19-del-dif-municipal-2\/#breadcrumb"},"inLanguage":"es","potentialAction":[{"@type":"ReadAction","target":["https:\/\/canal7slp.tv\/2022\/concluyo-operaciones-la-unidad-monitora-auxiliar-para-covid-19-del-dif-municipal-2\/"]}]},{"@type":"ImageObject","inLanguage":"es","@id":"https:\/\/canal7slp.tv\/2022\/concluyo-operaciones-la-unidad-monitora-auxiliar-para-covid-19-del-dif-municipal-2\/#primaryimage","url":"https:\/\/canal7slp.tv\/2022\/wp-content\/uploads\/2022\/03\/Pau0UnidadMonitora.jpg","contentUrl":"https:\/\/canal7slp.tv\/2022\/wp-content\/uploads\/2022\/03\/Pau0UnidadMonitora.jpg","width":888,"height":500},{"@type":"BreadcrumbList","@id":"https:\/\/canal7slp.tv\/2022\/concluyo-operaciones-la-unidad-monitora-auxiliar-para-covid-19-del-dif-municipal-2\/#breadcrumb","itemListElement":[{"@type":"ListItem","position":1,"name":"Portada","item":"https:\/\/canal7slp.tv\/2022\/"},{"@type":"ListItem","position":2,"name":"Concluy\u00f3 operaciones la Unidad Monitora Auxiliar para COVID-19 del DIF Municipal."}]},{"@type":"WebSite","@id":"https:\/\/canal7slp.tv\/2022\/#website","url":"https:\/\/canal7slp.tv\/2022\/","name":"N7 - Noticieros Canal 7","description":"Somos Televisi\u00f3n","publisher":{"@id":"https:\/\/canal7slp.tv\/2022\/#organization"},"potentialAction":[{"@type":"SearchAction","target":{"@type":"EntryPoint","urlTemplate":"https:\/\/canal7slp.tv\/2022\/?s={search_term_string}"},"query-input":{"@type":"PropertyValueSpecification","valueRequired":true,"valueName":"search_term_string"}}],"inLanguage":"es"},{"@type":"Organization","@id":"https:\/\/canal7slp.tv\/2022\/#organization","name":"Noticieros Canal 7","url":"https:\/\/canal7slp.tv\/2022\/","logo":{"@type":"ImageObject","inLanguage":"es","@id":"https:\/\/canal7slp.tv\/2022\/#\/schema\/logo\/image\/","url":"https:\/\/canal7slp.tv\/2022\/wp-content\/uploads\/2021\/01\/logo-noticieros@2x.png","contentUrl":"https:\/\/canal7slp.tv\/2022\/wp-content\/uploads\/2021\/01\/logo-noticieros@2x.png","width":1017,"height":268,"caption":"Noticieros Canal 7"},"image":{"@id":"https:\/\/canal7slp.tv\/2022\/#\/schema\/logo\/image\/"},"sameAs":["https:\/\/www.facebook.com\/noticieroscanalsiete","https:\/\/x.com\/NOTICIEROS7","https:\/\/www.instagram.com\/canal7_slp","https:\/\/www.youtube.com\/channel\/UCliiYs-gP3JfJeqdPrNdd5A"]},{"@type":"Person","@id":"https:\/\/canal7slp.tv\/2022\/#\/schema\/person\/429704152a21f5f856ce29aa69a238da","name":"Edici\u00f3n Web","image":{"@type":"ImageObject","inLanguage":"es","@id":"https:\/\/secure.gravatar.com\/avatar\/eee448fc3f7164808013b816ba91ac7e43bbe82a70bebac296f8bc6f0addaa1a?s=96&d=mm&r=g","url":"https:\/\/secure.gravatar.com\/avatar\/eee448fc3f7164808013b816ba91ac7e43bbe82a70bebac296f8bc6f0addaa1a?s=96&d=mm&r=g","contentUrl":"https:\/\/secure.gravatar.com\/avatar\/eee448fc3f7164808013b816ba91ac7e43bbe82a70bebac296f8bc6f0addaa1a?s=96&d=mm&r=g","caption":"Edici\u00f3n Web"},"url":"https:\/\/canal7slp.tv\/2022\/author\/edicionweb\/"}]}},"amp_enabled":true,"_links":{"self":[{"href":"https:\/\/canal7slp.tv\/2022\/wp-json\/wp\/v2\/posts\/53125","targetHints":{"allow":["GET"]}}],"collection":[{"href":"https:\/\/canal7slp.tv\/2022\/wp-json\/wp\/v2\/posts"}],"about":[{"href":"https:\/\/canal7slp.tv\/2022\/wp-json\/wp\/v2\/types\/post"}],"author":[{"embeddable":true,"href":"https:\/\/canal7slp.tv\/2022\/wp-json\/wp\/v2\/users\/2"}],"replies":[{"embeddable":true,"href":"https:\/\/canal7slp.tv\/2022\/wp-json\/wp\/v2\/comments?post=53125"}],"version-history":[{"count":1,"href":"https:\/\/canal7slp.tv\/2022\/wp-json\/wp\/v2\/posts\/53125\/revisions"}],"predecessor-version":[{"id":53127,"href":"https:\/\/canal7slp.tv\/2022\/wp-json\/wp\/v2\/posts\/53125\/revisions\/53127"}],"wp:featuredmedia":[{"embeddable":true,"href":"https:\/\/canal7slp.tv\/2022\/wp-json\/wp\/v2\/media\/53126"}],"wp:attachment":[{"href":"https:\/\/canal7slp.tv\/2022\/wp-json\/wp\/v2\/media?parent=53125"}],"wp:term":[{"taxonomy":"category","embeddable":true,"href":"https:\/\/canal7slp.tv\/2022\/wp-json\/wp\/v2\/categories?post=53125"},{"taxonomy":"post_tag","embeddable":true,"href":"https:\/\/canal7slp.tv\/2022\/wp-json\/wp\/v2\/tags?post=53125"}],"curies":[{"name":"wp","href":"https:\/\/api.w.org\/{rel}","templated":true}]}}