{"id":53107,"date":"2022-03-03T18:39:03","date_gmt":"2022-03-04T00:39:03","guid":{"rendered":"https:\/\/canal7slp.tv\/2022\/?p=53107"},"modified":"2022-03-03T19:56:08","modified_gmt":"2022-03-04T01:56:08","slug":"familiares-y-amigos-dan-el-ultimo-adios-a-el-mijis","status":"publish","type":"post","link":"https:\/\/canal7slp.tv\/2022\/familiares-y-amigos-dan-el-ultimo-adios-a-el-mijis\/","title":{"rendered":"Familiares y amigos dan el \u00faltimo adi\u00f3s a \u201cEl Mijis\u201d."},"content":{"rendered":"<p style=\"text-align: justify;\">SLP.- En el templo de la colonia Las Piedras en donde pas\u00f3 su infancia el exdiputado Pedro Cesar Carrizales Becerra \u201cEl Mijis\u201d fue despedido por familiares y toda su banda que siempre lo acompa\u00f1\u00f3, y que asistieron a la misa de cuerpo presente.<\/p>\n<p style=\"text-align: justify;\">Sobraron brazos para cargar el ata\u00fad que conten\u00eda los restos del pol\u00e9mico exdiputado fallecido en un accidente carretero seg\u00fan el parte oficial, y quien ten\u00eda varios d\u00edas desaparecido antes de saberse de la fatal noticia.<\/p>\n<p style=\"text-align: justify;\">Antes, por la ma\u00f1ana en la sesi\u00f3n del Congreso de este jueves la presidenta de la Directiva pidi\u00f3 un minuto de silencio al destacar el paso de Carrizales Becerra, cuando fue diputado por la Sexag\u00e9sima Segunda Legislatura.<\/p>\n<p style=\"text-align: justify;\">Posterior a la misa de cuerpo presente el ata\u00fad fue llevado sobre la calle Granito y depositado frente a la casa del pap\u00e1 del exdiputado, y en donde su banda lo despidi\u00f3 al ritmo sonidero y cumbias del \u201cRey del Wepa\u201d.<\/p>\n<p style=\"text-align: justify;\">El pap\u00e1 del mijis se\u00f1al\u00f3 que desde peque\u00f1o su hijo ya mostraba dotes de liderazgo y cuenta de la \u00faltima vez que lo vi\u00f3 antes de enterarse de que hab\u00eda fallecido.<\/p>\n<p style=\"text-align: justify;\">El ex diputado local y activista, fue identificado el pasado jueves por sus familiares en Tamaulipas, en donde la Fiscal\u00eda General de ese estado, en un comunicado inform\u00f3 que la investigaci\u00f3n realizada concluy\u00f3 que la muerte de \u201cEl Mijis\u201d se origin\u00f3 por un accidente vehicular, ocurrido el 3 de febrero, en el kil\u00f3metro 27 de la carretera Nuevo Laredo &#8211; Piedras Negras.<\/p>\n<p style=\"text-align: justify;\">Sin embargo, don Pedro dijo no estar convencido de esta versi\u00f3n al afirmar que la muerte de su hijo se dio en circunstancias extra\u00f1as que dijo, no le han explicado.<\/p>\n<p style=\"text-align: justify;\">Los restos del exdiputado del Partido del Trabajo en la pasada legislatura fueron sepultados en un cementerio particular del municipio de Soledad de Graciano S\u00e1nchez.<\/p>\n<p style=\"text-align: justify;\">Por: Claudio Ibarra<\/p>\n","protected":false},"excerpt":{"rendered":"<p>SLP.- En el templo de la colonia Las Piedras en donde pas\u00f3 su infancia el exdiputado Pedro Cesar Carrizales Becerra \u201cEl Mijis\u201d fue despedido por familiares y toda su banda que siempre lo acompa\u00f1\u00f3, y que asistieron a la misa de cuerpo presente. Sobraron brazos para cargar el ata\u00fad que conten\u00eda los restos del pol\u00e9mico exdiputado fallecido en un accidente carretero seg\u00fan el parte oficial, y quien ten\u00eda varios d\u00edas desaparecido antes de saberse de la fatal noticia. Antes, por la ma\u00f1ana en la sesi\u00f3n del Congreso de este jueves la presidenta de la Directiva pidi\u00f3 un minuto de silencio [&hellip;]<\/p>\n","protected":false},"author":2,"featured_media":53117,"comment_status":"closed","ping_status":"closed","sticky":false,"template":"","format":"video","meta":{"footnotes":""},"categories":[5,45],"tags":[],"class_list":["post-53107","post","type-post","status-publish","format-video","has-post-thumbnail","hentry","category-destacadas","category-localesyregionales","post_format-post-format-video","post--single"],"yoast_head":"<!-- This site is optimized with the Yoast SEO plugin v27.4 - https:\/\/yoast.com\/product\/yoast-seo-wordpress\/ -->\n<title>Familiares y amigos dan el \u00faltimo adi\u00f3s a \u201cEl Mijis\u201d. - Canal 7 SLP - 2022<\/title>\n<meta name=\"robots\" content=\"index, follow, max-snippet:-1, max-image-preview:large, max-video-preview:-1\" \/>\n<link rel=\"canonical\" href=\"https:\/\/canal7slp.tv\/2022\/familiares-y-amigos-dan-el-ultimo-adios-a-el-mijis\/\" \/>\n<meta property=\"og:locale\" content=\"es_ES\" \/>\n<meta property=\"og:type\" content=\"article\" \/>\n<meta property=\"og:title\" content=\"Familiares y amigos dan el \u00faltimo adi\u00f3s a \u201cEl Mijis\u201d. - Canal 7 SLP - 2022\" \/>\n<meta property=\"og:description\" content=\"SLP.- En el templo de la colonia Las Piedras en donde pas\u00f3 su infancia el exdiputado Pedro Cesar Carrizales Becerra \u201cEl Mijis\u201d fue despedido por familiares y toda su banda que siempre lo acompa\u00f1\u00f3, y que asistieron a la misa de cuerpo presente. Sobraron brazos para cargar el ata\u00fad que conten\u00eda los restos del pol\u00e9mico exdiputado fallecido en un accidente carretero seg\u00fan el parte oficial, y quien ten\u00eda varios d\u00edas desaparecido antes de saberse de la fatal noticia. Antes, por la ma\u00f1ana en la sesi\u00f3n del Congreso de este jueves la presidenta de la Directiva pidi\u00f3 un minuto de silencio [&hellip;]\" \/>\n<meta property=\"og:url\" content=\"https:\/\/canal7slp.tv\/2022\/familiares-y-amigos-dan-el-ultimo-adios-a-el-mijis\/\" \/>\n<meta property=\"og:site_name\" content=\"Canal 7 SLP - 2022\" \/>\n<meta property=\"article:publisher\" content=\"https:\/\/www.facebook.com\/noticieroscanalsiete\" \/>\n<meta property=\"article:published_time\" content=\"2022-03-04T00:39:03+00:00\" \/>\n<meta property=\"article:modified_time\" content=\"2022-03-04T01:56:08+00:00\" \/>\n<meta property=\"og:image\" content=\"https:\/\/canal7slp.tv\/2022\/wp-content\/uploads\/2022\/03\/Claudio0Mijis.jpg\" \/>\n\t<meta property=\"og:image:width\" content=\"888\" \/>\n\t<meta property=\"og:image:height\" content=\"500\" \/>\n\t<meta property=\"og:image:type\" content=\"image\/jpeg\" \/>\n<meta name=\"author\" content=\"Edici\u00f3n Web\" \/>\n<meta name=\"twitter:card\" content=\"summary_large_image\" \/>\n<meta name=\"twitter:creator\" content=\"@NOTICIEROS7\" \/>\n<meta name=\"twitter:site\" content=\"@NOTICIEROS7\" \/>\n<meta name=\"twitter:label1\" content=\"Escrito por\" \/>\n\t<meta name=\"twitter:data1\" content=\"Edici\u00f3n Web\" \/>\n\t<meta name=\"twitter:label2\" content=\"Tiempo de lectura\" \/>\n\t<meta name=\"twitter:data2\" content=\"2 minutos\" \/>\n<script type=\"application\/ld+json\" class=\"yoast-schema-graph\">{\"@context\":\"https:\\\/\\\/schema.org\",\"@graph\":[{\"@type\":\"Article\",\"@id\":\"https:\\\/\\\/canal7slp.tv\\\/2022\\\/familiares-y-amigos-dan-el-ultimo-adios-a-el-mijis\\\/#article\",\"isPartOf\":{\"@id\":\"https:\\\/\\\/canal7slp.tv\\\/2022\\\/familiares-y-amigos-dan-el-ultimo-adios-a-el-mijis\\\/\"},\"author\":{\"name\":\"Edici\u00f3n Web\",\"@id\":\"https:\\\/\\\/canal7slp.tv\\\/2022\\\/#\\\/schema\\\/person\\\/429704152a21f5f856ce29aa69a238da\"},\"headline\":\"Familiares y amigos dan el \u00faltimo adi\u00f3s a \u201cEl Mijis\u201d.\",\"datePublished\":\"2022-03-04T00:39:03+00:00\",\"dateModified\":\"2022-03-04T01:56:08+00:00\",\"mainEntityOfPage\":{\"@id\":\"https:\\\/\\\/canal7slp.tv\\\/2022\\\/familiares-y-amigos-dan-el-ultimo-adios-a-el-mijis\\\/\"},\"wordCount\":336,\"publisher\":{\"@id\":\"https:\\\/\\\/canal7slp.tv\\\/2022\\\/#organization\"},\"image\":{\"@id\":\"https:\\\/\\\/canal7slp.tv\\\/2022\\\/familiares-y-amigos-dan-el-ultimo-adios-a-el-mijis\\\/#primaryimage\"},\"thumbnailUrl\":\"https:\\\/\\\/canal7slp.tv\\\/2022\\\/wp-content\\\/uploads\\\/2022\\\/03\\\/Claudio0Mijis.jpg\",\"articleSection\":[\"DESTACADAS\",\"LOCALES Y REGIONALES\"],\"inLanguage\":\"es\"},{\"@type\":\"WebPage\",\"@id\":\"https:\\\/\\\/canal7slp.tv\\\/2022\\\/familiares-y-amigos-dan-el-ultimo-adios-a-el-mijis\\\/\",\"url\":\"https:\\\/\\\/canal7slp.tv\\\/2022\\\/familiares-y-amigos-dan-el-ultimo-adios-a-el-mijis\\\/\",\"name\":\"Familiares y amigos dan el \u00faltimo adi\u00f3s a \u201cEl Mijis\u201d. - Canal 7 SLP - 2022\",\"isPartOf\":{\"@id\":\"https:\\\/\\\/canal7slp.tv\\\/2022\\\/#website\"},\"primaryImageOfPage\":{\"@id\":\"https:\\\/\\\/canal7slp.tv\\\/2022\\\/familiares-y-amigos-dan-el-ultimo-adios-a-el-mijis\\\/#primaryimage\"},\"image\":{\"@id\":\"https:\\\/\\\/canal7slp.tv\\\/2022\\\/familiares-y-amigos-dan-el-ultimo-adios-a-el-mijis\\\/#primaryimage\"},\"thumbnailUrl\":\"https:\\\/\\\/canal7slp.tv\\\/2022\\\/wp-content\\\/uploads\\\/2022\\\/03\\\/Claudio0Mijis.jpg\",\"datePublished\":\"2022-03-04T00:39:03+00:00\",\"dateModified\":\"2022-03-04T01:56:08+00:00\",\"breadcrumb\":{\"@id\":\"https:\\\/\\\/canal7slp.tv\\\/2022\\\/familiares-y-amigos-dan-el-ultimo-adios-a-el-mijis\\\/#breadcrumb\"},\"inLanguage\":\"es\",\"potentialAction\":[{\"@type\":\"ReadAction\",\"target\":[\"https:\\\/\\\/canal7slp.tv\\\/2022\\\/familiares-y-amigos-dan-el-ultimo-adios-a-el-mijis\\\/\"]}]},{\"@type\":\"ImageObject\",\"inLanguage\":\"es\",\"@id\":\"https:\\\/\\\/canal7slp.tv\\\/2022\\\/familiares-y-amigos-dan-el-ultimo-adios-a-el-mijis\\\/#primaryimage\",\"url\":\"https:\\\/\\\/canal7slp.tv\\\/2022\\\/wp-content\\\/uploads\\\/2022\\\/03\\\/Claudio0Mijis.jpg\",\"contentUrl\":\"https:\\\/\\\/canal7slp.tv\\\/2022\\\/wp-content\\\/uploads\\\/2022\\\/03\\\/Claudio0Mijis.jpg\",\"width\":888,\"height\":500},{\"@type\":\"BreadcrumbList\",\"@id\":\"https:\\\/\\\/canal7slp.tv\\\/2022\\\/familiares-y-amigos-dan-el-ultimo-adios-a-el-mijis\\\/#breadcrumb\",\"itemListElement\":[{\"@type\":\"ListItem\",\"position\":1,\"name\":\"Portada\",\"item\":\"https:\\\/\\\/canal7slp.tv\\\/2022\\\/\"},{\"@type\":\"ListItem\",\"position\":2,\"name\":\"Familiares y amigos dan el \u00faltimo adi\u00f3s a \u201cEl Mijis\u201d.\"}]},{\"@type\":\"WebSite\",\"@id\":\"https:\\\/\\\/canal7slp.tv\\\/2022\\\/#website\",\"url\":\"https:\\\/\\\/canal7slp.tv\\\/2022\\\/\",\"name\":\"N7 - Noticieros Canal 7\",\"description\":\"Somos Televisi\u00f3n\",\"publisher\":{\"@id\":\"https:\\\/\\\/canal7slp.tv\\\/2022\\\/#organization\"},\"potentialAction\":[{\"@type\":\"SearchAction\",\"target\":{\"@type\":\"EntryPoint\",\"urlTemplate\":\"https:\\\/\\\/canal7slp.tv\\\/2022\\\/?s={search_term_string}\"},\"query-input\":{\"@type\":\"PropertyValueSpecification\",\"valueRequired\":true,\"valueName\":\"search_term_string\"}}],\"inLanguage\":\"es\"},{\"@type\":\"Organization\",\"@id\":\"https:\\\/\\\/canal7slp.tv\\\/2022\\\/#organization\",\"name\":\"Noticieros Canal 7\",\"url\":\"https:\\\/\\\/canal7slp.tv\\\/2022\\\/\",\"logo\":{\"@type\":\"ImageObject\",\"inLanguage\":\"es\",\"@id\":\"https:\\\/\\\/canal7slp.tv\\\/2022\\\/#\\\/schema\\\/logo\\\/image\\\/\",\"url\":\"https:\\\/\\\/canal7slp.tv\\\/2022\\\/wp-content\\\/uploads\\\/2021\\\/01\\\/logo-noticieros@2x.png\",\"contentUrl\":\"https:\\\/\\\/canal7slp.tv\\\/2022\\\/wp-content\\\/uploads\\\/2021\\\/01\\\/logo-noticieros@2x.png\",\"width\":1017,\"height\":268,\"caption\":\"Noticieros Canal 7\"},\"image\":{\"@id\":\"https:\\\/\\\/canal7slp.tv\\\/2022\\\/#\\\/schema\\\/logo\\\/image\\\/\"},\"sameAs\":[\"https:\\\/\\\/www.facebook.com\\\/noticieroscanalsiete\",\"https:\\\/\\\/x.com\\\/NOTICIEROS7\",\"https:\\\/\\\/www.instagram.com\\\/canal7_slp\",\"https:\\\/\\\/www.youtube.com\\\/channel\\\/UCliiYs-gP3JfJeqdPrNdd5A\"]},{\"@type\":\"Person\",\"@id\":\"https:\\\/\\\/canal7slp.tv\\\/2022\\\/#\\\/schema\\\/person\\\/429704152a21f5f856ce29aa69a238da\",\"name\":\"Edici\u00f3n Web\",\"image\":{\"@type\":\"ImageObject\",\"inLanguage\":\"es\",\"@id\":\"https:\\\/\\\/secure.gravatar.com\\\/avatar\\\/eee448fc3f7164808013b816ba91ac7e43bbe82a70bebac296f8bc6f0addaa1a?s=96&d=mm&r=g\",\"url\":\"https:\\\/\\\/secure.gravatar.com\\\/avatar\\\/eee448fc3f7164808013b816ba91ac7e43bbe82a70bebac296f8bc6f0addaa1a?s=96&d=mm&r=g\",\"contentUrl\":\"https:\\\/\\\/secure.gravatar.com\\\/avatar\\\/eee448fc3f7164808013b816ba91ac7e43bbe82a70bebac296f8bc6f0addaa1a?s=96&d=mm&r=g\",\"caption\":\"Edici\u00f3n Web\"},\"url\":\"https:\\\/\\\/canal7slp.tv\\\/2022\\\/author\\\/edicionweb\\\/\"}]}<\/script>\n<!-- \/ Yoast SEO plugin. -->","yoast_head_json":{"title":"Familiares y amigos dan el \u00faltimo adi\u00f3s a \u201cEl Mijis\u201d. - Canal 7 SLP - 2022","robots":{"index":"index","follow":"follow","max-snippet":"max-snippet:-1","max-image-preview":"max-image-preview:large","max-video-preview":"max-video-preview:-1"},"canonical":"https:\/\/canal7slp.tv\/2022\/familiares-y-amigos-dan-el-ultimo-adios-a-el-mijis\/","og_locale":"es_ES","og_type":"article","og_title":"Familiares y amigos dan el \u00faltimo adi\u00f3s a \u201cEl Mijis\u201d. - Canal 7 SLP - 2022","og_description":"SLP.- En el templo de la colonia Las Piedras en donde pas\u00f3 su infancia el exdiputado Pedro Cesar Carrizales Becerra \u201cEl Mijis\u201d fue despedido por familiares y toda su banda que siempre lo acompa\u00f1\u00f3, y que asistieron a la misa de cuerpo presente. Sobraron brazos para cargar el ata\u00fad que conten\u00eda los restos del pol\u00e9mico exdiputado fallecido en un accidente carretero seg\u00fan el parte oficial, y quien ten\u00eda varios d\u00edas desaparecido antes de saberse de la fatal noticia. Antes, por la ma\u00f1ana en la sesi\u00f3n del Congreso de este jueves la presidenta de la Directiva pidi\u00f3 un minuto de silencio [&hellip;]","og_url":"https:\/\/canal7slp.tv\/2022\/familiares-y-amigos-dan-el-ultimo-adios-a-el-mijis\/","og_site_name":"Canal 7 SLP - 2022","article_publisher":"https:\/\/www.facebook.com\/noticieroscanalsiete","article_published_time":"2022-03-04T00:39:03+00:00","article_modified_time":"2022-03-04T01:56:08+00:00","og_image":[{"width":888,"height":500,"url":"https:\/\/canal7slp.tv\/2022\/wp-content\/uploads\/2022\/03\/Claudio0Mijis.jpg","type":"image\/jpeg"}],"author":"Edici\u00f3n Web","twitter_card":"summary_large_image","twitter_creator":"@NOTICIEROS7","twitter_site":"@NOTICIEROS7","twitter_misc":{"Escrito por":"Edici\u00f3n Web","Tiempo de lectura":"2 minutos"},"schema":{"@context":"https:\/\/schema.org","@graph":[{"@type":"Article","@id":"https:\/\/canal7slp.tv\/2022\/familiares-y-amigos-dan-el-ultimo-adios-a-el-mijis\/#article","isPartOf":{"@id":"https:\/\/canal7slp.tv\/2022\/familiares-y-amigos-dan-el-ultimo-adios-a-el-mijis\/"},"author":{"name":"Edici\u00f3n Web","@id":"https:\/\/canal7slp.tv\/2022\/#\/schema\/person\/429704152a21f5f856ce29aa69a238da"},"headline":"Familiares y amigos dan el \u00faltimo adi\u00f3s a \u201cEl Mijis\u201d.","datePublished":"2022-03-04T00:39:03+00:00","dateModified":"2022-03-04T01:56:08+00:00","mainEntityOfPage":{"@id":"https:\/\/canal7slp.tv\/2022\/familiares-y-amigos-dan-el-ultimo-adios-a-el-mijis\/"},"wordCount":336,"publisher":{"@id":"https:\/\/canal7slp.tv\/2022\/#organization"},"image":{"@id":"https:\/\/canal7slp.tv\/2022\/familiares-y-amigos-dan-el-ultimo-adios-a-el-mijis\/#primaryimage"},"thumbnailUrl":"https:\/\/canal7slp.tv\/2022\/wp-content\/uploads\/2022\/03\/Claudio0Mijis.jpg","articleSection":["DESTACADAS","LOCALES Y REGIONALES"],"inLanguage":"es"},{"@type":"WebPage","@id":"https:\/\/canal7slp.tv\/2022\/familiares-y-amigos-dan-el-ultimo-adios-a-el-mijis\/","url":"https:\/\/canal7slp.tv\/2022\/familiares-y-amigos-dan-el-ultimo-adios-a-el-mijis\/","name":"Familiares y amigos dan el \u00faltimo adi\u00f3s a \u201cEl Mijis\u201d. - Canal 7 SLP - 2022","isPartOf":{"@id":"https:\/\/canal7slp.tv\/2022\/#website"},"primaryImageOfPage":{"@id":"https:\/\/canal7slp.tv\/2022\/familiares-y-amigos-dan-el-ultimo-adios-a-el-mijis\/#primaryimage"},"image":{"@id":"https:\/\/canal7slp.tv\/2022\/familiares-y-amigos-dan-el-ultimo-adios-a-el-mijis\/#primaryimage"},"thumbnailUrl":"https:\/\/canal7slp.tv\/2022\/wp-content\/uploads\/2022\/03\/Claudio0Mijis.jpg","datePublished":"2022-03-04T00:39:03+00:00","dateModified":"2022-03-04T01:56:08+00:00","breadcrumb":{"@id":"https:\/\/canal7slp.tv\/2022\/familiares-y-amigos-dan-el-ultimo-adios-a-el-mijis\/#breadcrumb"},"inLanguage":"es","potentialAction":[{"@type":"ReadAction","target":["https:\/\/canal7slp.tv\/2022\/familiares-y-amigos-dan-el-ultimo-adios-a-el-mijis\/"]}]},{"@type":"ImageObject","inLanguage":"es","@id":"https:\/\/canal7slp.tv\/2022\/familiares-y-amigos-dan-el-ultimo-adios-a-el-mijis\/#primaryimage","url":"https:\/\/canal7slp.tv\/2022\/wp-content\/uploads\/2022\/03\/Claudio0Mijis.jpg","contentUrl":"https:\/\/canal7slp.tv\/2022\/wp-content\/uploads\/2022\/03\/Claudio0Mijis.jpg","width":888,"height":500},{"@type":"BreadcrumbList","@id":"https:\/\/canal7slp.tv\/2022\/familiares-y-amigos-dan-el-ultimo-adios-a-el-mijis\/#breadcrumb","itemListElement":[{"@type":"ListItem","position":1,"name":"Portada","item":"https:\/\/canal7slp.tv\/2022\/"},{"@type":"ListItem","position":2,"name":"Familiares y amigos dan el \u00faltimo adi\u00f3s a \u201cEl Mijis\u201d."}]},{"@type":"WebSite","@id":"https:\/\/canal7slp.tv\/2022\/#website","url":"https:\/\/canal7slp.tv\/2022\/","name":"N7 - Noticieros Canal 7","description":"Somos Televisi\u00f3n","publisher":{"@id":"https:\/\/canal7slp.tv\/2022\/#organization"},"potentialAction":[{"@type":"SearchAction","target":{"@type":"EntryPoint","urlTemplate":"https:\/\/canal7slp.tv\/2022\/?s={search_term_string}"},"query-input":{"@type":"PropertyValueSpecification","valueRequired":true,"valueName":"search_term_string"}}],"inLanguage":"es"},{"@type":"Organization","@id":"https:\/\/canal7slp.tv\/2022\/#organization","name":"Noticieros Canal 7","url":"https:\/\/canal7slp.tv\/2022\/","logo":{"@type":"ImageObject","inLanguage":"es","@id":"https:\/\/canal7slp.tv\/2022\/#\/schema\/logo\/image\/","url":"https:\/\/canal7slp.tv\/2022\/wp-content\/uploads\/2021\/01\/logo-noticieros@2x.png","contentUrl":"https:\/\/canal7slp.tv\/2022\/wp-content\/uploads\/2021\/01\/logo-noticieros@2x.png","width":1017,"height":268,"caption":"Noticieros Canal 7"},"image":{"@id":"https:\/\/canal7slp.tv\/2022\/#\/schema\/logo\/image\/"},"sameAs":["https:\/\/www.facebook.com\/noticieroscanalsiete","https:\/\/x.com\/NOTICIEROS7","https:\/\/www.instagram.com\/canal7_slp","https:\/\/www.youtube.com\/channel\/UCliiYs-gP3JfJeqdPrNdd5A"]},{"@type":"Person","@id":"https:\/\/canal7slp.tv\/2022\/#\/schema\/person\/429704152a21f5f856ce29aa69a238da","name":"Edici\u00f3n Web","image":{"@type":"ImageObject","inLanguage":"es","@id":"https:\/\/secure.gravatar.com\/avatar\/eee448fc3f7164808013b816ba91ac7e43bbe82a70bebac296f8bc6f0addaa1a?s=96&d=mm&r=g","url":"https:\/\/secure.gravatar.com\/avatar\/eee448fc3f7164808013b816ba91ac7e43bbe82a70bebac296f8bc6f0addaa1a?s=96&d=mm&r=g","contentUrl":"https:\/\/secure.gravatar.com\/avatar\/eee448fc3f7164808013b816ba91ac7e43bbe82a70bebac296f8bc6f0addaa1a?s=96&d=mm&r=g","caption":"Edici\u00f3n Web"},"url":"https:\/\/canal7slp.tv\/2022\/author\/edicionweb\/"}]}},"amp_enabled":true,"_links":{"self":[{"href":"https:\/\/canal7slp.tv\/2022\/wp-json\/wp\/v2\/posts\/53107","targetHints":{"allow":["GET"]}}],"collection":[{"href":"https:\/\/canal7slp.tv\/2022\/wp-json\/wp\/v2\/posts"}],"about":[{"href":"https:\/\/canal7slp.tv\/2022\/wp-json\/wp\/v2\/types\/post"}],"author":[{"embeddable":true,"href":"https:\/\/canal7slp.tv\/2022\/wp-json\/wp\/v2\/users\/2"}],"replies":[{"embeddable":true,"href":"https:\/\/canal7slp.tv\/2022\/wp-json\/wp\/v2\/comments?post=53107"}],"version-history":[{"count":3,"href":"https:\/\/canal7slp.tv\/2022\/wp-json\/wp\/v2\/posts\/53107\/revisions"}],"predecessor-version":[{"id":53119,"href":"https:\/\/canal7slp.tv\/2022\/wp-json\/wp\/v2\/posts\/53107\/revisions\/53119"}],"wp:featuredmedia":[{"embeddable":true,"href":"https:\/\/canal7slp.tv\/2022\/wp-json\/wp\/v2\/media\/53117"}],"wp:attachment":[{"href":"https:\/\/canal7slp.tv\/2022\/wp-json\/wp\/v2\/media?parent=53107"}],"wp:term":[{"taxonomy":"category","embeddable":true,"href":"https:\/\/canal7slp.tv\/2022\/wp-json\/wp\/v2\/categories?post=53107"},{"taxonomy":"post_tag","embeddable":true,"href":"https:\/\/canal7slp.tv\/2022\/wp-json\/wp\/v2\/tags?post=53107"}],"curies":[{"name":"wp","href":"https:\/\/api.w.org\/{rel}","templated":true}]}}