{"id":53062,"date":"2022-03-03T15:38:13","date_gmt":"2022-03-03T21:38:13","guid":{"rendered":"https:\/\/canal7slp.tv\/2022\/?p=53062"},"modified":"2022-03-03T15:38:13","modified_gmt":"2022-03-03T21:38:13","slug":"eua-reanudara-emision-de-visados-migratorios-en-cuba","status":"publish","type":"post","link":"https:\/\/canal7slp.tv\/2022\/eua-reanudara-emision-de-visados-migratorios-en-cuba\/","title":{"rendered":"EUA reanudar\u00e1 emisi\u00f3n de visados migratorios en Cuba"},"content":{"rendered":"<p style=\"text-align: justify;\">La Habana.- El consulado de Estados Unidos en Cuba, inform\u00f3 que se reanudar\u00e1 el servicio de emitir visas de manera limitada y paulatina, esto, tras haber permanecido cerrado por m\u00e1s de cuatro a\u00f1os la embajada.<\/p>\n<p style=\"text-align: justify;\">\u201cNos es muy grato poder anunciar que la embajada de Estados Unidos en La Habana iniciar\u00e1 la reanudaci\u00f3n limitada de algunos servicios de visado de emigrantes, como parte de una expansi\u00f3n paulatina de las funciones de la embajada\u201d, se\u00f1al\u00f3 el personal diplom\u00e1tico.<\/p>\n<p style=\"text-align: justify;\">Pese a estas declaraciones, no se preciso una fecha para las mismas<\/p>\n<p style=\"text-align: justify;\">Cabe se\u00f1alar, que debido a los actuales acuerdos migratorios, EUA debe otorgar 20 mil visas anuales a cubanos inmigrantes.<\/p>\n","protected":false},"excerpt":{"rendered":"<p>La Habana.- El consulado de Estados Unidos en Cuba, inform\u00f3 que se reanudar\u00e1 el servicio de emitir visas de manera limitada y paulatina, esto, tras haber permanecido cerrado por m\u00e1s de cuatro a\u00f1os la embajada. \u201cNos es muy grato poder anunciar que la embajada de Estados Unidos en La Habana iniciar\u00e1 la reanudaci\u00f3n limitada de algunos servicios de visado de emigrantes, como parte de una expansi\u00f3n paulatina de las funciones de la embajada\u201d, se\u00f1al\u00f3 el personal diplom\u00e1tico. Pese a estas declaraciones, no se preciso una fecha para las mismas Cabe se\u00f1alar, que debido a los actuales acuerdos migratorios, EUA debe [&hellip;]<\/p>\n","protected":false},"author":2,"featured_media":53074,"comment_status":"closed","ping_status":"closed","sticky":false,"template":"","format":"standard","meta":{"footnotes":""},"categories":[44],"tags":[],"class_list":["post-53062","post","type-post","status-publish","format-standard","has-post-thumbnail","hentry","category-internacional","post--single"],"yoast_head":"<!-- This site is optimized with the Yoast SEO plugin v27.4 - https:\/\/yoast.com\/product\/yoast-seo-wordpress\/ -->\n<title>EUA reanudar\u00e1 emisi\u00f3n de visados migratorios en Cuba - Canal 7 SLP - 2022<\/title>\n<meta name=\"robots\" content=\"index, follow, max-snippet:-1, max-image-preview:large, max-video-preview:-1\" \/>\n<link rel=\"canonical\" href=\"https:\/\/canal7slp.tv\/2022\/eua-reanudara-emision-de-visados-migratorios-en-cuba\/\" \/>\n<meta property=\"og:locale\" content=\"es_ES\" \/>\n<meta property=\"og:type\" content=\"article\" \/>\n<meta property=\"og:title\" content=\"EUA reanudar\u00e1 emisi\u00f3n de visados migratorios en Cuba - Canal 7 SLP - 2022\" \/>\n<meta property=\"og:description\" content=\"La Habana.- El consulado de Estados Unidos en Cuba, inform\u00f3 que se reanudar\u00e1 el servicio de emitir visas de manera limitada y paulatina, esto, tras haber permanecido cerrado por m\u00e1s de cuatro a\u00f1os la embajada. \u201cNos es muy grato poder anunciar que la embajada de Estados Unidos en La Habana iniciar\u00e1 la reanudaci\u00f3n limitada de algunos servicios de visado de emigrantes, como parte de una expansi\u00f3n paulatina de las funciones de la embajada\u201d, se\u00f1al\u00f3 el personal diplom\u00e1tico. Pese a estas declaraciones, no se preciso una fecha para las mismas Cabe se\u00f1alar, que debido a los actuales acuerdos migratorios, EUA debe [&hellip;]\" \/>\n<meta property=\"og:url\" content=\"https:\/\/canal7slp.tv\/2022\/eua-reanudara-emision-de-visados-migratorios-en-cuba\/\" \/>\n<meta property=\"og:site_name\" content=\"Canal 7 SLP - 2022\" \/>\n<meta property=\"article:publisher\" content=\"https:\/\/www.facebook.com\/noticieroscanalsiete\" \/>\n<meta property=\"article:published_time\" content=\"2022-03-03T21:38:13+00:00\" \/>\n<meta property=\"og:image\" content=\"https:\/\/canal7slp.tv\/2022\/wp-content\/uploads\/2022\/03\/06-2.jpg\" \/>\n\t<meta property=\"og:image:width\" content=\"1280\" \/>\n\t<meta property=\"og:image:height\" content=\"720\" \/>\n\t<meta property=\"og:image:type\" content=\"image\/jpeg\" \/>\n<meta name=\"author\" content=\"Edici\u00f3n Web\" \/>\n<meta name=\"twitter:card\" content=\"summary_large_image\" \/>\n<meta name=\"twitter:creator\" content=\"@NOTICIEROS7\" \/>\n<meta name=\"twitter:site\" content=\"@NOTICIEROS7\" \/>\n<meta name=\"twitter:label1\" content=\"Escrito por\" \/>\n\t<meta name=\"twitter:data1\" content=\"Edici\u00f3n Web\" \/>\n\t<meta name=\"twitter:label2\" content=\"Tiempo de lectura\" \/>\n\t<meta name=\"twitter:data2\" content=\"1 minuto\" \/>\n<script type=\"application\/ld+json\" class=\"yoast-schema-graph\">{\"@context\":\"https:\\\/\\\/schema.org\",\"@graph\":[{\"@type\":\"Article\",\"@id\":\"https:\\\/\\\/canal7slp.tv\\\/2022\\\/eua-reanudara-emision-de-visados-migratorios-en-cuba\\\/#article\",\"isPartOf\":{\"@id\":\"https:\\\/\\\/canal7slp.tv\\\/2022\\\/eua-reanudara-emision-de-visados-migratorios-en-cuba\\\/\"},\"author\":{\"name\":\"Edici\u00f3n Web\",\"@id\":\"https:\\\/\\\/canal7slp.tv\\\/2022\\\/#\\\/schema\\\/person\\\/429704152a21f5f856ce29aa69a238da\"},\"headline\":\"EUA reanudar\u00e1 emisi\u00f3n de visados migratorios en Cuba\",\"datePublished\":\"2022-03-03T21:38:13+00:00\",\"mainEntityOfPage\":{\"@id\":\"https:\\\/\\\/canal7slp.tv\\\/2022\\\/eua-reanudara-emision-de-visados-migratorios-en-cuba\\\/\"},\"wordCount\":124,\"publisher\":{\"@id\":\"https:\\\/\\\/canal7slp.tv\\\/2022\\\/#organization\"},\"image\":{\"@id\":\"https:\\\/\\\/canal7slp.tv\\\/2022\\\/eua-reanudara-emision-de-visados-migratorios-en-cuba\\\/#primaryimage\"},\"thumbnailUrl\":\"https:\\\/\\\/canal7slp.tv\\\/2022\\\/wp-content\\\/uploads\\\/2022\\\/03\\\/06-2.jpg\",\"articleSection\":[\"INTERNACIONALES\"],\"inLanguage\":\"es\"},{\"@type\":\"WebPage\",\"@id\":\"https:\\\/\\\/canal7slp.tv\\\/2022\\\/eua-reanudara-emision-de-visados-migratorios-en-cuba\\\/\",\"url\":\"https:\\\/\\\/canal7slp.tv\\\/2022\\\/eua-reanudara-emision-de-visados-migratorios-en-cuba\\\/\",\"name\":\"EUA reanudar\u00e1 emisi\u00f3n de visados migratorios en Cuba - Canal 7 SLP - 2022\",\"isPartOf\":{\"@id\":\"https:\\\/\\\/canal7slp.tv\\\/2022\\\/#website\"},\"primaryImageOfPage\":{\"@id\":\"https:\\\/\\\/canal7slp.tv\\\/2022\\\/eua-reanudara-emision-de-visados-migratorios-en-cuba\\\/#primaryimage\"},\"image\":{\"@id\":\"https:\\\/\\\/canal7slp.tv\\\/2022\\\/eua-reanudara-emision-de-visados-migratorios-en-cuba\\\/#primaryimage\"},\"thumbnailUrl\":\"https:\\\/\\\/canal7slp.tv\\\/2022\\\/wp-content\\\/uploads\\\/2022\\\/03\\\/06-2.jpg\",\"datePublished\":\"2022-03-03T21:38:13+00:00\",\"breadcrumb\":{\"@id\":\"https:\\\/\\\/canal7slp.tv\\\/2022\\\/eua-reanudara-emision-de-visados-migratorios-en-cuba\\\/#breadcrumb\"},\"inLanguage\":\"es\",\"potentialAction\":[{\"@type\":\"ReadAction\",\"target\":[\"https:\\\/\\\/canal7slp.tv\\\/2022\\\/eua-reanudara-emision-de-visados-migratorios-en-cuba\\\/\"]}]},{\"@type\":\"ImageObject\",\"inLanguage\":\"es\",\"@id\":\"https:\\\/\\\/canal7slp.tv\\\/2022\\\/eua-reanudara-emision-de-visados-migratorios-en-cuba\\\/#primaryimage\",\"url\":\"https:\\\/\\\/canal7slp.tv\\\/2022\\\/wp-content\\\/uploads\\\/2022\\\/03\\\/06-2.jpg\",\"contentUrl\":\"https:\\\/\\\/canal7slp.tv\\\/2022\\\/wp-content\\\/uploads\\\/2022\\\/03\\\/06-2.jpg\",\"width\":1280,\"height\":720},{\"@type\":\"BreadcrumbList\",\"@id\":\"https:\\\/\\\/canal7slp.tv\\\/2022\\\/eua-reanudara-emision-de-visados-migratorios-en-cuba\\\/#breadcrumb\",\"itemListElement\":[{\"@type\":\"ListItem\",\"position\":1,\"name\":\"Portada\",\"item\":\"https:\\\/\\\/canal7slp.tv\\\/2022\\\/\"},{\"@type\":\"ListItem\",\"position\":2,\"name\":\"EUA reanudar\u00e1 emisi\u00f3n de visados migratorios en Cuba\"}]},{\"@type\":\"WebSite\",\"@id\":\"https:\\\/\\\/canal7slp.tv\\\/2022\\\/#website\",\"url\":\"https:\\\/\\\/canal7slp.tv\\\/2022\\\/\",\"name\":\"N7 - Noticieros Canal 7\",\"description\":\"Somos Televisi\u00f3n\",\"publisher\":{\"@id\":\"https:\\\/\\\/canal7slp.tv\\\/2022\\\/#organization\"},\"potentialAction\":[{\"@type\":\"SearchAction\",\"target\":{\"@type\":\"EntryPoint\",\"urlTemplate\":\"https:\\\/\\\/canal7slp.tv\\\/2022\\\/?s={search_term_string}\"},\"query-input\":{\"@type\":\"PropertyValueSpecification\",\"valueRequired\":true,\"valueName\":\"search_term_string\"}}],\"inLanguage\":\"es\"},{\"@type\":\"Organization\",\"@id\":\"https:\\\/\\\/canal7slp.tv\\\/2022\\\/#organization\",\"name\":\"Noticieros Canal 7\",\"url\":\"https:\\\/\\\/canal7slp.tv\\\/2022\\\/\",\"logo\":{\"@type\":\"ImageObject\",\"inLanguage\":\"es\",\"@id\":\"https:\\\/\\\/canal7slp.tv\\\/2022\\\/#\\\/schema\\\/logo\\\/image\\\/\",\"url\":\"https:\\\/\\\/canal7slp.tv\\\/2022\\\/wp-content\\\/uploads\\\/2021\\\/01\\\/logo-noticieros@2x.png\",\"contentUrl\":\"https:\\\/\\\/canal7slp.tv\\\/2022\\\/wp-content\\\/uploads\\\/2021\\\/01\\\/logo-noticieros@2x.png\",\"width\":1017,\"height\":268,\"caption\":\"Noticieros Canal 7\"},\"image\":{\"@id\":\"https:\\\/\\\/canal7slp.tv\\\/2022\\\/#\\\/schema\\\/logo\\\/image\\\/\"},\"sameAs\":[\"https:\\\/\\\/www.facebook.com\\\/noticieroscanalsiete\",\"https:\\\/\\\/x.com\\\/NOTICIEROS7\",\"https:\\\/\\\/www.instagram.com\\\/canal7_slp\",\"https:\\\/\\\/www.youtube.com\\\/channel\\\/UCliiYs-gP3JfJeqdPrNdd5A\"]},{\"@type\":\"Person\",\"@id\":\"https:\\\/\\\/canal7slp.tv\\\/2022\\\/#\\\/schema\\\/person\\\/429704152a21f5f856ce29aa69a238da\",\"name\":\"Edici\u00f3n Web\",\"image\":{\"@type\":\"ImageObject\",\"inLanguage\":\"es\",\"@id\":\"https:\\\/\\\/secure.gravatar.com\\\/avatar\\\/eee448fc3f7164808013b816ba91ac7e43bbe82a70bebac296f8bc6f0addaa1a?s=96&d=mm&r=g\",\"url\":\"https:\\\/\\\/secure.gravatar.com\\\/avatar\\\/eee448fc3f7164808013b816ba91ac7e43bbe82a70bebac296f8bc6f0addaa1a?s=96&d=mm&r=g\",\"contentUrl\":\"https:\\\/\\\/secure.gravatar.com\\\/avatar\\\/eee448fc3f7164808013b816ba91ac7e43bbe82a70bebac296f8bc6f0addaa1a?s=96&d=mm&r=g\",\"caption\":\"Edici\u00f3n Web\"},\"url\":\"https:\\\/\\\/canal7slp.tv\\\/2022\\\/author\\\/edicionweb\\\/\"}]}<\/script>\n<!-- \/ Yoast SEO plugin. -->","yoast_head_json":{"title":"EUA reanudar\u00e1 emisi\u00f3n de visados migratorios en Cuba - Canal 7 SLP - 2022","robots":{"index":"index","follow":"follow","max-snippet":"max-snippet:-1","max-image-preview":"max-image-preview:large","max-video-preview":"max-video-preview:-1"},"canonical":"https:\/\/canal7slp.tv\/2022\/eua-reanudara-emision-de-visados-migratorios-en-cuba\/","og_locale":"es_ES","og_type":"article","og_title":"EUA reanudar\u00e1 emisi\u00f3n de visados migratorios en Cuba - Canal 7 SLP - 2022","og_description":"La Habana.- El consulado de Estados Unidos en Cuba, inform\u00f3 que se reanudar\u00e1 el servicio de emitir visas de manera limitada y paulatina, esto, tras haber permanecido cerrado por m\u00e1s de cuatro a\u00f1os la embajada. \u201cNos es muy grato poder anunciar que la embajada de Estados Unidos en La Habana iniciar\u00e1 la reanudaci\u00f3n limitada de algunos servicios de visado de emigrantes, como parte de una expansi\u00f3n paulatina de las funciones de la embajada\u201d, se\u00f1al\u00f3 el personal diplom\u00e1tico. Pese a estas declaraciones, no se preciso una fecha para las mismas Cabe se\u00f1alar, que debido a los actuales acuerdos migratorios, EUA debe [&hellip;]","og_url":"https:\/\/canal7slp.tv\/2022\/eua-reanudara-emision-de-visados-migratorios-en-cuba\/","og_site_name":"Canal 7 SLP - 2022","article_publisher":"https:\/\/www.facebook.com\/noticieroscanalsiete","article_published_time":"2022-03-03T21:38:13+00:00","og_image":[{"width":1280,"height":720,"url":"https:\/\/canal7slp.tv\/2022\/wp-content\/uploads\/2022\/03\/06-2.jpg","type":"image\/jpeg"}],"author":"Edici\u00f3n Web","twitter_card":"summary_large_image","twitter_creator":"@NOTICIEROS7","twitter_site":"@NOTICIEROS7","twitter_misc":{"Escrito por":"Edici\u00f3n Web","Tiempo de lectura":"1 minuto"},"schema":{"@context":"https:\/\/schema.org","@graph":[{"@type":"Article","@id":"https:\/\/canal7slp.tv\/2022\/eua-reanudara-emision-de-visados-migratorios-en-cuba\/#article","isPartOf":{"@id":"https:\/\/canal7slp.tv\/2022\/eua-reanudara-emision-de-visados-migratorios-en-cuba\/"},"author":{"name":"Edici\u00f3n Web","@id":"https:\/\/canal7slp.tv\/2022\/#\/schema\/person\/429704152a21f5f856ce29aa69a238da"},"headline":"EUA reanudar\u00e1 emisi\u00f3n de visados migratorios en Cuba","datePublished":"2022-03-03T21:38:13+00:00","mainEntityOfPage":{"@id":"https:\/\/canal7slp.tv\/2022\/eua-reanudara-emision-de-visados-migratorios-en-cuba\/"},"wordCount":124,"publisher":{"@id":"https:\/\/canal7slp.tv\/2022\/#organization"},"image":{"@id":"https:\/\/canal7slp.tv\/2022\/eua-reanudara-emision-de-visados-migratorios-en-cuba\/#primaryimage"},"thumbnailUrl":"https:\/\/canal7slp.tv\/2022\/wp-content\/uploads\/2022\/03\/06-2.jpg","articleSection":["INTERNACIONALES"],"inLanguage":"es"},{"@type":"WebPage","@id":"https:\/\/canal7slp.tv\/2022\/eua-reanudara-emision-de-visados-migratorios-en-cuba\/","url":"https:\/\/canal7slp.tv\/2022\/eua-reanudara-emision-de-visados-migratorios-en-cuba\/","name":"EUA reanudar\u00e1 emisi\u00f3n de visados migratorios en Cuba - Canal 7 SLP - 2022","isPartOf":{"@id":"https:\/\/canal7slp.tv\/2022\/#website"},"primaryImageOfPage":{"@id":"https:\/\/canal7slp.tv\/2022\/eua-reanudara-emision-de-visados-migratorios-en-cuba\/#primaryimage"},"image":{"@id":"https:\/\/canal7slp.tv\/2022\/eua-reanudara-emision-de-visados-migratorios-en-cuba\/#primaryimage"},"thumbnailUrl":"https:\/\/canal7slp.tv\/2022\/wp-content\/uploads\/2022\/03\/06-2.jpg","datePublished":"2022-03-03T21:38:13+00:00","breadcrumb":{"@id":"https:\/\/canal7slp.tv\/2022\/eua-reanudara-emision-de-visados-migratorios-en-cuba\/#breadcrumb"},"inLanguage":"es","potentialAction":[{"@type":"ReadAction","target":["https:\/\/canal7slp.tv\/2022\/eua-reanudara-emision-de-visados-migratorios-en-cuba\/"]}]},{"@type":"ImageObject","inLanguage":"es","@id":"https:\/\/canal7slp.tv\/2022\/eua-reanudara-emision-de-visados-migratorios-en-cuba\/#primaryimage","url":"https:\/\/canal7slp.tv\/2022\/wp-content\/uploads\/2022\/03\/06-2.jpg","contentUrl":"https:\/\/canal7slp.tv\/2022\/wp-content\/uploads\/2022\/03\/06-2.jpg","width":1280,"height":720},{"@type":"BreadcrumbList","@id":"https:\/\/canal7slp.tv\/2022\/eua-reanudara-emision-de-visados-migratorios-en-cuba\/#breadcrumb","itemListElement":[{"@type":"ListItem","position":1,"name":"Portada","item":"https:\/\/canal7slp.tv\/2022\/"},{"@type":"ListItem","position":2,"name":"EUA reanudar\u00e1 emisi\u00f3n de visados migratorios en Cuba"}]},{"@type":"WebSite","@id":"https:\/\/canal7slp.tv\/2022\/#website","url":"https:\/\/canal7slp.tv\/2022\/","name":"N7 - Noticieros Canal 7","description":"Somos Televisi\u00f3n","publisher":{"@id":"https:\/\/canal7slp.tv\/2022\/#organization"},"potentialAction":[{"@type":"SearchAction","target":{"@type":"EntryPoint","urlTemplate":"https:\/\/canal7slp.tv\/2022\/?s={search_term_string}"},"query-input":{"@type":"PropertyValueSpecification","valueRequired":true,"valueName":"search_term_string"}}],"inLanguage":"es"},{"@type":"Organization","@id":"https:\/\/canal7slp.tv\/2022\/#organization","name":"Noticieros Canal 7","url":"https:\/\/canal7slp.tv\/2022\/","logo":{"@type":"ImageObject","inLanguage":"es","@id":"https:\/\/canal7slp.tv\/2022\/#\/schema\/logo\/image\/","url":"https:\/\/canal7slp.tv\/2022\/wp-content\/uploads\/2021\/01\/logo-noticieros@2x.png","contentUrl":"https:\/\/canal7slp.tv\/2022\/wp-content\/uploads\/2021\/01\/logo-noticieros@2x.png","width":1017,"height":268,"caption":"Noticieros Canal 7"},"image":{"@id":"https:\/\/canal7slp.tv\/2022\/#\/schema\/logo\/image\/"},"sameAs":["https:\/\/www.facebook.com\/noticieroscanalsiete","https:\/\/x.com\/NOTICIEROS7","https:\/\/www.instagram.com\/canal7_slp","https:\/\/www.youtube.com\/channel\/UCliiYs-gP3JfJeqdPrNdd5A"]},{"@type":"Person","@id":"https:\/\/canal7slp.tv\/2022\/#\/schema\/person\/429704152a21f5f856ce29aa69a238da","name":"Edici\u00f3n Web","image":{"@type":"ImageObject","inLanguage":"es","@id":"https:\/\/secure.gravatar.com\/avatar\/eee448fc3f7164808013b816ba91ac7e43bbe82a70bebac296f8bc6f0addaa1a?s=96&d=mm&r=g","url":"https:\/\/secure.gravatar.com\/avatar\/eee448fc3f7164808013b816ba91ac7e43bbe82a70bebac296f8bc6f0addaa1a?s=96&d=mm&r=g","contentUrl":"https:\/\/secure.gravatar.com\/avatar\/eee448fc3f7164808013b816ba91ac7e43bbe82a70bebac296f8bc6f0addaa1a?s=96&d=mm&r=g","caption":"Edici\u00f3n Web"},"url":"https:\/\/canal7slp.tv\/2022\/author\/edicionweb\/"}]}},"amp_enabled":true,"_links":{"self":[{"href":"https:\/\/canal7slp.tv\/2022\/wp-json\/wp\/v2\/posts\/53062","targetHints":{"allow":["GET"]}}],"collection":[{"href":"https:\/\/canal7slp.tv\/2022\/wp-json\/wp\/v2\/posts"}],"about":[{"href":"https:\/\/canal7slp.tv\/2022\/wp-json\/wp\/v2\/types\/post"}],"author":[{"embeddable":true,"href":"https:\/\/canal7slp.tv\/2022\/wp-json\/wp\/v2\/users\/2"}],"replies":[{"embeddable":true,"href":"https:\/\/canal7slp.tv\/2022\/wp-json\/wp\/v2\/comments?post=53062"}],"version-history":[{"count":3,"href":"https:\/\/canal7slp.tv\/2022\/wp-json\/wp\/v2\/posts\/53062\/revisions"}],"predecessor-version":[{"id":53080,"href":"https:\/\/canal7slp.tv\/2022\/wp-json\/wp\/v2\/posts\/53062\/revisions\/53080"}],"wp:featuredmedia":[{"embeddable":true,"href":"https:\/\/canal7slp.tv\/2022\/wp-json\/wp\/v2\/media\/53074"}],"wp:attachment":[{"href":"https:\/\/canal7slp.tv\/2022\/wp-json\/wp\/v2\/media?parent=53062"}],"wp:term":[{"taxonomy":"category","embeddable":true,"href":"https:\/\/canal7slp.tv\/2022\/wp-json\/wp\/v2\/categories?post=53062"},{"taxonomy":"post_tag","embeddable":true,"href":"https:\/\/canal7slp.tv\/2022\/wp-json\/wp\/v2\/tags?post=53062"}],"curies":[{"name":"wp","href":"https:\/\/api.w.org\/{rel}","templated":true}]}}