{"id":53061,"date":"2022-03-03T15:38:18","date_gmt":"2022-03-03T21:38:18","guid":{"rendered":"https:\/\/canal7slp.tv\/2022\/?p=53061"},"modified":"2022-03-03T15:38:18","modified_gmt":"2022-03-03T21:38:18","slug":"oms-agrega-al-molnupiravir-a-lista-de-antivirales-recomendados-contra-el-covid-19","status":"publish","type":"post","link":"https:\/\/canal7slp.tv\/2022\/oms-agrega-al-molnupiravir-a-lista-de-antivirales-recomendados-contra-el-covid-19\/","title":{"rendered":"OMS agrega al molnupiravir a lista de antivirales recomendados contra el COVID-19"},"content":{"rendered":"<p style=\"text-align: justify;\">Ginebra.- La Organizaci\u00f3n Mundial de la Salud (OMS) dio a conocer que el antiviral \u201cMolnupiravir\u201d fue agregado a la lista de tratamientos recomendados para combatir al SARS-COV-2.<\/p>\n<p style=\"text-align: justify;\">Cabe se\u00f1alar que este es el primer f\u00e1rmaco de administraci\u00f3n oral que es recomendado por la Organizaci\u00f3n contra el Coronavirus.<\/p>\n<p style=\"text-align: justify;\">Pese a esto, la OMS recomienda que su utilizaci\u00f3n sea solo en pacientes de COVID-19 que no hayan desarrollado formas graves de la enfermedad.<\/p>\n<p style=\"text-align: justify;\">Aunado, al hecho de que no corran un muy alto riesgo de hospitalizaci\u00f3n, tales como personas no vacunadas, de la tercera edad, pacientes con deficiencias inmunol\u00f3gicas o con enfermedades cr\u00f3nicas.<\/p>\n<p style=\"text-align: justify;\">Cabe se\u00f1alar que se recomienda el consumo de cuatro pastillas \u2013de 800 mil\u00edgramo-) del f\u00e1rmaco dos veces al d\u00eda durante cinco jornadas, el tiempo habitual de desarrollo de s\u00edntomas de la enfermedad.<\/p>\n","protected":false},"excerpt":{"rendered":"<p>Ginebra.- La Organizaci\u00f3n Mundial de la Salud (OMS) dio a conocer que el antiviral \u201cMolnupiravir\u201d fue agregado a la lista de tratamientos recomendados para combatir al SARS-COV-2. Cabe se\u00f1alar que este es el primer f\u00e1rmaco de administraci\u00f3n oral que es recomendado por la Organizaci\u00f3n contra el Coronavirus. Pese a esto, la OMS recomienda que su utilizaci\u00f3n sea solo en pacientes de COVID-19 que no hayan desarrollado formas graves de la enfermedad. Aunado, al hecho de que no corran un muy alto riesgo de hospitalizaci\u00f3n, tales como personas no vacunadas, de la tercera edad, pacientes con deficiencias inmunol\u00f3gicas o con enfermedades [&hellip;]<\/p>\n","protected":false},"author":2,"featured_media":53073,"comment_status":"closed","ping_status":"closed","sticky":false,"template":"","format":"standard","meta":{"footnotes":""},"categories":[4,44],"tags":[],"class_list":["post-53061","post","type-post","status-publish","format-standard","has-post-thumbnail","hentry","category-covid-19","category-internacional","post--single"],"yoast_head":"<!-- This site is optimized with the Yoast SEO plugin v27.4 - https:\/\/yoast.com\/product\/yoast-seo-wordpress\/ -->\n<title>OMS agrega al molnupiravir a lista de antivirales recomendados contra el COVID-19 - Canal 7 SLP - 2022<\/title>\n<meta name=\"robots\" content=\"index, follow, max-snippet:-1, max-image-preview:large, max-video-preview:-1\" \/>\n<link rel=\"canonical\" href=\"https:\/\/canal7slp.tv\/2022\/oms-agrega-al-molnupiravir-a-lista-de-antivirales-recomendados-contra-el-covid-19\/\" \/>\n<meta property=\"og:locale\" content=\"es_ES\" \/>\n<meta property=\"og:type\" content=\"article\" \/>\n<meta property=\"og:title\" content=\"OMS agrega al molnupiravir a lista de antivirales recomendados contra el COVID-19 - Canal 7 SLP - 2022\" \/>\n<meta property=\"og:description\" content=\"Ginebra.- La Organizaci\u00f3n Mundial de la Salud (OMS) dio a conocer que el antiviral \u201cMolnupiravir\u201d fue agregado a la lista de tratamientos recomendados para combatir al SARS-COV-2. Cabe se\u00f1alar que este es el primer f\u00e1rmaco de administraci\u00f3n oral que es recomendado por la Organizaci\u00f3n contra el Coronavirus. Pese a esto, la OMS recomienda que su utilizaci\u00f3n sea solo en pacientes de COVID-19 que no hayan desarrollado formas graves de la enfermedad. Aunado, al hecho de que no corran un muy alto riesgo de hospitalizaci\u00f3n, tales como personas no vacunadas, de la tercera edad, pacientes con deficiencias inmunol\u00f3gicas o con enfermedades [&hellip;]\" \/>\n<meta property=\"og:url\" content=\"https:\/\/canal7slp.tv\/2022\/oms-agrega-al-molnupiravir-a-lista-de-antivirales-recomendados-contra-el-covid-19\/\" \/>\n<meta property=\"og:site_name\" content=\"Canal 7 SLP - 2022\" \/>\n<meta property=\"article:publisher\" content=\"https:\/\/www.facebook.com\/noticieroscanalsiete\" \/>\n<meta property=\"article:published_time\" content=\"2022-03-03T21:38:18+00:00\" \/>\n<meta property=\"og:image\" content=\"https:\/\/canal7slp.tv\/2022\/wp-content\/uploads\/2022\/03\/05-1.jpg\" \/>\n\t<meta property=\"og:image:width\" content=\"900\" \/>\n\t<meta property=\"og:image:height\" content=\"535\" \/>\n\t<meta property=\"og:image:type\" content=\"image\/jpeg\" \/>\n<meta name=\"author\" content=\"Edici\u00f3n Web\" \/>\n<meta name=\"twitter:card\" content=\"summary_large_image\" \/>\n<meta name=\"twitter:creator\" content=\"@NOTICIEROS7\" \/>\n<meta name=\"twitter:site\" content=\"@NOTICIEROS7\" \/>\n<meta name=\"twitter:label1\" content=\"Escrito por\" \/>\n\t<meta name=\"twitter:data1\" content=\"Edici\u00f3n Web\" \/>\n\t<meta name=\"twitter:label2\" content=\"Tiempo de lectura\" \/>\n\t<meta name=\"twitter:data2\" content=\"1 minuto\" \/>\n<script type=\"application\/ld+json\" class=\"yoast-schema-graph\">{\"@context\":\"https:\\\/\\\/schema.org\",\"@graph\":[{\"@type\":\"Article\",\"@id\":\"https:\\\/\\\/canal7slp.tv\\\/2022\\\/oms-agrega-al-molnupiravir-a-lista-de-antivirales-recomendados-contra-el-covid-19\\\/#article\",\"isPartOf\":{\"@id\":\"https:\\\/\\\/canal7slp.tv\\\/2022\\\/oms-agrega-al-molnupiravir-a-lista-de-antivirales-recomendados-contra-el-covid-19\\\/\"},\"author\":{\"name\":\"Edici\u00f3n Web\",\"@id\":\"https:\\\/\\\/canal7slp.tv\\\/2022\\\/#\\\/schema\\\/person\\\/429704152a21f5f856ce29aa69a238da\"},\"headline\":\"OMS agrega al molnupiravir a lista de antivirales recomendados contra el COVID-19\",\"datePublished\":\"2022-03-03T21:38:18+00:00\",\"mainEntityOfPage\":{\"@id\":\"https:\\\/\\\/canal7slp.tv\\\/2022\\\/oms-agrega-al-molnupiravir-a-lista-de-antivirales-recomendados-contra-el-covid-19\\\/\"},\"wordCount\":159,\"publisher\":{\"@id\":\"https:\\\/\\\/canal7slp.tv\\\/2022\\\/#organization\"},\"image\":{\"@id\":\"https:\\\/\\\/canal7slp.tv\\\/2022\\\/oms-agrega-al-molnupiravir-a-lista-de-antivirales-recomendados-contra-el-covid-19\\\/#primaryimage\"},\"thumbnailUrl\":\"https:\\\/\\\/canal7slp.tv\\\/2022\\\/wp-content\\\/uploads\\\/2022\\\/03\\\/05-1.jpg\",\"articleSection\":[\"COVID-19\",\"INTERNACIONALES\"],\"inLanguage\":\"es\"},{\"@type\":\"WebPage\",\"@id\":\"https:\\\/\\\/canal7slp.tv\\\/2022\\\/oms-agrega-al-molnupiravir-a-lista-de-antivirales-recomendados-contra-el-covid-19\\\/\",\"url\":\"https:\\\/\\\/canal7slp.tv\\\/2022\\\/oms-agrega-al-molnupiravir-a-lista-de-antivirales-recomendados-contra-el-covid-19\\\/\",\"name\":\"OMS agrega al molnupiravir a lista de antivirales recomendados contra el COVID-19 - Canal 7 SLP - 2022\",\"isPartOf\":{\"@id\":\"https:\\\/\\\/canal7slp.tv\\\/2022\\\/#website\"},\"primaryImageOfPage\":{\"@id\":\"https:\\\/\\\/canal7slp.tv\\\/2022\\\/oms-agrega-al-molnupiravir-a-lista-de-antivirales-recomendados-contra-el-covid-19\\\/#primaryimage\"},\"image\":{\"@id\":\"https:\\\/\\\/canal7slp.tv\\\/2022\\\/oms-agrega-al-molnupiravir-a-lista-de-antivirales-recomendados-contra-el-covid-19\\\/#primaryimage\"},\"thumbnailUrl\":\"https:\\\/\\\/canal7slp.tv\\\/2022\\\/wp-content\\\/uploads\\\/2022\\\/03\\\/05-1.jpg\",\"datePublished\":\"2022-03-03T21:38:18+00:00\",\"breadcrumb\":{\"@id\":\"https:\\\/\\\/canal7slp.tv\\\/2022\\\/oms-agrega-al-molnupiravir-a-lista-de-antivirales-recomendados-contra-el-covid-19\\\/#breadcrumb\"},\"inLanguage\":\"es\",\"potentialAction\":[{\"@type\":\"ReadAction\",\"target\":[\"https:\\\/\\\/canal7slp.tv\\\/2022\\\/oms-agrega-al-molnupiravir-a-lista-de-antivirales-recomendados-contra-el-covid-19\\\/\"]}]},{\"@type\":\"ImageObject\",\"inLanguage\":\"es\",\"@id\":\"https:\\\/\\\/canal7slp.tv\\\/2022\\\/oms-agrega-al-molnupiravir-a-lista-de-antivirales-recomendados-contra-el-covid-19\\\/#primaryimage\",\"url\":\"https:\\\/\\\/canal7slp.tv\\\/2022\\\/wp-content\\\/uploads\\\/2022\\\/03\\\/05-1.jpg\",\"contentUrl\":\"https:\\\/\\\/canal7slp.tv\\\/2022\\\/wp-content\\\/uploads\\\/2022\\\/03\\\/05-1.jpg\",\"width\":900,\"height\":535},{\"@type\":\"BreadcrumbList\",\"@id\":\"https:\\\/\\\/canal7slp.tv\\\/2022\\\/oms-agrega-al-molnupiravir-a-lista-de-antivirales-recomendados-contra-el-covid-19\\\/#breadcrumb\",\"itemListElement\":[{\"@type\":\"ListItem\",\"position\":1,\"name\":\"Portada\",\"item\":\"https:\\\/\\\/canal7slp.tv\\\/2022\\\/\"},{\"@type\":\"ListItem\",\"position\":2,\"name\":\"OMS agrega al molnupiravir a lista de antivirales recomendados contra el COVID-19\"}]},{\"@type\":\"WebSite\",\"@id\":\"https:\\\/\\\/canal7slp.tv\\\/2022\\\/#website\",\"url\":\"https:\\\/\\\/canal7slp.tv\\\/2022\\\/\",\"name\":\"N7 - Noticieros Canal 7\",\"description\":\"Somos Televisi\u00f3n\",\"publisher\":{\"@id\":\"https:\\\/\\\/canal7slp.tv\\\/2022\\\/#organization\"},\"potentialAction\":[{\"@type\":\"SearchAction\",\"target\":{\"@type\":\"EntryPoint\",\"urlTemplate\":\"https:\\\/\\\/canal7slp.tv\\\/2022\\\/?s={search_term_string}\"},\"query-input\":{\"@type\":\"PropertyValueSpecification\",\"valueRequired\":true,\"valueName\":\"search_term_string\"}}],\"inLanguage\":\"es\"},{\"@type\":\"Organization\",\"@id\":\"https:\\\/\\\/canal7slp.tv\\\/2022\\\/#organization\",\"name\":\"Noticieros Canal 7\",\"url\":\"https:\\\/\\\/canal7slp.tv\\\/2022\\\/\",\"logo\":{\"@type\":\"ImageObject\",\"inLanguage\":\"es\",\"@id\":\"https:\\\/\\\/canal7slp.tv\\\/2022\\\/#\\\/schema\\\/logo\\\/image\\\/\",\"url\":\"https:\\\/\\\/canal7slp.tv\\\/2022\\\/wp-content\\\/uploads\\\/2021\\\/01\\\/logo-noticieros@2x.png\",\"contentUrl\":\"https:\\\/\\\/canal7slp.tv\\\/2022\\\/wp-content\\\/uploads\\\/2021\\\/01\\\/logo-noticieros@2x.png\",\"width\":1017,\"height\":268,\"caption\":\"Noticieros Canal 7\"},\"image\":{\"@id\":\"https:\\\/\\\/canal7slp.tv\\\/2022\\\/#\\\/schema\\\/logo\\\/image\\\/\"},\"sameAs\":[\"https:\\\/\\\/www.facebook.com\\\/noticieroscanalsiete\",\"https:\\\/\\\/x.com\\\/NOTICIEROS7\",\"https:\\\/\\\/www.instagram.com\\\/canal7_slp\",\"https:\\\/\\\/www.youtube.com\\\/channel\\\/UCliiYs-gP3JfJeqdPrNdd5A\"]},{\"@type\":\"Person\",\"@id\":\"https:\\\/\\\/canal7slp.tv\\\/2022\\\/#\\\/schema\\\/person\\\/429704152a21f5f856ce29aa69a238da\",\"name\":\"Edici\u00f3n Web\",\"image\":{\"@type\":\"ImageObject\",\"inLanguage\":\"es\",\"@id\":\"https:\\\/\\\/secure.gravatar.com\\\/avatar\\\/eee448fc3f7164808013b816ba91ac7e43bbe82a70bebac296f8bc6f0addaa1a?s=96&d=mm&r=g\",\"url\":\"https:\\\/\\\/secure.gravatar.com\\\/avatar\\\/eee448fc3f7164808013b816ba91ac7e43bbe82a70bebac296f8bc6f0addaa1a?s=96&d=mm&r=g\",\"contentUrl\":\"https:\\\/\\\/secure.gravatar.com\\\/avatar\\\/eee448fc3f7164808013b816ba91ac7e43bbe82a70bebac296f8bc6f0addaa1a?s=96&d=mm&r=g\",\"caption\":\"Edici\u00f3n Web\"},\"url\":\"https:\\\/\\\/canal7slp.tv\\\/2022\\\/author\\\/edicionweb\\\/\"}]}<\/script>\n<!-- \/ Yoast SEO plugin. -->","yoast_head_json":{"title":"OMS agrega al molnupiravir a lista de antivirales recomendados contra el COVID-19 - Canal 7 SLP - 2022","robots":{"index":"index","follow":"follow","max-snippet":"max-snippet:-1","max-image-preview":"max-image-preview:large","max-video-preview":"max-video-preview:-1"},"canonical":"https:\/\/canal7slp.tv\/2022\/oms-agrega-al-molnupiravir-a-lista-de-antivirales-recomendados-contra-el-covid-19\/","og_locale":"es_ES","og_type":"article","og_title":"OMS agrega al molnupiravir a lista de antivirales recomendados contra el COVID-19 - Canal 7 SLP - 2022","og_description":"Ginebra.- La Organizaci\u00f3n Mundial de la Salud (OMS) dio a conocer que el antiviral \u201cMolnupiravir\u201d fue agregado a la lista de tratamientos recomendados para combatir al SARS-COV-2. Cabe se\u00f1alar que este es el primer f\u00e1rmaco de administraci\u00f3n oral que es recomendado por la Organizaci\u00f3n contra el Coronavirus. Pese a esto, la OMS recomienda que su utilizaci\u00f3n sea solo en pacientes de COVID-19 que no hayan desarrollado formas graves de la enfermedad. Aunado, al hecho de que no corran un muy alto riesgo de hospitalizaci\u00f3n, tales como personas no vacunadas, de la tercera edad, pacientes con deficiencias inmunol\u00f3gicas o con enfermedades [&hellip;]","og_url":"https:\/\/canal7slp.tv\/2022\/oms-agrega-al-molnupiravir-a-lista-de-antivirales-recomendados-contra-el-covid-19\/","og_site_name":"Canal 7 SLP - 2022","article_publisher":"https:\/\/www.facebook.com\/noticieroscanalsiete","article_published_time":"2022-03-03T21:38:18+00:00","og_image":[{"width":900,"height":535,"url":"https:\/\/canal7slp.tv\/2022\/wp-content\/uploads\/2022\/03\/05-1.jpg","type":"image\/jpeg"}],"author":"Edici\u00f3n Web","twitter_card":"summary_large_image","twitter_creator":"@NOTICIEROS7","twitter_site":"@NOTICIEROS7","twitter_misc":{"Escrito por":"Edici\u00f3n Web","Tiempo de lectura":"1 minuto"},"schema":{"@context":"https:\/\/schema.org","@graph":[{"@type":"Article","@id":"https:\/\/canal7slp.tv\/2022\/oms-agrega-al-molnupiravir-a-lista-de-antivirales-recomendados-contra-el-covid-19\/#article","isPartOf":{"@id":"https:\/\/canal7slp.tv\/2022\/oms-agrega-al-molnupiravir-a-lista-de-antivirales-recomendados-contra-el-covid-19\/"},"author":{"name":"Edici\u00f3n Web","@id":"https:\/\/canal7slp.tv\/2022\/#\/schema\/person\/429704152a21f5f856ce29aa69a238da"},"headline":"OMS agrega al molnupiravir a lista de antivirales recomendados contra el COVID-19","datePublished":"2022-03-03T21:38:18+00:00","mainEntityOfPage":{"@id":"https:\/\/canal7slp.tv\/2022\/oms-agrega-al-molnupiravir-a-lista-de-antivirales-recomendados-contra-el-covid-19\/"},"wordCount":159,"publisher":{"@id":"https:\/\/canal7slp.tv\/2022\/#organization"},"image":{"@id":"https:\/\/canal7slp.tv\/2022\/oms-agrega-al-molnupiravir-a-lista-de-antivirales-recomendados-contra-el-covid-19\/#primaryimage"},"thumbnailUrl":"https:\/\/canal7slp.tv\/2022\/wp-content\/uploads\/2022\/03\/05-1.jpg","articleSection":["COVID-19","INTERNACIONALES"],"inLanguage":"es"},{"@type":"WebPage","@id":"https:\/\/canal7slp.tv\/2022\/oms-agrega-al-molnupiravir-a-lista-de-antivirales-recomendados-contra-el-covid-19\/","url":"https:\/\/canal7slp.tv\/2022\/oms-agrega-al-molnupiravir-a-lista-de-antivirales-recomendados-contra-el-covid-19\/","name":"OMS agrega al molnupiravir a lista de antivirales recomendados contra el COVID-19 - Canal 7 SLP - 2022","isPartOf":{"@id":"https:\/\/canal7slp.tv\/2022\/#website"},"primaryImageOfPage":{"@id":"https:\/\/canal7slp.tv\/2022\/oms-agrega-al-molnupiravir-a-lista-de-antivirales-recomendados-contra-el-covid-19\/#primaryimage"},"image":{"@id":"https:\/\/canal7slp.tv\/2022\/oms-agrega-al-molnupiravir-a-lista-de-antivirales-recomendados-contra-el-covid-19\/#primaryimage"},"thumbnailUrl":"https:\/\/canal7slp.tv\/2022\/wp-content\/uploads\/2022\/03\/05-1.jpg","datePublished":"2022-03-03T21:38:18+00:00","breadcrumb":{"@id":"https:\/\/canal7slp.tv\/2022\/oms-agrega-al-molnupiravir-a-lista-de-antivirales-recomendados-contra-el-covid-19\/#breadcrumb"},"inLanguage":"es","potentialAction":[{"@type":"ReadAction","target":["https:\/\/canal7slp.tv\/2022\/oms-agrega-al-molnupiravir-a-lista-de-antivirales-recomendados-contra-el-covid-19\/"]}]},{"@type":"ImageObject","inLanguage":"es","@id":"https:\/\/canal7slp.tv\/2022\/oms-agrega-al-molnupiravir-a-lista-de-antivirales-recomendados-contra-el-covid-19\/#primaryimage","url":"https:\/\/canal7slp.tv\/2022\/wp-content\/uploads\/2022\/03\/05-1.jpg","contentUrl":"https:\/\/canal7slp.tv\/2022\/wp-content\/uploads\/2022\/03\/05-1.jpg","width":900,"height":535},{"@type":"BreadcrumbList","@id":"https:\/\/canal7slp.tv\/2022\/oms-agrega-al-molnupiravir-a-lista-de-antivirales-recomendados-contra-el-covid-19\/#breadcrumb","itemListElement":[{"@type":"ListItem","position":1,"name":"Portada","item":"https:\/\/canal7slp.tv\/2022\/"},{"@type":"ListItem","position":2,"name":"OMS agrega al molnupiravir a lista de antivirales recomendados contra el COVID-19"}]},{"@type":"WebSite","@id":"https:\/\/canal7slp.tv\/2022\/#website","url":"https:\/\/canal7slp.tv\/2022\/","name":"N7 - Noticieros Canal 7","description":"Somos Televisi\u00f3n","publisher":{"@id":"https:\/\/canal7slp.tv\/2022\/#organization"},"potentialAction":[{"@type":"SearchAction","target":{"@type":"EntryPoint","urlTemplate":"https:\/\/canal7slp.tv\/2022\/?s={search_term_string}"},"query-input":{"@type":"PropertyValueSpecification","valueRequired":true,"valueName":"search_term_string"}}],"inLanguage":"es"},{"@type":"Organization","@id":"https:\/\/canal7slp.tv\/2022\/#organization","name":"Noticieros Canal 7","url":"https:\/\/canal7slp.tv\/2022\/","logo":{"@type":"ImageObject","inLanguage":"es","@id":"https:\/\/canal7slp.tv\/2022\/#\/schema\/logo\/image\/","url":"https:\/\/canal7slp.tv\/2022\/wp-content\/uploads\/2021\/01\/logo-noticieros@2x.png","contentUrl":"https:\/\/canal7slp.tv\/2022\/wp-content\/uploads\/2021\/01\/logo-noticieros@2x.png","width":1017,"height":268,"caption":"Noticieros Canal 7"},"image":{"@id":"https:\/\/canal7slp.tv\/2022\/#\/schema\/logo\/image\/"},"sameAs":["https:\/\/www.facebook.com\/noticieroscanalsiete","https:\/\/x.com\/NOTICIEROS7","https:\/\/www.instagram.com\/canal7_slp","https:\/\/www.youtube.com\/channel\/UCliiYs-gP3JfJeqdPrNdd5A"]},{"@type":"Person","@id":"https:\/\/canal7slp.tv\/2022\/#\/schema\/person\/429704152a21f5f856ce29aa69a238da","name":"Edici\u00f3n Web","image":{"@type":"ImageObject","inLanguage":"es","@id":"https:\/\/secure.gravatar.com\/avatar\/eee448fc3f7164808013b816ba91ac7e43bbe82a70bebac296f8bc6f0addaa1a?s=96&d=mm&r=g","url":"https:\/\/secure.gravatar.com\/avatar\/eee448fc3f7164808013b816ba91ac7e43bbe82a70bebac296f8bc6f0addaa1a?s=96&d=mm&r=g","contentUrl":"https:\/\/secure.gravatar.com\/avatar\/eee448fc3f7164808013b816ba91ac7e43bbe82a70bebac296f8bc6f0addaa1a?s=96&d=mm&r=g","caption":"Edici\u00f3n Web"},"url":"https:\/\/canal7slp.tv\/2022\/author\/edicionweb\/"}]}},"amp_enabled":true,"_links":{"self":[{"href":"https:\/\/canal7slp.tv\/2022\/wp-json\/wp\/v2\/posts\/53061","targetHints":{"allow":["GET"]}}],"collection":[{"href":"https:\/\/canal7slp.tv\/2022\/wp-json\/wp\/v2\/posts"}],"about":[{"href":"https:\/\/canal7slp.tv\/2022\/wp-json\/wp\/v2\/types\/post"}],"author":[{"embeddable":true,"href":"https:\/\/canal7slp.tv\/2022\/wp-json\/wp\/v2\/users\/2"}],"replies":[{"embeddable":true,"href":"https:\/\/canal7slp.tv\/2022\/wp-json\/wp\/v2\/comments?post=53061"}],"version-history":[{"count":3,"href":"https:\/\/canal7slp.tv\/2022\/wp-json\/wp\/v2\/posts\/53061\/revisions"}],"predecessor-version":[{"id":53081,"href":"https:\/\/canal7slp.tv\/2022\/wp-json\/wp\/v2\/posts\/53061\/revisions\/53081"}],"wp:featuredmedia":[{"embeddable":true,"href":"https:\/\/canal7slp.tv\/2022\/wp-json\/wp\/v2\/media\/53073"}],"wp:attachment":[{"href":"https:\/\/canal7slp.tv\/2022\/wp-json\/wp\/v2\/media?parent=53061"}],"wp:term":[{"taxonomy":"category","embeddable":true,"href":"https:\/\/canal7slp.tv\/2022\/wp-json\/wp\/v2\/categories?post=53061"},{"taxonomy":"post_tag","embeddable":true,"href":"https:\/\/canal7slp.tv\/2022\/wp-json\/wp\/v2\/tags?post=53061"}],"curies":[{"name":"wp","href":"https:\/\/api.w.org\/{rel}","templated":true}]}}