{"id":53060,"date":"2022-03-03T15:38:35","date_gmt":"2022-03-03T21:38:35","guid":{"rendered":"https:\/\/canal7slp.tv\/2022\/?p=53060"},"modified":"2022-03-03T15:38:35","modified_gmt":"2022-03-03T21:38:35","slug":"ucrania-y-rusia-acuerdan-cese-temporal-al-fuego","status":"publish","type":"post","link":"https:\/\/canal7slp.tv\/2022\/ucrania-y-rusia-acuerdan-cese-temporal-al-fuego\/","title":{"rendered":"Ucrania y Rusia acuerdan cese temporal al fuego"},"content":{"rendered":"<p style=\"text-align: justify;\">Kiev.- Representantes de los grupos negociadores de Rusia y Ucrania acordaron el d\u00eda de hoy un alto el fuego de manera temporal, esto a fin de establecer corredores humanitarios para la evacuaci\u00f3n de civiles en Ucrania.<\/p>\n<p style=\"text-align: justify;\">Myjailo Podoliak, asesor de la presidencia de Ucrania, detall\u00f3 que se alcanz\u00f3 el acuerdo por motivos humanitarios.<\/p>\n<p style=\"text-align: justify;\">\u201cLas partes han llegado a un entendimiento sobre la creaci\u00f3n conjunta de corredores humanitarios con un alto el fuego temporal\u201d, coment\u00f3.<\/p>\n<p style=\"text-align: justify;\">No obstante, la delegaci\u00f3n ucraniana no pudo obtener los resultados que se esperaban y se espera poder continuar con el di\u00e1logo durante una tercera ronda de conversaciones.<\/p>\n<p style=\"text-align: justify;\">Aunado a esto, Vlad\u00edmir Medinski, jefe negociador de Rusia, puntualiz\u00f3 que las delegaciones lograron un entendimiento mutuo en algunos temas.<\/p>\n","protected":false},"excerpt":{"rendered":"<p>Kiev.- Representantes de los grupos negociadores de Rusia y Ucrania acordaron el d\u00eda de hoy un alto el fuego de manera temporal, esto a fin de establecer corredores humanitarios para la evacuaci\u00f3n de civiles en Ucrania. Myjailo Podoliak, asesor de la presidencia de Ucrania, detall\u00f3 que se alcanz\u00f3 el acuerdo por motivos humanitarios. \u201cLas partes han llegado a un entendimiento sobre la creaci\u00f3n conjunta de corredores humanitarios con un alto el fuego temporal\u201d, coment\u00f3. No obstante, la delegaci\u00f3n ucraniana no pudo obtener los resultados que se esperaban y se espera poder continuar con el di\u00e1logo durante una tercera ronda de [&hellip;]<\/p>\n","protected":false},"author":2,"featured_media":53072,"comment_status":"closed","ping_status":"closed","sticky":false,"template":"","format":"standard","meta":{"footnotes":""},"categories":[44],"tags":[],"class_list":["post-53060","post","type-post","status-publish","format-standard","has-post-thumbnail","hentry","category-internacional","post--single"],"yoast_head":"<!-- This site is optimized with the Yoast SEO plugin v27.4 - https:\/\/yoast.com\/product\/yoast-seo-wordpress\/ -->\n<title>Ucrania y Rusia acuerdan cese temporal al fuego - Canal 7 SLP - 2022<\/title>\n<meta name=\"robots\" content=\"index, follow, max-snippet:-1, max-image-preview:large, max-video-preview:-1\" \/>\n<link rel=\"canonical\" href=\"https:\/\/canal7slp.tv\/2022\/ucrania-y-rusia-acuerdan-cese-temporal-al-fuego\/\" \/>\n<meta property=\"og:locale\" content=\"es_ES\" \/>\n<meta property=\"og:type\" content=\"article\" \/>\n<meta property=\"og:title\" content=\"Ucrania y Rusia acuerdan cese temporal al fuego - Canal 7 SLP - 2022\" \/>\n<meta property=\"og:description\" content=\"Kiev.- Representantes de los grupos negociadores de Rusia y Ucrania acordaron el d\u00eda de hoy un alto el fuego de manera temporal, esto a fin de establecer corredores humanitarios para la evacuaci\u00f3n de civiles en Ucrania. Myjailo Podoliak, asesor de la presidencia de Ucrania, detall\u00f3 que se alcanz\u00f3 el acuerdo por motivos humanitarios. \u201cLas partes han llegado a un entendimiento sobre la creaci\u00f3n conjunta de corredores humanitarios con un alto el fuego temporal\u201d, coment\u00f3. No obstante, la delegaci\u00f3n ucraniana no pudo obtener los resultados que se esperaban y se espera poder continuar con el di\u00e1logo durante una tercera ronda de [&hellip;]\" \/>\n<meta property=\"og:url\" content=\"https:\/\/canal7slp.tv\/2022\/ucrania-y-rusia-acuerdan-cese-temporal-al-fuego\/\" \/>\n<meta property=\"og:site_name\" content=\"Canal 7 SLP - 2022\" \/>\n<meta property=\"article:publisher\" content=\"https:\/\/www.facebook.com\/noticieroscanalsiete\" \/>\n<meta property=\"article:published_time\" content=\"2022-03-03T21:38:35+00:00\" \/>\n<meta property=\"og:image\" content=\"https:\/\/canal7slp.tv\/2022\/wp-content\/uploads\/2022\/03\/04.jpeg\" \/>\n\t<meta property=\"og:image:width\" content=\"1024\" \/>\n\t<meta property=\"og:image:height\" content=\"577\" \/>\n\t<meta property=\"og:image:type\" content=\"image\/jpeg\" \/>\n<meta name=\"author\" content=\"Edici\u00f3n Web\" \/>\n<meta name=\"twitter:card\" content=\"summary_large_image\" \/>\n<meta name=\"twitter:creator\" content=\"@NOTICIEROS7\" \/>\n<meta name=\"twitter:site\" content=\"@NOTICIEROS7\" \/>\n<meta name=\"twitter:label1\" content=\"Escrito por\" \/>\n\t<meta name=\"twitter:data1\" content=\"Edici\u00f3n Web\" \/>\n\t<meta name=\"twitter:label2\" content=\"Tiempo de lectura\" \/>\n\t<meta name=\"twitter:data2\" content=\"1 minuto\" \/>\n<script type=\"application\/ld+json\" class=\"yoast-schema-graph\">{\"@context\":\"https:\\\/\\\/schema.org\",\"@graph\":[{\"@type\":\"Article\",\"@id\":\"https:\\\/\\\/canal7slp.tv\\\/2022\\\/ucrania-y-rusia-acuerdan-cese-temporal-al-fuego\\\/#article\",\"isPartOf\":{\"@id\":\"https:\\\/\\\/canal7slp.tv\\\/2022\\\/ucrania-y-rusia-acuerdan-cese-temporal-al-fuego\\\/\"},\"author\":{\"name\":\"Edici\u00f3n Web\",\"@id\":\"https:\\\/\\\/canal7slp.tv\\\/2022\\\/#\\\/schema\\\/person\\\/429704152a21f5f856ce29aa69a238da\"},\"headline\":\"Ucrania y Rusia acuerdan cese temporal al fuego\",\"datePublished\":\"2022-03-03T21:38:35+00:00\",\"mainEntityOfPage\":{\"@id\":\"https:\\\/\\\/canal7slp.tv\\\/2022\\\/ucrania-y-rusia-acuerdan-cese-temporal-al-fuego\\\/\"},\"wordCount\":136,\"publisher\":{\"@id\":\"https:\\\/\\\/canal7slp.tv\\\/2022\\\/#organization\"},\"image\":{\"@id\":\"https:\\\/\\\/canal7slp.tv\\\/2022\\\/ucrania-y-rusia-acuerdan-cese-temporal-al-fuego\\\/#primaryimage\"},\"thumbnailUrl\":\"https:\\\/\\\/canal7slp.tv\\\/2022\\\/wp-content\\\/uploads\\\/2022\\\/03\\\/04.jpeg\",\"articleSection\":[\"INTERNACIONALES\"],\"inLanguage\":\"es\"},{\"@type\":\"WebPage\",\"@id\":\"https:\\\/\\\/canal7slp.tv\\\/2022\\\/ucrania-y-rusia-acuerdan-cese-temporal-al-fuego\\\/\",\"url\":\"https:\\\/\\\/canal7slp.tv\\\/2022\\\/ucrania-y-rusia-acuerdan-cese-temporal-al-fuego\\\/\",\"name\":\"Ucrania y Rusia acuerdan cese temporal al fuego - Canal 7 SLP - 2022\",\"isPartOf\":{\"@id\":\"https:\\\/\\\/canal7slp.tv\\\/2022\\\/#website\"},\"primaryImageOfPage\":{\"@id\":\"https:\\\/\\\/canal7slp.tv\\\/2022\\\/ucrania-y-rusia-acuerdan-cese-temporal-al-fuego\\\/#primaryimage\"},\"image\":{\"@id\":\"https:\\\/\\\/canal7slp.tv\\\/2022\\\/ucrania-y-rusia-acuerdan-cese-temporal-al-fuego\\\/#primaryimage\"},\"thumbnailUrl\":\"https:\\\/\\\/canal7slp.tv\\\/2022\\\/wp-content\\\/uploads\\\/2022\\\/03\\\/04.jpeg\",\"datePublished\":\"2022-03-03T21:38:35+00:00\",\"breadcrumb\":{\"@id\":\"https:\\\/\\\/canal7slp.tv\\\/2022\\\/ucrania-y-rusia-acuerdan-cese-temporal-al-fuego\\\/#breadcrumb\"},\"inLanguage\":\"es\",\"potentialAction\":[{\"@type\":\"ReadAction\",\"target\":[\"https:\\\/\\\/canal7slp.tv\\\/2022\\\/ucrania-y-rusia-acuerdan-cese-temporal-al-fuego\\\/\"]}]},{\"@type\":\"ImageObject\",\"inLanguage\":\"es\",\"@id\":\"https:\\\/\\\/canal7slp.tv\\\/2022\\\/ucrania-y-rusia-acuerdan-cese-temporal-al-fuego\\\/#primaryimage\",\"url\":\"https:\\\/\\\/canal7slp.tv\\\/2022\\\/wp-content\\\/uploads\\\/2022\\\/03\\\/04.jpeg\",\"contentUrl\":\"https:\\\/\\\/canal7slp.tv\\\/2022\\\/wp-content\\\/uploads\\\/2022\\\/03\\\/04.jpeg\",\"width\":1024,\"height\":577},{\"@type\":\"BreadcrumbList\",\"@id\":\"https:\\\/\\\/canal7slp.tv\\\/2022\\\/ucrania-y-rusia-acuerdan-cese-temporal-al-fuego\\\/#breadcrumb\",\"itemListElement\":[{\"@type\":\"ListItem\",\"position\":1,\"name\":\"Portada\",\"item\":\"https:\\\/\\\/canal7slp.tv\\\/2022\\\/\"},{\"@type\":\"ListItem\",\"position\":2,\"name\":\"Ucrania y Rusia acuerdan cese temporal al fuego\"}]},{\"@type\":\"WebSite\",\"@id\":\"https:\\\/\\\/canal7slp.tv\\\/2022\\\/#website\",\"url\":\"https:\\\/\\\/canal7slp.tv\\\/2022\\\/\",\"name\":\"N7 - Noticieros Canal 7\",\"description\":\"Somos Televisi\u00f3n\",\"publisher\":{\"@id\":\"https:\\\/\\\/canal7slp.tv\\\/2022\\\/#organization\"},\"potentialAction\":[{\"@type\":\"SearchAction\",\"target\":{\"@type\":\"EntryPoint\",\"urlTemplate\":\"https:\\\/\\\/canal7slp.tv\\\/2022\\\/?s={search_term_string}\"},\"query-input\":{\"@type\":\"PropertyValueSpecification\",\"valueRequired\":true,\"valueName\":\"search_term_string\"}}],\"inLanguage\":\"es\"},{\"@type\":\"Organization\",\"@id\":\"https:\\\/\\\/canal7slp.tv\\\/2022\\\/#organization\",\"name\":\"Noticieros Canal 7\",\"url\":\"https:\\\/\\\/canal7slp.tv\\\/2022\\\/\",\"logo\":{\"@type\":\"ImageObject\",\"inLanguage\":\"es\",\"@id\":\"https:\\\/\\\/canal7slp.tv\\\/2022\\\/#\\\/schema\\\/logo\\\/image\\\/\",\"url\":\"https:\\\/\\\/canal7slp.tv\\\/2022\\\/wp-content\\\/uploads\\\/2021\\\/01\\\/logo-noticieros@2x.png\",\"contentUrl\":\"https:\\\/\\\/canal7slp.tv\\\/2022\\\/wp-content\\\/uploads\\\/2021\\\/01\\\/logo-noticieros@2x.png\",\"width\":1017,\"height\":268,\"caption\":\"Noticieros Canal 7\"},\"image\":{\"@id\":\"https:\\\/\\\/canal7slp.tv\\\/2022\\\/#\\\/schema\\\/logo\\\/image\\\/\"},\"sameAs\":[\"https:\\\/\\\/www.facebook.com\\\/noticieroscanalsiete\",\"https:\\\/\\\/x.com\\\/NOTICIEROS7\",\"https:\\\/\\\/www.instagram.com\\\/canal7_slp\",\"https:\\\/\\\/www.youtube.com\\\/channel\\\/UCliiYs-gP3JfJeqdPrNdd5A\"]},{\"@type\":\"Person\",\"@id\":\"https:\\\/\\\/canal7slp.tv\\\/2022\\\/#\\\/schema\\\/person\\\/429704152a21f5f856ce29aa69a238da\",\"name\":\"Edici\u00f3n Web\",\"image\":{\"@type\":\"ImageObject\",\"inLanguage\":\"es\",\"@id\":\"https:\\\/\\\/secure.gravatar.com\\\/avatar\\\/eee448fc3f7164808013b816ba91ac7e43bbe82a70bebac296f8bc6f0addaa1a?s=96&d=mm&r=g\",\"url\":\"https:\\\/\\\/secure.gravatar.com\\\/avatar\\\/eee448fc3f7164808013b816ba91ac7e43bbe82a70bebac296f8bc6f0addaa1a?s=96&d=mm&r=g\",\"contentUrl\":\"https:\\\/\\\/secure.gravatar.com\\\/avatar\\\/eee448fc3f7164808013b816ba91ac7e43bbe82a70bebac296f8bc6f0addaa1a?s=96&d=mm&r=g\",\"caption\":\"Edici\u00f3n Web\"},\"url\":\"https:\\\/\\\/canal7slp.tv\\\/2022\\\/author\\\/edicionweb\\\/\"}]}<\/script>\n<!-- \/ Yoast SEO plugin. -->","yoast_head_json":{"title":"Ucrania y Rusia acuerdan cese temporal al fuego - Canal 7 SLP - 2022","robots":{"index":"index","follow":"follow","max-snippet":"max-snippet:-1","max-image-preview":"max-image-preview:large","max-video-preview":"max-video-preview:-1"},"canonical":"https:\/\/canal7slp.tv\/2022\/ucrania-y-rusia-acuerdan-cese-temporal-al-fuego\/","og_locale":"es_ES","og_type":"article","og_title":"Ucrania y Rusia acuerdan cese temporal al fuego - Canal 7 SLP - 2022","og_description":"Kiev.- Representantes de los grupos negociadores de Rusia y Ucrania acordaron el d\u00eda de hoy un alto el fuego de manera temporal, esto a fin de establecer corredores humanitarios para la evacuaci\u00f3n de civiles en Ucrania. Myjailo Podoliak, asesor de la presidencia de Ucrania, detall\u00f3 que se alcanz\u00f3 el acuerdo por motivos humanitarios. \u201cLas partes han llegado a un entendimiento sobre la creaci\u00f3n conjunta de corredores humanitarios con un alto el fuego temporal\u201d, coment\u00f3. No obstante, la delegaci\u00f3n ucraniana no pudo obtener los resultados que se esperaban y se espera poder continuar con el di\u00e1logo durante una tercera ronda de [&hellip;]","og_url":"https:\/\/canal7slp.tv\/2022\/ucrania-y-rusia-acuerdan-cese-temporal-al-fuego\/","og_site_name":"Canal 7 SLP - 2022","article_publisher":"https:\/\/www.facebook.com\/noticieroscanalsiete","article_published_time":"2022-03-03T21:38:35+00:00","og_image":[{"width":1024,"height":577,"url":"https:\/\/canal7slp.tv\/2022\/wp-content\/uploads\/2022\/03\/04.jpeg","type":"image\/jpeg"}],"author":"Edici\u00f3n Web","twitter_card":"summary_large_image","twitter_creator":"@NOTICIEROS7","twitter_site":"@NOTICIEROS7","twitter_misc":{"Escrito por":"Edici\u00f3n Web","Tiempo de lectura":"1 minuto"},"schema":{"@context":"https:\/\/schema.org","@graph":[{"@type":"Article","@id":"https:\/\/canal7slp.tv\/2022\/ucrania-y-rusia-acuerdan-cese-temporal-al-fuego\/#article","isPartOf":{"@id":"https:\/\/canal7slp.tv\/2022\/ucrania-y-rusia-acuerdan-cese-temporal-al-fuego\/"},"author":{"name":"Edici\u00f3n Web","@id":"https:\/\/canal7slp.tv\/2022\/#\/schema\/person\/429704152a21f5f856ce29aa69a238da"},"headline":"Ucrania y Rusia acuerdan cese temporal al fuego","datePublished":"2022-03-03T21:38:35+00:00","mainEntityOfPage":{"@id":"https:\/\/canal7slp.tv\/2022\/ucrania-y-rusia-acuerdan-cese-temporal-al-fuego\/"},"wordCount":136,"publisher":{"@id":"https:\/\/canal7slp.tv\/2022\/#organization"},"image":{"@id":"https:\/\/canal7slp.tv\/2022\/ucrania-y-rusia-acuerdan-cese-temporal-al-fuego\/#primaryimage"},"thumbnailUrl":"https:\/\/canal7slp.tv\/2022\/wp-content\/uploads\/2022\/03\/04.jpeg","articleSection":["INTERNACIONALES"],"inLanguage":"es"},{"@type":"WebPage","@id":"https:\/\/canal7slp.tv\/2022\/ucrania-y-rusia-acuerdan-cese-temporal-al-fuego\/","url":"https:\/\/canal7slp.tv\/2022\/ucrania-y-rusia-acuerdan-cese-temporal-al-fuego\/","name":"Ucrania y Rusia acuerdan cese temporal al fuego - Canal 7 SLP - 2022","isPartOf":{"@id":"https:\/\/canal7slp.tv\/2022\/#website"},"primaryImageOfPage":{"@id":"https:\/\/canal7slp.tv\/2022\/ucrania-y-rusia-acuerdan-cese-temporal-al-fuego\/#primaryimage"},"image":{"@id":"https:\/\/canal7slp.tv\/2022\/ucrania-y-rusia-acuerdan-cese-temporal-al-fuego\/#primaryimage"},"thumbnailUrl":"https:\/\/canal7slp.tv\/2022\/wp-content\/uploads\/2022\/03\/04.jpeg","datePublished":"2022-03-03T21:38:35+00:00","breadcrumb":{"@id":"https:\/\/canal7slp.tv\/2022\/ucrania-y-rusia-acuerdan-cese-temporal-al-fuego\/#breadcrumb"},"inLanguage":"es","potentialAction":[{"@type":"ReadAction","target":["https:\/\/canal7slp.tv\/2022\/ucrania-y-rusia-acuerdan-cese-temporal-al-fuego\/"]}]},{"@type":"ImageObject","inLanguage":"es","@id":"https:\/\/canal7slp.tv\/2022\/ucrania-y-rusia-acuerdan-cese-temporal-al-fuego\/#primaryimage","url":"https:\/\/canal7slp.tv\/2022\/wp-content\/uploads\/2022\/03\/04.jpeg","contentUrl":"https:\/\/canal7slp.tv\/2022\/wp-content\/uploads\/2022\/03\/04.jpeg","width":1024,"height":577},{"@type":"BreadcrumbList","@id":"https:\/\/canal7slp.tv\/2022\/ucrania-y-rusia-acuerdan-cese-temporal-al-fuego\/#breadcrumb","itemListElement":[{"@type":"ListItem","position":1,"name":"Portada","item":"https:\/\/canal7slp.tv\/2022\/"},{"@type":"ListItem","position":2,"name":"Ucrania y Rusia acuerdan cese temporal al fuego"}]},{"@type":"WebSite","@id":"https:\/\/canal7slp.tv\/2022\/#website","url":"https:\/\/canal7slp.tv\/2022\/","name":"N7 - Noticieros Canal 7","description":"Somos Televisi\u00f3n","publisher":{"@id":"https:\/\/canal7slp.tv\/2022\/#organization"},"potentialAction":[{"@type":"SearchAction","target":{"@type":"EntryPoint","urlTemplate":"https:\/\/canal7slp.tv\/2022\/?s={search_term_string}"},"query-input":{"@type":"PropertyValueSpecification","valueRequired":true,"valueName":"search_term_string"}}],"inLanguage":"es"},{"@type":"Organization","@id":"https:\/\/canal7slp.tv\/2022\/#organization","name":"Noticieros Canal 7","url":"https:\/\/canal7slp.tv\/2022\/","logo":{"@type":"ImageObject","inLanguage":"es","@id":"https:\/\/canal7slp.tv\/2022\/#\/schema\/logo\/image\/","url":"https:\/\/canal7slp.tv\/2022\/wp-content\/uploads\/2021\/01\/logo-noticieros@2x.png","contentUrl":"https:\/\/canal7slp.tv\/2022\/wp-content\/uploads\/2021\/01\/logo-noticieros@2x.png","width":1017,"height":268,"caption":"Noticieros Canal 7"},"image":{"@id":"https:\/\/canal7slp.tv\/2022\/#\/schema\/logo\/image\/"},"sameAs":["https:\/\/www.facebook.com\/noticieroscanalsiete","https:\/\/x.com\/NOTICIEROS7","https:\/\/www.instagram.com\/canal7_slp","https:\/\/www.youtube.com\/channel\/UCliiYs-gP3JfJeqdPrNdd5A"]},{"@type":"Person","@id":"https:\/\/canal7slp.tv\/2022\/#\/schema\/person\/429704152a21f5f856ce29aa69a238da","name":"Edici\u00f3n Web","image":{"@type":"ImageObject","inLanguage":"es","@id":"https:\/\/secure.gravatar.com\/avatar\/eee448fc3f7164808013b816ba91ac7e43bbe82a70bebac296f8bc6f0addaa1a?s=96&d=mm&r=g","url":"https:\/\/secure.gravatar.com\/avatar\/eee448fc3f7164808013b816ba91ac7e43bbe82a70bebac296f8bc6f0addaa1a?s=96&d=mm&r=g","contentUrl":"https:\/\/secure.gravatar.com\/avatar\/eee448fc3f7164808013b816ba91ac7e43bbe82a70bebac296f8bc6f0addaa1a?s=96&d=mm&r=g","caption":"Edici\u00f3n Web"},"url":"https:\/\/canal7slp.tv\/2022\/author\/edicionweb\/"}]}},"amp_enabled":true,"_links":{"self":[{"href":"https:\/\/canal7slp.tv\/2022\/wp-json\/wp\/v2\/posts\/53060","targetHints":{"allow":["GET"]}}],"collection":[{"href":"https:\/\/canal7slp.tv\/2022\/wp-json\/wp\/v2\/posts"}],"about":[{"href":"https:\/\/canal7slp.tv\/2022\/wp-json\/wp\/v2\/types\/post"}],"author":[{"embeddable":true,"href":"https:\/\/canal7slp.tv\/2022\/wp-json\/wp\/v2\/users\/2"}],"replies":[{"embeddable":true,"href":"https:\/\/canal7slp.tv\/2022\/wp-json\/wp\/v2\/comments?post=53060"}],"version-history":[{"count":2,"href":"https:\/\/canal7slp.tv\/2022\/wp-json\/wp\/v2\/posts\/53060\/revisions"}],"predecessor-version":[{"id":53076,"href":"https:\/\/canal7slp.tv\/2022\/wp-json\/wp\/v2\/posts\/53060\/revisions\/53076"}],"wp:featuredmedia":[{"embeddable":true,"href":"https:\/\/canal7slp.tv\/2022\/wp-json\/wp\/v2\/media\/53072"}],"wp:attachment":[{"href":"https:\/\/canal7slp.tv\/2022\/wp-json\/wp\/v2\/media?parent=53060"}],"wp:term":[{"taxonomy":"category","embeddable":true,"href":"https:\/\/canal7slp.tv\/2022\/wp-json\/wp\/v2\/categories?post=53060"},{"taxonomy":"post_tag","embeddable":true,"href":"https:\/\/canal7slp.tv\/2022\/wp-json\/wp\/v2\/tags?post=53060"}],"curies":[{"name":"wp","href":"https:\/\/api.w.org\/{rel}","templated":true}]}}