{"id":53058,"date":"2022-03-03T15:40:10","date_gmt":"2022-03-03T21:40:10","guid":{"rendered":"https:\/\/canal7slp.tv\/2022\/?p=53058"},"modified":"2022-03-03T15:40:10","modified_gmt":"2022-03-03T21:40:10","slug":"avion-de-la-fuerza-aerea-mexicana-despega-desde-rumania-con-connacionales-repatriados","status":"publish","type":"post","link":"https:\/\/canal7slp.tv\/2022\/avion-de-la-fuerza-aerea-mexicana-despega-desde-rumania-con-connacionales-repatriados\/","title":{"rendered":"Avi\u00f3n de la Fuerza A\u00e9rea Mexicana despega desde Rumania con connacionales repatriados"},"content":{"rendered":"<p style=\"text-align: justify;\">Bucarest.- Durante la ma\u00f1ana de este 3 de marzo, despego desde Bucarest el Boeing 787-888 de la Fuerza A\u00e9rea Mexicana con 183 personas, de las cuales 44 son mexicanos, 28 ucranianos, siete ecuatorianos, un peruano y un australiano.<\/p>\n<p style=\"text-align: justify;\">Aunado a estos pasajeros, en el vuelo viaja una perrita llamada \u201cRamona\u201d, de raza salchicha.<\/p>\n<p style=\"text-align: justify;\">De acuerdo a la canciller\u00eda mexicana, los pasajeros llegaron al Aeropuerto Internacional de Bucarest, Rumania, alrededor las 5:00 de la ma\u00f1ana, tanto en autobuses que dispuso el gobierno mexicano como por su cuenta.<\/p>\n<p style=\"text-align: justify;\">Se estima que arriben a la Ciudad de M\u00e9xico este jueves por la noche.<\/p>\n","protected":false},"excerpt":{"rendered":"<p>Bucarest.- Durante la ma\u00f1ana de este 3 de marzo, despego desde Bucarest el Boeing 787-888 de la Fuerza A\u00e9rea Mexicana con 183 personas, de las cuales 44 son mexicanos, 28 ucranianos, siete ecuatorianos, un peruano y un australiano. Aunado a estos pasajeros, en el vuelo viaja una perrita llamada \u201cRamona\u201d, de raza salchicha. De acuerdo a la canciller\u00eda mexicana, los pasajeros llegaron al Aeropuerto Internacional de Bucarest, Rumania, alrededor las 5:00 de la ma\u00f1ana, tanto en autobuses que dispuso el gobierno mexicano como por su cuenta. Se estima que arriben a la Ciudad de M\u00e9xico este jueves por la noche.<\/p>\n","protected":false},"author":2,"featured_media":53070,"comment_status":"closed","ping_status":"closed","sticky":false,"template":"","format":"standard","meta":{"footnotes":""},"categories":[46],"tags":[],"class_list":["post-53058","post","type-post","status-publish","format-standard","has-post-thumbnail","hentry","category-nacional","post--single"],"yoast_head":"<!-- This site is optimized with the Yoast SEO plugin v27.4 - https:\/\/yoast.com\/product\/yoast-seo-wordpress\/ -->\n<title>Avi\u00f3n de la Fuerza A\u00e9rea Mexicana despega desde Rumania con connacionales repatriados - Canal 7 SLP - 2022<\/title>\n<meta name=\"robots\" content=\"index, follow, max-snippet:-1, max-image-preview:large, max-video-preview:-1\" \/>\n<link rel=\"canonical\" href=\"https:\/\/canal7slp.tv\/2022\/avion-de-la-fuerza-aerea-mexicana-despega-desde-rumania-con-connacionales-repatriados\/\" \/>\n<meta property=\"og:locale\" content=\"es_ES\" \/>\n<meta property=\"og:type\" content=\"article\" \/>\n<meta property=\"og:title\" content=\"Avi\u00f3n de la Fuerza A\u00e9rea Mexicana despega desde Rumania con connacionales repatriados - Canal 7 SLP - 2022\" \/>\n<meta property=\"og:description\" content=\"Bucarest.- Durante la ma\u00f1ana de este 3 de marzo, despego desde Bucarest el Boeing 787-888 de la Fuerza A\u00e9rea Mexicana con 183 personas, de las cuales 44 son mexicanos, 28 ucranianos, siete ecuatorianos, un peruano y un australiano. Aunado a estos pasajeros, en el vuelo viaja una perrita llamada \u201cRamona\u201d, de raza salchicha. De acuerdo a la canciller\u00eda mexicana, los pasajeros llegaron al Aeropuerto Internacional de Bucarest, Rumania, alrededor las 5:00 de la ma\u00f1ana, tanto en autobuses que dispuso el gobierno mexicano como por su cuenta. Se estima que arriben a la Ciudad de M\u00e9xico este jueves por la noche.\" \/>\n<meta property=\"og:url\" content=\"https:\/\/canal7slp.tv\/2022\/avion-de-la-fuerza-aerea-mexicana-despega-desde-rumania-con-connacionales-repatriados\/\" \/>\n<meta property=\"og:site_name\" content=\"Canal 7 SLP - 2022\" \/>\n<meta property=\"article:publisher\" content=\"https:\/\/www.facebook.com\/noticieroscanalsiete\" \/>\n<meta property=\"article:published_time\" content=\"2022-03-03T21:40:10+00:00\" \/>\n<meta property=\"og:image\" content=\"https:\/\/canal7slp.tv\/2022\/wp-content\/uploads\/2022\/03\/02-2.jpg\" \/>\n\t<meta property=\"og:image:width\" content=\"946\" \/>\n\t<meta property=\"og:image:height\" content=\"532\" \/>\n\t<meta property=\"og:image:type\" content=\"image\/jpeg\" \/>\n<meta name=\"author\" content=\"Edici\u00f3n Web\" \/>\n<meta name=\"twitter:card\" content=\"summary_large_image\" \/>\n<meta name=\"twitter:creator\" content=\"@NOTICIEROS7\" \/>\n<meta name=\"twitter:site\" content=\"@NOTICIEROS7\" \/>\n<meta name=\"twitter:label1\" content=\"Escrito por\" \/>\n\t<meta name=\"twitter:data1\" content=\"Edici\u00f3n Web\" \/>\n\t<meta name=\"twitter:label2\" content=\"Tiempo de lectura\" \/>\n\t<meta name=\"twitter:data2\" content=\"1 minuto\" \/>\n<script type=\"application\/ld+json\" class=\"yoast-schema-graph\">{\"@context\":\"https:\\\/\\\/schema.org\",\"@graph\":[{\"@type\":\"Article\",\"@id\":\"https:\\\/\\\/canal7slp.tv\\\/2022\\\/avion-de-la-fuerza-aerea-mexicana-despega-desde-rumania-con-connacionales-repatriados\\\/#article\",\"isPartOf\":{\"@id\":\"https:\\\/\\\/canal7slp.tv\\\/2022\\\/avion-de-la-fuerza-aerea-mexicana-despega-desde-rumania-con-connacionales-repatriados\\\/\"},\"author\":{\"name\":\"Edici\u00f3n Web\",\"@id\":\"https:\\\/\\\/canal7slp.tv\\\/2022\\\/#\\\/schema\\\/person\\\/429704152a21f5f856ce29aa69a238da\"},\"headline\":\"Avi\u00f3n de la Fuerza A\u00e9rea Mexicana despega desde Rumania con connacionales repatriados\",\"datePublished\":\"2022-03-03T21:40:10+00:00\",\"mainEntityOfPage\":{\"@id\":\"https:\\\/\\\/canal7slp.tv\\\/2022\\\/avion-de-la-fuerza-aerea-mexicana-despega-desde-rumania-con-connacionales-repatriados\\\/\"},\"wordCount\":115,\"publisher\":{\"@id\":\"https:\\\/\\\/canal7slp.tv\\\/2022\\\/#organization\"},\"image\":{\"@id\":\"https:\\\/\\\/canal7slp.tv\\\/2022\\\/avion-de-la-fuerza-aerea-mexicana-despega-desde-rumania-con-connacionales-repatriados\\\/#primaryimage\"},\"thumbnailUrl\":\"https:\\\/\\\/canal7slp.tv\\\/2022\\\/wp-content\\\/uploads\\\/2022\\\/03\\\/02-2.jpg\",\"articleSection\":[\"NACIONALES\"],\"inLanguage\":\"es\"},{\"@type\":\"WebPage\",\"@id\":\"https:\\\/\\\/canal7slp.tv\\\/2022\\\/avion-de-la-fuerza-aerea-mexicana-despega-desde-rumania-con-connacionales-repatriados\\\/\",\"url\":\"https:\\\/\\\/canal7slp.tv\\\/2022\\\/avion-de-la-fuerza-aerea-mexicana-despega-desde-rumania-con-connacionales-repatriados\\\/\",\"name\":\"Avi\u00f3n de la Fuerza A\u00e9rea Mexicana despega desde Rumania con connacionales repatriados - Canal 7 SLP - 2022\",\"isPartOf\":{\"@id\":\"https:\\\/\\\/canal7slp.tv\\\/2022\\\/#website\"},\"primaryImageOfPage\":{\"@id\":\"https:\\\/\\\/canal7slp.tv\\\/2022\\\/avion-de-la-fuerza-aerea-mexicana-despega-desde-rumania-con-connacionales-repatriados\\\/#primaryimage\"},\"image\":{\"@id\":\"https:\\\/\\\/canal7slp.tv\\\/2022\\\/avion-de-la-fuerza-aerea-mexicana-despega-desde-rumania-con-connacionales-repatriados\\\/#primaryimage\"},\"thumbnailUrl\":\"https:\\\/\\\/canal7slp.tv\\\/2022\\\/wp-content\\\/uploads\\\/2022\\\/03\\\/02-2.jpg\",\"datePublished\":\"2022-03-03T21:40:10+00:00\",\"breadcrumb\":{\"@id\":\"https:\\\/\\\/canal7slp.tv\\\/2022\\\/avion-de-la-fuerza-aerea-mexicana-despega-desde-rumania-con-connacionales-repatriados\\\/#breadcrumb\"},\"inLanguage\":\"es\",\"potentialAction\":[{\"@type\":\"ReadAction\",\"target\":[\"https:\\\/\\\/canal7slp.tv\\\/2022\\\/avion-de-la-fuerza-aerea-mexicana-despega-desde-rumania-con-connacionales-repatriados\\\/\"]}]},{\"@type\":\"ImageObject\",\"inLanguage\":\"es\",\"@id\":\"https:\\\/\\\/canal7slp.tv\\\/2022\\\/avion-de-la-fuerza-aerea-mexicana-despega-desde-rumania-con-connacionales-repatriados\\\/#primaryimage\",\"url\":\"https:\\\/\\\/canal7slp.tv\\\/2022\\\/wp-content\\\/uploads\\\/2022\\\/03\\\/02-2.jpg\",\"contentUrl\":\"https:\\\/\\\/canal7slp.tv\\\/2022\\\/wp-content\\\/uploads\\\/2022\\\/03\\\/02-2.jpg\",\"width\":946,\"height\":532},{\"@type\":\"BreadcrumbList\",\"@id\":\"https:\\\/\\\/canal7slp.tv\\\/2022\\\/avion-de-la-fuerza-aerea-mexicana-despega-desde-rumania-con-connacionales-repatriados\\\/#breadcrumb\",\"itemListElement\":[{\"@type\":\"ListItem\",\"position\":1,\"name\":\"Portada\",\"item\":\"https:\\\/\\\/canal7slp.tv\\\/2022\\\/\"},{\"@type\":\"ListItem\",\"position\":2,\"name\":\"Avi\u00f3n de la Fuerza A\u00e9rea Mexicana despega desde Rumania con connacionales repatriados\"}]},{\"@type\":\"WebSite\",\"@id\":\"https:\\\/\\\/canal7slp.tv\\\/2022\\\/#website\",\"url\":\"https:\\\/\\\/canal7slp.tv\\\/2022\\\/\",\"name\":\"N7 - Noticieros Canal 7\",\"description\":\"Somos Televisi\u00f3n\",\"publisher\":{\"@id\":\"https:\\\/\\\/canal7slp.tv\\\/2022\\\/#organization\"},\"potentialAction\":[{\"@type\":\"SearchAction\",\"target\":{\"@type\":\"EntryPoint\",\"urlTemplate\":\"https:\\\/\\\/canal7slp.tv\\\/2022\\\/?s={search_term_string}\"},\"query-input\":{\"@type\":\"PropertyValueSpecification\",\"valueRequired\":true,\"valueName\":\"search_term_string\"}}],\"inLanguage\":\"es\"},{\"@type\":\"Organization\",\"@id\":\"https:\\\/\\\/canal7slp.tv\\\/2022\\\/#organization\",\"name\":\"Noticieros Canal 7\",\"url\":\"https:\\\/\\\/canal7slp.tv\\\/2022\\\/\",\"logo\":{\"@type\":\"ImageObject\",\"inLanguage\":\"es\",\"@id\":\"https:\\\/\\\/canal7slp.tv\\\/2022\\\/#\\\/schema\\\/logo\\\/image\\\/\",\"url\":\"https:\\\/\\\/canal7slp.tv\\\/2022\\\/wp-content\\\/uploads\\\/2021\\\/01\\\/logo-noticieros@2x.png\",\"contentUrl\":\"https:\\\/\\\/canal7slp.tv\\\/2022\\\/wp-content\\\/uploads\\\/2021\\\/01\\\/logo-noticieros@2x.png\",\"width\":1017,\"height\":268,\"caption\":\"Noticieros Canal 7\"},\"image\":{\"@id\":\"https:\\\/\\\/canal7slp.tv\\\/2022\\\/#\\\/schema\\\/logo\\\/image\\\/\"},\"sameAs\":[\"https:\\\/\\\/www.facebook.com\\\/noticieroscanalsiete\",\"https:\\\/\\\/x.com\\\/NOTICIEROS7\",\"https:\\\/\\\/www.instagram.com\\\/canal7_slp\",\"https:\\\/\\\/www.youtube.com\\\/channel\\\/UCliiYs-gP3JfJeqdPrNdd5A\"]},{\"@type\":\"Person\",\"@id\":\"https:\\\/\\\/canal7slp.tv\\\/2022\\\/#\\\/schema\\\/person\\\/429704152a21f5f856ce29aa69a238da\",\"name\":\"Edici\u00f3n Web\",\"image\":{\"@type\":\"ImageObject\",\"inLanguage\":\"es\",\"@id\":\"https:\\\/\\\/secure.gravatar.com\\\/avatar\\\/eee448fc3f7164808013b816ba91ac7e43bbe82a70bebac296f8bc6f0addaa1a?s=96&d=mm&r=g\",\"url\":\"https:\\\/\\\/secure.gravatar.com\\\/avatar\\\/eee448fc3f7164808013b816ba91ac7e43bbe82a70bebac296f8bc6f0addaa1a?s=96&d=mm&r=g\",\"contentUrl\":\"https:\\\/\\\/secure.gravatar.com\\\/avatar\\\/eee448fc3f7164808013b816ba91ac7e43bbe82a70bebac296f8bc6f0addaa1a?s=96&d=mm&r=g\",\"caption\":\"Edici\u00f3n Web\"},\"url\":\"https:\\\/\\\/canal7slp.tv\\\/2022\\\/author\\\/edicionweb\\\/\"}]}<\/script>\n<!-- \/ Yoast SEO plugin. -->","yoast_head_json":{"title":"Avi\u00f3n de la Fuerza A\u00e9rea Mexicana despega desde Rumania con connacionales repatriados - Canal 7 SLP - 2022","robots":{"index":"index","follow":"follow","max-snippet":"max-snippet:-1","max-image-preview":"max-image-preview:large","max-video-preview":"max-video-preview:-1"},"canonical":"https:\/\/canal7slp.tv\/2022\/avion-de-la-fuerza-aerea-mexicana-despega-desde-rumania-con-connacionales-repatriados\/","og_locale":"es_ES","og_type":"article","og_title":"Avi\u00f3n de la Fuerza A\u00e9rea Mexicana despega desde Rumania con connacionales repatriados - Canal 7 SLP - 2022","og_description":"Bucarest.- Durante la ma\u00f1ana de este 3 de marzo, despego desde Bucarest el Boeing 787-888 de la Fuerza A\u00e9rea Mexicana con 183 personas, de las cuales 44 son mexicanos, 28 ucranianos, siete ecuatorianos, un peruano y un australiano. Aunado a estos pasajeros, en el vuelo viaja una perrita llamada \u201cRamona\u201d, de raza salchicha. De acuerdo a la canciller\u00eda mexicana, los pasajeros llegaron al Aeropuerto Internacional de Bucarest, Rumania, alrededor las 5:00 de la ma\u00f1ana, tanto en autobuses que dispuso el gobierno mexicano como por su cuenta. Se estima que arriben a la Ciudad de M\u00e9xico este jueves por la noche.","og_url":"https:\/\/canal7slp.tv\/2022\/avion-de-la-fuerza-aerea-mexicana-despega-desde-rumania-con-connacionales-repatriados\/","og_site_name":"Canal 7 SLP - 2022","article_publisher":"https:\/\/www.facebook.com\/noticieroscanalsiete","article_published_time":"2022-03-03T21:40:10+00:00","og_image":[{"width":946,"height":532,"url":"https:\/\/canal7slp.tv\/2022\/wp-content\/uploads\/2022\/03\/02-2.jpg","type":"image\/jpeg"}],"author":"Edici\u00f3n Web","twitter_card":"summary_large_image","twitter_creator":"@NOTICIEROS7","twitter_site":"@NOTICIEROS7","twitter_misc":{"Escrito por":"Edici\u00f3n Web","Tiempo de lectura":"1 minuto"},"schema":{"@context":"https:\/\/schema.org","@graph":[{"@type":"Article","@id":"https:\/\/canal7slp.tv\/2022\/avion-de-la-fuerza-aerea-mexicana-despega-desde-rumania-con-connacionales-repatriados\/#article","isPartOf":{"@id":"https:\/\/canal7slp.tv\/2022\/avion-de-la-fuerza-aerea-mexicana-despega-desde-rumania-con-connacionales-repatriados\/"},"author":{"name":"Edici\u00f3n Web","@id":"https:\/\/canal7slp.tv\/2022\/#\/schema\/person\/429704152a21f5f856ce29aa69a238da"},"headline":"Avi\u00f3n de la Fuerza A\u00e9rea Mexicana despega desde Rumania con connacionales repatriados","datePublished":"2022-03-03T21:40:10+00:00","mainEntityOfPage":{"@id":"https:\/\/canal7slp.tv\/2022\/avion-de-la-fuerza-aerea-mexicana-despega-desde-rumania-con-connacionales-repatriados\/"},"wordCount":115,"publisher":{"@id":"https:\/\/canal7slp.tv\/2022\/#organization"},"image":{"@id":"https:\/\/canal7slp.tv\/2022\/avion-de-la-fuerza-aerea-mexicana-despega-desde-rumania-con-connacionales-repatriados\/#primaryimage"},"thumbnailUrl":"https:\/\/canal7slp.tv\/2022\/wp-content\/uploads\/2022\/03\/02-2.jpg","articleSection":["NACIONALES"],"inLanguage":"es"},{"@type":"WebPage","@id":"https:\/\/canal7slp.tv\/2022\/avion-de-la-fuerza-aerea-mexicana-despega-desde-rumania-con-connacionales-repatriados\/","url":"https:\/\/canal7slp.tv\/2022\/avion-de-la-fuerza-aerea-mexicana-despega-desde-rumania-con-connacionales-repatriados\/","name":"Avi\u00f3n de la Fuerza A\u00e9rea Mexicana despega desde Rumania con connacionales repatriados - Canal 7 SLP - 2022","isPartOf":{"@id":"https:\/\/canal7slp.tv\/2022\/#website"},"primaryImageOfPage":{"@id":"https:\/\/canal7slp.tv\/2022\/avion-de-la-fuerza-aerea-mexicana-despega-desde-rumania-con-connacionales-repatriados\/#primaryimage"},"image":{"@id":"https:\/\/canal7slp.tv\/2022\/avion-de-la-fuerza-aerea-mexicana-despega-desde-rumania-con-connacionales-repatriados\/#primaryimage"},"thumbnailUrl":"https:\/\/canal7slp.tv\/2022\/wp-content\/uploads\/2022\/03\/02-2.jpg","datePublished":"2022-03-03T21:40:10+00:00","breadcrumb":{"@id":"https:\/\/canal7slp.tv\/2022\/avion-de-la-fuerza-aerea-mexicana-despega-desde-rumania-con-connacionales-repatriados\/#breadcrumb"},"inLanguage":"es","potentialAction":[{"@type":"ReadAction","target":["https:\/\/canal7slp.tv\/2022\/avion-de-la-fuerza-aerea-mexicana-despega-desde-rumania-con-connacionales-repatriados\/"]}]},{"@type":"ImageObject","inLanguage":"es","@id":"https:\/\/canal7slp.tv\/2022\/avion-de-la-fuerza-aerea-mexicana-despega-desde-rumania-con-connacionales-repatriados\/#primaryimage","url":"https:\/\/canal7slp.tv\/2022\/wp-content\/uploads\/2022\/03\/02-2.jpg","contentUrl":"https:\/\/canal7slp.tv\/2022\/wp-content\/uploads\/2022\/03\/02-2.jpg","width":946,"height":532},{"@type":"BreadcrumbList","@id":"https:\/\/canal7slp.tv\/2022\/avion-de-la-fuerza-aerea-mexicana-despega-desde-rumania-con-connacionales-repatriados\/#breadcrumb","itemListElement":[{"@type":"ListItem","position":1,"name":"Portada","item":"https:\/\/canal7slp.tv\/2022\/"},{"@type":"ListItem","position":2,"name":"Avi\u00f3n de la Fuerza A\u00e9rea Mexicana despega desde Rumania con connacionales repatriados"}]},{"@type":"WebSite","@id":"https:\/\/canal7slp.tv\/2022\/#website","url":"https:\/\/canal7slp.tv\/2022\/","name":"N7 - Noticieros Canal 7","description":"Somos Televisi\u00f3n","publisher":{"@id":"https:\/\/canal7slp.tv\/2022\/#organization"},"potentialAction":[{"@type":"SearchAction","target":{"@type":"EntryPoint","urlTemplate":"https:\/\/canal7slp.tv\/2022\/?s={search_term_string}"},"query-input":{"@type":"PropertyValueSpecification","valueRequired":true,"valueName":"search_term_string"}}],"inLanguage":"es"},{"@type":"Organization","@id":"https:\/\/canal7slp.tv\/2022\/#organization","name":"Noticieros Canal 7","url":"https:\/\/canal7slp.tv\/2022\/","logo":{"@type":"ImageObject","inLanguage":"es","@id":"https:\/\/canal7slp.tv\/2022\/#\/schema\/logo\/image\/","url":"https:\/\/canal7slp.tv\/2022\/wp-content\/uploads\/2021\/01\/logo-noticieros@2x.png","contentUrl":"https:\/\/canal7slp.tv\/2022\/wp-content\/uploads\/2021\/01\/logo-noticieros@2x.png","width":1017,"height":268,"caption":"Noticieros Canal 7"},"image":{"@id":"https:\/\/canal7slp.tv\/2022\/#\/schema\/logo\/image\/"},"sameAs":["https:\/\/www.facebook.com\/noticieroscanalsiete","https:\/\/x.com\/NOTICIEROS7","https:\/\/www.instagram.com\/canal7_slp","https:\/\/www.youtube.com\/channel\/UCliiYs-gP3JfJeqdPrNdd5A"]},{"@type":"Person","@id":"https:\/\/canal7slp.tv\/2022\/#\/schema\/person\/429704152a21f5f856ce29aa69a238da","name":"Edici\u00f3n Web","image":{"@type":"ImageObject","inLanguage":"es","@id":"https:\/\/secure.gravatar.com\/avatar\/eee448fc3f7164808013b816ba91ac7e43bbe82a70bebac296f8bc6f0addaa1a?s=96&d=mm&r=g","url":"https:\/\/secure.gravatar.com\/avatar\/eee448fc3f7164808013b816ba91ac7e43bbe82a70bebac296f8bc6f0addaa1a?s=96&d=mm&r=g","contentUrl":"https:\/\/secure.gravatar.com\/avatar\/eee448fc3f7164808013b816ba91ac7e43bbe82a70bebac296f8bc6f0addaa1a?s=96&d=mm&r=g","caption":"Edici\u00f3n Web"},"url":"https:\/\/canal7slp.tv\/2022\/author\/edicionweb\/"}]}},"amp_enabled":true,"_links":{"self":[{"href":"https:\/\/canal7slp.tv\/2022\/wp-json\/wp\/v2\/posts\/53058","targetHints":{"allow":["GET"]}}],"collection":[{"href":"https:\/\/canal7slp.tv\/2022\/wp-json\/wp\/v2\/posts"}],"about":[{"href":"https:\/\/canal7slp.tv\/2022\/wp-json\/wp\/v2\/types\/post"}],"author":[{"embeddable":true,"href":"https:\/\/canal7slp.tv\/2022\/wp-json\/wp\/v2\/users\/2"}],"replies":[{"embeddable":true,"href":"https:\/\/canal7slp.tv\/2022\/wp-json\/wp\/v2\/comments?post=53058"}],"version-history":[{"count":1,"href":"https:\/\/canal7slp.tv\/2022\/wp-json\/wp\/v2\/posts\/53058\/revisions"}],"predecessor-version":[{"id":53064,"href":"https:\/\/canal7slp.tv\/2022\/wp-json\/wp\/v2\/posts\/53058\/revisions\/53064"}],"wp:featuredmedia":[{"embeddable":true,"href":"https:\/\/canal7slp.tv\/2022\/wp-json\/wp\/v2\/media\/53070"}],"wp:attachment":[{"href":"https:\/\/canal7slp.tv\/2022\/wp-json\/wp\/v2\/media?parent=53058"}],"wp:term":[{"taxonomy":"category","embeddable":true,"href":"https:\/\/canal7slp.tv\/2022\/wp-json\/wp\/v2\/categories?post=53058"},{"taxonomy":"post_tag","embeddable":true,"href":"https:\/\/canal7slp.tv\/2022\/wp-json\/wp\/v2\/tags?post=53058"}],"curies":[{"name":"wp","href":"https:\/\/api.w.org\/{rel}","templated":true}]}}