{"id":53057,"date":"2022-03-03T15:40:14","date_gmt":"2022-03-03T21:40:14","guid":{"rendered":"https:\/\/canal7slp.tv\/2022\/?p=53057"},"modified":"2022-03-03T15:40:14","modified_gmt":"2022-03-03T21:40:14","slug":"se-registra-sismo-de-5-7-grados-en-veracruz","status":"publish","type":"post","link":"https:\/\/canal7slp.tv\/2022\/se-registra-sismo-de-5-7-grados-en-veracruz\/","title":{"rendered":"Se registra sismo de 5.7 grados en Veracruz"},"content":{"rendered":"<p style=\"text-align: justify;\">Isla.- El Servicio Sismol\u00f3gico Nacional (SSN) inform\u00f3 que alrededor de las 8:40 de la ma\u00f1ana registr\u00f3 un sismo de 5.7 grados de magnitud al sureste de Veracruz.<\/p>\n<p style=\"text-align: justify;\">De acuerdo con el organismo, el epicentro del movimiento tel\u00farico estuvo localizado a 14 kil\u00f3metros al norte del municipio de Isla, con latitud 18.15 y longitud -95.51 a una profundidad de 113 kil\u00f3metros.<\/p>\n<p style=\"text-align: justify;\">Cabe se\u00f1alar que no se han reportado victimas ni da\u00f1os materiales.<\/p>\n<p style=\"text-align: justify;\">De acuerdo con usuarios de Redes Sociales, el temblor se sinti\u00f3 en los estados de Guerrero, Morelos, Puebla, Tlaxcala, Oaxaca, Estado de M\u00e9xico y la Ciudad de M\u00e9xico.<\/p>\n<p style=\"text-align: justify;\">Aunado a esto, personal del Metro de la Ciudad M\u00e9xico indici\u00f3 que debido a que el sismo fue perceptible en la entidad, se llevar\u00e1 a cabo un protocolo de revisi\u00f3n de las estaciones de la Red Metro.<\/p>\n","protected":false},"excerpt":{"rendered":"<p>Isla.- El Servicio Sismol\u00f3gico Nacional (SSN) inform\u00f3 que alrededor de las 8:40 de la ma\u00f1ana registr\u00f3 un sismo de 5.7 grados de magnitud al sureste de Veracruz. De acuerdo con el organismo, el epicentro del movimiento tel\u00farico estuvo localizado a 14 kil\u00f3metros al norte del municipio de Isla, con latitud 18.15 y longitud -95.51 a una profundidad de 113 kil\u00f3metros. Cabe se\u00f1alar que no se han reportado victimas ni da\u00f1os materiales. De acuerdo con usuarios de Redes Sociales, el temblor se sinti\u00f3 en los estados de Guerrero, Morelos, Puebla, Tlaxcala, Oaxaca, Estado de M\u00e9xico y la Ciudad de M\u00e9xico. Aunado [&hellip;]<\/p>\n","protected":false},"author":2,"featured_media":53069,"comment_status":"closed","ping_status":"closed","sticky":false,"template":"","format":"standard","meta":{"footnotes":""},"categories":[46],"tags":[],"class_list":["post-53057","post","type-post","status-publish","format-standard","has-post-thumbnail","hentry","category-nacional","post--single"],"yoast_head":"<!-- This site is optimized with the Yoast SEO plugin v27.4 - https:\/\/yoast.com\/product\/yoast-seo-wordpress\/ -->\n<title>Se registra sismo de 5.7 grados en Veracruz - Canal 7 SLP - 2022<\/title>\n<meta name=\"robots\" content=\"index, follow, max-snippet:-1, max-image-preview:large, max-video-preview:-1\" \/>\n<link rel=\"canonical\" href=\"https:\/\/canal7slp.tv\/2022\/se-registra-sismo-de-5-7-grados-en-veracruz\/\" \/>\n<meta property=\"og:locale\" content=\"es_ES\" \/>\n<meta property=\"og:type\" content=\"article\" \/>\n<meta property=\"og:title\" content=\"Se registra sismo de 5.7 grados en Veracruz - Canal 7 SLP - 2022\" \/>\n<meta property=\"og:description\" content=\"Isla.- El Servicio Sismol\u00f3gico Nacional (SSN) inform\u00f3 que alrededor de las 8:40 de la ma\u00f1ana registr\u00f3 un sismo de 5.7 grados de magnitud al sureste de Veracruz. De acuerdo con el organismo, el epicentro del movimiento tel\u00farico estuvo localizado a 14 kil\u00f3metros al norte del municipio de Isla, con latitud 18.15 y longitud -95.51 a una profundidad de 113 kil\u00f3metros. Cabe se\u00f1alar que no se han reportado victimas ni da\u00f1os materiales. De acuerdo con usuarios de Redes Sociales, el temblor se sinti\u00f3 en los estados de Guerrero, Morelos, Puebla, Tlaxcala, Oaxaca, Estado de M\u00e9xico y la Ciudad de M\u00e9xico. Aunado [&hellip;]\" \/>\n<meta property=\"og:url\" content=\"https:\/\/canal7slp.tv\/2022\/se-registra-sismo-de-5-7-grados-en-veracruz\/\" \/>\n<meta property=\"og:site_name\" content=\"Canal 7 SLP - 2022\" \/>\n<meta property=\"article:publisher\" content=\"https:\/\/www.facebook.com\/noticieroscanalsiete\" \/>\n<meta property=\"article:published_time\" content=\"2022-03-03T21:40:14+00:00\" \/>\n<meta property=\"og:image\" content=\"https:\/\/canal7slp.tv\/2022\/wp-content\/uploads\/2022\/03\/01.png\" \/>\n\t<meta property=\"og:image:width\" content=\"500\" \/>\n\t<meta property=\"og:image:height\" content=\"300\" \/>\n\t<meta property=\"og:image:type\" content=\"image\/png\" \/>\n<meta name=\"author\" content=\"Edici\u00f3n Web\" \/>\n<meta name=\"twitter:card\" content=\"summary_large_image\" \/>\n<meta name=\"twitter:creator\" content=\"@NOTICIEROS7\" \/>\n<meta name=\"twitter:site\" content=\"@NOTICIEROS7\" \/>\n<meta name=\"twitter:label1\" content=\"Escrito por\" \/>\n\t<meta name=\"twitter:data1\" content=\"Edici\u00f3n Web\" \/>\n\t<meta name=\"twitter:label2\" content=\"Tiempo de lectura\" \/>\n\t<meta name=\"twitter:data2\" content=\"1 minuto\" \/>\n<script type=\"application\/ld+json\" class=\"yoast-schema-graph\">{\"@context\":\"https:\\\/\\\/schema.org\",\"@graph\":[{\"@type\":\"Article\",\"@id\":\"https:\\\/\\\/canal7slp.tv\\\/2022\\\/se-registra-sismo-de-5-7-grados-en-veracruz\\\/#article\",\"isPartOf\":{\"@id\":\"https:\\\/\\\/canal7slp.tv\\\/2022\\\/se-registra-sismo-de-5-7-grados-en-veracruz\\\/\"},\"author\":{\"name\":\"Edici\u00f3n Web\",\"@id\":\"https:\\\/\\\/canal7slp.tv\\\/2022\\\/#\\\/schema\\\/person\\\/429704152a21f5f856ce29aa69a238da\"},\"headline\":\"Se registra sismo de 5.7 grados en Veracruz\",\"datePublished\":\"2022-03-03T21:40:14+00:00\",\"mainEntityOfPage\":{\"@id\":\"https:\\\/\\\/canal7slp.tv\\\/2022\\\/se-registra-sismo-de-5-7-grados-en-veracruz\\\/\"},\"wordCount\":150,\"publisher\":{\"@id\":\"https:\\\/\\\/canal7slp.tv\\\/2022\\\/#organization\"},\"image\":{\"@id\":\"https:\\\/\\\/canal7slp.tv\\\/2022\\\/se-registra-sismo-de-5-7-grados-en-veracruz\\\/#primaryimage\"},\"thumbnailUrl\":\"https:\\\/\\\/canal7slp.tv\\\/2022\\\/wp-content\\\/uploads\\\/2022\\\/03\\\/01.png\",\"articleSection\":[\"NACIONALES\"],\"inLanguage\":\"es\"},{\"@type\":\"WebPage\",\"@id\":\"https:\\\/\\\/canal7slp.tv\\\/2022\\\/se-registra-sismo-de-5-7-grados-en-veracruz\\\/\",\"url\":\"https:\\\/\\\/canal7slp.tv\\\/2022\\\/se-registra-sismo-de-5-7-grados-en-veracruz\\\/\",\"name\":\"Se registra sismo de 5.7 grados en Veracruz - Canal 7 SLP - 2022\",\"isPartOf\":{\"@id\":\"https:\\\/\\\/canal7slp.tv\\\/2022\\\/#website\"},\"primaryImageOfPage\":{\"@id\":\"https:\\\/\\\/canal7slp.tv\\\/2022\\\/se-registra-sismo-de-5-7-grados-en-veracruz\\\/#primaryimage\"},\"image\":{\"@id\":\"https:\\\/\\\/canal7slp.tv\\\/2022\\\/se-registra-sismo-de-5-7-grados-en-veracruz\\\/#primaryimage\"},\"thumbnailUrl\":\"https:\\\/\\\/canal7slp.tv\\\/2022\\\/wp-content\\\/uploads\\\/2022\\\/03\\\/01.png\",\"datePublished\":\"2022-03-03T21:40:14+00:00\",\"breadcrumb\":{\"@id\":\"https:\\\/\\\/canal7slp.tv\\\/2022\\\/se-registra-sismo-de-5-7-grados-en-veracruz\\\/#breadcrumb\"},\"inLanguage\":\"es\",\"potentialAction\":[{\"@type\":\"ReadAction\",\"target\":[\"https:\\\/\\\/canal7slp.tv\\\/2022\\\/se-registra-sismo-de-5-7-grados-en-veracruz\\\/\"]}]},{\"@type\":\"ImageObject\",\"inLanguage\":\"es\",\"@id\":\"https:\\\/\\\/canal7slp.tv\\\/2022\\\/se-registra-sismo-de-5-7-grados-en-veracruz\\\/#primaryimage\",\"url\":\"https:\\\/\\\/canal7slp.tv\\\/2022\\\/wp-content\\\/uploads\\\/2022\\\/03\\\/01.png\",\"contentUrl\":\"https:\\\/\\\/canal7slp.tv\\\/2022\\\/wp-content\\\/uploads\\\/2022\\\/03\\\/01.png\",\"width\":500,\"height\":300},{\"@type\":\"BreadcrumbList\",\"@id\":\"https:\\\/\\\/canal7slp.tv\\\/2022\\\/se-registra-sismo-de-5-7-grados-en-veracruz\\\/#breadcrumb\",\"itemListElement\":[{\"@type\":\"ListItem\",\"position\":1,\"name\":\"Portada\",\"item\":\"https:\\\/\\\/canal7slp.tv\\\/2022\\\/\"},{\"@type\":\"ListItem\",\"position\":2,\"name\":\"Se registra sismo de 5.7 grados en Veracruz\"}]},{\"@type\":\"WebSite\",\"@id\":\"https:\\\/\\\/canal7slp.tv\\\/2022\\\/#website\",\"url\":\"https:\\\/\\\/canal7slp.tv\\\/2022\\\/\",\"name\":\"N7 - Noticieros Canal 7\",\"description\":\"Somos Televisi\u00f3n\",\"publisher\":{\"@id\":\"https:\\\/\\\/canal7slp.tv\\\/2022\\\/#organization\"},\"potentialAction\":[{\"@type\":\"SearchAction\",\"target\":{\"@type\":\"EntryPoint\",\"urlTemplate\":\"https:\\\/\\\/canal7slp.tv\\\/2022\\\/?s={search_term_string}\"},\"query-input\":{\"@type\":\"PropertyValueSpecification\",\"valueRequired\":true,\"valueName\":\"search_term_string\"}}],\"inLanguage\":\"es\"},{\"@type\":\"Organization\",\"@id\":\"https:\\\/\\\/canal7slp.tv\\\/2022\\\/#organization\",\"name\":\"Noticieros Canal 7\",\"url\":\"https:\\\/\\\/canal7slp.tv\\\/2022\\\/\",\"logo\":{\"@type\":\"ImageObject\",\"inLanguage\":\"es\",\"@id\":\"https:\\\/\\\/canal7slp.tv\\\/2022\\\/#\\\/schema\\\/logo\\\/image\\\/\",\"url\":\"https:\\\/\\\/canal7slp.tv\\\/2022\\\/wp-content\\\/uploads\\\/2021\\\/01\\\/logo-noticieros@2x.png\",\"contentUrl\":\"https:\\\/\\\/canal7slp.tv\\\/2022\\\/wp-content\\\/uploads\\\/2021\\\/01\\\/logo-noticieros@2x.png\",\"width\":1017,\"height\":268,\"caption\":\"Noticieros Canal 7\"},\"image\":{\"@id\":\"https:\\\/\\\/canal7slp.tv\\\/2022\\\/#\\\/schema\\\/logo\\\/image\\\/\"},\"sameAs\":[\"https:\\\/\\\/www.facebook.com\\\/noticieroscanalsiete\",\"https:\\\/\\\/x.com\\\/NOTICIEROS7\",\"https:\\\/\\\/www.instagram.com\\\/canal7_slp\",\"https:\\\/\\\/www.youtube.com\\\/channel\\\/UCliiYs-gP3JfJeqdPrNdd5A\"]},{\"@type\":\"Person\",\"@id\":\"https:\\\/\\\/canal7slp.tv\\\/2022\\\/#\\\/schema\\\/person\\\/429704152a21f5f856ce29aa69a238da\",\"name\":\"Edici\u00f3n Web\",\"image\":{\"@type\":\"ImageObject\",\"inLanguage\":\"es\",\"@id\":\"https:\\\/\\\/secure.gravatar.com\\\/avatar\\\/eee448fc3f7164808013b816ba91ac7e43bbe82a70bebac296f8bc6f0addaa1a?s=96&d=mm&r=g\",\"url\":\"https:\\\/\\\/secure.gravatar.com\\\/avatar\\\/eee448fc3f7164808013b816ba91ac7e43bbe82a70bebac296f8bc6f0addaa1a?s=96&d=mm&r=g\",\"contentUrl\":\"https:\\\/\\\/secure.gravatar.com\\\/avatar\\\/eee448fc3f7164808013b816ba91ac7e43bbe82a70bebac296f8bc6f0addaa1a?s=96&d=mm&r=g\",\"caption\":\"Edici\u00f3n Web\"},\"url\":\"https:\\\/\\\/canal7slp.tv\\\/2022\\\/author\\\/edicionweb\\\/\"}]}<\/script>\n<!-- \/ Yoast SEO plugin. -->","yoast_head_json":{"title":"Se registra sismo de 5.7 grados en Veracruz - Canal 7 SLP - 2022","robots":{"index":"index","follow":"follow","max-snippet":"max-snippet:-1","max-image-preview":"max-image-preview:large","max-video-preview":"max-video-preview:-1"},"canonical":"https:\/\/canal7slp.tv\/2022\/se-registra-sismo-de-5-7-grados-en-veracruz\/","og_locale":"es_ES","og_type":"article","og_title":"Se registra sismo de 5.7 grados en Veracruz - Canal 7 SLP - 2022","og_description":"Isla.- El Servicio Sismol\u00f3gico Nacional (SSN) inform\u00f3 que alrededor de las 8:40 de la ma\u00f1ana registr\u00f3 un sismo de 5.7 grados de magnitud al sureste de Veracruz. De acuerdo con el organismo, el epicentro del movimiento tel\u00farico estuvo localizado a 14 kil\u00f3metros al norte del municipio de Isla, con latitud 18.15 y longitud -95.51 a una profundidad de 113 kil\u00f3metros. Cabe se\u00f1alar que no se han reportado victimas ni da\u00f1os materiales. De acuerdo con usuarios de Redes Sociales, el temblor se sinti\u00f3 en los estados de Guerrero, Morelos, Puebla, Tlaxcala, Oaxaca, Estado de M\u00e9xico y la Ciudad de M\u00e9xico. Aunado [&hellip;]","og_url":"https:\/\/canal7slp.tv\/2022\/se-registra-sismo-de-5-7-grados-en-veracruz\/","og_site_name":"Canal 7 SLP - 2022","article_publisher":"https:\/\/www.facebook.com\/noticieroscanalsiete","article_published_time":"2022-03-03T21:40:14+00:00","og_image":[{"width":500,"height":300,"url":"https:\/\/canal7slp.tv\/2022\/wp-content\/uploads\/2022\/03\/01.png","type":"image\/png"}],"author":"Edici\u00f3n Web","twitter_card":"summary_large_image","twitter_creator":"@NOTICIEROS7","twitter_site":"@NOTICIEROS7","twitter_misc":{"Escrito por":"Edici\u00f3n Web","Tiempo de lectura":"1 minuto"},"schema":{"@context":"https:\/\/schema.org","@graph":[{"@type":"Article","@id":"https:\/\/canal7slp.tv\/2022\/se-registra-sismo-de-5-7-grados-en-veracruz\/#article","isPartOf":{"@id":"https:\/\/canal7slp.tv\/2022\/se-registra-sismo-de-5-7-grados-en-veracruz\/"},"author":{"name":"Edici\u00f3n Web","@id":"https:\/\/canal7slp.tv\/2022\/#\/schema\/person\/429704152a21f5f856ce29aa69a238da"},"headline":"Se registra sismo de 5.7 grados en Veracruz","datePublished":"2022-03-03T21:40:14+00:00","mainEntityOfPage":{"@id":"https:\/\/canal7slp.tv\/2022\/se-registra-sismo-de-5-7-grados-en-veracruz\/"},"wordCount":150,"publisher":{"@id":"https:\/\/canal7slp.tv\/2022\/#organization"},"image":{"@id":"https:\/\/canal7slp.tv\/2022\/se-registra-sismo-de-5-7-grados-en-veracruz\/#primaryimage"},"thumbnailUrl":"https:\/\/canal7slp.tv\/2022\/wp-content\/uploads\/2022\/03\/01.png","articleSection":["NACIONALES"],"inLanguage":"es"},{"@type":"WebPage","@id":"https:\/\/canal7slp.tv\/2022\/se-registra-sismo-de-5-7-grados-en-veracruz\/","url":"https:\/\/canal7slp.tv\/2022\/se-registra-sismo-de-5-7-grados-en-veracruz\/","name":"Se registra sismo de 5.7 grados en Veracruz - Canal 7 SLP - 2022","isPartOf":{"@id":"https:\/\/canal7slp.tv\/2022\/#website"},"primaryImageOfPage":{"@id":"https:\/\/canal7slp.tv\/2022\/se-registra-sismo-de-5-7-grados-en-veracruz\/#primaryimage"},"image":{"@id":"https:\/\/canal7slp.tv\/2022\/se-registra-sismo-de-5-7-grados-en-veracruz\/#primaryimage"},"thumbnailUrl":"https:\/\/canal7slp.tv\/2022\/wp-content\/uploads\/2022\/03\/01.png","datePublished":"2022-03-03T21:40:14+00:00","breadcrumb":{"@id":"https:\/\/canal7slp.tv\/2022\/se-registra-sismo-de-5-7-grados-en-veracruz\/#breadcrumb"},"inLanguage":"es","potentialAction":[{"@type":"ReadAction","target":["https:\/\/canal7slp.tv\/2022\/se-registra-sismo-de-5-7-grados-en-veracruz\/"]}]},{"@type":"ImageObject","inLanguage":"es","@id":"https:\/\/canal7slp.tv\/2022\/se-registra-sismo-de-5-7-grados-en-veracruz\/#primaryimage","url":"https:\/\/canal7slp.tv\/2022\/wp-content\/uploads\/2022\/03\/01.png","contentUrl":"https:\/\/canal7slp.tv\/2022\/wp-content\/uploads\/2022\/03\/01.png","width":500,"height":300},{"@type":"BreadcrumbList","@id":"https:\/\/canal7slp.tv\/2022\/se-registra-sismo-de-5-7-grados-en-veracruz\/#breadcrumb","itemListElement":[{"@type":"ListItem","position":1,"name":"Portada","item":"https:\/\/canal7slp.tv\/2022\/"},{"@type":"ListItem","position":2,"name":"Se registra sismo de 5.7 grados en Veracruz"}]},{"@type":"WebSite","@id":"https:\/\/canal7slp.tv\/2022\/#website","url":"https:\/\/canal7slp.tv\/2022\/","name":"N7 - Noticieros Canal 7","description":"Somos Televisi\u00f3n","publisher":{"@id":"https:\/\/canal7slp.tv\/2022\/#organization"},"potentialAction":[{"@type":"SearchAction","target":{"@type":"EntryPoint","urlTemplate":"https:\/\/canal7slp.tv\/2022\/?s={search_term_string}"},"query-input":{"@type":"PropertyValueSpecification","valueRequired":true,"valueName":"search_term_string"}}],"inLanguage":"es"},{"@type":"Organization","@id":"https:\/\/canal7slp.tv\/2022\/#organization","name":"Noticieros Canal 7","url":"https:\/\/canal7slp.tv\/2022\/","logo":{"@type":"ImageObject","inLanguage":"es","@id":"https:\/\/canal7slp.tv\/2022\/#\/schema\/logo\/image\/","url":"https:\/\/canal7slp.tv\/2022\/wp-content\/uploads\/2021\/01\/logo-noticieros@2x.png","contentUrl":"https:\/\/canal7slp.tv\/2022\/wp-content\/uploads\/2021\/01\/logo-noticieros@2x.png","width":1017,"height":268,"caption":"Noticieros Canal 7"},"image":{"@id":"https:\/\/canal7slp.tv\/2022\/#\/schema\/logo\/image\/"},"sameAs":["https:\/\/www.facebook.com\/noticieroscanalsiete","https:\/\/x.com\/NOTICIEROS7","https:\/\/www.instagram.com\/canal7_slp","https:\/\/www.youtube.com\/channel\/UCliiYs-gP3JfJeqdPrNdd5A"]},{"@type":"Person","@id":"https:\/\/canal7slp.tv\/2022\/#\/schema\/person\/429704152a21f5f856ce29aa69a238da","name":"Edici\u00f3n Web","image":{"@type":"ImageObject","inLanguage":"es","@id":"https:\/\/secure.gravatar.com\/avatar\/eee448fc3f7164808013b816ba91ac7e43bbe82a70bebac296f8bc6f0addaa1a?s=96&d=mm&r=g","url":"https:\/\/secure.gravatar.com\/avatar\/eee448fc3f7164808013b816ba91ac7e43bbe82a70bebac296f8bc6f0addaa1a?s=96&d=mm&r=g","contentUrl":"https:\/\/secure.gravatar.com\/avatar\/eee448fc3f7164808013b816ba91ac7e43bbe82a70bebac296f8bc6f0addaa1a?s=96&d=mm&r=g","caption":"Edici\u00f3n Web"},"url":"https:\/\/canal7slp.tv\/2022\/author\/edicionweb\/"}]}},"amp_enabled":true,"_links":{"self":[{"href":"https:\/\/canal7slp.tv\/2022\/wp-json\/wp\/v2\/posts\/53057","targetHints":{"allow":["GET"]}}],"collection":[{"href":"https:\/\/canal7slp.tv\/2022\/wp-json\/wp\/v2\/posts"}],"about":[{"href":"https:\/\/canal7slp.tv\/2022\/wp-json\/wp\/v2\/types\/post"}],"author":[{"embeddable":true,"href":"https:\/\/canal7slp.tv\/2022\/wp-json\/wp\/v2\/users\/2"}],"replies":[{"embeddable":true,"href":"https:\/\/canal7slp.tv\/2022\/wp-json\/wp\/v2\/comments?post=53057"}],"version-history":[{"count":3,"href":"https:\/\/canal7slp.tv\/2022\/wp-json\/wp\/v2\/posts\/53057\/revisions"}],"predecessor-version":[{"id":53082,"href":"https:\/\/canal7slp.tv\/2022\/wp-json\/wp\/v2\/posts\/53057\/revisions\/53082"}],"wp:featuredmedia":[{"embeddable":true,"href":"https:\/\/canal7slp.tv\/2022\/wp-json\/wp\/v2\/media\/53069"}],"wp:attachment":[{"href":"https:\/\/canal7slp.tv\/2022\/wp-json\/wp\/v2\/media?parent=53057"}],"wp:term":[{"taxonomy":"category","embeddable":true,"href":"https:\/\/canal7slp.tv\/2022\/wp-json\/wp\/v2\/categories?post=53057"},{"taxonomy":"post_tag","embeddable":true,"href":"https:\/\/canal7slp.tv\/2022\/wp-json\/wp\/v2\/tags?post=53057"}],"curies":[{"name":"wp","href":"https:\/\/api.w.org\/{rel}","templated":true}]}}