{"id":52955,"date":"2022-03-02T18:47:57","date_gmt":"2022-03-03T00:47:57","guid":{"rendered":"https:\/\/canal7slp.tv\/2022\/?p=52955"},"modified":"2022-03-02T18:47:57","modified_gmt":"2022-03-03T00:47:57","slug":"celebran-el-tradicional-miercoles-de-ceniza-en-matehuala","status":"publish","type":"post","link":"https:\/\/canal7slp.tv\/2022\/celebran-el-tradicional-miercoles-de-ceniza-en-matehuala\/","title":{"rendered":"Celebran el tradicional Mi\u00e9rcoles de Ceniza en Matehuala."},"content":{"rendered":"<p style=\"text-align: justify;\">Matehuala.- Intentando acatar las medidas sanitarias impuestas por el sector salud, se llev\u00f3 a cabo el tradicional mi\u00e9rcoles de ceniza en la Catedral de Matehuala.<\/p>\n<p style=\"text-align: justify;\">Fue ah\u00ed donde el sacerdote Gustavo Tapia, explic\u00f3 el significado de la tradici\u00f3n cat\u00f3lica, \u201cla ceniza significa que nosotros somos polvo, tal cual, del polvo fuimos hechos y en polvo vamos a volver, significa que sin la gracia de Dios que nos form\u00f3 del polvo y nos dio la vida no somos nada, m\u00e1s que tierra\u201d, dijo.<\/p>\n<p style=\"text-align: justify;\">Con ceremonias de media hora, debido a la contingencia, fue como los feligreses asistieron a tomar la ceniza, sin embargo, para el sacerdote, la cuaresma debe ir m\u00e1s all\u00e1 del cambio de h\u00e1bitos.<\/p>\n<p style=\"text-align: justify;\">\u201cLa cuaresma es algo m\u00e1s que cambiar nuestro modo de alimentarnos, cambiamos a comer nopales, camarones, pescado, invitarles a que haya un cambio en su coraz\u00f3n, no solamente en lo que comen, que cambien sus sentimientos y la forma en la que tratan a las personas\u201d, coment\u00f3.<\/p>\n<p style=\"text-align: justify;\">Ayuno, reflexi\u00f3n y la caridad, son los tres ejes por los cuales debe encaminarse la cuaresma, as\u00ed lo asegur\u00f3 Tapia, \u201cestas tres cosas que la iglesia propone son fundamentales para reconstruir nuestras relaciones humanas, para volver a Dios, a nuestros hermanos, para renovar nuestra vida\u201d, finaliz\u00f3.<\/p>\n<p style=\"text-align: justify;\">Por: Jes\u00fas Valencia<\/p>\n","protected":false},"excerpt":{"rendered":"<p>Matehuala.- Intentando acatar las medidas sanitarias impuestas por el sector salud, se llev\u00f3 a cabo el tradicional mi\u00e9rcoles de ceniza en la Catedral de Matehuala. Fue ah\u00ed donde el sacerdote Gustavo Tapia, explic\u00f3 el significado de la tradici\u00f3n cat\u00f3lica, \u201cla ceniza significa que nosotros somos polvo, tal cual, del polvo fuimos hechos y en polvo vamos a volver, significa que sin la gracia de Dios que nos form\u00f3 del polvo y nos dio la vida no somos nada, m\u00e1s que tierra\u201d, dijo. Con ceremonias de media hora, debido a la contingencia, fue como los feligreses asistieron a tomar la ceniza, [&hellip;]<\/p>\n","protected":false},"author":2,"featured_media":52956,"comment_status":"closed","ping_status":"closed","sticky":false,"template":"","format":"video","meta":{"footnotes":""},"categories":[5,43],"tags":[],"class_list":["post-52955","post","type-post","status-publish","format-video","has-post-thumbnail","hentry","category-destacadas","category-interior","post_format-post-format-video","post--single"],"yoast_head":"<!-- This site is optimized with the Yoast SEO plugin v27.4 - https:\/\/yoast.com\/product\/yoast-seo-wordpress\/ -->\n<title>Celebran el tradicional Mi\u00e9rcoles de Ceniza en Matehuala. - Canal 7 SLP - 2022<\/title>\n<meta name=\"robots\" content=\"index, follow, max-snippet:-1, max-image-preview:large, max-video-preview:-1\" \/>\n<link rel=\"canonical\" href=\"https:\/\/canal7slp.tv\/2022\/celebran-el-tradicional-miercoles-de-ceniza-en-matehuala\/\" \/>\n<meta property=\"og:locale\" content=\"es_ES\" \/>\n<meta property=\"og:type\" content=\"article\" \/>\n<meta property=\"og:title\" content=\"Celebran el tradicional Mi\u00e9rcoles de Ceniza en Matehuala. - Canal 7 SLP - 2022\" \/>\n<meta property=\"og:description\" content=\"Matehuala.- Intentando acatar las medidas sanitarias impuestas por el sector salud, se llev\u00f3 a cabo el tradicional mi\u00e9rcoles de ceniza en la Catedral de Matehuala. Fue ah\u00ed donde el sacerdote Gustavo Tapia, explic\u00f3 el significado de la tradici\u00f3n cat\u00f3lica, \u201cla ceniza significa que nosotros somos polvo, tal cual, del polvo fuimos hechos y en polvo vamos a volver, significa que sin la gracia de Dios que nos form\u00f3 del polvo y nos dio la vida no somos nada, m\u00e1s que tierra\u201d, dijo. Con ceremonias de media hora, debido a la contingencia, fue como los feligreses asistieron a tomar la ceniza, [&hellip;]\" \/>\n<meta property=\"og:url\" content=\"https:\/\/canal7slp.tv\/2022\/celebran-el-tradicional-miercoles-de-ceniza-en-matehuala\/\" \/>\n<meta property=\"og:site_name\" content=\"Canal 7 SLP - 2022\" \/>\n<meta property=\"article:publisher\" content=\"https:\/\/www.facebook.com\/noticieroscanalsiete\" \/>\n<meta property=\"article:published_time\" content=\"2022-03-03T00:47:57+00:00\" \/>\n<meta property=\"og:image\" content=\"https:\/\/canal7slp.tv\/2022\/wp-content\/uploads\/2022\/03\/Valencia01Celebran.jpg\" \/>\n\t<meta property=\"og:image:width\" content=\"888\" \/>\n\t<meta property=\"og:image:height\" content=\"500\" \/>\n\t<meta property=\"og:image:type\" content=\"image\/jpeg\" \/>\n<meta name=\"author\" content=\"Edici\u00f3n Web\" \/>\n<meta name=\"twitter:card\" content=\"summary_large_image\" \/>\n<meta name=\"twitter:creator\" content=\"@NOTICIEROS7\" \/>\n<meta name=\"twitter:site\" content=\"@NOTICIEROS7\" \/>\n<meta name=\"twitter:label1\" content=\"Escrito por\" \/>\n\t<meta name=\"twitter:data1\" content=\"Edici\u00f3n Web\" \/>\n\t<meta name=\"twitter:label2\" content=\"Tiempo de lectura\" \/>\n\t<meta name=\"twitter:data2\" content=\"1 minuto\" \/>\n<script type=\"application\/ld+json\" class=\"yoast-schema-graph\">{\"@context\":\"https:\\\/\\\/schema.org\",\"@graph\":[{\"@type\":\"Article\",\"@id\":\"https:\\\/\\\/canal7slp.tv\\\/2022\\\/celebran-el-tradicional-miercoles-de-ceniza-en-matehuala\\\/#article\",\"isPartOf\":{\"@id\":\"https:\\\/\\\/canal7slp.tv\\\/2022\\\/celebran-el-tradicional-miercoles-de-ceniza-en-matehuala\\\/\"},\"author\":{\"name\":\"Edici\u00f3n Web\",\"@id\":\"https:\\\/\\\/canal7slp.tv\\\/2022\\\/#\\\/schema\\\/person\\\/429704152a21f5f856ce29aa69a238da\"},\"headline\":\"Celebran el tradicional Mi\u00e9rcoles de Ceniza en Matehuala.\",\"datePublished\":\"2022-03-03T00:47:57+00:00\",\"mainEntityOfPage\":{\"@id\":\"https:\\\/\\\/canal7slp.tv\\\/2022\\\/celebran-el-tradicional-miercoles-de-ceniza-en-matehuala\\\/\"},\"wordCount\":231,\"publisher\":{\"@id\":\"https:\\\/\\\/canal7slp.tv\\\/2022\\\/#organization\"},\"image\":{\"@id\":\"https:\\\/\\\/canal7slp.tv\\\/2022\\\/celebran-el-tradicional-miercoles-de-ceniza-en-matehuala\\\/#primaryimage\"},\"thumbnailUrl\":\"https:\\\/\\\/canal7slp.tv\\\/2022\\\/wp-content\\\/uploads\\\/2022\\\/03\\\/Valencia01Celebran.jpg\",\"articleSection\":[\"DESTACADAS\",\"INTERIOR DEL ESTADO\"],\"inLanguage\":\"es\"},{\"@type\":\"WebPage\",\"@id\":\"https:\\\/\\\/canal7slp.tv\\\/2022\\\/celebran-el-tradicional-miercoles-de-ceniza-en-matehuala\\\/\",\"url\":\"https:\\\/\\\/canal7slp.tv\\\/2022\\\/celebran-el-tradicional-miercoles-de-ceniza-en-matehuala\\\/\",\"name\":\"Celebran el tradicional Mi\u00e9rcoles de Ceniza en Matehuala. - Canal 7 SLP - 2022\",\"isPartOf\":{\"@id\":\"https:\\\/\\\/canal7slp.tv\\\/2022\\\/#website\"},\"primaryImageOfPage\":{\"@id\":\"https:\\\/\\\/canal7slp.tv\\\/2022\\\/celebran-el-tradicional-miercoles-de-ceniza-en-matehuala\\\/#primaryimage\"},\"image\":{\"@id\":\"https:\\\/\\\/canal7slp.tv\\\/2022\\\/celebran-el-tradicional-miercoles-de-ceniza-en-matehuala\\\/#primaryimage\"},\"thumbnailUrl\":\"https:\\\/\\\/canal7slp.tv\\\/2022\\\/wp-content\\\/uploads\\\/2022\\\/03\\\/Valencia01Celebran.jpg\",\"datePublished\":\"2022-03-03T00:47:57+00:00\",\"breadcrumb\":{\"@id\":\"https:\\\/\\\/canal7slp.tv\\\/2022\\\/celebran-el-tradicional-miercoles-de-ceniza-en-matehuala\\\/#breadcrumb\"},\"inLanguage\":\"es\",\"potentialAction\":[{\"@type\":\"ReadAction\",\"target\":[\"https:\\\/\\\/canal7slp.tv\\\/2022\\\/celebran-el-tradicional-miercoles-de-ceniza-en-matehuala\\\/\"]}]},{\"@type\":\"ImageObject\",\"inLanguage\":\"es\",\"@id\":\"https:\\\/\\\/canal7slp.tv\\\/2022\\\/celebran-el-tradicional-miercoles-de-ceniza-en-matehuala\\\/#primaryimage\",\"url\":\"https:\\\/\\\/canal7slp.tv\\\/2022\\\/wp-content\\\/uploads\\\/2022\\\/03\\\/Valencia01Celebran.jpg\",\"contentUrl\":\"https:\\\/\\\/canal7slp.tv\\\/2022\\\/wp-content\\\/uploads\\\/2022\\\/03\\\/Valencia01Celebran.jpg\",\"width\":888,\"height\":500},{\"@type\":\"BreadcrumbList\",\"@id\":\"https:\\\/\\\/canal7slp.tv\\\/2022\\\/celebran-el-tradicional-miercoles-de-ceniza-en-matehuala\\\/#breadcrumb\",\"itemListElement\":[{\"@type\":\"ListItem\",\"position\":1,\"name\":\"Portada\",\"item\":\"https:\\\/\\\/canal7slp.tv\\\/2022\\\/\"},{\"@type\":\"ListItem\",\"position\":2,\"name\":\"Celebran el tradicional Mi\u00e9rcoles de Ceniza en Matehuala.\"}]},{\"@type\":\"WebSite\",\"@id\":\"https:\\\/\\\/canal7slp.tv\\\/2022\\\/#website\",\"url\":\"https:\\\/\\\/canal7slp.tv\\\/2022\\\/\",\"name\":\"N7 - Noticieros Canal 7\",\"description\":\"Somos Televisi\u00f3n\",\"publisher\":{\"@id\":\"https:\\\/\\\/canal7slp.tv\\\/2022\\\/#organization\"},\"potentialAction\":[{\"@type\":\"SearchAction\",\"target\":{\"@type\":\"EntryPoint\",\"urlTemplate\":\"https:\\\/\\\/canal7slp.tv\\\/2022\\\/?s={search_term_string}\"},\"query-input\":{\"@type\":\"PropertyValueSpecification\",\"valueRequired\":true,\"valueName\":\"search_term_string\"}}],\"inLanguage\":\"es\"},{\"@type\":\"Organization\",\"@id\":\"https:\\\/\\\/canal7slp.tv\\\/2022\\\/#organization\",\"name\":\"Noticieros Canal 7\",\"url\":\"https:\\\/\\\/canal7slp.tv\\\/2022\\\/\",\"logo\":{\"@type\":\"ImageObject\",\"inLanguage\":\"es\",\"@id\":\"https:\\\/\\\/canal7slp.tv\\\/2022\\\/#\\\/schema\\\/logo\\\/image\\\/\",\"url\":\"https:\\\/\\\/canal7slp.tv\\\/2022\\\/wp-content\\\/uploads\\\/2021\\\/01\\\/logo-noticieros@2x.png\",\"contentUrl\":\"https:\\\/\\\/canal7slp.tv\\\/2022\\\/wp-content\\\/uploads\\\/2021\\\/01\\\/logo-noticieros@2x.png\",\"width\":1017,\"height\":268,\"caption\":\"Noticieros Canal 7\"},\"image\":{\"@id\":\"https:\\\/\\\/canal7slp.tv\\\/2022\\\/#\\\/schema\\\/logo\\\/image\\\/\"},\"sameAs\":[\"https:\\\/\\\/www.facebook.com\\\/noticieroscanalsiete\",\"https:\\\/\\\/x.com\\\/NOTICIEROS7\",\"https:\\\/\\\/www.instagram.com\\\/canal7_slp\",\"https:\\\/\\\/www.youtube.com\\\/channel\\\/UCliiYs-gP3JfJeqdPrNdd5A\"]},{\"@type\":\"Person\",\"@id\":\"https:\\\/\\\/canal7slp.tv\\\/2022\\\/#\\\/schema\\\/person\\\/429704152a21f5f856ce29aa69a238da\",\"name\":\"Edici\u00f3n Web\",\"image\":{\"@type\":\"ImageObject\",\"inLanguage\":\"es\",\"@id\":\"https:\\\/\\\/secure.gravatar.com\\\/avatar\\\/eee448fc3f7164808013b816ba91ac7e43bbe82a70bebac296f8bc6f0addaa1a?s=96&d=mm&r=g\",\"url\":\"https:\\\/\\\/secure.gravatar.com\\\/avatar\\\/eee448fc3f7164808013b816ba91ac7e43bbe82a70bebac296f8bc6f0addaa1a?s=96&d=mm&r=g\",\"contentUrl\":\"https:\\\/\\\/secure.gravatar.com\\\/avatar\\\/eee448fc3f7164808013b816ba91ac7e43bbe82a70bebac296f8bc6f0addaa1a?s=96&d=mm&r=g\",\"caption\":\"Edici\u00f3n Web\"},\"url\":\"https:\\\/\\\/canal7slp.tv\\\/2022\\\/author\\\/edicionweb\\\/\"}]}<\/script>\n<!-- \/ Yoast SEO plugin. -->","yoast_head_json":{"title":"Celebran el tradicional Mi\u00e9rcoles de Ceniza en Matehuala. - Canal 7 SLP - 2022","robots":{"index":"index","follow":"follow","max-snippet":"max-snippet:-1","max-image-preview":"max-image-preview:large","max-video-preview":"max-video-preview:-1"},"canonical":"https:\/\/canal7slp.tv\/2022\/celebran-el-tradicional-miercoles-de-ceniza-en-matehuala\/","og_locale":"es_ES","og_type":"article","og_title":"Celebran el tradicional Mi\u00e9rcoles de Ceniza en Matehuala. - Canal 7 SLP - 2022","og_description":"Matehuala.- Intentando acatar las medidas sanitarias impuestas por el sector salud, se llev\u00f3 a cabo el tradicional mi\u00e9rcoles de ceniza en la Catedral de Matehuala. Fue ah\u00ed donde el sacerdote Gustavo Tapia, explic\u00f3 el significado de la tradici\u00f3n cat\u00f3lica, \u201cla ceniza significa que nosotros somos polvo, tal cual, del polvo fuimos hechos y en polvo vamos a volver, significa que sin la gracia de Dios que nos form\u00f3 del polvo y nos dio la vida no somos nada, m\u00e1s que tierra\u201d, dijo. Con ceremonias de media hora, debido a la contingencia, fue como los feligreses asistieron a tomar la ceniza, [&hellip;]","og_url":"https:\/\/canal7slp.tv\/2022\/celebran-el-tradicional-miercoles-de-ceniza-en-matehuala\/","og_site_name":"Canal 7 SLP - 2022","article_publisher":"https:\/\/www.facebook.com\/noticieroscanalsiete","article_published_time":"2022-03-03T00:47:57+00:00","og_image":[{"width":888,"height":500,"url":"https:\/\/canal7slp.tv\/2022\/wp-content\/uploads\/2022\/03\/Valencia01Celebran.jpg","type":"image\/jpeg"}],"author":"Edici\u00f3n Web","twitter_card":"summary_large_image","twitter_creator":"@NOTICIEROS7","twitter_site":"@NOTICIEROS7","twitter_misc":{"Escrito por":"Edici\u00f3n Web","Tiempo de lectura":"1 minuto"},"schema":{"@context":"https:\/\/schema.org","@graph":[{"@type":"Article","@id":"https:\/\/canal7slp.tv\/2022\/celebran-el-tradicional-miercoles-de-ceniza-en-matehuala\/#article","isPartOf":{"@id":"https:\/\/canal7slp.tv\/2022\/celebran-el-tradicional-miercoles-de-ceniza-en-matehuala\/"},"author":{"name":"Edici\u00f3n Web","@id":"https:\/\/canal7slp.tv\/2022\/#\/schema\/person\/429704152a21f5f856ce29aa69a238da"},"headline":"Celebran el tradicional Mi\u00e9rcoles de Ceniza en Matehuala.","datePublished":"2022-03-03T00:47:57+00:00","mainEntityOfPage":{"@id":"https:\/\/canal7slp.tv\/2022\/celebran-el-tradicional-miercoles-de-ceniza-en-matehuala\/"},"wordCount":231,"publisher":{"@id":"https:\/\/canal7slp.tv\/2022\/#organization"},"image":{"@id":"https:\/\/canal7slp.tv\/2022\/celebran-el-tradicional-miercoles-de-ceniza-en-matehuala\/#primaryimage"},"thumbnailUrl":"https:\/\/canal7slp.tv\/2022\/wp-content\/uploads\/2022\/03\/Valencia01Celebran.jpg","articleSection":["DESTACADAS","INTERIOR DEL ESTADO"],"inLanguage":"es"},{"@type":"WebPage","@id":"https:\/\/canal7slp.tv\/2022\/celebran-el-tradicional-miercoles-de-ceniza-en-matehuala\/","url":"https:\/\/canal7slp.tv\/2022\/celebran-el-tradicional-miercoles-de-ceniza-en-matehuala\/","name":"Celebran el tradicional Mi\u00e9rcoles de Ceniza en Matehuala. - Canal 7 SLP - 2022","isPartOf":{"@id":"https:\/\/canal7slp.tv\/2022\/#website"},"primaryImageOfPage":{"@id":"https:\/\/canal7slp.tv\/2022\/celebran-el-tradicional-miercoles-de-ceniza-en-matehuala\/#primaryimage"},"image":{"@id":"https:\/\/canal7slp.tv\/2022\/celebran-el-tradicional-miercoles-de-ceniza-en-matehuala\/#primaryimage"},"thumbnailUrl":"https:\/\/canal7slp.tv\/2022\/wp-content\/uploads\/2022\/03\/Valencia01Celebran.jpg","datePublished":"2022-03-03T00:47:57+00:00","breadcrumb":{"@id":"https:\/\/canal7slp.tv\/2022\/celebran-el-tradicional-miercoles-de-ceniza-en-matehuala\/#breadcrumb"},"inLanguage":"es","potentialAction":[{"@type":"ReadAction","target":["https:\/\/canal7slp.tv\/2022\/celebran-el-tradicional-miercoles-de-ceniza-en-matehuala\/"]}]},{"@type":"ImageObject","inLanguage":"es","@id":"https:\/\/canal7slp.tv\/2022\/celebran-el-tradicional-miercoles-de-ceniza-en-matehuala\/#primaryimage","url":"https:\/\/canal7slp.tv\/2022\/wp-content\/uploads\/2022\/03\/Valencia01Celebran.jpg","contentUrl":"https:\/\/canal7slp.tv\/2022\/wp-content\/uploads\/2022\/03\/Valencia01Celebran.jpg","width":888,"height":500},{"@type":"BreadcrumbList","@id":"https:\/\/canal7slp.tv\/2022\/celebran-el-tradicional-miercoles-de-ceniza-en-matehuala\/#breadcrumb","itemListElement":[{"@type":"ListItem","position":1,"name":"Portada","item":"https:\/\/canal7slp.tv\/2022\/"},{"@type":"ListItem","position":2,"name":"Celebran el tradicional Mi\u00e9rcoles de Ceniza en Matehuala."}]},{"@type":"WebSite","@id":"https:\/\/canal7slp.tv\/2022\/#website","url":"https:\/\/canal7slp.tv\/2022\/","name":"N7 - Noticieros Canal 7","description":"Somos Televisi\u00f3n","publisher":{"@id":"https:\/\/canal7slp.tv\/2022\/#organization"},"potentialAction":[{"@type":"SearchAction","target":{"@type":"EntryPoint","urlTemplate":"https:\/\/canal7slp.tv\/2022\/?s={search_term_string}"},"query-input":{"@type":"PropertyValueSpecification","valueRequired":true,"valueName":"search_term_string"}}],"inLanguage":"es"},{"@type":"Organization","@id":"https:\/\/canal7slp.tv\/2022\/#organization","name":"Noticieros Canal 7","url":"https:\/\/canal7slp.tv\/2022\/","logo":{"@type":"ImageObject","inLanguage":"es","@id":"https:\/\/canal7slp.tv\/2022\/#\/schema\/logo\/image\/","url":"https:\/\/canal7slp.tv\/2022\/wp-content\/uploads\/2021\/01\/logo-noticieros@2x.png","contentUrl":"https:\/\/canal7slp.tv\/2022\/wp-content\/uploads\/2021\/01\/logo-noticieros@2x.png","width":1017,"height":268,"caption":"Noticieros Canal 7"},"image":{"@id":"https:\/\/canal7slp.tv\/2022\/#\/schema\/logo\/image\/"},"sameAs":["https:\/\/www.facebook.com\/noticieroscanalsiete","https:\/\/x.com\/NOTICIEROS7","https:\/\/www.instagram.com\/canal7_slp","https:\/\/www.youtube.com\/channel\/UCliiYs-gP3JfJeqdPrNdd5A"]},{"@type":"Person","@id":"https:\/\/canal7slp.tv\/2022\/#\/schema\/person\/429704152a21f5f856ce29aa69a238da","name":"Edici\u00f3n Web","image":{"@type":"ImageObject","inLanguage":"es","@id":"https:\/\/secure.gravatar.com\/avatar\/eee448fc3f7164808013b816ba91ac7e43bbe82a70bebac296f8bc6f0addaa1a?s=96&d=mm&r=g","url":"https:\/\/secure.gravatar.com\/avatar\/eee448fc3f7164808013b816ba91ac7e43bbe82a70bebac296f8bc6f0addaa1a?s=96&d=mm&r=g","contentUrl":"https:\/\/secure.gravatar.com\/avatar\/eee448fc3f7164808013b816ba91ac7e43bbe82a70bebac296f8bc6f0addaa1a?s=96&d=mm&r=g","caption":"Edici\u00f3n Web"},"url":"https:\/\/canal7slp.tv\/2022\/author\/edicionweb\/"}]}},"amp_enabled":true,"_links":{"self":[{"href":"https:\/\/canal7slp.tv\/2022\/wp-json\/wp\/v2\/posts\/52955","targetHints":{"allow":["GET"]}}],"collection":[{"href":"https:\/\/canal7slp.tv\/2022\/wp-json\/wp\/v2\/posts"}],"about":[{"href":"https:\/\/canal7slp.tv\/2022\/wp-json\/wp\/v2\/types\/post"}],"author":[{"embeddable":true,"href":"https:\/\/canal7slp.tv\/2022\/wp-json\/wp\/v2\/users\/2"}],"replies":[{"embeddable":true,"href":"https:\/\/canal7slp.tv\/2022\/wp-json\/wp\/v2\/comments?post=52955"}],"version-history":[{"count":1,"href":"https:\/\/canal7slp.tv\/2022\/wp-json\/wp\/v2\/posts\/52955\/revisions"}],"predecessor-version":[{"id":52957,"href":"https:\/\/canal7slp.tv\/2022\/wp-json\/wp\/v2\/posts\/52955\/revisions\/52957"}],"wp:featuredmedia":[{"embeddable":true,"href":"https:\/\/canal7slp.tv\/2022\/wp-json\/wp\/v2\/media\/52956"}],"wp:attachment":[{"href":"https:\/\/canal7slp.tv\/2022\/wp-json\/wp\/v2\/media?parent=52955"}],"wp:term":[{"taxonomy":"category","embeddable":true,"href":"https:\/\/canal7slp.tv\/2022\/wp-json\/wp\/v2\/categories?post=52955"},{"taxonomy":"post_tag","embeddable":true,"href":"https:\/\/canal7slp.tv\/2022\/wp-json\/wp\/v2\/tags?post=52955"}],"curies":[{"name":"wp","href":"https:\/\/api.w.org\/{rel}","templated":true}]}}