{"id":52945,"date":"2022-03-03T05:55:10","date_gmt":"2022-03-03T11:55:10","guid":{"rendered":"https:\/\/canal7slp.tv\/2022\/?p=52945"},"modified":"2022-03-03T05:55:10","modified_gmt":"2022-03-03T11:55:10","slug":"tepjf-desecha-impugnacion-en-contra-de-acuerdo-sobre-proceso-de-revocacion-de-mandato","status":"publish","type":"post","link":"https:\/\/canal7slp.tv\/2022\/tepjf-desecha-impugnacion-en-contra-de-acuerdo-sobre-proceso-de-revocacion-de-mandato\/","title":{"rendered":"TEPJF desecha impugnaci\u00f3n en contra de acuerdo sobre proceso de Revocaci\u00f3n de Mandato."},"content":{"rendered":"<p style=\"text-align: justify;\">SLP.- La Sala Superior del Tribunal Electoral del Poder Judicial de la Federaci\u00f3n desech\u00f3 este mi\u00e9rcoles la impugnaci\u00f3n presentada por el diputado local del PRI, Edmundo Torrescano Medina, en contra del acuerdo decretado por el Instituto Nacional Electoral sobre el proceso de revocaci\u00f3n de mandato.<\/p>\n<p style=\"text-align: justify;\">Y es que a ra\u00edz de este acuerdo el INE decret\u00f3 tambi\u00e9n una veda electoral en donde se proh\u00edbe todo tipo de propaganda y publicidad gubernamental y que en su querella, el diputado argumenta que coarta su libertad de expresi\u00f3n y difusi\u00f3n de su quehacer legislativo.<\/p>\n<p style=\"text-align: justify;\">Sin embargo, en la sesi\u00f3n plenaria del Tribunal Electoral del Poder Judicial de la Federaci\u00f3n , el cuerpo colegiado aprob\u00f3 por mayor\u00eda ratificar lo acordado por el organismo electoral debido a que la prohibici\u00f3n no le impide al diputado del PRI, una restricci\u00f3n absoluta para expresarse.<\/p>\n<p style=\"text-align: justify;\">El resolutivo de este \u00f3rgano jurisdiccional establece que Torrescano Medina puede expresarse libremente sobre los temas que desee, siempre y cuando no hable de propaganda gubernamental como lo establece la prohibici\u00f3n.<\/p>\n<p style=\"text-align: justify;\">Por: Claudio Ibarra<\/p>\n","protected":false},"excerpt":{"rendered":"<p>SLP.- La Sala Superior del Tribunal Electoral del Poder Judicial de la Federaci\u00f3n desech\u00f3 este mi\u00e9rcoles la impugnaci\u00f3n presentada por el diputado local del PRI, Edmundo Torrescano Medina, en contra del acuerdo decretado por el Instituto Nacional Electoral sobre el proceso de revocaci\u00f3n de mandato. Y es que a ra\u00edz de este acuerdo el INE decret\u00f3 tambi\u00e9n una veda electoral en donde se proh\u00edbe todo tipo de propaganda y publicidad gubernamental y que en su querella, el diputado argumenta que coarta su libertad de expresi\u00f3n y difusi\u00f3n de su quehacer legislativo. Sin embargo, en la sesi\u00f3n plenaria del Tribunal Electoral [&hellip;]<\/p>\n","protected":false},"author":2,"featured_media":53007,"comment_status":"closed","ping_status":"closed","sticky":false,"template":"","format":"video","meta":{"footnotes":""},"categories":[5,45],"tags":[],"class_list":["post-52945","post","type-post","status-publish","format-video","has-post-thumbnail","hentry","category-destacadas","category-localesyregionales","post_format-post-format-video","post--single"],"yoast_head":"<!-- This site is optimized with the Yoast SEO plugin v27.4 - https:\/\/yoast.com\/product\/yoast-seo-wordpress\/ -->\n<title>TEPJF desecha impugnaci\u00f3n en contra de acuerdo sobre proceso de Revocaci\u00f3n de Mandato. - Canal 7 SLP - 2022<\/title>\n<meta name=\"robots\" content=\"index, follow, max-snippet:-1, max-image-preview:large, max-video-preview:-1\" \/>\n<link rel=\"canonical\" href=\"https:\/\/canal7slp.tv\/2022\/tepjf-desecha-impugnacion-en-contra-de-acuerdo-sobre-proceso-de-revocacion-de-mandato\/\" \/>\n<meta property=\"og:locale\" content=\"es_ES\" \/>\n<meta property=\"og:type\" content=\"article\" \/>\n<meta property=\"og:title\" content=\"TEPJF desecha impugnaci\u00f3n en contra de acuerdo sobre proceso de Revocaci\u00f3n de Mandato. - Canal 7 SLP - 2022\" \/>\n<meta property=\"og:description\" content=\"SLP.- La Sala Superior del Tribunal Electoral del Poder Judicial de la Federaci\u00f3n desech\u00f3 este mi\u00e9rcoles la impugnaci\u00f3n presentada por el diputado local del PRI, Edmundo Torrescano Medina, en contra del acuerdo decretado por el Instituto Nacional Electoral sobre el proceso de revocaci\u00f3n de mandato. Y es que a ra\u00edz de este acuerdo el INE decret\u00f3 tambi\u00e9n una veda electoral en donde se proh\u00edbe todo tipo de propaganda y publicidad gubernamental y que en su querella, el diputado argumenta que coarta su libertad de expresi\u00f3n y difusi\u00f3n de su quehacer legislativo. Sin embargo, en la sesi\u00f3n plenaria del Tribunal Electoral [&hellip;]\" \/>\n<meta property=\"og:url\" content=\"https:\/\/canal7slp.tv\/2022\/tepjf-desecha-impugnacion-en-contra-de-acuerdo-sobre-proceso-de-revocacion-de-mandato\/\" \/>\n<meta property=\"og:site_name\" content=\"Canal 7 SLP - 2022\" \/>\n<meta property=\"article:publisher\" content=\"https:\/\/www.facebook.com\/noticieroscanalsiete\" \/>\n<meta property=\"article:published_time\" content=\"2022-03-03T11:55:10+00:00\" \/>\n<meta property=\"og:image\" content=\"https:\/\/canal7slp.tv\/2022\/wp-content\/uploads\/2022\/03\/Claudio04Fallo.jpg\" \/>\n\t<meta property=\"og:image:width\" content=\"888\" \/>\n\t<meta property=\"og:image:height\" content=\"500\" \/>\n\t<meta property=\"og:image:type\" content=\"image\/jpeg\" \/>\n<meta name=\"author\" content=\"Edici\u00f3n Web\" \/>\n<meta name=\"twitter:card\" content=\"summary_large_image\" \/>\n<meta name=\"twitter:creator\" content=\"@NOTICIEROS7\" \/>\n<meta name=\"twitter:site\" content=\"@NOTICIEROS7\" \/>\n<meta name=\"twitter:label1\" content=\"Escrito por\" \/>\n\t<meta name=\"twitter:data1\" content=\"Edici\u00f3n Web\" \/>\n\t<meta name=\"twitter:label2\" content=\"Tiempo de lectura\" \/>\n\t<meta name=\"twitter:data2\" content=\"1 minuto\" \/>\n<script type=\"application\/ld+json\" class=\"yoast-schema-graph\">{\"@context\":\"https:\\\/\\\/schema.org\",\"@graph\":[{\"@type\":\"Article\",\"@id\":\"https:\\\/\\\/canal7slp.tv\\\/2022\\\/tepjf-desecha-impugnacion-en-contra-de-acuerdo-sobre-proceso-de-revocacion-de-mandato\\\/#article\",\"isPartOf\":{\"@id\":\"https:\\\/\\\/canal7slp.tv\\\/2022\\\/tepjf-desecha-impugnacion-en-contra-de-acuerdo-sobre-proceso-de-revocacion-de-mandato\\\/\"},\"author\":{\"name\":\"Edici\u00f3n Web\",\"@id\":\"https:\\\/\\\/canal7slp.tv\\\/2022\\\/#\\\/schema\\\/person\\\/429704152a21f5f856ce29aa69a238da\"},\"headline\":\"TEPJF desecha impugnaci\u00f3n en contra de acuerdo sobre proceso de Revocaci\u00f3n de Mandato.\",\"datePublished\":\"2022-03-03T11:55:10+00:00\",\"mainEntityOfPage\":{\"@id\":\"https:\\\/\\\/canal7slp.tv\\\/2022\\\/tepjf-desecha-impugnacion-en-contra-de-acuerdo-sobre-proceso-de-revocacion-de-mandato\\\/\"},\"wordCount\":201,\"publisher\":{\"@id\":\"https:\\\/\\\/canal7slp.tv\\\/2022\\\/#organization\"},\"image\":{\"@id\":\"https:\\\/\\\/canal7slp.tv\\\/2022\\\/tepjf-desecha-impugnacion-en-contra-de-acuerdo-sobre-proceso-de-revocacion-de-mandato\\\/#primaryimage\"},\"thumbnailUrl\":\"https:\\\/\\\/canal7slp.tv\\\/2022\\\/wp-content\\\/uploads\\\/2022\\\/03\\\/Claudio04Fallo.jpg\",\"articleSection\":[\"DESTACADAS\",\"LOCALES Y REGIONALES\"],\"inLanguage\":\"es\"},{\"@type\":\"WebPage\",\"@id\":\"https:\\\/\\\/canal7slp.tv\\\/2022\\\/tepjf-desecha-impugnacion-en-contra-de-acuerdo-sobre-proceso-de-revocacion-de-mandato\\\/\",\"url\":\"https:\\\/\\\/canal7slp.tv\\\/2022\\\/tepjf-desecha-impugnacion-en-contra-de-acuerdo-sobre-proceso-de-revocacion-de-mandato\\\/\",\"name\":\"TEPJF desecha impugnaci\u00f3n en contra de acuerdo sobre proceso de Revocaci\u00f3n de Mandato. - Canal 7 SLP - 2022\",\"isPartOf\":{\"@id\":\"https:\\\/\\\/canal7slp.tv\\\/2022\\\/#website\"},\"primaryImageOfPage\":{\"@id\":\"https:\\\/\\\/canal7slp.tv\\\/2022\\\/tepjf-desecha-impugnacion-en-contra-de-acuerdo-sobre-proceso-de-revocacion-de-mandato\\\/#primaryimage\"},\"image\":{\"@id\":\"https:\\\/\\\/canal7slp.tv\\\/2022\\\/tepjf-desecha-impugnacion-en-contra-de-acuerdo-sobre-proceso-de-revocacion-de-mandato\\\/#primaryimage\"},\"thumbnailUrl\":\"https:\\\/\\\/canal7slp.tv\\\/2022\\\/wp-content\\\/uploads\\\/2022\\\/03\\\/Claudio04Fallo.jpg\",\"datePublished\":\"2022-03-03T11:55:10+00:00\",\"breadcrumb\":{\"@id\":\"https:\\\/\\\/canal7slp.tv\\\/2022\\\/tepjf-desecha-impugnacion-en-contra-de-acuerdo-sobre-proceso-de-revocacion-de-mandato\\\/#breadcrumb\"},\"inLanguage\":\"es\",\"potentialAction\":[{\"@type\":\"ReadAction\",\"target\":[\"https:\\\/\\\/canal7slp.tv\\\/2022\\\/tepjf-desecha-impugnacion-en-contra-de-acuerdo-sobre-proceso-de-revocacion-de-mandato\\\/\"]}]},{\"@type\":\"ImageObject\",\"inLanguage\":\"es\",\"@id\":\"https:\\\/\\\/canal7slp.tv\\\/2022\\\/tepjf-desecha-impugnacion-en-contra-de-acuerdo-sobre-proceso-de-revocacion-de-mandato\\\/#primaryimage\",\"url\":\"https:\\\/\\\/canal7slp.tv\\\/2022\\\/wp-content\\\/uploads\\\/2022\\\/03\\\/Claudio04Fallo.jpg\",\"contentUrl\":\"https:\\\/\\\/canal7slp.tv\\\/2022\\\/wp-content\\\/uploads\\\/2022\\\/03\\\/Claudio04Fallo.jpg\",\"width\":888,\"height\":500},{\"@type\":\"BreadcrumbList\",\"@id\":\"https:\\\/\\\/canal7slp.tv\\\/2022\\\/tepjf-desecha-impugnacion-en-contra-de-acuerdo-sobre-proceso-de-revocacion-de-mandato\\\/#breadcrumb\",\"itemListElement\":[{\"@type\":\"ListItem\",\"position\":1,\"name\":\"Portada\",\"item\":\"https:\\\/\\\/canal7slp.tv\\\/2022\\\/\"},{\"@type\":\"ListItem\",\"position\":2,\"name\":\"TEPJF desecha impugnaci\u00f3n en contra de acuerdo sobre proceso de Revocaci\u00f3n de Mandato.\"}]},{\"@type\":\"WebSite\",\"@id\":\"https:\\\/\\\/canal7slp.tv\\\/2022\\\/#website\",\"url\":\"https:\\\/\\\/canal7slp.tv\\\/2022\\\/\",\"name\":\"N7 - Noticieros Canal 7\",\"description\":\"Somos Televisi\u00f3n\",\"publisher\":{\"@id\":\"https:\\\/\\\/canal7slp.tv\\\/2022\\\/#organization\"},\"potentialAction\":[{\"@type\":\"SearchAction\",\"target\":{\"@type\":\"EntryPoint\",\"urlTemplate\":\"https:\\\/\\\/canal7slp.tv\\\/2022\\\/?s={search_term_string}\"},\"query-input\":{\"@type\":\"PropertyValueSpecification\",\"valueRequired\":true,\"valueName\":\"search_term_string\"}}],\"inLanguage\":\"es\"},{\"@type\":\"Organization\",\"@id\":\"https:\\\/\\\/canal7slp.tv\\\/2022\\\/#organization\",\"name\":\"Noticieros Canal 7\",\"url\":\"https:\\\/\\\/canal7slp.tv\\\/2022\\\/\",\"logo\":{\"@type\":\"ImageObject\",\"inLanguage\":\"es\",\"@id\":\"https:\\\/\\\/canal7slp.tv\\\/2022\\\/#\\\/schema\\\/logo\\\/image\\\/\",\"url\":\"https:\\\/\\\/canal7slp.tv\\\/2022\\\/wp-content\\\/uploads\\\/2021\\\/01\\\/logo-noticieros@2x.png\",\"contentUrl\":\"https:\\\/\\\/canal7slp.tv\\\/2022\\\/wp-content\\\/uploads\\\/2021\\\/01\\\/logo-noticieros@2x.png\",\"width\":1017,\"height\":268,\"caption\":\"Noticieros Canal 7\"},\"image\":{\"@id\":\"https:\\\/\\\/canal7slp.tv\\\/2022\\\/#\\\/schema\\\/logo\\\/image\\\/\"},\"sameAs\":[\"https:\\\/\\\/www.facebook.com\\\/noticieroscanalsiete\",\"https:\\\/\\\/x.com\\\/NOTICIEROS7\",\"https:\\\/\\\/www.instagram.com\\\/canal7_slp\",\"https:\\\/\\\/www.youtube.com\\\/channel\\\/UCliiYs-gP3JfJeqdPrNdd5A\"]},{\"@type\":\"Person\",\"@id\":\"https:\\\/\\\/canal7slp.tv\\\/2022\\\/#\\\/schema\\\/person\\\/429704152a21f5f856ce29aa69a238da\",\"name\":\"Edici\u00f3n Web\",\"image\":{\"@type\":\"ImageObject\",\"inLanguage\":\"es\",\"@id\":\"https:\\\/\\\/secure.gravatar.com\\\/avatar\\\/eee448fc3f7164808013b816ba91ac7e43bbe82a70bebac296f8bc6f0addaa1a?s=96&d=mm&r=g\",\"url\":\"https:\\\/\\\/secure.gravatar.com\\\/avatar\\\/eee448fc3f7164808013b816ba91ac7e43bbe82a70bebac296f8bc6f0addaa1a?s=96&d=mm&r=g\",\"contentUrl\":\"https:\\\/\\\/secure.gravatar.com\\\/avatar\\\/eee448fc3f7164808013b816ba91ac7e43bbe82a70bebac296f8bc6f0addaa1a?s=96&d=mm&r=g\",\"caption\":\"Edici\u00f3n Web\"},\"url\":\"https:\\\/\\\/canal7slp.tv\\\/2022\\\/author\\\/edicionweb\\\/\"}]}<\/script>\n<!-- \/ Yoast SEO plugin. -->","yoast_head_json":{"title":"TEPJF desecha impugnaci\u00f3n en contra de acuerdo sobre proceso de Revocaci\u00f3n de Mandato. - Canal 7 SLP - 2022","robots":{"index":"index","follow":"follow","max-snippet":"max-snippet:-1","max-image-preview":"max-image-preview:large","max-video-preview":"max-video-preview:-1"},"canonical":"https:\/\/canal7slp.tv\/2022\/tepjf-desecha-impugnacion-en-contra-de-acuerdo-sobre-proceso-de-revocacion-de-mandato\/","og_locale":"es_ES","og_type":"article","og_title":"TEPJF desecha impugnaci\u00f3n en contra de acuerdo sobre proceso de Revocaci\u00f3n de Mandato. - Canal 7 SLP - 2022","og_description":"SLP.- La Sala Superior del Tribunal Electoral del Poder Judicial de la Federaci\u00f3n desech\u00f3 este mi\u00e9rcoles la impugnaci\u00f3n presentada por el diputado local del PRI, Edmundo Torrescano Medina, en contra del acuerdo decretado por el Instituto Nacional Electoral sobre el proceso de revocaci\u00f3n de mandato. Y es que a ra\u00edz de este acuerdo el INE decret\u00f3 tambi\u00e9n una veda electoral en donde se proh\u00edbe todo tipo de propaganda y publicidad gubernamental y que en su querella, el diputado argumenta que coarta su libertad de expresi\u00f3n y difusi\u00f3n de su quehacer legislativo. Sin embargo, en la sesi\u00f3n plenaria del Tribunal Electoral [&hellip;]","og_url":"https:\/\/canal7slp.tv\/2022\/tepjf-desecha-impugnacion-en-contra-de-acuerdo-sobre-proceso-de-revocacion-de-mandato\/","og_site_name":"Canal 7 SLP - 2022","article_publisher":"https:\/\/www.facebook.com\/noticieroscanalsiete","article_published_time":"2022-03-03T11:55:10+00:00","og_image":[{"width":888,"height":500,"url":"https:\/\/canal7slp.tv\/2022\/wp-content\/uploads\/2022\/03\/Claudio04Fallo.jpg","type":"image\/jpeg"}],"author":"Edici\u00f3n Web","twitter_card":"summary_large_image","twitter_creator":"@NOTICIEROS7","twitter_site":"@NOTICIEROS7","twitter_misc":{"Escrito por":"Edici\u00f3n Web","Tiempo de lectura":"1 minuto"},"schema":{"@context":"https:\/\/schema.org","@graph":[{"@type":"Article","@id":"https:\/\/canal7slp.tv\/2022\/tepjf-desecha-impugnacion-en-contra-de-acuerdo-sobre-proceso-de-revocacion-de-mandato\/#article","isPartOf":{"@id":"https:\/\/canal7slp.tv\/2022\/tepjf-desecha-impugnacion-en-contra-de-acuerdo-sobre-proceso-de-revocacion-de-mandato\/"},"author":{"name":"Edici\u00f3n Web","@id":"https:\/\/canal7slp.tv\/2022\/#\/schema\/person\/429704152a21f5f856ce29aa69a238da"},"headline":"TEPJF desecha impugnaci\u00f3n en contra de acuerdo sobre proceso de Revocaci\u00f3n de Mandato.","datePublished":"2022-03-03T11:55:10+00:00","mainEntityOfPage":{"@id":"https:\/\/canal7slp.tv\/2022\/tepjf-desecha-impugnacion-en-contra-de-acuerdo-sobre-proceso-de-revocacion-de-mandato\/"},"wordCount":201,"publisher":{"@id":"https:\/\/canal7slp.tv\/2022\/#organization"},"image":{"@id":"https:\/\/canal7slp.tv\/2022\/tepjf-desecha-impugnacion-en-contra-de-acuerdo-sobre-proceso-de-revocacion-de-mandato\/#primaryimage"},"thumbnailUrl":"https:\/\/canal7slp.tv\/2022\/wp-content\/uploads\/2022\/03\/Claudio04Fallo.jpg","articleSection":["DESTACADAS","LOCALES Y REGIONALES"],"inLanguage":"es"},{"@type":"WebPage","@id":"https:\/\/canal7slp.tv\/2022\/tepjf-desecha-impugnacion-en-contra-de-acuerdo-sobre-proceso-de-revocacion-de-mandato\/","url":"https:\/\/canal7slp.tv\/2022\/tepjf-desecha-impugnacion-en-contra-de-acuerdo-sobre-proceso-de-revocacion-de-mandato\/","name":"TEPJF desecha impugnaci\u00f3n en contra de acuerdo sobre proceso de Revocaci\u00f3n de Mandato. - Canal 7 SLP - 2022","isPartOf":{"@id":"https:\/\/canal7slp.tv\/2022\/#website"},"primaryImageOfPage":{"@id":"https:\/\/canal7slp.tv\/2022\/tepjf-desecha-impugnacion-en-contra-de-acuerdo-sobre-proceso-de-revocacion-de-mandato\/#primaryimage"},"image":{"@id":"https:\/\/canal7slp.tv\/2022\/tepjf-desecha-impugnacion-en-contra-de-acuerdo-sobre-proceso-de-revocacion-de-mandato\/#primaryimage"},"thumbnailUrl":"https:\/\/canal7slp.tv\/2022\/wp-content\/uploads\/2022\/03\/Claudio04Fallo.jpg","datePublished":"2022-03-03T11:55:10+00:00","breadcrumb":{"@id":"https:\/\/canal7slp.tv\/2022\/tepjf-desecha-impugnacion-en-contra-de-acuerdo-sobre-proceso-de-revocacion-de-mandato\/#breadcrumb"},"inLanguage":"es","potentialAction":[{"@type":"ReadAction","target":["https:\/\/canal7slp.tv\/2022\/tepjf-desecha-impugnacion-en-contra-de-acuerdo-sobre-proceso-de-revocacion-de-mandato\/"]}]},{"@type":"ImageObject","inLanguage":"es","@id":"https:\/\/canal7slp.tv\/2022\/tepjf-desecha-impugnacion-en-contra-de-acuerdo-sobre-proceso-de-revocacion-de-mandato\/#primaryimage","url":"https:\/\/canal7slp.tv\/2022\/wp-content\/uploads\/2022\/03\/Claudio04Fallo.jpg","contentUrl":"https:\/\/canal7slp.tv\/2022\/wp-content\/uploads\/2022\/03\/Claudio04Fallo.jpg","width":888,"height":500},{"@type":"BreadcrumbList","@id":"https:\/\/canal7slp.tv\/2022\/tepjf-desecha-impugnacion-en-contra-de-acuerdo-sobre-proceso-de-revocacion-de-mandato\/#breadcrumb","itemListElement":[{"@type":"ListItem","position":1,"name":"Portada","item":"https:\/\/canal7slp.tv\/2022\/"},{"@type":"ListItem","position":2,"name":"TEPJF desecha impugnaci\u00f3n en contra de acuerdo sobre proceso de Revocaci\u00f3n de Mandato."}]},{"@type":"WebSite","@id":"https:\/\/canal7slp.tv\/2022\/#website","url":"https:\/\/canal7slp.tv\/2022\/","name":"N7 - Noticieros Canal 7","description":"Somos Televisi\u00f3n","publisher":{"@id":"https:\/\/canal7slp.tv\/2022\/#organization"},"potentialAction":[{"@type":"SearchAction","target":{"@type":"EntryPoint","urlTemplate":"https:\/\/canal7slp.tv\/2022\/?s={search_term_string}"},"query-input":{"@type":"PropertyValueSpecification","valueRequired":true,"valueName":"search_term_string"}}],"inLanguage":"es"},{"@type":"Organization","@id":"https:\/\/canal7slp.tv\/2022\/#organization","name":"Noticieros Canal 7","url":"https:\/\/canal7slp.tv\/2022\/","logo":{"@type":"ImageObject","inLanguage":"es","@id":"https:\/\/canal7slp.tv\/2022\/#\/schema\/logo\/image\/","url":"https:\/\/canal7slp.tv\/2022\/wp-content\/uploads\/2021\/01\/logo-noticieros@2x.png","contentUrl":"https:\/\/canal7slp.tv\/2022\/wp-content\/uploads\/2021\/01\/logo-noticieros@2x.png","width":1017,"height":268,"caption":"Noticieros Canal 7"},"image":{"@id":"https:\/\/canal7slp.tv\/2022\/#\/schema\/logo\/image\/"},"sameAs":["https:\/\/www.facebook.com\/noticieroscanalsiete","https:\/\/x.com\/NOTICIEROS7","https:\/\/www.instagram.com\/canal7_slp","https:\/\/www.youtube.com\/channel\/UCliiYs-gP3JfJeqdPrNdd5A"]},{"@type":"Person","@id":"https:\/\/canal7slp.tv\/2022\/#\/schema\/person\/429704152a21f5f856ce29aa69a238da","name":"Edici\u00f3n Web","image":{"@type":"ImageObject","inLanguage":"es","@id":"https:\/\/secure.gravatar.com\/avatar\/eee448fc3f7164808013b816ba91ac7e43bbe82a70bebac296f8bc6f0addaa1a?s=96&d=mm&r=g","url":"https:\/\/secure.gravatar.com\/avatar\/eee448fc3f7164808013b816ba91ac7e43bbe82a70bebac296f8bc6f0addaa1a?s=96&d=mm&r=g","contentUrl":"https:\/\/secure.gravatar.com\/avatar\/eee448fc3f7164808013b816ba91ac7e43bbe82a70bebac296f8bc6f0addaa1a?s=96&d=mm&r=g","caption":"Edici\u00f3n Web"},"url":"https:\/\/canal7slp.tv\/2022\/author\/edicionweb\/"}]}},"amp_enabled":true,"_links":{"self":[{"href":"https:\/\/canal7slp.tv\/2022\/wp-json\/wp\/v2\/posts\/52945","targetHints":{"allow":["GET"]}}],"collection":[{"href":"https:\/\/canal7slp.tv\/2022\/wp-json\/wp\/v2\/posts"}],"about":[{"href":"https:\/\/canal7slp.tv\/2022\/wp-json\/wp\/v2\/types\/post"}],"author":[{"embeddable":true,"href":"https:\/\/canal7slp.tv\/2022\/wp-json\/wp\/v2\/users\/2"}],"replies":[{"embeddable":true,"href":"https:\/\/canal7slp.tv\/2022\/wp-json\/wp\/v2\/comments?post=52945"}],"version-history":[{"count":3,"href":"https:\/\/canal7slp.tv\/2022\/wp-json\/wp\/v2\/posts\/52945\/revisions"}],"predecessor-version":[{"id":53008,"href":"https:\/\/canal7slp.tv\/2022\/wp-json\/wp\/v2\/posts\/52945\/revisions\/53008"}],"wp:featuredmedia":[{"embeddable":true,"href":"https:\/\/canal7slp.tv\/2022\/wp-json\/wp\/v2\/media\/53007"}],"wp:attachment":[{"href":"https:\/\/canal7slp.tv\/2022\/wp-json\/wp\/v2\/media?parent=52945"}],"wp:term":[{"taxonomy":"category","embeddable":true,"href":"https:\/\/canal7slp.tv\/2022\/wp-json\/wp\/v2\/categories?post=52945"},{"taxonomy":"post_tag","embeddable":true,"href":"https:\/\/canal7slp.tv\/2022\/wp-json\/wp\/v2\/tags?post=52945"}],"curies":[{"name":"wp","href":"https:\/\/api.w.org\/{rel}","templated":true}]}}