{"id":52944,"date":"2022-03-03T05:32:07","date_gmt":"2022-03-03T11:32:07","guid":{"rendered":"https:\/\/canal7slp.tv\/2022\/?p=52944"},"modified":"2022-03-03T05:32:07","modified_gmt":"2022-03-03T11:32:07","slug":"iglesia-hace-un-exhorto-a-frenar-la-escalada-de-violencia-e-inseguridad","status":"publish","type":"post","link":"https:\/\/canal7slp.tv\/2022\/iglesia-hace-un-exhorto-a-frenar-la-escalada-de-violencia-e-inseguridad\/","title":{"rendered":"Iglesia hace un exhorto a frenar la escalada de violencia e inseguridad."},"content":{"rendered":"<p style=\"text-align: justify;\">SLP.- Al hablar sobre la escalada de violencia generada por el crimen organizado el vocero de la Arquidi\u00f3cesis Potosina Juan Jes\u00fas Priego Rivera, opin\u00f3 que M\u00e9xico vive en una sociedad atemorizada en donde campea la inseguridad y que dijo, \u201clamentablemente no da una buena imagen ante los ojos del mundo\u201d.<\/p>\n<p style=\"text-align: justify;\">En el mismo contexto, el sacerdote hizo un exhorto para que en este inicio de Cuaresma disminuyan los \u00edndices de violencia que dijo, mantienen atemorizados a los mexicanos.<\/p>\n<p style=\"text-align: justify;\">Por la ma\u00f1ana de este mi\u00e9rcoles , el Arzobispo Jes\u00fas Carlos Cabrero Romero encabez\u00f3 la ceremonia del inicio de Semana Santa, con la imposici\u00f3n de la ceniza y en donde llam\u00f3 a la uni\u00f3n de los potosinos.<\/p>\n<p style=\"text-align: justify;\">Asimismo, el vocero del Arzobispado Juan Jes\u00fas Priego Rivera hizo un exhorto a los diputados a que promuevan una iniciativa que indemnice a quienes han sido v\u00edctimas de la inseguridad, como resultado de la ineficacia de las autoridades por no garantizar la protecci\u00f3n de los ciudadanos.<\/p>\n<p style=\"text-align: justify;\">Por: Claudio Ibarra<\/p>\n","protected":false},"excerpt":{"rendered":"<p>SLP.- Al hablar sobre la escalada de violencia generada por el crimen organizado el vocero de la Arquidi\u00f3cesis Potosina Juan Jes\u00fas Priego Rivera, opin\u00f3 que M\u00e9xico vive en una sociedad atemorizada en donde campea la inseguridad y que dijo, \u201clamentablemente no da una buena imagen ante los ojos del mundo\u201d. En el mismo contexto, el sacerdote hizo un exhorto para que en este inicio de Cuaresma disminuyan los \u00edndices de violencia que dijo, mantienen atemorizados a los mexicanos. Por la ma\u00f1ana de este mi\u00e9rcoles , el Arzobispo Jes\u00fas Carlos Cabrero Romero encabez\u00f3 la ceremonia del inicio de Semana Santa, con [&hellip;]<\/p>\n","protected":false},"author":2,"featured_media":53005,"comment_status":"closed","ping_status":"closed","sticky":false,"template":"","format":"video","meta":{"footnotes":""},"categories":[5,45],"tags":[],"class_list":["post-52944","post","type-post","status-publish","format-video","has-post-thumbnail","hentry","category-destacadas","category-localesyregionales","post_format-post-format-video","post--single"],"yoast_head":"<!-- This site is optimized with the Yoast SEO plugin v27.4 - https:\/\/yoast.com\/product\/yoast-seo-wordpress\/ -->\n<title>Iglesia hace un exhorto a frenar la escalada de violencia e inseguridad. - Canal 7 SLP - 2022<\/title>\n<meta name=\"robots\" content=\"index, follow, max-snippet:-1, max-image-preview:large, max-video-preview:-1\" \/>\n<link rel=\"canonical\" href=\"https:\/\/canal7slp.tv\/2022\/iglesia-hace-un-exhorto-a-frenar-la-escalada-de-violencia-e-inseguridad\/\" \/>\n<meta property=\"og:locale\" content=\"es_ES\" \/>\n<meta property=\"og:type\" content=\"article\" \/>\n<meta property=\"og:title\" content=\"Iglesia hace un exhorto a frenar la escalada de violencia e inseguridad. - Canal 7 SLP - 2022\" \/>\n<meta property=\"og:description\" content=\"SLP.- Al hablar sobre la escalada de violencia generada por el crimen organizado el vocero de la Arquidi\u00f3cesis Potosina Juan Jes\u00fas Priego Rivera, opin\u00f3 que M\u00e9xico vive en una sociedad atemorizada en donde campea la inseguridad y que dijo, \u201clamentablemente no da una buena imagen ante los ojos del mundo\u201d. En el mismo contexto, el sacerdote hizo un exhorto para que en este inicio de Cuaresma disminuyan los \u00edndices de violencia que dijo, mantienen atemorizados a los mexicanos. Por la ma\u00f1ana de este mi\u00e9rcoles , el Arzobispo Jes\u00fas Carlos Cabrero Romero encabez\u00f3 la ceremonia del inicio de Semana Santa, con [&hellip;]\" \/>\n<meta property=\"og:url\" content=\"https:\/\/canal7slp.tv\/2022\/iglesia-hace-un-exhorto-a-frenar-la-escalada-de-violencia-e-inseguridad\/\" \/>\n<meta property=\"og:site_name\" content=\"Canal 7 SLP - 2022\" \/>\n<meta property=\"article:publisher\" content=\"https:\/\/www.facebook.com\/noticieroscanalsiete\" \/>\n<meta property=\"article:published_time\" content=\"2022-03-03T11:32:07+00:00\" \/>\n<meta property=\"og:image\" content=\"https:\/\/canal7slp.tv\/2022\/wp-content\/uploads\/2022\/03\/Claudio03Violencia.jpg\" \/>\n\t<meta property=\"og:image:width\" content=\"888\" \/>\n\t<meta property=\"og:image:height\" content=\"500\" \/>\n\t<meta property=\"og:image:type\" content=\"image\/jpeg\" \/>\n<meta name=\"author\" content=\"Edici\u00f3n Web\" \/>\n<meta name=\"twitter:card\" content=\"summary_large_image\" \/>\n<meta name=\"twitter:creator\" content=\"@NOTICIEROS7\" \/>\n<meta name=\"twitter:site\" content=\"@NOTICIEROS7\" \/>\n<meta name=\"twitter:label1\" content=\"Escrito por\" \/>\n\t<meta name=\"twitter:data1\" content=\"Edici\u00f3n Web\" \/>\n\t<meta name=\"twitter:label2\" content=\"Tiempo de lectura\" \/>\n\t<meta name=\"twitter:data2\" content=\"1 minuto\" \/>\n<script type=\"application\/ld+json\" class=\"yoast-schema-graph\">{\"@context\":\"https:\\\/\\\/schema.org\",\"@graph\":[{\"@type\":\"Article\",\"@id\":\"https:\\\/\\\/canal7slp.tv\\\/2022\\\/iglesia-hace-un-exhorto-a-frenar-la-escalada-de-violencia-e-inseguridad\\\/#article\",\"isPartOf\":{\"@id\":\"https:\\\/\\\/canal7slp.tv\\\/2022\\\/iglesia-hace-un-exhorto-a-frenar-la-escalada-de-violencia-e-inseguridad\\\/\"},\"author\":{\"name\":\"Edici\u00f3n Web\",\"@id\":\"https:\\\/\\\/canal7slp.tv\\\/2022\\\/#\\\/schema\\\/person\\\/429704152a21f5f856ce29aa69a238da\"},\"headline\":\"Iglesia hace un exhorto a frenar la escalada de violencia e inseguridad.\",\"datePublished\":\"2022-03-03T11:32:07+00:00\",\"mainEntityOfPage\":{\"@id\":\"https:\\\/\\\/canal7slp.tv\\\/2022\\\/iglesia-hace-un-exhorto-a-frenar-la-escalada-de-violencia-e-inseguridad\\\/\"},\"wordCount\":187,\"publisher\":{\"@id\":\"https:\\\/\\\/canal7slp.tv\\\/2022\\\/#organization\"},\"image\":{\"@id\":\"https:\\\/\\\/canal7slp.tv\\\/2022\\\/iglesia-hace-un-exhorto-a-frenar-la-escalada-de-violencia-e-inseguridad\\\/#primaryimage\"},\"thumbnailUrl\":\"https:\\\/\\\/canal7slp.tv\\\/2022\\\/wp-content\\\/uploads\\\/2022\\\/03\\\/Claudio03Violencia.jpg\",\"articleSection\":[\"DESTACADAS\",\"LOCALES Y REGIONALES\"],\"inLanguage\":\"es\"},{\"@type\":\"WebPage\",\"@id\":\"https:\\\/\\\/canal7slp.tv\\\/2022\\\/iglesia-hace-un-exhorto-a-frenar-la-escalada-de-violencia-e-inseguridad\\\/\",\"url\":\"https:\\\/\\\/canal7slp.tv\\\/2022\\\/iglesia-hace-un-exhorto-a-frenar-la-escalada-de-violencia-e-inseguridad\\\/\",\"name\":\"Iglesia hace un exhorto a frenar la escalada de violencia e inseguridad. - Canal 7 SLP - 2022\",\"isPartOf\":{\"@id\":\"https:\\\/\\\/canal7slp.tv\\\/2022\\\/#website\"},\"primaryImageOfPage\":{\"@id\":\"https:\\\/\\\/canal7slp.tv\\\/2022\\\/iglesia-hace-un-exhorto-a-frenar-la-escalada-de-violencia-e-inseguridad\\\/#primaryimage\"},\"image\":{\"@id\":\"https:\\\/\\\/canal7slp.tv\\\/2022\\\/iglesia-hace-un-exhorto-a-frenar-la-escalada-de-violencia-e-inseguridad\\\/#primaryimage\"},\"thumbnailUrl\":\"https:\\\/\\\/canal7slp.tv\\\/2022\\\/wp-content\\\/uploads\\\/2022\\\/03\\\/Claudio03Violencia.jpg\",\"datePublished\":\"2022-03-03T11:32:07+00:00\",\"breadcrumb\":{\"@id\":\"https:\\\/\\\/canal7slp.tv\\\/2022\\\/iglesia-hace-un-exhorto-a-frenar-la-escalada-de-violencia-e-inseguridad\\\/#breadcrumb\"},\"inLanguage\":\"es\",\"potentialAction\":[{\"@type\":\"ReadAction\",\"target\":[\"https:\\\/\\\/canal7slp.tv\\\/2022\\\/iglesia-hace-un-exhorto-a-frenar-la-escalada-de-violencia-e-inseguridad\\\/\"]}]},{\"@type\":\"ImageObject\",\"inLanguage\":\"es\",\"@id\":\"https:\\\/\\\/canal7slp.tv\\\/2022\\\/iglesia-hace-un-exhorto-a-frenar-la-escalada-de-violencia-e-inseguridad\\\/#primaryimage\",\"url\":\"https:\\\/\\\/canal7slp.tv\\\/2022\\\/wp-content\\\/uploads\\\/2022\\\/03\\\/Claudio03Violencia.jpg\",\"contentUrl\":\"https:\\\/\\\/canal7slp.tv\\\/2022\\\/wp-content\\\/uploads\\\/2022\\\/03\\\/Claudio03Violencia.jpg\",\"width\":888,\"height\":500},{\"@type\":\"BreadcrumbList\",\"@id\":\"https:\\\/\\\/canal7slp.tv\\\/2022\\\/iglesia-hace-un-exhorto-a-frenar-la-escalada-de-violencia-e-inseguridad\\\/#breadcrumb\",\"itemListElement\":[{\"@type\":\"ListItem\",\"position\":1,\"name\":\"Portada\",\"item\":\"https:\\\/\\\/canal7slp.tv\\\/2022\\\/\"},{\"@type\":\"ListItem\",\"position\":2,\"name\":\"Iglesia hace un exhorto a frenar la escalada de violencia e inseguridad.\"}]},{\"@type\":\"WebSite\",\"@id\":\"https:\\\/\\\/canal7slp.tv\\\/2022\\\/#website\",\"url\":\"https:\\\/\\\/canal7slp.tv\\\/2022\\\/\",\"name\":\"N7 - Noticieros Canal 7\",\"description\":\"Somos Televisi\u00f3n\",\"publisher\":{\"@id\":\"https:\\\/\\\/canal7slp.tv\\\/2022\\\/#organization\"},\"potentialAction\":[{\"@type\":\"SearchAction\",\"target\":{\"@type\":\"EntryPoint\",\"urlTemplate\":\"https:\\\/\\\/canal7slp.tv\\\/2022\\\/?s={search_term_string}\"},\"query-input\":{\"@type\":\"PropertyValueSpecification\",\"valueRequired\":true,\"valueName\":\"search_term_string\"}}],\"inLanguage\":\"es\"},{\"@type\":\"Organization\",\"@id\":\"https:\\\/\\\/canal7slp.tv\\\/2022\\\/#organization\",\"name\":\"Noticieros Canal 7\",\"url\":\"https:\\\/\\\/canal7slp.tv\\\/2022\\\/\",\"logo\":{\"@type\":\"ImageObject\",\"inLanguage\":\"es\",\"@id\":\"https:\\\/\\\/canal7slp.tv\\\/2022\\\/#\\\/schema\\\/logo\\\/image\\\/\",\"url\":\"https:\\\/\\\/canal7slp.tv\\\/2022\\\/wp-content\\\/uploads\\\/2021\\\/01\\\/logo-noticieros@2x.png\",\"contentUrl\":\"https:\\\/\\\/canal7slp.tv\\\/2022\\\/wp-content\\\/uploads\\\/2021\\\/01\\\/logo-noticieros@2x.png\",\"width\":1017,\"height\":268,\"caption\":\"Noticieros Canal 7\"},\"image\":{\"@id\":\"https:\\\/\\\/canal7slp.tv\\\/2022\\\/#\\\/schema\\\/logo\\\/image\\\/\"},\"sameAs\":[\"https:\\\/\\\/www.facebook.com\\\/noticieroscanalsiete\",\"https:\\\/\\\/x.com\\\/NOTICIEROS7\",\"https:\\\/\\\/www.instagram.com\\\/canal7_slp\",\"https:\\\/\\\/www.youtube.com\\\/channel\\\/UCliiYs-gP3JfJeqdPrNdd5A\"]},{\"@type\":\"Person\",\"@id\":\"https:\\\/\\\/canal7slp.tv\\\/2022\\\/#\\\/schema\\\/person\\\/429704152a21f5f856ce29aa69a238da\",\"name\":\"Edici\u00f3n Web\",\"image\":{\"@type\":\"ImageObject\",\"inLanguage\":\"es\",\"@id\":\"https:\\\/\\\/secure.gravatar.com\\\/avatar\\\/eee448fc3f7164808013b816ba91ac7e43bbe82a70bebac296f8bc6f0addaa1a?s=96&d=mm&r=g\",\"url\":\"https:\\\/\\\/secure.gravatar.com\\\/avatar\\\/eee448fc3f7164808013b816ba91ac7e43bbe82a70bebac296f8bc6f0addaa1a?s=96&d=mm&r=g\",\"contentUrl\":\"https:\\\/\\\/secure.gravatar.com\\\/avatar\\\/eee448fc3f7164808013b816ba91ac7e43bbe82a70bebac296f8bc6f0addaa1a?s=96&d=mm&r=g\",\"caption\":\"Edici\u00f3n Web\"},\"url\":\"https:\\\/\\\/canal7slp.tv\\\/2022\\\/author\\\/edicionweb\\\/\"}]}<\/script>\n<!-- \/ Yoast SEO plugin. -->","yoast_head_json":{"title":"Iglesia hace un exhorto a frenar la escalada de violencia e inseguridad. - Canal 7 SLP - 2022","robots":{"index":"index","follow":"follow","max-snippet":"max-snippet:-1","max-image-preview":"max-image-preview:large","max-video-preview":"max-video-preview:-1"},"canonical":"https:\/\/canal7slp.tv\/2022\/iglesia-hace-un-exhorto-a-frenar-la-escalada-de-violencia-e-inseguridad\/","og_locale":"es_ES","og_type":"article","og_title":"Iglesia hace un exhorto a frenar la escalada de violencia e inseguridad. - Canal 7 SLP - 2022","og_description":"SLP.- Al hablar sobre la escalada de violencia generada por el crimen organizado el vocero de la Arquidi\u00f3cesis Potosina Juan Jes\u00fas Priego Rivera, opin\u00f3 que M\u00e9xico vive en una sociedad atemorizada en donde campea la inseguridad y que dijo, \u201clamentablemente no da una buena imagen ante los ojos del mundo\u201d. En el mismo contexto, el sacerdote hizo un exhorto para que en este inicio de Cuaresma disminuyan los \u00edndices de violencia que dijo, mantienen atemorizados a los mexicanos. Por la ma\u00f1ana de este mi\u00e9rcoles , el Arzobispo Jes\u00fas Carlos Cabrero Romero encabez\u00f3 la ceremonia del inicio de Semana Santa, con [&hellip;]","og_url":"https:\/\/canal7slp.tv\/2022\/iglesia-hace-un-exhorto-a-frenar-la-escalada-de-violencia-e-inseguridad\/","og_site_name":"Canal 7 SLP - 2022","article_publisher":"https:\/\/www.facebook.com\/noticieroscanalsiete","article_published_time":"2022-03-03T11:32:07+00:00","og_image":[{"width":888,"height":500,"url":"https:\/\/canal7slp.tv\/2022\/wp-content\/uploads\/2022\/03\/Claudio03Violencia.jpg","type":"image\/jpeg"}],"author":"Edici\u00f3n Web","twitter_card":"summary_large_image","twitter_creator":"@NOTICIEROS7","twitter_site":"@NOTICIEROS7","twitter_misc":{"Escrito por":"Edici\u00f3n Web","Tiempo de lectura":"1 minuto"},"schema":{"@context":"https:\/\/schema.org","@graph":[{"@type":"Article","@id":"https:\/\/canal7slp.tv\/2022\/iglesia-hace-un-exhorto-a-frenar-la-escalada-de-violencia-e-inseguridad\/#article","isPartOf":{"@id":"https:\/\/canal7slp.tv\/2022\/iglesia-hace-un-exhorto-a-frenar-la-escalada-de-violencia-e-inseguridad\/"},"author":{"name":"Edici\u00f3n Web","@id":"https:\/\/canal7slp.tv\/2022\/#\/schema\/person\/429704152a21f5f856ce29aa69a238da"},"headline":"Iglesia hace un exhorto a frenar la escalada de violencia e inseguridad.","datePublished":"2022-03-03T11:32:07+00:00","mainEntityOfPage":{"@id":"https:\/\/canal7slp.tv\/2022\/iglesia-hace-un-exhorto-a-frenar-la-escalada-de-violencia-e-inseguridad\/"},"wordCount":187,"publisher":{"@id":"https:\/\/canal7slp.tv\/2022\/#organization"},"image":{"@id":"https:\/\/canal7slp.tv\/2022\/iglesia-hace-un-exhorto-a-frenar-la-escalada-de-violencia-e-inseguridad\/#primaryimage"},"thumbnailUrl":"https:\/\/canal7slp.tv\/2022\/wp-content\/uploads\/2022\/03\/Claudio03Violencia.jpg","articleSection":["DESTACADAS","LOCALES Y REGIONALES"],"inLanguage":"es"},{"@type":"WebPage","@id":"https:\/\/canal7slp.tv\/2022\/iglesia-hace-un-exhorto-a-frenar-la-escalada-de-violencia-e-inseguridad\/","url":"https:\/\/canal7slp.tv\/2022\/iglesia-hace-un-exhorto-a-frenar-la-escalada-de-violencia-e-inseguridad\/","name":"Iglesia hace un exhorto a frenar la escalada de violencia e inseguridad. - Canal 7 SLP - 2022","isPartOf":{"@id":"https:\/\/canal7slp.tv\/2022\/#website"},"primaryImageOfPage":{"@id":"https:\/\/canal7slp.tv\/2022\/iglesia-hace-un-exhorto-a-frenar-la-escalada-de-violencia-e-inseguridad\/#primaryimage"},"image":{"@id":"https:\/\/canal7slp.tv\/2022\/iglesia-hace-un-exhorto-a-frenar-la-escalada-de-violencia-e-inseguridad\/#primaryimage"},"thumbnailUrl":"https:\/\/canal7slp.tv\/2022\/wp-content\/uploads\/2022\/03\/Claudio03Violencia.jpg","datePublished":"2022-03-03T11:32:07+00:00","breadcrumb":{"@id":"https:\/\/canal7slp.tv\/2022\/iglesia-hace-un-exhorto-a-frenar-la-escalada-de-violencia-e-inseguridad\/#breadcrumb"},"inLanguage":"es","potentialAction":[{"@type":"ReadAction","target":["https:\/\/canal7slp.tv\/2022\/iglesia-hace-un-exhorto-a-frenar-la-escalada-de-violencia-e-inseguridad\/"]}]},{"@type":"ImageObject","inLanguage":"es","@id":"https:\/\/canal7slp.tv\/2022\/iglesia-hace-un-exhorto-a-frenar-la-escalada-de-violencia-e-inseguridad\/#primaryimage","url":"https:\/\/canal7slp.tv\/2022\/wp-content\/uploads\/2022\/03\/Claudio03Violencia.jpg","contentUrl":"https:\/\/canal7slp.tv\/2022\/wp-content\/uploads\/2022\/03\/Claudio03Violencia.jpg","width":888,"height":500},{"@type":"BreadcrumbList","@id":"https:\/\/canal7slp.tv\/2022\/iglesia-hace-un-exhorto-a-frenar-la-escalada-de-violencia-e-inseguridad\/#breadcrumb","itemListElement":[{"@type":"ListItem","position":1,"name":"Portada","item":"https:\/\/canal7slp.tv\/2022\/"},{"@type":"ListItem","position":2,"name":"Iglesia hace un exhorto a frenar la escalada de violencia e inseguridad."}]},{"@type":"WebSite","@id":"https:\/\/canal7slp.tv\/2022\/#website","url":"https:\/\/canal7slp.tv\/2022\/","name":"N7 - Noticieros Canal 7","description":"Somos Televisi\u00f3n","publisher":{"@id":"https:\/\/canal7slp.tv\/2022\/#organization"},"potentialAction":[{"@type":"SearchAction","target":{"@type":"EntryPoint","urlTemplate":"https:\/\/canal7slp.tv\/2022\/?s={search_term_string}"},"query-input":{"@type":"PropertyValueSpecification","valueRequired":true,"valueName":"search_term_string"}}],"inLanguage":"es"},{"@type":"Organization","@id":"https:\/\/canal7slp.tv\/2022\/#organization","name":"Noticieros Canal 7","url":"https:\/\/canal7slp.tv\/2022\/","logo":{"@type":"ImageObject","inLanguage":"es","@id":"https:\/\/canal7slp.tv\/2022\/#\/schema\/logo\/image\/","url":"https:\/\/canal7slp.tv\/2022\/wp-content\/uploads\/2021\/01\/logo-noticieros@2x.png","contentUrl":"https:\/\/canal7slp.tv\/2022\/wp-content\/uploads\/2021\/01\/logo-noticieros@2x.png","width":1017,"height":268,"caption":"Noticieros Canal 7"},"image":{"@id":"https:\/\/canal7slp.tv\/2022\/#\/schema\/logo\/image\/"},"sameAs":["https:\/\/www.facebook.com\/noticieroscanalsiete","https:\/\/x.com\/NOTICIEROS7","https:\/\/www.instagram.com\/canal7_slp","https:\/\/www.youtube.com\/channel\/UCliiYs-gP3JfJeqdPrNdd5A"]},{"@type":"Person","@id":"https:\/\/canal7slp.tv\/2022\/#\/schema\/person\/429704152a21f5f856ce29aa69a238da","name":"Edici\u00f3n Web","image":{"@type":"ImageObject","inLanguage":"es","@id":"https:\/\/secure.gravatar.com\/avatar\/eee448fc3f7164808013b816ba91ac7e43bbe82a70bebac296f8bc6f0addaa1a?s=96&d=mm&r=g","url":"https:\/\/secure.gravatar.com\/avatar\/eee448fc3f7164808013b816ba91ac7e43bbe82a70bebac296f8bc6f0addaa1a?s=96&d=mm&r=g","contentUrl":"https:\/\/secure.gravatar.com\/avatar\/eee448fc3f7164808013b816ba91ac7e43bbe82a70bebac296f8bc6f0addaa1a?s=96&d=mm&r=g","caption":"Edici\u00f3n Web"},"url":"https:\/\/canal7slp.tv\/2022\/author\/edicionweb\/"}]}},"amp_enabled":true,"_links":{"self":[{"href":"https:\/\/canal7slp.tv\/2022\/wp-json\/wp\/v2\/posts\/52944","targetHints":{"allow":["GET"]}}],"collection":[{"href":"https:\/\/canal7slp.tv\/2022\/wp-json\/wp\/v2\/posts"}],"about":[{"href":"https:\/\/canal7slp.tv\/2022\/wp-json\/wp\/v2\/types\/post"}],"author":[{"embeddable":true,"href":"https:\/\/canal7slp.tv\/2022\/wp-json\/wp\/v2\/users\/2"}],"replies":[{"embeddable":true,"href":"https:\/\/canal7slp.tv\/2022\/wp-json\/wp\/v2\/comments?post=52944"}],"version-history":[{"count":3,"href":"https:\/\/canal7slp.tv\/2022\/wp-json\/wp\/v2\/posts\/52944\/revisions"}],"predecessor-version":[{"id":53006,"href":"https:\/\/canal7slp.tv\/2022\/wp-json\/wp\/v2\/posts\/52944\/revisions\/53006"}],"wp:featuredmedia":[{"embeddable":true,"href":"https:\/\/canal7slp.tv\/2022\/wp-json\/wp\/v2\/media\/53005"}],"wp:attachment":[{"href":"https:\/\/canal7slp.tv\/2022\/wp-json\/wp\/v2\/media?parent=52944"}],"wp:term":[{"taxonomy":"category","embeddable":true,"href":"https:\/\/canal7slp.tv\/2022\/wp-json\/wp\/v2\/categories?post=52944"},{"taxonomy":"post_tag","embeddable":true,"href":"https:\/\/canal7slp.tv\/2022\/wp-json\/wp\/v2\/tags?post=52944"}],"curies":[{"name":"wp","href":"https:\/\/api.w.org\/{rel}","templated":true}]}}