{"id":52943,"date":"2022-03-03T05:28:36","date_gmt":"2022-03-03T11:28:36","guid":{"rendered":"https:\/\/canal7slp.tv\/2022\/?p=52943"},"modified":"2022-03-03T05:28:36","modified_gmt":"2022-03-03T11:28:36","slug":"legisladora-solicita-que-ninos-de-cinco-a-11-anos-sean-vacunados-contra-el-covid-19","status":"publish","type":"post","link":"https:\/\/canal7slp.tv\/2022\/legisladora-solicita-que-ninos-de-cinco-a-11-anos-sean-vacunados-contra-el-covid-19\/","title":{"rendered":"Legisladora solicita que ni\u00f1os de cinco a 11 a\u00f1os sean vacunados contra el COVID-19."},"content":{"rendered":"<p style=\"text-align: justify;\">SLP.- La diputada vicepresidenta de la Comisi\u00f3n de Salud Aranza Puente Bustindui se pronunci\u00f3 por que el gobierno federal aplique tambi\u00e9n la vacuna contra COVID 19, a ni\u00f1os de entre 5 y 11 a\u00f1os de edad.<\/p>\n<p style=\"text-align: justify;\">Se\u00f1al\u00f3 que si bien las autoridades de salud en voz del subsecretario Hugo L\u00f3pez Gatell han dicho que de momento no hay evidencia cient\u00edfica, respecto a que los ni\u00f1os deban ser vacunados dijo tambi\u00e9n que debe atenderse la petici\u00f3n de los padres de familia en el sentido de que sus hijos est\u00e9n protegidos.<\/p>\n<p style=\"text-align: justify;\">La diputada afirm\u00f3 que desde el Congreso a trav\u00e9s de la Comisi\u00f3n de Salud apoyar\u00e1n al Ejecutivo Estatal para gestionar ante la Federaci\u00f3n, la aplicaci\u00f3n de vacunas a menores de edad.<\/p>\n<p style=\"text-align: justify;\">Se\u00f1al\u00f3 que el derecho a la salud est\u00e1 consagrado en la Constituci\u00f3n al decir que es tambi\u00e9n una demanda leg\u00edtima de los padres de familia, exigir que sus hijos menores tambi\u00e9n sean vacunados.<\/p>\n<p style=\"text-align: justify;\">Por: Claudio Ibarra<\/p>\n","protected":false},"excerpt":{"rendered":"<p>SLP.- La diputada vicepresidenta de la Comisi\u00f3n de Salud Aranza Puente Bustindui se pronunci\u00f3 por que el gobierno federal aplique tambi\u00e9n la vacuna contra COVID 19, a ni\u00f1os de entre 5 y 11 a\u00f1os de edad. Se\u00f1al\u00f3 que si bien las autoridades de salud en voz del subsecretario Hugo L\u00f3pez Gatell han dicho que de momento no hay evidencia cient\u00edfica, respecto a que los ni\u00f1os deban ser vacunados dijo tambi\u00e9n que debe atenderse la petici\u00f3n de los padres de familia en el sentido de que sus hijos est\u00e9n protegidos. La diputada afirm\u00f3 que desde el Congreso a trav\u00e9s de la [&hellip;]<\/p>\n","protected":false},"author":2,"featured_media":53003,"comment_status":"closed","ping_status":"closed","sticky":false,"template":"","format":"video","meta":{"footnotes":""},"categories":[3,4,5,45],"tags":[],"class_list":["post-52943","post","type-post","status-publish","format-video","has-post-thumbnail","hentry","category-congreso","category-covid-19","category-destacadas","category-localesyregionales","post_format-post-format-video","post--single"],"yoast_head":"<!-- This site is optimized with the Yoast SEO plugin v27.4 - https:\/\/yoast.com\/product\/yoast-seo-wordpress\/ -->\n<title>Legisladora solicita que ni\u00f1os de cinco a 11 a\u00f1os sean vacunados contra el COVID-19. - Canal 7 SLP - 2022<\/title>\n<meta name=\"robots\" content=\"index, follow, max-snippet:-1, max-image-preview:large, max-video-preview:-1\" \/>\n<link rel=\"canonical\" href=\"https:\/\/canal7slp.tv\/2022\/legisladora-solicita-que-ninos-de-cinco-a-11-anos-sean-vacunados-contra-el-covid-19\/\" \/>\n<meta property=\"og:locale\" content=\"es_ES\" \/>\n<meta property=\"og:type\" content=\"article\" \/>\n<meta property=\"og:title\" content=\"Legisladora solicita que ni\u00f1os de cinco a 11 a\u00f1os sean vacunados contra el COVID-19. - Canal 7 SLP - 2022\" \/>\n<meta property=\"og:description\" content=\"SLP.- La diputada vicepresidenta de la Comisi\u00f3n de Salud Aranza Puente Bustindui se pronunci\u00f3 por que el gobierno federal aplique tambi\u00e9n la vacuna contra COVID 19, a ni\u00f1os de entre 5 y 11 a\u00f1os de edad. Se\u00f1al\u00f3 que si bien las autoridades de salud en voz del subsecretario Hugo L\u00f3pez Gatell han dicho que de momento no hay evidencia cient\u00edfica, respecto a que los ni\u00f1os deban ser vacunados dijo tambi\u00e9n que debe atenderse la petici\u00f3n de los padres de familia en el sentido de que sus hijos est\u00e9n protegidos. La diputada afirm\u00f3 que desde el Congreso a trav\u00e9s de la [&hellip;]\" \/>\n<meta property=\"og:url\" content=\"https:\/\/canal7slp.tv\/2022\/legisladora-solicita-que-ninos-de-cinco-a-11-anos-sean-vacunados-contra-el-covid-19\/\" \/>\n<meta property=\"og:site_name\" content=\"Canal 7 SLP - 2022\" \/>\n<meta property=\"article:publisher\" content=\"https:\/\/www.facebook.com\/noticieroscanalsiete\" \/>\n<meta property=\"article:published_time\" content=\"2022-03-03T11:28:36+00:00\" \/>\n<meta property=\"og:image\" content=\"https:\/\/canal7slp.tv\/2022\/wp-content\/uploads\/2022\/03\/Claudio02NInios.jpg\" \/>\n\t<meta property=\"og:image:width\" content=\"888\" \/>\n\t<meta property=\"og:image:height\" content=\"500\" \/>\n\t<meta property=\"og:image:type\" content=\"image\/jpeg\" \/>\n<meta name=\"author\" content=\"Edici\u00f3n Web\" \/>\n<meta name=\"twitter:card\" content=\"summary_large_image\" \/>\n<meta name=\"twitter:creator\" content=\"@NOTICIEROS7\" \/>\n<meta name=\"twitter:site\" content=\"@NOTICIEROS7\" \/>\n<meta name=\"twitter:label1\" content=\"Escrito por\" \/>\n\t<meta name=\"twitter:data1\" content=\"Edici\u00f3n Web\" \/>\n\t<meta name=\"twitter:label2\" content=\"Tiempo de lectura\" \/>\n\t<meta name=\"twitter:data2\" content=\"1 minuto\" \/>\n<script type=\"application\/ld+json\" class=\"yoast-schema-graph\">{\"@context\":\"https:\\\/\\\/schema.org\",\"@graph\":[{\"@type\":\"Article\",\"@id\":\"https:\\\/\\\/canal7slp.tv\\\/2022\\\/legisladora-solicita-que-ninos-de-cinco-a-11-anos-sean-vacunados-contra-el-covid-19\\\/#article\",\"isPartOf\":{\"@id\":\"https:\\\/\\\/canal7slp.tv\\\/2022\\\/legisladora-solicita-que-ninos-de-cinco-a-11-anos-sean-vacunados-contra-el-covid-19\\\/\"},\"author\":{\"name\":\"Edici\u00f3n Web\",\"@id\":\"https:\\\/\\\/canal7slp.tv\\\/2022\\\/#\\\/schema\\\/person\\\/429704152a21f5f856ce29aa69a238da\"},\"headline\":\"Legisladora solicita que ni\u00f1os de cinco a 11 a\u00f1os sean vacunados contra el COVID-19.\",\"datePublished\":\"2022-03-03T11:28:36+00:00\",\"mainEntityOfPage\":{\"@id\":\"https:\\\/\\\/canal7slp.tv\\\/2022\\\/legisladora-solicita-que-ninos-de-cinco-a-11-anos-sean-vacunados-contra-el-covid-19\\\/\"},\"wordCount\":190,\"publisher\":{\"@id\":\"https:\\\/\\\/canal7slp.tv\\\/2022\\\/#organization\"},\"image\":{\"@id\":\"https:\\\/\\\/canal7slp.tv\\\/2022\\\/legisladora-solicita-que-ninos-de-cinco-a-11-anos-sean-vacunados-contra-el-covid-19\\\/#primaryimage\"},\"thumbnailUrl\":\"https:\\\/\\\/canal7slp.tv\\\/2022\\\/wp-content\\\/uploads\\\/2022\\\/03\\\/Claudio02NInios.jpg\",\"articleSection\":[\"CONGRESO\",\"COVID-19\",\"DESTACADAS\",\"LOCALES Y REGIONALES\"],\"inLanguage\":\"es\"},{\"@type\":\"WebPage\",\"@id\":\"https:\\\/\\\/canal7slp.tv\\\/2022\\\/legisladora-solicita-que-ninos-de-cinco-a-11-anos-sean-vacunados-contra-el-covid-19\\\/\",\"url\":\"https:\\\/\\\/canal7slp.tv\\\/2022\\\/legisladora-solicita-que-ninos-de-cinco-a-11-anos-sean-vacunados-contra-el-covid-19\\\/\",\"name\":\"Legisladora solicita que ni\u00f1os de cinco a 11 a\u00f1os sean vacunados contra el COVID-19. - Canal 7 SLP - 2022\",\"isPartOf\":{\"@id\":\"https:\\\/\\\/canal7slp.tv\\\/2022\\\/#website\"},\"primaryImageOfPage\":{\"@id\":\"https:\\\/\\\/canal7slp.tv\\\/2022\\\/legisladora-solicita-que-ninos-de-cinco-a-11-anos-sean-vacunados-contra-el-covid-19\\\/#primaryimage\"},\"image\":{\"@id\":\"https:\\\/\\\/canal7slp.tv\\\/2022\\\/legisladora-solicita-que-ninos-de-cinco-a-11-anos-sean-vacunados-contra-el-covid-19\\\/#primaryimage\"},\"thumbnailUrl\":\"https:\\\/\\\/canal7slp.tv\\\/2022\\\/wp-content\\\/uploads\\\/2022\\\/03\\\/Claudio02NInios.jpg\",\"datePublished\":\"2022-03-03T11:28:36+00:00\",\"breadcrumb\":{\"@id\":\"https:\\\/\\\/canal7slp.tv\\\/2022\\\/legisladora-solicita-que-ninos-de-cinco-a-11-anos-sean-vacunados-contra-el-covid-19\\\/#breadcrumb\"},\"inLanguage\":\"es\",\"potentialAction\":[{\"@type\":\"ReadAction\",\"target\":[\"https:\\\/\\\/canal7slp.tv\\\/2022\\\/legisladora-solicita-que-ninos-de-cinco-a-11-anos-sean-vacunados-contra-el-covid-19\\\/\"]}]},{\"@type\":\"ImageObject\",\"inLanguage\":\"es\",\"@id\":\"https:\\\/\\\/canal7slp.tv\\\/2022\\\/legisladora-solicita-que-ninos-de-cinco-a-11-anos-sean-vacunados-contra-el-covid-19\\\/#primaryimage\",\"url\":\"https:\\\/\\\/canal7slp.tv\\\/2022\\\/wp-content\\\/uploads\\\/2022\\\/03\\\/Claudio02NInios.jpg\",\"contentUrl\":\"https:\\\/\\\/canal7slp.tv\\\/2022\\\/wp-content\\\/uploads\\\/2022\\\/03\\\/Claudio02NInios.jpg\",\"width\":888,\"height\":500},{\"@type\":\"BreadcrumbList\",\"@id\":\"https:\\\/\\\/canal7slp.tv\\\/2022\\\/legisladora-solicita-que-ninos-de-cinco-a-11-anos-sean-vacunados-contra-el-covid-19\\\/#breadcrumb\",\"itemListElement\":[{\"@type\":\"ListItem\",\"position\":1,\"name\":\"Portada\",\"item\":\"https:\\\/\\\/canal7slp.tv\\\/2022\\\/\"},{\"@type\":\"ListItem\",\"position\":2,\"name\":\"Legisladora solicita que ni\u00f1os de cinco a 11 a\u00f1os sean vacunados contra el COVID-19.\"}]},{\"@type\":\"WebSite\",\"@id\":\"https:\\\/\\\/canal7slp.tv\\\/2022\\\/#website\",\"url\":\"https:\\\/\\\/canal7slp.tv\\\/2022\\\/\",\"name\":\"N7 - Noticieros Canal 7\",\"description\":\"Somos Televisi\u00f3n\",\"publisher\":{\"@id\":\"https:\\\/\\\/canal7slp.tv\\\/2022\\\/#organization\"},\"potentialAction\":[{\"@type\":\"SearchAction\",\"target\":{\"@type\":\"EntryPoint\",\"urlTemplate\":\"https:\\\/\\\/canal7slp.tv\\\/2022\\\/?s={search_term_string}\"},\"query-input\":{\"@type\":\"PropertyValueSpecification\",\"valueRequired\":true,\"valueName\":\"search_term_string\"}}],\"inLanguage\":\"es\"},{\"@type\":\"Organization\",\"@id\":\"https:\\\/\\\/canal7slp.tv\\\/2022\\\/#organization\",\"name\":\"Noticieros Canal 7\",\"url\":\"https:\\\/\\\/canal7slp.tv\\\/2022\\\/\",\"logo\":{\"@type\":\"ImageObject\",\"inLanguage\":\"es\",\"@id\":\"https:\\\/\\\/canal7slp.tv\\\/2022\\\/#\\\/schema\\\/logo\\\/image\\\/\",\"url\":\"https:\\\/\\\/canal7slp.tv\\\/2022\\\/wp-content\\\/uploads\\\/2021\\\/01\\\/logo-noticieros@2x.png\",\"contentUrl\":\"https:\\\/\\\/canal7slp.tv\\\/2022\\\/wp-content\\\/uploads\\\/2021\\\/01\\\/logo-noticieros@2x.png\",\"width\":1017,\"height\":268,\"caption\":\"Noticieros Canal 7\"},\"image\":{\"@id\":\"https:\\\/\\\/canal7slp.tv\\\/2022\\\/#\\\/schema\\\/logo\\\/image\\\/\"},\"sameAs\":[\"https:\\\/\\\/www.facebook.com\\\/noticieroscanalsiete\",\"https:\\\/\\\/x.com\\\/NOTICIEROS7\",\"https:\\\/\\\/www.instagram.com\\\/canal7_slp\",\"https:\\\/\\\/www.youtube.com\\\/channel\\\/UCliiYs-gP3JfJeqdPrNdd5A\"]},{\"@type\":\"Person\",\"@id\":\"https:\\\/\\\/canal7slp.tv\\\/2022\\\/#\\\/schema\\\/person\\\/429704152a21f5f856ce29aa69a238da\",\"name\":\"Edici\u00f3n Web\",\"image\":{\"@type\":\"ImageObject\",\"inLanguage\":\"es\",\"@id\":\"https:\\\/\\\/secure.gravatar.com\\\/avatar\\\/eee448fc3f7164808013b816ba91ac7e43bbe82a70bebac296f8bc6f0addaa1a?s=96&d=mm&r=g\",\"url\":\"https:\\\/\\\/secure.gravatar.com\\\/avatar\\\/eee448fc3f7164808013b816ba91ac7e43bbe82a70bebac296f8bc6f0addaa1a?s=96&d=mm&r=g\",\"contentUrl\":\"https:\\\/\\\/secure.gravatar.com\\\/avatar\\\/eee448fc3f7164808013b816ba91ac7e43bbe82a70bebac296f8bc6f0addaa1a?s=96&d=mm&r=g\",\"caption\":\"Edici\u00f3n Web\"},\"url\":\"https:\\\/\\\/canal7slp.tv\\\/2022\\\/author\\\/edicionweb\\\/\"}]}<\/script>\n<!-- \/ Yoast SEO plugin. -->","yoast_head_json":{"title":"Legisladora solicita que ni\u00f1os de cinco a 11 a\u00f1os sean vacunados contra el COVID-19. - Canal 7 SLP - 2022","robots":{"index":"index","follow":"follow","max-snippet":"max-snippet:-1","max-image-preview":"max-image-preview:large","max-video-preview":"max-video-preview:-1"},"canonical":"https:\/\/canal7slp.tv\/2022\/legisladora-solicita-que-ninos-de-cinco-a-11-anos-sean-vacunados-contra-el-covid-19\/","og_locale":"es_ES","og_type":"article","og_title":"Legisladora solicita que ni\u00f1os de cinco a 11 a\u00f1os sean vacunados contra el COVID-19. - Canal 7 SLP - 2022","og_description":"SLP.- La diputada vicepresidenta de la Comisi\u00f3n de Salud Aranza Puente Bustindui se pronunci\u00f3 por que el gobierno federal aplique tambi\u00e9n la vacuna contra COVID 19, a ni\u00f1os de entre 5 y 11 a\u00f1os de edad. Se\u00f1al\u00f3 que si bien las autoridades de salud en voz del subsecretario Hugo L\u00f3pez Gatell han dicho que de momento no hay evidencia cient\u00edfica, respecto a que los ni\u00f1os deban ser vacunados dijo tambi\u00e9n que debe atenderse la petici\u00f3n de los padres de familia en el sentido de que sus hijos est\u00e9n protegidos. La diputada afirm\u00f3 que desde el Congreso a trav\u00e9s de la [&hellip;]","og_url":"https:\/\/canal7slp.tv\/2022\/legisladora-solicita-que-ninos-de-cinco-a-11-anos-sean-vacunados-contra-el-covid-19\/","og_site_name":"Canal 7 SLP - 2022","article_publisher":"https:\/\/www.facebook.com\/noticieroscanalsiete","article_published_time":"2022-03-03T11:28:36+00:00","og_image":[{"width":888,"height":500,"url":"https:\/\/canal7slp.tv\/2022\/wp-content\/uploads\/2022\/03\/Claudio02NInios.jpg","type":"image\/jpeg"}],"author":"Edici\u00f3n Web","twitter_card":"summary_large_image","twitter_creator":"@NOTICIEROS7","twitter_site":"@NOTICIEROS7","twitter_misc":{"Escrito por":"Edici\u00f3n Web","Tiempo de lectura":"1 minuto"},"schema":{"@context":"https:\/\/schema.org","@graph":[{"@type":"Article","@id":"https:\/\/canal7slp.tv\/2022\/legisladora-solicita-que-ninos-de-cinco-a-11-anos-sean-vacunados-contra-el-covid-19\/#article","isPartOf":{"@id":"https:\/\/canal7slp.tv\/2022\/legisladora-solicita-que-ninos-de-cinco-a-11-anos-sean-vacunados-contra-el-covid-19\/"},"author":{"name":"Edici\u00f3n Web","@id":"https:\/\/canal7slp.tv\/2022\/#\/schema\/person\/429704152a21f5f856ce29aa69a238da"},"headline":"Legisladora solicita que ni\u00f1os de cinco a 11 a\u00f1os sean vacunados contra el COVID-19.","datePublished":"2022-03-03T11:28:36+00:00","mainEntityOfPage":{"@id":"https:\/\/canal7slp.tv\/2022\/legisladora-solicita-que-ninos-de-cinco-a-11-anos-sean-vacunados-contra-el-covid-19\/"},"wordCount":190,"publisher":{"@id":"https:\/\/canal7slp.tv\/2022\/#organization"},"image":{"@id":"https:\/\/canal7slp.tv\/2022\/legisladora-solicita-que-ninos-de-cinco-a-11-anos-sean-vacunados-contra-el-covid-19\/#primaryimage"},"thumbnailUrl":"https:\/\/canal7slp.tv\/2022\/wp-content\/uploads\/2022\/03\/Claudio02NInios.jpg","articleSection":["CONGRESO","COVID-19","DESTACADAS","LOCALES Y REGIONALES"],"inLanguage":"es"},{"@type":"WebPage","@id":"https:\/\/canal7slp.tv\/2022\/legisladora-solicita-que-ninos-de-cinco-a-11-anos-sean-vacunados-contra-el-covid-19\/","url":"https:\/\/canal7slp.tv\/2022\/legisladora-solicita-que-ninos-de-cinco-a-11-anos-sean-vacunados-contra-el-covid-19\/","name":"Legisladora solicita que ni\u00f1os de cinco a 11 a\u00f1os sean vacunados contra el COVID-19. - Canal 7 SLP - 2022","isPartOf":{"@id":"https:\/\/canal7slp.tv\/2022\/#website"},"primaryImageOfPage":{"@id":"https:\/\/canal7slp.tv\/2022\/legisladora-solicita-que-ninos-de-cinco-a-11-anos-sean-vacunados-contra-el-covid-19\/#primaryimage"},"image":{"@id":"https:\/\/canal7slp.tv\/2022\/legisladora-solicita-que-ninos-de-cinco-a-11-anos-sean-vacunados-contra-el-covid-19\/#primaryimage"},"thumbnailUrl":"https:\/\/canal7slp.tv\/2022\/wp-content\/uploads\/2022\/03\/Claudio02NInios.jpg","datePublished":"2022-03-03T11:28:36+00:00","breadcrumb":{"@id":"https:\/\/canal7slp.tv\/2022\/legisladora-solicita-que-ninos-de-cinco-a-11-anos-sean-vacunados-contra-el-covid-19\/#breadcrumb"},"inLanguage":"es","potentialAction":[{"@type":"ReadAction","target":["https:\/\/canal7slp.tv\/2022\/legisladora-solicita-que-ninos-de-cinco-a-11-anos-sean-vacunados-contra-el-covid-19\/"]}]},{"@type":"ImageObject","inLanguage":"es","@id":"https:\/\/canal7slp.tv\/2022\/legisladora-solicita-que-ninos-de-cinco-a-11-anos-sean-vacunados-contra-el-covid-19\/#primaryimage","url":"https:\/\/canal7slp.tv\/2022\/wp-content\/uploads\/2022\/03\/Claudio02NInios.jpg","contentUrl":"https:\/\/canal7slp.tv\/2022\/wp-content\/uploads\/2022\/03\/Claudio02NInios.jpg","width":888,"height":500},{"@type":"BreadcrumbList","@id":"https:\/\/canal7slp.tv\/2022\/legisladora-solicita-que-ninos-de-cinco-a-11-anos-sean-vacunados-contra-el-covid-19\/#breadcrumb","itemListElement":[{"@type":"ListItem","position":1,"name":"Portada","item":"https:\/\/canal7slp.tv\/2022\/"},{"@type":"ListItem","position":2,"name":"Legisladora solicita que ni\u00f1os de cinco a 11 a\u00f1os sean vacunados contra el COVID-19."}]},{"@type":"WebSite","@id":"https:\/\/canal7slp.tv\/2022\/#website","url":"https:\/\/canal7slp.tv\/2022\/","name":"N7 - Noticieros Canal 7","description":"Somos Televisi\u00f3n","publisher":{"@id":"https:\/\/canal7slp.tv\/2022\/#organization"},"potentialAction":[{"@type":"SearchAction","target":{"@type":"EntryPoint","urlTemplate":"https:\/\/canal7slp.tv\/2022\/?s={search_term_string}"},"query-input":{"@type":"PropertyValueSpecification","valueRequired":true,"valueName":"search_term_string"}}],"inLanguage":"es"},{"@type":"Organization","@id":"https:\/\/canal7slp.tv\/2022\/#organization","name":"Noticieros Canal 7","url":"https:\/\/canal7slp.tv\/2022\/","logo":{"@type":"ImageObject","inLanguage":"es","@id":"https:\/\/canal7slp.tv\/2022\/#\/schema\/logo\/image\/","url":"https:\/\/canal7slp.tv\/2022\/wp-content\/uploads\/2021\/01\/logo-noticieros@2x.png","contentUrl":"https:\/\/canal7slp.tv\/2022\/wp-content\/uploads\/2021\/01\/logo-noticieros@2x.png","width":1017,"height":268,"caption":"Noticieros Canal 7"},"image":{"@id":"https:\/\/canal7slp.tv\/2022\/#\/schema\/logo\/image\/"},"sameAs":["https:\/\/www.facebook.com\/noticieroscanalsiete","https:\/\/x.com\/NOTICIEROS7","https:\/\/www.instagram.com\/canal7_slp","https:\/\/www.youtube.com\/channel\/UCliiYs-gP3JfJeqdPrNdd5A"]},{"@type":"Person","@id":"https:\/\/canal7slp.tv\/2022\/#\/schema\/person\/429704152a21f5f856ce29aa69a238da","name":"Edici\u00f3n Web","image":{"@type":"ImageObject","inLanguage":"es","@id":"https:\/\/secure.gravatar.com\/avatar\/eee448fc3f7164808013b816ba91ac7e43bbe82a70bebac296f8bc6f0addaa1a?s=96&d=mm&r=g","url":"https:\/\/secure.gravatar.com\/avatar\/eee448fc3f7164808013b816ba91ac7e43bbe82a70bebac296f8bc6f0addaa1a?s=96&d=mm&r=g","contentUrl":"https:\/\/secure.gravatar.com\/avatar\/eee448fc3f7164808013b816ba91ac7e43bbe82a70bebac296f8bc6f0addaa1a?s=96&d=mm&r=g","caption":"Edici\u00f3n Web"},"url":"https:\/\/canal7slp.tv\/2022\/author\/edicionweb\/"}]}},"amp_enabled":true,"_links":{"self":[{"href":"https:\/\/canal7slp.tv\/2022\/wp-json\/wp\/v2\/posts\/52943","targetHints":{"allow":["GET"]}}],"collection":[{"href":"https:\/\/canal7slp.tv\/2022\/wp-json\/wp\/v2\/posts"}],"about":[{"href":"https:\/\/canal7slp.tv\/2022\/wp-json\/wp\/v2\/types\/post"}],"author":[{"embeddable":true,"href":"https:\/\/canal7slp.tv\/2022\/wp-json\/wp\/v2\/users\/2"}],"replies":[{"embeddable":true,"href":"https:\/\/canal7slp.tv\/2022\/wp-json\/wp\/v2\/comments?post=52943"}],"version-history":[{"count":3,"href":"https:\/\/canal7slp.tv\/2022\/wp-json\/wp\/v2\/posts\/52943\/revisions"}],"predecessor-version":[{"id":53004,"href":"https:\/\/canal7slp.tv\/2022\/wp-json\/wp\/v2\/posts\/52943\/revisions\/53004"}],"wp:featuredmedia":[{"embeddable":true,"href":"https:\/\/canal7slp.tv\/2022\/wp-json\/wp\/v2\/media\/53003"}],"wp:attachment":[{"href":"https:\/\/canal7slp.tv\/2022\/wp-json\/wp\/v2\/media?parent=52943"}],"wp:term":[{"taxonomy":"category","embeddable":true,"href":"https:\/\/canal7slp.tv\/2022\/wp-json\/wp\/v2\/categories?post=52943"},{"taxonomy":"post_tag","embeddable":true,"href":"https:\/\/canal7slp.tv\/2022\/wp-json\/wp\/v2\/tags?post=52943"}],"curies":[{"name":"wp","href":"https:\/\/api.w.org\/{rel}","templated":true}]}}