{"id":52916,"date":"2022-03-02T18:08:48","date_gmt":"2022-03-03T00:08:48","guid":{"rendered":"https:\/\/canal7slp.tv\/2022\/?p=52916"},"modified":"2022-03-02T18:08:48","modified_gmt":"2022-03-03T00:08:48","slug":"debido-a-veda-se-adelantan-pagos-de-pension-del-bienestar","status":"publish","type":"post","link":"https:\/\/canal7slp.tv\/2022\/debido-a-veda-se-adelantan-pagos-de-pension-del-bienestar\/","title":{"rendered":"Debido a veda, se adelantan pagos de pensi\u00f3n del Bienestar."},"content":{"rendered":"<ul>\n<li>Personas que son parte del programa recibir\u00e1n $7,700.00.<\/li>\n<\/ul>\n<p style=\"text-align: justify;\">SLP.- Durante el mes de marzo las y los adultos mayores del pa\u00eds recibir\u00e1n un pago adelantado de su pensi\u00f3n por $7,700 con motivo de la veda electoral y la consulta popular, revel\u00f3 la Secretar\u00eda del Bienestar.<\/p>\n<p style=\"text-align: justify;\">De acuerdo con el calendario de pagos, este pago ser\u00e1 correspondiente al segundo y tercer bimestre del 2022, es decir del periodo entre marzo &#8211; abril y mayo &#8211; junio.<\/p>\n<p style=\"text-align: justify;\">Posteriormente en el mes de julio\u00a0se normalizar\u00e1n los pagos de\u00a0la pensi\u00f3n a $3,850 bimestrales, es decir tras realizarse el proceso electoral.<\/p>\n<p style=\"text-align: justify;\">Es importante descartar que se ha elevado el n\u00famero de adultos mayores beneficiarios por el pago de la pensi\u00f3n, de 8 millones 2 mil 427 a 10 millones 259 mil 861 beneficiarios.<\/p>\n<p style=\"text-align: justify;\">Tan solo para realizar el primer pago de pensiones de este a\u00f1o se ha invertido una suma de 39 mil 599 millones de pesos, es decir que esto se repetir\u00e1 posteriormente en cada bimestre del a\u00f1o.<\/p>\n<p style=\"text-align: justify;\">Hasta ahora los pagos de pensiones del primer bimestre han logrado avanzar en un 91%, revel\u00f3 la funcionaria Ariadna Montiel Reyes.<\/p>\n<p style=\"text-align: justify;\">Agreg\u00f3 que tambi\u00e9n se ha avanzado en el pago de pensiones para ni\u00f1as y ni\u00f1os, para las personas con discapacidad, los apoyos para madres solteras, el programa de sembrando vida, entre otros.<\/p>\n<p style=\"text-align: justify;\">Por: Luis de Regil<\/p>\n","protected":false},"excerpt":{"rendered":"<p>Personas que son parte del programa recibir\u00e1n $7,700.00. SLP.- Durante el mes de marzo las y los adultos mayores del pa\u00eds recibir\u00e1n un pago adelantado de su pensi\u00f3n por $7,700 con motivo de la veda electoral y la consulta popular, revel\u00f3 la Secretar\u00eda del Bienestar. De acuerdo con el calendario de pagos, este pago ser\u00e1 correspondiente al segundo y tercer bimestre del 2022, es decir del periodo entre marzo &#8211; abril y mayo &#8211; junio. Posteriormente en el mes de julio\u00a0se normalizar\u00e1n los pagos de\u00a0la pensi\u00f3n a $3,850 bimestrales, es decir tras realizarse el proceso electoral. Es importante descartar que [&hellip;]<\/p>\n","protected":false},"author":2,"featured_media":52937,"comment_status":"closed","ping_status":"closed","sticky":false,"template":"","format":"video","meta":{"footnotes":""},"categories":[5,45],"tags":[],"class_list":["post-52916","post","type-post","status-publish","format-video","has-post-thumbnail","hentry","category-destacadas","category-localesyregionales","post_format-post-format-video","post--single"],"yoast_head":"<!-- This site is optimized with the Yoast SEO plugin v27.4 - https:\/\/yoast.com\/product\/yoast-seo-wordpress\/ -->\n<title>Debido a veda, se adelantan pagos de pensi\u00f3n del Bienestar. - Canal 7 SLP - 2022<\/title>\n<meta name=\"robots\" content=\"index, follow, max-snippet:-1, max-image-preview:large, max-video-preview:-1\" \/>\n<link rel=\"canonical\" href=\"https:\/\/canal7slp.tv\/2022\/debido-a-veda-se-adelantan-pagos-de-pension-del-bienestar\/\" \/>\n<meta property=\"og:locale\" content=\"es_ES\" \/>\n<meta property=\"og:type\" content=\"article\" \/>\n<meta property=\"og:title\" content=\"Debido a veda, se adelantan pagos de pensi\u00f3n del Bienestar. - Canal 7 SLP - 2022\" \/>\n<meta property=\"og:description\" content=\"Personas que son parte del programa recibir\u00e1n $7,700.00. SLP.- Durante el mes de marzo las y los adultos mayores del pa\u00eds recibir\u00e1n un pago adelantado de su pensi\u00f3n por $7,700 con motivo de la veda electoral y la consulta popular, revel\u00f3 la Secretar\u00eda del Bienestar. De acuerdo con el calendario de pagos, este pago ser\u00e1 correspondiente al segundo y tercer bimestre del 2022, es decir del periodo entre marzo &#8211; abril y mayo &#8211; junio. Posteriormente en el mes de julio\u00a0se normalizar\u00e1n los pagos de\u00a0la pensi\u00f3n a $3,850 bimestrales, es decir tras realizarse el proceso electoral. Es importante descartar que [&hellip;]\" \/>\n<meta property=\"og:url\" content=\"https:\/\/canal7slp.tv\/2022\/debido-a-veda-se-adelantan-pagos-de-pension-del-bienestar\/\" \/>\n<meta property=\"og:site_name\" content=\"Canal 7 SLP - 2022\" \/>\n<meta property=\"article:publisher\" content=\"https:\/\/www.facebook.com\/noticieroscanalsiete\" \/>\n<meta property=\"article:published_time\" content=\"2022-03-03T00:08:48+00:00\" \/>\n<meta property=\"og:image\" content=\"https:\/\/canal7slp.tv\/2022\/wp-content\/uploads\/2022\/03\/Luis01Adultos.jpg\" \/>\n\t<meta property=\"og:image:width\" content=\"888\" \/>\n\t<meta property=\"og:image:height\" content=\"500\" \/>\n\t<meta property=\"og:image:type\" content=\"image\/jpeg\" \/>\n<meta name=\"author\" content=\"Edici\u00f3n Web\" \/>\n<meta name=\"twitter:card\" content=\"summary_large_image\" \/>\n<meta name=\"twitter:creator\" content=\"@NOTICIEROS7\" \/>\n<meta name=\"twitter:site\" content=\"@NOTICIEROS7\" \/>\n<meta name=\"twitter:label1\" content=\"Escrito por\" \/>\n\t<meta name=\"twitter:data1\" content=\"Edici\u00f3n Web\" \/>\n\t<meta name=\"twitter:label2\" content=\"Tiempo de lectura\" \/>\n\t<meta name=\"twitter:data2\" content=\"2 minutos\" \/>\n<script type=\"application\/ld+json\" class=\"yoast-schema-graph\">{\"@context\":\"https:\\\/\\\/schema.org\",\"@graph\":[{\"@type\":\"Article\",\"@id\":\"https:\\\/\\\/canal7slp.tv\\\/2022\\\/debido-a-veda-se-adelantan-pagos-de-pension-del-bienestar\\\/#article\",\"isPartOf\":{\"@id\":\"https:\\\/\\\/canal7slp.tv\\\/2022\\\/debido-a-veda-se-adelantan-pagos-de-pension-del-bienestar\\\/\"},\"author\":{\"name\":\"Edici\u00f3n Web\",\"@id\":\"https:\\\/\\\/canal7slp.tv\\\/2022\\\/#\\\/schema\\\/person\\\/429704152a21f5f856ce29aa69a238da\"},\"headline\":\"Debido a veda, se adelantan pagos de pensi\u00f3n del Bienestar.\",\"datePublished\":\"2022-03-03T00:08:48+00:00\",\"mainEntityOfPage\":{\"@id\":\"https:\\\/\\\/canal7slp.tv\\\/2022\\\/debido-a-veda-se-adelantan-pagos-de-pension-del-bienestar\\\/\"},\"wordCount\":236,\"publisher\":{\"@id\":\"https:\\\/\\\/canal7slp.tv\\\/2022\\\/#organization\"},\"image\":{\"@id\":\"https:\\\/\\\/canal7slp.tv\\\/2022\\\/debido-a-veda-se-adelantan-pagos-de-pension-del-bienestar\\\/#primaryimage\"},\"thumbnailUrl\":\"https:\\\/\\\/canal7slp.tv\\\/2022\\\/wp-content\\\/uploads\\\/2022\\\/03\\\/Luis01Adultos.jpg\",\"articleSection\":[\"DESTACADAS\",\"LOCALES Y REGIONALES\"],\"inLanguage\":\"es\"},{\"@type\":\"WebPage\",\"@id\":\"https:\\\/\\\/canal7slp.tv\\\/2022\\\/debido-a-veda-se-adelantan-pagos-de-pension-del-bienestar\\\/\",\"url\":\"https:\\\/\\\/canal7slp.tv\\\/2022\\\/debido-a-veda-se-adelantan-pagos-de-pension-del-bienestar\\\/\",\"name\":\"Debido a veda, se adelantan pagos de pensi\u00f3n del Bienestar. - Canal 7 SLP - 2022\",\"isPartOf\":{\"@id\":\"https:\\\/\\\/canal7slp.tv\\\/2022\\\/#website\"},\"primaryImageOfPage\":{\"@id\":\"https:\\\/\\\/canal7slp.tv\\\/2022\\\/debido-a-veda-se-adelantan-pagos-de-pension-del-bienestar\\\/#primaryimage\"},\"image\":{\"@id\":\"https:\\\/\\\/canal7slp.tv\\\/2022\\\/debido-a-veda-se-adelantan-pagos-de-pension-del-bienestar\\\/#primaryimage\"},\"thumbnailUrl\":\"https:\\\/\\\/canal7slp.tv\\\/2022\\\/wp-content\\\/uploads\\\/2022\\\/03\\\/Luis01Adultos.jpg\",\"datePublished\":\"2022-03-03T00:08:48+00:00\",\"breadcrumb\":{\"@id\":\"https:\\\/\\\/canal7slp.tv\\\/2022\\\/debido-a-veda-se-adelantan-pagos-de-pension-del-bienestar\\\/#breadcrumb\"},\"inLanguage\":\"es\",\"potentialAction\":[{\"@type\":\"ReadAction\",\"target\":[\"https:\\\/\\\/canal7slp.tv\\\/2022\\\/debido-a-veda-se-adelantan-pagos-de-pension-del-bienestar\\\/\"]}]},{\"@type\":\"ImageObject\",\"inLanguage\":\"es\",\"@id\":\"https:\\\/\\\/canal7slp.tv\\\/2022\\\/debido-a-veda-se-adelantan-pagos-de-pension-del-bienestar\\\/#primaryimage\",\"url\":\"https:\\\/\\\/canal7slp.tv\\\/2022\\\/wp-content\\\/uploads\\\/2022\\\/03\\\/Luis01Adultos.jpg\",\"contentUrl\":\"https:\\\/\\\/canal7slp.tv\\\/2022\\\/wp-content\\\/uploads\\\/2022\\\/03\\\/Luis01Adultos.jpg\",\"width\":888,\"height\":500},{\"@type\":\"BreadcrumbList\",\"@id\":\"https:\\\/\\\/canal7slp.tv\\\/2022\\\/debido-a-veda-se-adelantan-pagos-de-pension-del-bienestar\\\/#breadcrumb\",\"itemListElement\":[{\"@type\":\"ListItem\",\"position\":1,\"name\":\"Portada\",\"item\":\"https:\\\/\\\/canal7slp.tv\\\/2022\\\/\"},{\"@type\":\"ListItem\",\"position\":2,\"name\":\"Debido a veda, se adelantan pagos de pensi\u00f3n del Bienestar.\"}]},{\"@type\":\"WebSite\",\"@id\":\"https:\\\/\\\/canal7slp.tv\\\/2022\\\/#website\",\"url\":\"https:\\\/\\\/canal7slp.tv\\\/2022\\\/\",\"name\":\"N7 - Noticieros Canal 7\",\"description\":\"Somos Televisi\u00f3n\",\"publisher\":{\"@id\":\"https:\\\/\\\/canal7slp.tv\\\/2022\\\/#organization\"},\"potentialAction\":[{\"@type\":\"SearchAction\",\"target\":{\"@type\":\"EntryPoint\",\"urlTemplate\":\"https:\\\/\\\/canal7slp.tv\\\/2022\\\/?s={search_term_string}\"},\"query-input\":{\"@type\":\"PropertyValueSpecification\",\"valueRequired\":true,\"valueName\":\"search_term_string\"}}],\"inLanguage\":\"es\"},{\"@type\":\"Organization\",\"@id\":\"https:\\\/\\\/canal7slp.tv\\\/2022\\\/#organization\",\"name\":\"Noticieros Canal 7\",\"url\":\"https:\\\/\\\/canal7slp.tv\\\/2022\\\/\",\"logo\":{\"@type\":\"ImageObject\",\"inLanguage\":\"es\",\"@id\":\"https:\\\/\\\/canal7slp.tv\\\/2022\\\/#\\\/schema\\\/logo\\\/image\\\/\",\"url\":\"https:\\\/\\\/canal7slp.tv\\\/2022\\\/wp-content\\\/uploads\\\/2021\\\/01\\\/logo-noticieros@2x.png\",\"contentUrl\":\"https:\\\/\\\/canal7slp.tv\\\/2022\\\/wp-content\\\/uploads\\\/2021\\\/01\\\/logo-noticieros@2x.png\",\"width\":1017,\"height\":268,\"caption\":\"Noticieros Canal 7\"},\"image\":{\"@id\":\"https:\\\/\\\/canal7slp.tv\\\/2022\\\/#\\\/schema\\\/logo\\\/image\\\/\"},\"sameAs\":[\"https:\\\/\\\/www.facebook.com\\\/noticieroscanalsiete\",\"https:\\\/\\\/x.com\\\/NOTICIEROS7\",\"https:\\\/\\\/www.instagram.com\\\/canal7_slp\",\"https:\\\/\\\/www.youtube.com\\\/channel\\\/UCliiYs-gP3JfJeqdPrNdd5A\"]},{\"@type\":\"Person\",\"@id\":\"https:\\\/\\\/canal7slp.tv\\\/2022\\\/#\\\/schema\\\/person\\\/429704152a21f5f856ce29aa69a238da\",\"name\":\"Edici\u00f3n Web\",\"image\":{\"@type\":\"ImageObject\",\"inLanguage\":\"es\",\"@id\":\"https:\\\/\\\/secure.gravatar.com\\\/avatar\\\/eee448fc3f7164808013b816ba91ac7e43bbe82a70bebac296f8bc6f0addaa1a?s=96&d=mm&r=g\",\"url\":\"https:\\\/\\\/secure.gravatar.com\\\/avatar\\\/eee448fc3f7164808013b816ba91ac7e43bbe82a70bebac296f8bc6f0addaa1a?s=96&d=mm&r=g\",\"contentUrl\":\"https:\\\/\\\/secure.gravatar.com\\\/avatar\\\/eee448fc3f7164808013b816ba91ac7e43bbe82a70bebac296f8bc6f0addaa1a?s=96&d=mm&r=g\",\"caption\":\"Edici\u00f3n Web\"},\"url\":\"https:\\\/\\\/canal7slp.tv\\\/2022\\\/author\\\/edicionweb\\\/\"}]}<\/script>\n<!-- \/ Yoast SEO plugin. -->","yoast_head_json":{"title":"Debido a veda, se adelantan pagos de pensi\u00f3n del Bienestar. - Canal 7 SLP - 2022","robots":{"index":"index","follow":"follow","max-snippet":"max-snippet:-1","max-image-preview":"max-image-preview:large","max-video-preview":"max-video-preview:-1"},"canonical":"https:\/\/canal7slp.tv\/2022\/debido-a-veda-se-adelantan-pagos-de-pension-del-bienestar\/","og_locale":"es_ES","og_type":"article","og_title":"Debido a veda, se adelantan pagos de pensi\u00f3n del Bienestar. - Canal 7 SLP - 2022","og_description":"Personas que son parte del programa recibir\u00e1n $7,700.00. SLP.- Durante el mes de marzo las y los adultos mayores del pa\u00eds recibir\u00e1n un pago adelantado de su pensi\u00f3n por $7,700 con motivo de la veda electoral y la consulta popular, revel\u00f3 la Secretar\u00eda del Bienestar. De acuerdo con el calendario de pagos, este pago ser\u00e1 correspondiente al segundo y tercer bimestre del 2022, es decir del periodo entre marzo &#8211; abril y mayo &#8211; junio. Posteriormente en el mes de julio\u00a0se normalizar\u00e1n los pagos de\u00a0la pensi\u00f3n a $3,850 bimestrales, es decir tras realizarse el proceso electoral. Es importante descartar que [&hellip;]","og_url":"https:\/\/canal7slp.tv\/2022\/debido-a-veda-se-adelantan-pagos-de-pension-del-bienestar\/","og_site_name":"Canal 7 SLP - 2022","article_publisher":"https:\/\/www.facebook.com\/noticieroscanalsiete","article_published_time":"2022-03-03T00:08:48+00:00","og_image":[{"width":888,"height":500,"url":"https:\/\/canal7slp.tv\/2022\/wp-content\/uploads\/2022\/03\/Luis01Adultos.jpg","type":"image\/jpeg"}],"author":"Edici\u00f3n Web","twitter_card":"summary_large_image","twitter_creator":"@NOTICIEROS7","twitter_site":"@NOTICIEROS7","twitter_misc":{"Escrito por":"Edici\u00f3n Web","Tiempo de lectura":"2 minutos"},"schema":{"@context":"https:\/\/schema.org","@graph":[{"@type":"Article","@id":"https:\/\/canal7slp.tv\/2022\/debido-a-veda-se-adelantan-pagos-de-pension-del-bienestar\/#article","isPartOf":{"@id":"https:\/\/canal7slp.tv\/2022\/debido-a-veda-se-adelantan-pagos-de-pension-del-bienestar\/"},"author":{"name":"Edici\u00f3n Web","@id":"https:\/\/canal7slp.tv\/2022\/#\/schema\/person\/429704152a21f5f856ce29aa69a238da"},"headline":"Debido a veda, se adelantan pagos de pensi\u00f3n del Bienestar.","datePublished":"2022-03-03T00:08:48+00:00","mainEntityOfPage":{"@id":"https:\/\/canal7slp.tv\/2022\/debido-a-veda-se-adelantan-pagos-de-pension-del-bienestar\/"},"wordCount":236,"publisher":{"@id":"https:\/\/canal7slp.tv\/2022\/#organization"},"image":{"@id":"https:\/\/canal7slp.tv\/2022\/debido-a-veda-se-adelantan-pagos-de-pension-del-bienestar\/#primaryimage"},"thumbnailUrl":"https:\/\/canal7slp.tv\/2022\/wp-content\/uploads\/2022\/03\/Luis01Adultos.jpg","articleSection":["DESTACADAS","LOCALES Y REGIONALES"],"inLanguage":"es"},{"@type":"WebPage","@id":"https:\/\/canal7slp.tv\/2022\/debido-a-veda-se-adelantan-pagos-de-pension-del-bienestar\/","url":"https:\/\/canal7slp.tv\/2022\/debido-a-veda-se-adelantan-pagos-de-pension-del-bienestar\/","name":"Debido a veda, se adelantan pagos de pensi\u00f3n del Bienestar. - Canal 7 SLP - 2022","isPartOf":{"@id":"https:\/\/canal7slp.tv\/2022\/#website"},"primaryImageOfPage":{"@id":"https:\/\/canal7slp.tv\/2022\/debido-a-veda-se-adelantan-pagos-de-pension-del-bienestar\/#primaryimage"},"image":{"@id":"https:\/\/canal7slp.tv\/2022\/debido-a-veda-se-adelantan-pagos-de-pension-del-bienestar\/#primaryimage"},"thumbnailUrl":"https:\/\/canal7slp.tv\/2022\/wp-content\/uploads\/2022\/03\/Luis01Adultos.jpg","datePublished":"2022-03-03T00:08:48+00:00","breadcrumb":{"@id":"https:\/\/canal7slp.tv\/2022\/debido-a-veda-se-adelantan-pagos-de-pension-del-bienestar\/#breadcrumb"},"inLanguage":"es","potentialAction":[{"@type":"ReadAction","target":["https:\/\/canal7slp.tv\/2022\/debido-a-veda-se-adelantan-pagos-de-pension-del-bienestar\/"]}]},{"@type":"ImageObject","inLanguage":"es","@id":"https:\/\/canal7slp.tv\/2022\/debido-a-veda-se-adelantan-pagos-de-pension-del-bienestar\/#primaryimage","url":"https:\/\/canal7slp.tv\/2022\/wp-content\/uploads\/2022\/03\/Luis01Adultos.jpg","contentUrl":"https:\/\/canal7slp.tv\/2022\/wp-content\/uploads\/2022\/03\/Luis01Adultos.jpg","width":888,"height":500},{"@type":"BreadcrumbList","@id":"https:\/\/canal7slp.tv\/2022\/debido-a-veda-se-adelantan-pagos-de-pension-del-bienestar\/#breadcrumb","itemListElement":[{"@type":"ListItem","position":1,"name":"Portada","item":"https:\/\/canal7slp.tv\/2022\/"},{"@type":"ListItem","position":2,"name":"Debido a veda, se adelantan pagos de pensi\u00f3n del Bienestar."}]},{"@type":"WebSite","@id":"https:\/\/canal7slp.tv\/2022\/#website","url":"https:\/\/canal7slp.tv\/2022\/","name":"N7 - Noticieros Canal 7","description":"Somos Televisi\u00f3n","publisher":{"@id":"https:\/\/canal7slp.tv\/2022\/#organization"},"potentialAction":[{"@type":"SearchAction","target":{"@type":"EntryPoint","urlTemplate":"https:\/\/canal7slp.tv\/2022\/?s={search_term_string}"},"query-input":{"@type":"PropertyValueSpecification","valueRequired":true,"valueName":"search_term_string"}}],"inLanguage":"es"},{"@type":"Organization","@id":"https:\/\/canal7slp.tv\/2022\/#organization","name":"Noticieros Canal 7","url":"https:\/\/canal7slp.tv\/2022\/","logo":{"@type":"ImageObject","inLanguage":"es","@id":"https:\/\/canal7slp.tv\/2022\/#\/schema\/logo\/image\/","url":"https:\/\/canal7slp.tv\/2022\/wp-content\/uploads\/2021\/01\/logo-noticieros@2x.png","contentUrl":"https:\/\/canal7slp.tv\/2022\/wp-content\/uploads\/2021\/01\/logo-noticieros@2x.png","width":1017,"height":268,"caption":"Noticieros Canal 7"},"image":{"@id":"https:\/\/canal7slp.tv\/2022\/#\/schema\/logo\/image\/"},"sameAs":["https:\/\/www.facebook.com\/noticieroscanalsiete","https:\/\/x.com\/NOTICIEROS7","https:\/\/www.instagram.com\/canal7_slp","https:\/\/www.youtube.com\/channel\/UCliiYs-gP3JfJeqdPrNdd5A"]},{"@type":"Person","@id":"https:\/\/canal7slp.tv\/2022\/#\/schema\/person\/429704152a21f5f856ce29aa69a238da","name":"Edici\u00f3n Web","image":{"@type":"ImageObject","inLanguage":"es","@id":"https:\/\/secure.gravatar.com\/avatar\/eee448fc3f7164808013b816ba91ac7e43bbe82a70bebac296f8bc6f0addaa1a?s=96&d=mm&r=g","url":"https:\/\/secure.gravatar.com\/avatar\/eee448fc3f7164808013b816ba91ac7e43bbe82a70bebac296f8bc6f0addaa1a?s=96&d=mm&r=g","contentUrl":"https:\/\/secure.gravatar.com\/avatar\/eee448fc3f7164808013b816ba91ac7e43bbe82a70bebac296f8bc6f0addaa1a?s=96&d=mm&r=g","caption":"Edici\u00f3n Web"},"url":"https:\/\/canal7slp.tv\/2022\/author\/edicionweb\/"}]}},"amp_enabled":true,"_links":{"self":[{"href":"https:\/\/canal7slp.tv\/2022\/wp-json\/wp\/v2\/posts\/52916","targetHints":{"allow":["GET"]}}],"collection":[{"href":"https:\/\/canal7slp.tv\/2022\/wp-json\/wp\/v2\/posts"}],"about":[{"href":"https:\/\/canal7slp.tv\/2022\/wp-json\/wp\/v2\/types\/post"}],"author":[{"embeddable":true,"href":"https:\/\/canal7slp.tv\/2022\/wp-json\/wp\/v2\/users\/2"}],"replies":[{"embeddable":true,"href":"https:\/\/canal7slp.tv\/2022\/wp-json\/wp\/v2\/comments?post=52916"}],"version-history":[{"count":2,"href":"https:\/\/canal7slp.tv\/2022\/wp-json\/wp\/v2\/posts\/52916\/revisions"}],"predecessor-version":[{"id":52938,"href":"https:\/\/canal7slp.tv\/2022\/wp-json\/wp\/v2\/posts\/52916\/revisions\/52938"}],"wp:featuredmedia":[{"embeddable":true,"href":"https:\/\/canal7slp.tv\/2022\/wp-json\/wp\/v2\/media\/52937"}],"wp:attachment":[{"href":"https:\/\/canal7slp.tv\/2022\/wp-json\/wp\/v2\/media?parent=52916"}],"wp:term":[{"taxonomy":"category","embeddable":true,"href":"https:\/\/canal7slp.tv\/2022\/wp-json\/wp\/v2\/categories?post=52916"},{"taxonomy":"post_tag","embeddable":true,"href":"https:\/\/canal7slp.tv\/2022\/wp-json\/wp\/v2\/tags?post=52916"}],"curies":[{"name":"wp","href":"https:\/\/api.w.org\/{rel}","templated":true}]}}