{"id":52907,"date":"2022-03-02T17:46:01","date_gmt":"2022-03-02T23:46:01","guid":{"rendered":"https:\/\/canal7slp.tv\/2022\/?p=52907"},"modified":"2022-03-02T17:46:01","modified_gmt":"2022-03-02T23:46:01","slug":"snte-ratifica-a-carlos-barcenas-ramirez-como-secretario-general-de-la-seccion-26","status":"publish","type":"post","link":"https:\/\/canal7slp.tv\/2022\/snte-ratifica-a-carlos-barcenas-ramirez-como-secretario-general-de-la-seccion-26\/","title":{"rendered":"SNTE ratifica a Carlos B\u00e1rcenas Ram\u00edrez como Secretario General de la Secci\u00f3n 26."},"content":{"rendered":"<p style=\"text-align: justify;\">SLP.- Este mi\u00e9rcoles, se present\u00f3 de manera formal la \u00abtoma de nota\u00bb por parte del representante nacional del Sindicato Nacional de Trabajadores de la Educaci\u00f3n, Jos\u00e9 de Jes\u00fas Serrano Aguilera, que ratifica a Carlos B\u00e1rcenas Ram\u00edrez como secretario general de la Secci\u00f3n 26.<\/p>\n<p style=\"text-align: justify;\">Seg\u00fan las declaraciones del agremiado, este documento entregado por autoridades federales garantiza la democracia, certeza, legalidad y transparencia en los procesos de elecci\u00f3n de la directiva seccionales del sindicato.<\/p>\n<p style=\"text-align: justify;\">\u00abLa toma de nota no es otra cosa m\u00e1s que el documento que nos genera el tribunal Federal de Conciliaci\u00f3n y Arbitraje, en donde se nos reconoce por unanimidad el hecho del procedimiento de haber participado en un proceso abierto democr\u00e1tico y transparente para la elecci\u00f3n de la secci\u00f3n 26 y esto es un hecho in\u00e9dito porque por primera vez participaron todos los trabajadores de educaci\u00f3n de base\u00bb, dijo.<\/p>\n<p style=\"text-align: justify;\">En ese sentido, el representante nacional hizo un llamado para fortalecer la unidad del sindicato con el objetivo de hacer m\u00e1s eficaz su servicio para las y los trabajadores de la educaci\u00f3n.<\/p>\n<p style=\"text-align: justify;\">Por otra parte, B\u00e1rcenas Ram\u00edrez, asegur\u00f3 que esta ratificaci\u00f3n refleja la madurez pol\u00edtica que tiene el sindicato y el respeto de los m\u00e1s de 48 mil agremiados que emitieron su voto.<\/p>\n<p style=\"text-align: justify;\">\u00abCon esta toma de nota queda establecido y subsana cualquier duda que pudiera haber generado la propia demanda de amparo que se estableci\u00f3 por parte de una de las planillas y que se hizo con respecto al procedimiento; queda subsanado, queda definido para la cuesti\u00f3n de la legalidad del nombramiento que se tiene\u00bb, termin\u00f3.<\/p>\n<p style=\"text-align: justify;\">Por: Jos\u00e9 Luis V\u00e1zquez<\/p>\n","protected":false},"excerpt":{"rendered":"<p>SLP.- Este mi\u00e9rcoles, se present\u00f3 de manera formal la \u00abtoma de nota\u00bb por parte del representante nacional del Sindicato Nacional de Trabajadores de la Educaci\u00f3n, Jos\u00e9 de Jes\u00fas Serrano Aguilera, que ratifica a Carlos B\u00e1rcenas Ram\u00edrez como secretario general de la Secci\u00f3n 26. Seg\u00fan las declaraciones del agremiado, este documento entregado por autoridades federales garantiza la democracia, certeza, legalidad y transparencia en los procesos de elecci\u00f3n de la directiva seccionales del sindicato. \u00abLa toma de nota no es otra cosa m\u00e1s que el documento que nos genera el tribunal Federal de Conciliaci\u00f3n y Arbitraje, en donde se nos reconoce por [&hellip;]<\/p>\n","protected":false},"author":2,"featured_media":52934,"comment_status":"closed","ping_status":"closed","sticky":false,"template":"","format":"video","meta":{"footnotes":""},"categories":[5,45],"tags":[],"class_list":["post-52907","post","type-post","status-publish","format-video","has-post-thumbnail","hentry","category-destacadas","category-localesyregionales","post_format-post-format-video","post--single"],"yoast_head":"<!-- This site is optimized with the Yoast SEO plugin v27.4 - https:\/\/yoast.com\/product\/yoast-seo-wordpress\/ -->\n<title>SNTE ratifica a Carlos B\u00e1rcenas Ram\u00edrez como Secretario General de la Secci\u00f3n 26. - Canal 7 SLP - 2022<\/title>\n<meta name=\"robots\" content=\"index, follow, max-snippet:-1, max-image-preview:large, max-video-preview:-1\" \/>\n<link rel=\"canonical\" href=\"https:\/\/canal7slp.tv\/2022\/snte-ratifica-a-carlos-barcenas-ramirez-como-secretario-general-de-la-seccion-26\/\" \/>\n<meta property=\"og:locale\" content=\"es_ES\" \/>\n<meta property=\"og:type\" content=\"article\" \/>\n<meta property=\"og:title\" content=\"SNTE ratifica a Carlos B\u00e1rcenas Ram\u00edrez como Secretario General de la Secci\u00f3n 26. - Canal 7 SLP - 2022\" \/>\n<meta property=\"og:description\" content=\"SLP.- Este mi\u00e9rcoles, se present\u00f3 de manera formal la \u00abtoma de nota\u00bb por parte del representante nacional del Sindicato Nacional de Trabajadores de la Educaci\u00f3n, Jos\u00e9 de Jes\u00fas Serrano Aguilera, que ratifica a Carlos B\u00e1rcenas Ram\u00edrez como secretario general de la Secci\u00f3n 26. Seg\u00fan las declaraciones del agremiado, este documento entregado por autoridades federales garantiza la democracia, certeza, legalidad y transparencia en los procesos de elecci\u00f3n de la directiva seccionales del sindicato. \u00abLa toma de nota no es otra cosa m\u00e1s que el documento que nos genera el tribunal Federal de Conciliaci\u00f3n y Arbitraje, en donde se nos reconoce por [&hellip;]\" \/>\n<meta property=\"og:url\" content=\"https:\/\/canal7slp.tv\/2022\/snte-ratifica-a-carlos-barcenas-ramirez-como-secretario-general-de-la-seccion-26\/\" \/>\n<meta property=\"og:site_name\" content=\"Canal 7 SLP - 2022\" \/>\n<meta property=\"article:publisher\" content=\"https:\/\/www.facebook.com\/noticieroscanalsiete\" \/>\n<meta property=\"article:published_time\" content=\"2022-03-02T23:46:01+00:00\" \/>\n<meta property=\"og:image\" content=\"https:\/\/canal7slp.tv\/2022\/wp-content\/uploads\/2022\/03\/Vazquez04SNTE.jpg\" \/>\n\t<meta property=\"og:image:width\" content=\"888\" \/>\n\t<meta property=\"og:image:height\" content=\"500\" \/>\n\t<meta property=\"og:image:type\" content=\"image\/jpeg\" \/>\n<meta name=\"author\" content=\"Edici\u00f3n Web\" \/>\n<meta name=\"twitter:card\" content=\"summary_large_image\" \/>\n<meta name=\"twitter:creator\" content=\"@NOTICIEROS7\" \/>\n<meta name=\"twitter:site\" content=\"@NOTICIEROS7\" \/>\n<meta name=\"twitter:label1\" content=\"Escrito por\" \/>\n\t<meta name=\"twitter:data1\" content=\"Edici\u00f3n Web\" \/>\n\t<meta name=\"twitter:label2\" content=\"Tiempo de lectura\" \/>\n\t<meta name=\"twitter:data2\" content=\"1 minuto\" \/>\n<script type=\"application\/ld+json\" class=\"yoast-schema-graph\">{\"@context\":\"https:\\\/\\\/schema.org\",\"@graph\":[{\"@type\":\"Article\",\"@id\":\"https:\\\/\\\/canal7slp.tv\\\/2022\\\/snte-ratifica-a-carlos-barcenas-ramirez-como-secretario-general-de-la-seccion-26\\\/#article\",\"isPartOf\":{\"@id\":\"https:\\\/\\\/canal7slp.tv\\\/2022\\\/snte-ratifica-a-carlos-barcenas-ramirez-como-secretario-general-de-la-seccion-26\\\/\"},\"author\":{\"name\":\"Edici\u00f3n Web\",\"@id\":\"https:\\\/\\\/canal7slp.tv\\\/2022\\\/#\\\/schema\\\/person\\\/429704152a21f5f856ce29aa69a238da\"},\"headline\":\"SNTE ratifica a Carlos B\u00e1rcenas Ram\u00edrez como Secretario General de la Secci\u00f3n 26.\",\"datePublished\":\"2022-03-02T23:46:01+00:00\",\"mainEntityOfPage\":{\"@id\":\"https:\\\/\\\/canal7slp.tv\\\/2022\\\/snte-ratifica-a-carlos-barcenas-ramirez-como-secretario-general-de-la-seccion-26\\\/\"},\"wordCount\":299,\"publisher\":{\"@id\":\"https:\\\/\\\/canal7slp.tv\\\/2022\\\/#organization\"},\"image\":{\"@id\":\"https:\\\/\\\/canal7slp.tv\\\/2022\\\/snte-ratifica-a-carlos-barcenas-ramirez-como-secretario-general-de-la-seccion-26\\\/#primaryimage\"},\"thumbnailUrl\":\"https:\\\/\\\/canal7slp.tv\\\/2022\\\/wp-content\\\/uploads\\\/2022\\\/03\\\/Vazquez04SNTE.jpg\",\"articleSection\":[\"DESTACADAS\",\"LOCALES Y REGIONALES\"],\"inLanguage\":\"es\"},{\"@type\":\"WebPage\",\"@id\":\"https:\\\/\\\/canal7slp.tv\\\/2022\\\/snte-ratifica-a-carlos-barcenas-ramirez-como-secretario-general-de-la-seccion-26\\\/\",\"url\":\"https:\\\/\\\/canal7slp.tv\\\/2022\\\/snte-ratifica-a-carlos-barcenas-ramirez-como-secretario-general-de-la-seccion-26\\\/\",\"name\":\"SNTE ratifica a Carlos B\u00e1rcenas Ram\u00edrez como Secretario General de la Secci\u00f3n 26. - Canal 7 SLP - 2022\",\"isPartOf\":{\"@id\":\"https:\\\/\\\/canal7slp.tv\\\/2022\\\/#website\"},\"primaryImageOfPage\":{\"@id\":\"https:\\\/\\\/canal7slp.tv\\\/2022\\\/snte-ratifica-a-carlos-barcenas-ramirez-como-secretario-general-de-la-seccion-26\\\/#primaryimage\"},\"image\":{\"@id\":\"https:\\\/\\\/canal7slp.tv\\\/2022\\\/snte-ratifica-a-carlos-barcenas-ramirez-como-secretario-general-de-la-seccion-26\\\/#primaryimage\"},\"thumbnailUrl\":\"https:\\\/\\\/canal7slp.tv\\\/2022\\\/wp-content\\\/uploads\\\/2022\\\/03\\\/Vazquez04SNTE.jpg\",\"datePublished\":\"2022-03-02T23:46:01+00:00\",\"breadcrumb\":{\"@id\":\"https:\\\/\\\/canal7slp.tv\\\/2022\\\/snte-ratifica-a-carlos-barcenas-ramirez-como-secretario-general-de-la-seccion-26\\\/#breadcrumb\"},\"inLanguage\":\"es\",\"potentialAction\":[{\"@type\":\"ReadAction\",\"target\":[\"https:\\\/\\\/canal7slp.tv\\\/2022\\\/snte-ratifica-a-carlos-barcenas-ramirez-como-secretario-general-de-la-seccion-26\\\/\"]}]},{\"@type\":\"ImageObject\",\"inLanguage\":\"es\",\"@id\":\"https:\\\/\\\/canal7slp.tv\\\/2022\\\/snte-ratifica-a-carlos-barcenas-ramirez-como-secretario-general-de-la-seccion-26\\\/#primaryimage\",\"url\":\"https:\\\/\\\/canal7slp.tv\\\/2022\\\/wp-content\\\/uploads\\\/2022\\\/03\\\/Vazquez04SNTE.jpg\",\"contentUrl\":\"https:\\\/\\\/canal7slp.tv\\\/2022\\\/wp-content\\\/uploads\\\/2022\\\/03\\\/Vazquez04SNTE.jpg\",\"width\":888,\"height\":500},{\"@type\":\"BreadcrumbList\",\"@id\":\"https:\\\/\\\/canal7slp.tv\\\/2022\\\/snte-ratifica-a-carlos-barcenas-ramirez-como-secretario-general-de-la-seccion-26\\\/#breadcrumb\",\"itemListElement\":[{\"@type\":\"ListItem\",\"position\":1,\"name\":\"Portada\",\"item\":\"https:\\\/\\\/canal7slp.tv\\\/2022\\\/\"},{\"@type\":\"ListItem\",\"position\":2,\"name\":\"SNTE ratifica a Carlos B\u00e1rcenas Ram\u00edrez como Secretario General de la Secci\u00f3n 26.\"}]},{\"@type\":\"WebSite\",\"@id\":\"https:\\\/\\\/canal7slp.tv\\\/2022\\\/#website\",\"url\":\"https:\\\/\\\/canal7slp.tv\\\/2022\\\/\",\"name\":\"N7 - Noticieros Canal 7\",\"description\":\"Somos Televisi\u00f3n\",\"publisher\":{\"@id\":\"https:\\\/\\\/canal7slp.tv\\\/2022\\\/#organization\"},\"potentialAction\":[{\"@type\":\"SearchAction\",\"target\":{\"@type\":\"EntryPoint\",\"urlTemplate\":\"https:\\\/\\\/canal7slp.tv\\\/2022\\\/?s={search_term_string}\"},\"query-input\":{\"@type\":\"PropertyValueSpecification\",\"valueRequired\":true,\"valueName\":\"search_term_string\"}}],\"inLanguage\":\"es\"},{\"@type\":\"Organization\",\"@id\":\"https:\\\/\\\/canal7slp.tv\\\/2022\\\/#organization\",\"name\":\"Noticieros Canal 7\",\"url\":\"https:\\\/\\\/canal7slp.tv\\\/2022\\\/\",\"logo\":{\"@type\":\"ImageObject\",\"inLanguage\":\"es\",\"@id\":\"https:\\\/\\\/canal7slp.tv\\\/2022\\\/#\\\/schema\\\/logo\\\/image\\\/\",\"url\":\"https:\\\/\\\/canal7slp.tv\\\/2022\\\/wp-content\\\/uploads\\\/2021\\\/01\\\/logo-noticieros@2x.png\",\"contentUrl\":\"https:\\\/\\\/canal7slp.tv\\\/2022\\\/wp-content\\\/uploads\\\/2021\\\/01\\\/logo-noticieros@2x.png\",\"width\":1017,\"height\":268,\"caption\":\"Noticieros Canal 7\"},\"image\":{\"@id\":\"https:\\\/\\\/canal7slp.tv\\\/2022\\\/#\\\/schema\\\/logo\\\/image\\\/\"},\"sameAs\":[\"https:\\\/\\\/www.facebook.com\\\/noticieroscanalsiete\",\"https:\\\/\\\/x.com\\\/NOTICIEROS7\",\"https:\\\/\\\/www.instagram.com\\\/canal7_slp\",\"https:\\\/\\\/www.youtube.com\\\/channel\\\/UCliiYs-gP3JfJeqdPrNdd5A\"]},{\"@type\":\"Person\",\"@id\":\"https:\\\/\\\/canal7slp.tv\\\/2022\\\/#\\\/schema\\\/person\\\/429704152a21f5f856ce29aa69a238da\",\"name\":\"Edici\u00f3n Web\",\"image\":{\"@type\":\"ImageObject\",\"inLanguage\":\"es\",\"@id\":\"https:\\\/\\\/secure.gravatar.com\\\/avatar\\\/eee448fc3f7164808013b816ba91ac7e43bbe82a70bebac296f8bc6f0addaa1a?s=96&d=mm&r=g\",\"url\":\"https:\\\/\\\/secure.gravatar.com\\\/avatar\\\/eee448fc3f7164808013b816ba91ac7e43bbe82a70bebac296f8bc6f0addaa1a?s=96&d=mm&r=g\",\"contentUrl\":\"https:\\\/\\\/secure.gravatar.com\\\/avatar\\\/eee448fc3f7164808013b816ba91ac7e43bbe82a70bebac296f8bc6f0addaa1a?s=96&d=mm&r=g\",\"caption\":\"Edici\u00f3n Web\"},\"url\":\"https:\\\/\\\/canal7slp.tv\\\/2022\\\/author\\\/edicionweb\\\/\"}]}<\/script>\n<!-- \/ Yoast SEO plugin. -->","yoast_head_json":{"title":"SNTE ratifica a Carlos B\u00e1rcenas Ram\u00edrez como Secretario General de la Secci\u00f3n 26. - Canal 7 SLP - 2022","robots":{"index":"index","follow":"follow","max-snippet":"max-snippet:-1","max-image-preview":"max-image-preview:large","max-video-preview":"max-video-preview:-1"},"canonical":"https:\/\/canal7slp.tv\/2022\/snte-ratifica-a-carlos-barcenas-ramirez-como-secretario-general-de-la-seccion-26\/","og_locale":"es_ES","og_type":"article","og_title":"SNTE ratifica a Carlos B\u00e1rcenas Ram\u00edrez como Secretario General de la Secci\u00f3n 26. - Canal 7 SLP - 2022","og_description":"SLP.- Este mi\u00e9rcoles, se present\u00f3 de manera formal la \u00abtoma de nota\u00bb por parte del representante nacional del Sindicato Nacional de Trabajadores de la Educaci\u00f3n, Jos\u00e9 de Jes\u00fas Serrano Aguilera, que ratifica a Carlos B\u00e1rcenas Ram\u00edrez como secretario general de la Secci\u00f3n 26. Seg\u00fan las declaraciones del agremiado, este documento entregado por autoridades federales garantiza la democracia, certeza, legalidad y transparencia en los procesos de elecci\u00f3n de la directiva seccionales del sindicato. \u00abLa toma de nota no es otra cosa m\u00e1s que el documento que nos genera el tribunal Federal de Conciliaci\u00f3n y Arbitraje, en donde se nos reconoce por [&hellip;]","og_url":"https:\/\/canal7slp.tv\/2022\/snte-ratifica-a-carlos-barcenas-ramirez-como-secretario-general-de-la-seccion-26\/","og_site_name":"Canal 7 SLP - 2022","article_publisher":"https:\/\/www.facebook.com\/noticieroscanalsiete","article_published_time":"2022-03-02T23:46:01+00:00","og_image":[{"width":888,"height":500,"url":"https:\/\/canal7slp.tv\/2022\/wp-content\/uploads\/2022\/03\/Vazquez04SNTE.jpg","type":"image\/jpeg"}],"author":"Edici\u00f3n Web","twitter_card":"summary_large_image","twitter_creator":"@NOTICIEROS7","twitter_site":"@NOTICIEROS7","twitter_misc":{"Escrito por":"Edici\u00f3n Web","Tiempo de lectura":"1 minuto"},"schema":{"@context":"https:\/\/schema.org","@graph":[{"@type":"Article","@id":"https:\/\/canal7slp.tv\/2022\/snte-ratifica-a-carlos-barcenas-ramirez-como-secretario-general-de-la-seccion-26\/#article","isPartOf":{"@id":"https:\/\/canal7slp.tv\/2022\/snte-ratifica-a-carlos-barcenas-ramirez-como-secretario-general-de-la-seccion-26\/"},"author":{"name":"Edici\u00f3n Web","@id":"https:\/\/canal7slp.tv\/2022\/#\/schema\/person\/429704152a21f5f856ce29aa69a238da"},"headline":"SNTE ratifica a Carlos B\u00e1rcenas Ram\u00edrez como Secretario General de la Secci\u00f3n 26.","datePublished":"2022-03-02T23:46:01+00:00","mainEntityOfPage":{"@id":"https:\/\/canal7slp.tv\/2022\/snte-ratifica-a-carlos-barcenas-ramirez-como-secretario-general-de-la-seccion-26\/"},"wordCount":299,"publisher":{"@id":"https:\/\/canal7slp.tv\/2022\/#organization"},"image":{"@id":"https:\/\/canal7slp.tv\/2022\/snte-ratifica-a-carlos-barcenas-ramirez-como-secretario-general-de-la-seccion-26\/#primaryimage"},"thumbnailUrl":"https:\/\/canal7slp.tv\/2022\/wp-content\/uploads\/2022\/03\/Vazquez04SNTE.jpg","articleSection":["DESTACADAS","LOCALES Y REGIONALES"],"inLanguage":"es"},{"@type":"WebPage","@id":"https:\/\/canal7slp.tv\/2022\/snte-ratifica-a-carlos-barcenas-ramirez-como-secretario-general-de-la-seccion-26\/","url":"https:\/\/canal7slp.tv\/2022\/snte-ratifica-a-carlos-barcenas-ramirez-como-secretario-general-de-la-seccion-26\/","name":"SNTE ratifica a Carlos B\u00e1rcenas Ram\u00edrez como Secretario General de la Secci\u00f3n 26. - Canal 7 SLP - 2022","isPartOf":{"@id":"https:\/\/canal7slp.tv\/2022\/#website"},"primaryImageOfPage":{"@id":"https:\/\/canal7slp.tv\/2022\/snte-ratifica-a-carlos-barcenas-ramirez-como-secretario-general-de-la-seccion-26\/#primaryimage"},"image":{"@id":"https:\/\/canal7slp.tv\/2022\/snte-ratifica-a-carlos-barcenas-ramirez-como-secretario-general-de-la-seccion-26\/#primaryimage"},"thumbnailUrl":"https:\/\/canal7slp.tv\/2022\/wp-content\/uploads\/2022\/03\/Vazquez04SNTE.jpg","datePublished":"2022-03-02T23:46:01+00:00","breadcrumb":{"@id":"https:\/\/canal7slp.tv\/2022\/snte-ratifica-a-carlos-barcenas-ramirez-como-secretario-general-de-la-seccion-26\/#breadcrumb"},"inLanguage":"es","potentialAction":[{"@type":"ReadAction","target":["https:\/\/canal7slp.tv\/2022\/snte-ratifica-a-carlos-barcenas-ramirez-como-secretario-general-de-la-seccion-26\/"]}]},{"@type":"ImageObject","inLanguage":"es","@id":"https:\/\/canal7slp.tv\/2022\/snte-ratifica-a-carlos-barcenas-ramirez-como-secretario-general-de-la-seccion-26\/#primaryimage","url":"https:\/\/canal7slp.tv\/2022\/wp-content\/uploads\/2022\/03\/Vazquez04SNTE.jpg","contentUrl":"https:\/\/canal7slp.tv\/2022\/wp-content\/uploads\/2022\/03\/Vazquez04SNTE.jpg","width":888,"height":500},{"@type":"BreadcrumbList","@id":"https:\/\/canal7slp.tv\/2022\/snte-ratifica-a-carlos-barcenas-ramirez-como-secretario-general-de-la-seccion-26\/#breadcrumb","itemListElement":[{"@type":"ListItem","position":1,"name":"Portada","item":"https:\/\/canal7slp.tv\/2022\/"},{"@type":"ListItem","position":2,"name":"SNTE ratifica a Carlos B\u00e1rcenas Ram\u00edrez como Secretario General de la Secci\u00f3n 26."}]},{"@type":"WebSite","@id":"https:\/\/canal7slp.tv\/2022\/#website","url":"https:\/\/canal7slp.tv\/2022\/","name":"N7 - Noticieros Canal 7","description":"Somos Televisi\u00f3n","publisher":{"@id":"https:\/\/canal7slp.tv\/2022\/#organization"},"potentialAction":[{"@type":"SearchAction","target":{"@type":"EntryPoint","urlTemplate":"https:\/\/canal7slp.tv\/2022\/?s={search_term_string}"},"query-input":{"@type":"PropertyValueSpecification","valueRequired":true,"valueName":"search_term_string"}}],"inLanguage":"es"},{"@type":"Organization","@id":"https:\/\/canal7slp.tv\/2022\/#organization","name":"Noticieros Canal 7","url":"https:\/\/canal7slp.tv\/2022\/","logo":{"@type":"ImageObject","inLanguage":"es","@id":"https:\/\/canal7slp.tv\/2022\/#\/schema\/logo\/image\/","url":"https:\/\/canal7slp.tv\/2022\/wp-content\/uploads\/2021\/01\/logo-noticieros@2x.png","contentUrl":"https:\/\/canal7slp.tv\/2022\/wp-content\/uploads\/2021\/01\/logo-noticieros@2x.png","width":1017,"height":268,"caption":"Noticieros Canal 7"},"image":{"@id":"https:\/\/canal7slp.tv\/2022\/#\/schema\/logo\/image\/"},"sameAs":["https:\/\/www.facebook.com\/noticieroscanalsiete","https:\/\/x.com\/NOTICIEROS7","https:\/\/www.instagram.com\/canal7_slp","https:\/\/www.youtube.com\/channel\/UCliiYs-gP3JfJeqdPrNdd5A"]},{"@type":"Person","@id":"https:\/\/canal7slp.tv\/2022\/#\/schema\/person\/429704152a21f5f856ce29aa69a238da","name":"Edici\u00f3n Web","image":{"@type":"ImageObject","inLanguage":"es","@id":"https:\/\/secure.gravatar.com\/avatar\/eee448fc3f7164808013b816ba91ac7e43bbe82a70bebac296f8bc6f0addaa1a?s=96&d=mm&r=g","url":"https:\/\/secure.gravatar.com\/avatar\/eee448fc3f7164808013b816ba91ac7e43bbe82a70bebac296f8bc6f0addaa1a?s=96&d=mm&r=g","contentUrl":"https:\/\/secure.gravatar.com\/avatar\/eee448fc3f7164808013b816ba91ac7e43bbe82a70bebac296f8bc6f0addaa1a?s=96&d=mm&r=g","caption":"Edici\u00f3n Web"},"url":"https:\/\/canal7slp.tv\/2022\/author\/edicionweb\/"}]}},"amp_enabled":true,"_links":{"self":[{"href":"https:\/\/canal7slp.tv\/2022\/wp-json\/wp\/v2\/posts\/52907","targetHints":{"allow":["GET"]}}],"collection":[{"href":"https:\/\/canal7slp.tv\/2022\/wp-json\/wp\/v2\/posts"}],"about":[{"href":"https:\/\/canal7slp.tv\/2022\/wp-json\/wp\/v2\/types\/post"}],"author":[{"embeddable":true,"href":"https:\/\/canal7slp.tv\/2022\/wp-json\/wp\/v2\/users\/2"}],"replies":[{"embeddable":true,"href":"https:\/\/canal7slp.tv\/2022\/wp-json\/wp\/v2\/comments?post=52907"}],"version-history":[{"count":3,"href":"https:\/\/canal7slp.tv\/2022\/wp-json\/wp\/v2\/posts\/52907\/revisions"}],"predecessor-version":[{"id":52935,"href":"https:\/\/canal7slp.tv\/2022\/wp-json\/wp\/v2\/posts\/52907\/revisions\/52935"}],"wp:featuredmedia":[{"embeddable":true,"href":"https:\/\/canal7slp.tv\/2022\/wp-json\/wp\/v2\/media\/52934"}],"wp:attachment":[{"href":"https:\/\/canal7slp.tv\/2022\/wp-json\/wp\/v2\/media?parent=52907"}],"wp:term":[{"taxonomy":"category","embeddable":true,"href":"https:\/\/canal7slp.tv\/2022\/wp-json\/wp\/v2\/categories?post=52907"},{"taxonomy":"post_tag","embeddable":true,"href":"https:\/\/canal7slp.tv\/2022\/wp-json\/wp\/v2\/tags?post=52907"}],"curies":[{"name":"wp","href":"https:\/\/api.w.org\/{rel}","templated":true}]}}