{"id":52904,"date":"2022-03-02T17:12:50","date_gmt":"2022-03-02T23:12:50","guid":{"rendered":"https:\/\/canal7slp.tv\/2022\/?p=52904"},"modified":"2022-03-02T17:12:50","modified_gmt":"2022-03-02T23:12:50","slug":"una-docena-de-personas-perdieron-la-vida-por-covid-19-en-las-ultimas-horas","status":"publish","type":"post","link":"https:\/\/canal7slp.tv\/2022\/una-docena-de-personas-perdieron-la-vida-por-covid-19-en-las-ultimas-horas\/","title":{"rendered":"Una docena de personas perdieron la vida por COVID-19 en las \u00faltimas horas."},"content":{"rendered":"<ul>\n<li>La entidad registr\u00f3 276 nuevos contagios.<\/li>\n<\/ul>\n<p style=\"text-align: justify;\">SLP.- La Secretar\u00eda de Salud del Estado inform\u00f3 de 276 casos nuevos de Covid-19 en San Luis Potos\u00ed y la defunci\u00f3n de 12 personas m\u00e1s; hasta el \u00faltimo corte, se hab\u00eda registrado un total de 174 mil 513 casos confirmados y un acumulado de 7 mil 448 decesos.<\/p>\n<p style=\"text-align: justify;\">Se trata de 148 mujeres y 128 hombres de entre 3 meses y 91 a\u00f1os de edad, quienes presentaron s\u00edntomas entre el 14 de enero y el 27 de febrero: 16 de ellos cuentan con un esquema incompleto de vacunaci\u00f3n, mientras que 146 personas ya han recibido sus dosis completas, el resto no se ha vacunado.<\/p>\n<p style=\"text-align: justify;\">Los casos identificados se ubicaron en la jurisdicci\u00f3n n\u00famero I con 185 en la capital potosina y 11 en el municipio de Soledad de Graciano S\u00e1nchez; mientras que en la regi\u00f3n II no se detectaron contagios.<\/p>\n<p style=\"text-align: justify;\">En la zona III se inform\u00f3 de ocho casos: dos de Mexquitic, uno de Villa de Arriaga, uno de Villa de Ramos, tres de Villa de Reyes y uno de Zaragoza.<\/p>\n<p style=\"text-align: justify;\">En la IV se suman seis casos: uno del municipio de Ciudad del Ma\u00edz y cinco de Rioverde; mientras que en la jurisdicci\u00f3n V fueron 34 los ubicados: 18 de Ciudad Valles, 11 de \u00c9bano, cuatro de Tamasopo, y uno de El Naranjo.<\/p>\n<p style=\"text-align: justify;\">En la regi\u00f3n VI se detectaron 19 contagios: seis de Tamazunchale, dos de Matlapa, cinco de Tampac\u00e1n, cuatro de Axtla y dos de Xilitla.<\/p>\n<p style=\"text-align: justify;\">En la zona VII hubo 12 casos nuevos: uno de Coxcatl\u00e1n, dos de Tancanhuitz, uno de San Antonio, tres de San Vicente, dos de Tampamol\u00f3n y tres de Tanqui\u00e1n.<\/p>\n<p style=\"text-align: justify;\">La defunciones reportadas corresponden a cinco mujeres y siete hombres de entre 23 y 94 a\u00f1os; tres de ellos resid\u00edan en San Luis Potos\u00ed capital, tres personas en Soledad de Graciano S\u00e1nchez, dos en Matehuala, uno en Ciudad Valles, una de Tampac\u00e1n, uno m\u00e1s en San Ciro de Acosta y otra en Tierranueva.<\/p>\n<p style=\"text-align: justify;\">Estas personas presentaron factores de riesgo como diabetes, hipertensi\u00f3n arterial, enfermedad renal, enfermedad pulmonar, enfermedad cardiovascular, tabaquismo, obesidad o edad avanzada; seis no se hab\u00edan vacunado contra la enfermedad, mientras que seis ya contaban con al menos una dosis aplicada.<\/p>\n<p style=\"text-align: justify;\">Por otra parte, se mencion\u00f3 que el n\u00famero de hospitalizados es de 50: 17 personas en condici\u00f3n estable y 24 en situaci\u00f3n grave, adem\u00e1s de 9 pacientes intubados, de las cuales 35 son positivas a covid-19, cinco negativas y 10 se encuentran pendientes de sus resultados.<\/p>\n<p style=\"text-align: justify;\">En resumen, se han investigado a 483 mil 747 potosinas y potosinos que han cumplido con los criterios de casos sospechosos, de las cuales se han descartado 305 mil 188, mientras que 4 mil 046 personas contin\u00faan en proceso de investigaci\u00f3n.<\/p>\n<p style=\"text-align: justify;\">Por: Jos\u00e9 Luis V\u00e1zquez<\/p>\n","protected":false},"excerpt":{"rendered":"<p>La entidad registr\u00f3 276 nuevos contagios. SLP.- La Secretar\u00eda de Salud del Estado inform\u00f3 de 276 casos nuevos de Covid-19 en San Luis Potos\u00ed y la defunci\u00f3n de 12 personas m\u00e1s; hasta el \u00faltimo corte, se hab\u00eda registrado un total de 174 mil 513 casos confirmados y un acumulado de 7 mil 448 decesos. Se trata de 148 mujeres y 128 hombres de entre 3 meses y 91 a\u00f1os de edad, quienes presentaron s\u00edntomas entre el 14 de enero y el 27 de febrero: 16 de ellos cuentan con un esquema incompleto de vacunaci\u00f3n, mientras que 146 personas ya han [&hellip;]<\/p>\n","protected":false},"author":2,"featured_media":52924,"comment_status":"closed","ping_status":"closed","sticky":false,"template":"","format":"video","meta":{"footnotes":""},"categories":[4,5,510,45],"tags":[],"class_list":["post-52904","post","type-post","status-publish","format-video","has-post-thumbnail","hentry","category-covid-19","category-destacadas","category-gobedoslp","category-localesyregionales","post_format-post-format-video","post--single"],"yoast_head":"<!-- This site is optimized with the Yoast SEO plugin v27.4 - https:\/\/yoast.com\/product\/yoast-seo-wordpress\/ -->\n<title>Una docena de personas perdieron la vida por COVID-19 en las \u00faltimas horas. - Canal 7 SLP - 2022<\/title>\n<meta name=\"robots\" content=\"index, follow, max-snippet:-1, max-image-preview:large, max-video-preview:-1\" \/>\n<link rel=\"canonical\" href=\"https:\/\/canal7slp.tv\/2022\/una-docena-de-personas-perdieron-la-vida-por-covid-19-en-las-ultimas-horas\/\" \/>\n<meta property=\"og:locale\" content=\"es_ES\" \/>\n<meta property=\"og:type\" content=\"article\" \/>\n<meta property=\"og:title\" content=\"Una docena de personas perdieron la vida por COVID-19 en las \u00faltimas horas. - Canal 7 SLP - 2022\" \/>\n<meta property=\"og:description\" content=\"La entidad registr\u00f3 276 nuevos contagios. SLP.- La Secretar\u00eda de Salud del Estado inform\u00f3 de 276 casos nuevos de Covid-19 en San Luis Potos\u00ed y la defunci\u00f3n de 12 personas m\u00e1s; hasta el \u00faltimo corte, se hab\u00eda registrado un total de 174 mil 513 casos confirmados y un acumulado de 7 mil 448 decesos. Se trata de 148 mujeres y 128 hombres de entre 3 meses y 91 a\u00f1os de edad, quienes presentaron s\u00edntomas entre el 14 de enero y el 27 de febrero: 16 de ellos cuentan con un esquema incompleto de vacunaci\u00f3n, mientras que 146 personas ya han [&hellip;]\" \/>\n<meta property=\"og:url\" content=\"https:\/\/canal7slp.tv\/2022\/una-docena-de-personas-perdieron-la-vida-por-covid-19-en-las-ultimas-horas\/\" \/>\n<meta property=\"og:site_name\" content=\"Canal 7 SLP - 2022\" \/>\n<meta property=\"article:publisher\" content=\"https:\/\/www.facebook.com\/noticieroscanalsiete\" \/>\n<meta property=\"article:published_time\" content=\"2022-03-02T23:12:50+00:00\" \/>\n<meta property=\"og:image\" content=\"https:\/\/canal7slp.tv\/2022\/wp-content\/uploads\/2022\/03\/Vazquez01RuedaCovid-1.jpg\" \/>\n\t<meta property=\"og:image:width\" content=\"888\" \/>\n\t<meta property=\"og:image:height\" content=\"500\" \/>\n\t<meta property=\"og:image:type\" content=\"image\/jpeg\" \/>\n<meta name=\"author\" content=\"Edici\u00f3n Web\" \/>\n<meta name=\"twitter:card\" content=\"summary_large_image\" \/>\n<meta name=\"twitter:creator\" content=\"@NOTICIEROS7\" \/>\n<meta name=\"twitter:site\" content=\"@NOTICIEROS7\" \/>\n<meta name=\"twitter:label1\" content=\"Escrito por\" \/>\n\t<meta name=\"twitter:data1\" content=\"Edici\u00f3n Web\" \/>\n\t<meta name=\"twitter:label2\" content=\"Tiempo de lectura\" \/>\n\t<meta name=\"twitter:data2\" content=\"3 minutos\" \/>\n<script type=\"application\/ld+json\" class=\"yoast-schema-graph\">{\"@context\":\"https:\\\/\\\/schema.org\",\"@graph\":[{\"@type\":\"Article\",\"@id\":\"https:\\\/\\\/canal7slp.tv\\\/2022\\\/una-docena-de-personas-perdieron-la-vida-por-covid-19-en-las-ultimas-horas\\\/#article\",\"isPartOf\":{\"@id\":\"https:\\\/\\\/canal7slp.tv\\\/2022\\\/una-docena-de-personas-perdieron-la-vida-por-covid-19-en-las-ultimas-horas\\\/\"},\"author\":{\"name\":\"Edici\u00f3n Web\",\"@id\":\"https:\\\/\\\/canal7slp.tv\\\/2022\\\/#\\\/schema\\\/person\\\/429704152a21f5f856ce29aa69a238da\"},\"headline\":\"Una docena de personas perdieron la vida por COVID-19 en las \u00faltimas horas.\",\"datePublished\":\"2022-03-02T23:12:50+00:00\",\"mainEntityOfPage\":{\"@id\":\"https:\\\/\\\/canal7slp.tv\\\/2022\\\/una-docena-de-personas-perdieron-la-vida-por-covid-19-en-las-ultimas-horas\\\/\"},\"wordCount\":467,\"publisher\":{\"@id\":\"https:\\\/\\\/canal7slp.tv\\\/2022\\\/#organization\"},\"image\":{\"@id\":\"https:\\\/\\\/canal7slp.tv\\\/2022\\\/una-docena-de-personas-perdieron-la-vida-por-covid-19-en-las-ultimas-horas\\\/#primaryimage\"},\"thumbnailUrl\":\"https:\\\/\\\/canal7slp.tv\\\/2022\\\/wp-content\\\/uploads\\\/2022\\\/03\\\/Vazquez01RuedaCovid-1.jpg\",\"articleSection\":[\"COVID-19\",\"DESTACADAS\",\"GOBEDOSLP\",\"LOCALES Y REGIONALES\"],\"inLanguage\":\"es\"},{\"@type\":\"WebPage\",\"@id\":\"https:\\\/\\\/canal7slp.tv\\\/2022\\\/una-docena-de-personas-perdieron-la-vida-por-covid-19-en-las-ultimas-horas\\\/\",\"url\":\"https:\\\/\\\/canal7slp.tv\\\/2022\\\/una-docena-de-personas-perdieron-la-vida-por-covid-19-en-las-ultimas-horas\\\/\",\"name\":\"Una docena de personas perdieron la vida por COVID-19 en las \u00faltimas horas. - Canal 7 SLP - 2022\",\"isPartOf\":{\"@id\":\"https:\\\/\\\/canal7slp.tv\\\/2022\\\/#website\"},\"primaryImageOfPage\":{\"@id\":\"https:\\\/\\\/canal7slp.tv\\\/2022\\\/una-docena-de-personas-perdieron-la-vida-por-covid-19-en-las-ultimas-horas\\\/#primaryimage\"},\"image\":{\"@id\":\"https:\\\/\\\/canal7slp.tv\\\/2022\\\/una-docena-de-personas-perdieron-la-vida-por-covid-19-en-las-ultimas-horas\\\/#primaryimage\"},\"thumbnailUrl\":\"https:\\\/\\\/canal7slp.tv\\\/2022\\\/wp-content\\\/uploads\\\/2022\\\/03\\\/Vazquez01RuedaCovid-1.jpg\",\"datePublished\":\"2022-03-02T23:12:50+00:00\",\"breadcrumb\":{\"@id\":\"https:\\\/\\\/canal7slp.tv\\\/2022\\\/una-docena-de-personas-perdieron-la-vida-por-covid-19-en-las-ultimas-horas\\\/#breadcrumb\"},\"inLanguage\":\"es\",\"potentialAction\":[{\"@type\":\"ReadAction\",\"target\":[\"https:\\\/\\\/canal7slp.tv\\\/2022\\\/una-docena-de-personas-perdieron-la-vida-por-covid-19-en-las-ultimas-horas\\\/\"]}]},{\"@type\":\"ImageObject\",\"inLanguage\":\"es\",\"@id\":\"https:\\\/\\\/canal7slp.tv\\\/2022\\\/una-docena-de-personas-perdieron-la-vida-por-covid-19-en-las-ultimas-horas\\\/#primaryimage\",\"url\":\"https:\\\/\\\/canal7slp.tv\\\/2022\\\/wp-content\\\/uploads\\\/2022\\\/03\\\/Vazquez01RuedaCovid-1.jpg\",\"contentUrl\":\"https:\\\/\\\/canal7slp.tv\\\/2022\\\/wp-content\\\/uploads\\\/2022\\\/03\\\/Vazquez01RuedaCovid-1.jpg\",\"width\":888,\"height\":500},{\"@type\":\"BreadcrumbList\",\"@id\":\"https:\\\/\\\/canal7slp.tv\\\/2022\\\/una-docena-de-personas-perdieron-la-vida-por-covid-19-en-las-ultimas-horas\\\/#breadcrumb\",\"itemListElement\":[{\"@type\":\"ListItem\",\"position\":1,\"name\":\"Portada\",\"item\":\"https:\\\/\\\/canal7slp.tv\\\/2022\\\/\"},{\"@type\":\"ListItem\",\"position\":2,\"name\":\"Una docena de personas perdieron la vida por COVID-19 en las \u00faltimas horas.\"}]},{\"@type\":\"WebSite\",\"@id\":\"https:\\\/\\\/canal7slp.tv\\\/2022\\\/#website\",\"url\":\"https:\\\/\\\/canal7slp.tv\\\/2022\\\/\",\"name\":\"N7 - Noticieros Canal 7\",\"description\":\"Somos Televisi\u00f3n\",\"publisher\":{\"@id\":\"https:\\\/\\\/canal7slp.tv\\\/2022\\\/#organization\"},\"potentialAction\":[{\"@type\":\"SearchAction\",\"target\":{\"@type\":\"EntryPoint\",\"urlTemplate\":\"https:\\\/\\\/canal7slp.tv\\\/2022\\\/?s={search_term_string}\"},\"query-input\":{\"@type\":\"PropertyValueSpecification\",\"valueRequired\":true,\"valueName\":\"search_term_string\"}}],\"inLanguage\":\"es\"},{\"@type\":\"Organization\",\"@id\":\"https:\\\/\\\/canal7slp.tv\\\/2022\\\/#organization\",\"name\":\"Noticieros Canal 7\",\"url\":\"https:\\\/\\\/canal7slp.tv\\\/2022\\\/\",\"logo\":{\"@type\":\"ImageObject\",\"inLanguage\":\"es\",\"@id\":\"https:\\\/\\\/canal7slp.tv\\\/2022\\\/#\\\/schema\\\/logo\\\/image\\\/\",\"url\":\"https:\\\/\\\/canal7slp.tv\\\/2022\\\/wp-content\\\/uploads\\\/2021\\\/01\\\/logo-noticieros@2x.png\",\"contentUrl\":\"https:\\\/\\\/canal7slp.tv\\\/2022\\\/wp-content\\\/uploads\\\/2021\\\/01\\\/logo-noticieros@2x.png\",\"width\":1017,\"height\":268,\"caption\":\"Noticieros Canal 7\"},\"image\":{\"@id\":\"https:\\\/\\\/canal7slp.tv\\\/2022\\\/#\\\/schema\\\/logo\\\/image\\\/\"},\"sameAs\":[\"https:\\\/\\\/www.facebook.com\\\/noticieroscanalsiete\",\"https:\\\/\\\/x.com\\\/NOTICIEROS7\",\"https:\\\/\\\/www.instagram.com\\\/canal7_slp\",\"https:\\\/\\\/www.youtube.com\\\/channel\\\/UCliiYs-gP3JfJeqdPrNdd5A\"]},{\"@type\":\"Person\",\"@id\":\"https:\\\/\\\/canal7slp.tv\\\/2022\\\/#\\\/schema\\\/person\\\/429704152a21f5f856ce29aa69a238da\",\"name\":\"Edici\u00f3n Web\",\"image\":{\"@type\":\"ImageObject\",\"inLanguage\":\"es\",\"@id\":\"https:\\\/\\\/secure.gravatar.com\\\/avatar\\\/eee448fc3f7164808013b816ba91ac7e43bbe82a70bebac296f8bc6f0addaa1a?s=96&d=mm&r=g\",\"url\":\"https:\\\/\\\/secure.gravatar.com\\\/avatar\\\/eee448fc3f7164808013b816ba91ac7e43bbe82a70bebac296f8bc6f0addaa1a?s=96&d=mm&r=g\",\"contentUrl\":\"https:\\\/\\\/secure.gravatar.com\\\/avatar\\\/eee448fc3f7164808013b816ba91ac7e43bbe82a70bebac296f8bc6f0addaa1a?s=96&d=mm&r=g\",\"caption\":\"Edici\u00f3n Web\"},\"url\":\"https:\\\/\\\/canal7slp.tv\\\/2022\\\/author\\\/edicionweb\\\/\"}]}<\/script>\n<!-- \/ Yoast SEO plugin. -->","yoast_head_json":{"title":"Una docena de personas perdieron la vida por COVID-19 en las \u00faltimas horas. - Canal 7 SLP - 2022","robots":{"index":"index","follow":"follow","max-snippet":"max-snippet:-1","max-image-preview":"max-image-preview:large","max-video-preview":"max-video-preview:-1"},"canonical":"https:\/\/canal7slp.tv\/2022\/una-docena-de-personas-perdieron-la-vida-por-covid-19-en-las-ultimas-horas\/","og_locale":"es_ES","og_type":"article","og_title":"Una docena de personas perdieron la vida por COVID-19 en las \u00faltimas horas. - Canal 7 SLP - 2022","og_description":"La entidad registr\u00f3 276 nuevos contagios. SLP.- La Secretar\u00eda de Salud del Estado inform\u00f3 de 276 casos nuevos de Covid-19 en San Luis Potos\u00ed y la defunci\u00f3n de 12 personas m\u00e1s; hasta el \u00faltimo corte, se hab\u00eda registrado un total de 174 mil 513 casos confirmados y un acumulado de 7 mil 448 decesos. Se trata de 148 mujeres y 128 hombres de entre 3 meses y 91 a\u00f1os de edad, quienes presentaron s\u00edntomas entre el 14 de enero y el 27 de febrero: 16 de ellos cuentan con un esquema incompleto de vacunaci\u00f3n, mientras que 146 personas ya han [&hellip;]","og_url":"https:\/\/canal7slp.tv\/2022\/una-docena-de-personas-perdieron-la-vida-por-covid-19-en-las-ultimas-horas\/","og_site_name":"Canal 7 SLP - 2022","article_publisher":"https:\/\/www.facebook.com\/noticieroscanalsiete","article_published_time":"2022-03-02T23:12:50+00:00","og_image":[{"width":888,"height":500,"url":"https:\/\/canal7slp.tv\/2022\/wp-content\/uploads\/2022\/03\/Vazquez01RuedaCovid-1.jpg","type":"image\/jpeg"}],"author":"Edici\u00f3n Web","twitter_card":"summary_large_image","twitter_creator":"@NOTICIEROS7","twitter_site":"@NOTICIEROS7","twitter_misc":{"Escrito por":"Edici\u00f3n Web","Tiempo de lectura":"3 minutos"},"schema":{"@context":"https:\/\/schema.org","@graph":[{"@type":"Article","@id":"https:\/\/canal7slp.tv\/2022\/una-docena-de-personas-perdieron-la-vida-por-covid-19-en-las-ultimas-horas\/#article","isPartOf":{"@id":"https:\/\/canal7slp.tv\/2022\/una-docena-de-personas-perdieron-la-vida-por-covid-19-en-las-ultimas-horas\/"},"author":{"name":"Edici\u00f3n Web","@id":"https:\/\/canal7slp.tv\/2022\/#\/schema\/person\/429704152a21f5f856ce29aa69a238da"},"headline":"Una docena de personas perdieron la vida por COVID-19 en las \u00faltimas horas.","datePublished":"2022-03-02T23:12:50+00:00","mainEntityOfPage":{"@id":"https:\/\/canal7slp.tv\/2022\/una-docena-de-personas-perdieron-la-vida-por-covid-19-en-las-ultimas-horas\/"},"wordCount":467,"publisher":{"@id":"https:\/\/canal7slp.tv\/2022\/#organization"},"image":{"@id":"https:\/\/canal7slp.tv\/2022\/una-docena-de-personas-perdieron-la-vida-por-covid-19-en-las-ultimas-horas\/#primaryimage"},"thumbnailUrl":"https:\/\/canal7slp.tv\/2022\/wp-content\/uploads\/2022\/03\/Vazquez01RuedaCovid-1.jpg","articleSection":["COVID-19","DESTACADAS","GOBEDOSLP","LOCALES Y REGIONALES"],"inLanguage":"es"},{"@type":"WebPage","@id":"https:\/\/canal7slp.tv\/2022\/una-docena-de-personas-perdieron-la-vida-por-covid-19-en-las-ultimas-horas\/","url":"https:\/\/canal7slp.tv\/2022\/una-docena-de-personas-perdieron-la-vida-por-covid-19-en-las-ultimas-horas\/","name":"Una docena de personas perdieron la vida por COVID-19 en las \u00faltimas horas. - Canal 7 SLP - 2022","isPartOf":{"@id":"https:\/\/canal7slp.tv\/2022\/#website"},"primaryImageOfPage":{"@id":"https:\/\/canal7slp.tv\/2022\/una-docena-de-personas-perdieron-la-vida-por-covid-19-en-las-ultimas-horas\/#primaryimage"},"image":{"@id":"https:\/\/canal7slp.tv\/2022\/una-docena-de-personas-perdieron-la-vida-por-covid-19-en-las-ultimas-horas\/#primaryimage"},"thumbnailUrl":"https:\/\/canal7slp.tv\/2022\/wp-content\/uploads\/2022\/03\/Vazquez01RuedaCovid-1.jpg","datePublished":"2022-03-02T23:12:50+00:00","breadcrumb":{"@id":"https:\/\/canal7slp.tv\/2022\/una-docena-de-personas-perdieron-la-vida-por-covid-19-en-las-ultimas-horas\/#breadcrumb"},"inLanguage":"es","potentialAction":[{"@type":"ReadAction","target":["https:\/\/canal7slp.tv\/2022\/una-docena-de-personas-perdieron-la-vida-por-covid-19-en-las-ultimas-horas\/"]}]},{"@type":"ImageObject","inLanguage":"es","@id":"https:\/\/canal7slp.tv\/2022\/una-docena-de-personas-perdieron-la-vida-por-covid-19-en-las-ultimas-horas\/#primaryimage","url":"https:\/\/canal7slp.tv\/2022\/wp-content\/uploads\/2022\/03\/Vazquez01RuedaCovid-1.jpg","contentUrl":"https:\/\/canal7slp.tv\/2022\/wp-content\/uploads\/2022\/03\/Vazquez01RuedaCovid-1.jpg","width":888,"height":500},{"@type":"BreadcrumbList","@id":"https:\/\/canal7slp.tv\/2022\/una-docena-de-personas-perdieron-la-vida-por-covid-19-en-las-ultimas-horas\/#breadcrumb","itemListElement":[{"@type":"ListItem","position":1,"name":"Portada","item":"https:\/\/canal7slp.tv\/2022\/"},{"@type":"ListItem","position":2,"name":"Una docena de personas perdieron la vida por COVID-19 en las \u00faltimas horas."}]},{"@type":"WebSite","@id":"https:\/\/canal7slp.tv\/2022\/#website","url":"https:\/\/canal7slp.tv\/2022\/","name":"N7 - Noticieros Canal 7","description":"Somos Televisi\u00f3n","publisher":{"@id":"https:\/\/canal7slp.tv\/2022\/#organization"},"potentialAction":[{"@type":"SearchAction","target":{"@type":"EntryPoint","urlTemplate":"https:\/\/canal7slp.tv\/2022\/?s={search_term_string}"},"query-input":{"@type":"PropertyValueSpecification","valueRequired":true,"valueName":"search_term_string"}}],"inLanguage":"es"},{"@type":"Organization","@id":"https:\/\/canal7slp.tv\/2022\/#organization","name":"Noticieros Canal 7","url":"https:\/\/canal7slp.tv\/2022\/","logo":{"@type":"ImageObject","inLanguage":"es","@id":"https:\/\/canal7slp.tv\/2022\/#\/schema\/logo\/image\/","url":"https:\/\/canal7slp.tv\/2022\/wp-content\/uploads\/2021\/01\/logo-noticieros@2x.png","contentUrl":"https:\/\/canal7slp.tv\/2022\/wp-content\/uploads\/2021\/01\/logo-noticieros@2x.png","width":1017,"height":268,"caption":"Noticieros Canal 7"},"image":{"@id":"https:\/\/canal7slp.tv\/2022\/#\/schema\/logo\/image\/"},"sameAs":["https:\/\/www.facebook.com\/noticieroscanalsiete","https:\/\/x.com\/NOTICIEROS7","https:\/\/www.instagram.com\/canal7_slp","https:\/\/www.youtube.com\/channel\/UCliiYs-gP3JfJeqdPrNdd5A"]},{"@type":"Person","@id":"https:\/\/canal7slp.tv\/2022\/#\/schema\/person\/429704152a21f5f856ce29aa69a238da","name":"Edici\u00f3n Web","image":{"@type":"ImageObject","inLanguage":"es","@id":"https:\/\/secure.gravatar.com\/avatar\/eee448fc3f7164808013b816ba91ac7e43bbe82a70bebac296f8bc6f0addaa1a?s=96&d=mm&r=g","url":"https:\/\/secure.gravatar.com\/avatar\/eee448fc3f7164808013b816ba91ac7e43bbe82a70bebac296f8bc6f0addaa1a?s=96&d=mm&r=g","contentUrl":"https:\/\/secure.gravatar.com\/avatar\/eee448fc3f7164808013b816ba91ac7e43bbe82a70bebac296f8bc6f0addaa1a?s=96&d=mm&r=g","caption":"Edici\u00f3n Web"},"url":"https:\/\/canal7slp.tv\/2022\/author\/edicionweb\/"}]}},"amp_enabled":true,"_links":{"self":[{"href":"https:\/\/canal7slp.tv\/2022\/wp-json\/wp\/v2\/posts\/52904","targetHints":{"allow":["GET"]}}],"collection":[{"href":"https:\/\/canal7slp.tv\/2022\/wp-json\/wp\/v2\/posts"}],"about":[{"href":"https:\/\/canal7slp.tv\/2022\/wp-json\/wp\/v2\/types\/post"}],"author":[{"embeddable":true,"href":"https:\/\/canal7slp.tv\/2022\/wp-json\/wp\/v2\/users\/2"}],"replies":[{"embeddable":true,"href":"https:\/\/canal7slp.tv\/2022\/wp-json\/wp\/v2\/comments?post=52904"}],"version-history":[{"count":3,"href":"https:\/\/canal7slp.tv\/2022\/wp-json\/wp\/v2\/posts\/52904\/revisions"}],"predecessor-version":[{"id":52925,"href":"https:\/\/canal7slp.tv\/2022\/wp-json\/wp\/v2\/posts\/52904\/revisions\/52925"}],"wp:featuredmedia":[{"embeddable":true,"href":"https:\/\/canal7slp.tv\/2022\/wp-json\/wp\/v2\/media\/52924"}],"wp:attachment":[{"href":"https:\/\/canal7slp.tv\/2022\/wp-json\/wp\/v2\/media?parent=52904"}],"wp:term":[{"taxonomy":"category","embeddable":true,"href":"https:\/\/canal7slp.tv\/2022\/wp-json\/wp\/v2\/categories?post=52904"},{"taxonomy":"post_tag","embeddable":true,"href":"https:\/\/canal7slp.tv\/2022\/wp-json\/wp\/v2\/tags?post=52904"}],"curies":[{"name":"wp","href":"https:\/\/api.w.org\/{rel}","templated":true}]}}